{"id":6451,"date":"2023-01-23T10:03:26","date_gmt":"2023-01-23T13:03:26","guid":{"rendered":"https:\/\/www.reportedeprensa.utalca.cl\/?p=6451"},"modified":"2023-01-23T10:12:37","modified_gmt":"2023-01-23T13:12:37","slug":"23-de-enero-de-2023","status":"publish","type":"post","link":"https:\/\/www.reportedeprensa.utalca.cl\/?p=6451","title":{"rendered":"23 de enero de 2023"},"content":{"rendered":"\t\t<div data-elementor-type=\"wp-post\" data-elementor-id=\"6451\" class=\"elementor elementor-6451\" data-elementor-settings=\"[]\">\n\t\t\t\t\t\t\t<div class=\"elementor-section-wrap\">\n\t\t\t\t\t\t\t<section class=\"elementor-section elementor-top-section elementor-element elementor-element-2a4b4b83 elementor-section-boxed elementor-section-height-default elementor-section-height-default\" data-id=\"2a4b4b83\" data-element_type=\"section\">\n\t\t\t\t\t\t<div class=\"elementor-container elementor-column-gap-default\">\n\t\t\t\t\t<div class=\"elementor-column elementor-col-100 elementor-top-column elementor-element elementor-element-24a78540\" data-id=\"24a78540\" data-element_type=\"column\">\n\t\t\t<div class=\"elementor-widget-wrap elementor-element-populated\">\n\t\t\t\t\t\t\t\t<div class=\"elementor-element elementor-element-55b07e54 elementor-widget elementor-widget-text-editor\" data-id=\"55b07e54\" data-element_type=\"widget\" data-widget_type=\"text-editor.default\">\n\t\t\t\t<div class=\"elementor-widget-container\">\n\t\t\t\t\t\t\t\t<p><strong>EL LECTOR<\/strong><\/p><p><a href=\"https:\/\/www.litoralpress.cl\/paginaconsultas\/Servicios_NClipSitio\/Get_Imagen_Nota.aspx?LPKey=DSP3QOO5BE36P4TNG3SPLV3WEE5CWTPI4N7JBQXJKV5NCXM5RWEVATMMC6APOP6UD2VWTIVBE35ZY\">Congreso Futuro en el Maule: Especialistas reflexionaron sobre la urgencia de la crisis clim\u00e1tica. Se menciona a la UTalca.<\/a><\/p><p>\u00a0<\/p><p><strong>RADIO AMIGA<\/strong><\/p><p><a href=\"https:\/\/www.litoralpress.cl\/sitio\/RadioTV_Detalles.cshtml?LPKey=FZHA2X3PHUQCL2UPCLWAWZQX4N2T3WCPNY6OICGOFLDB5DP65GOU4U63SAXQ3BRQXSX22GUANIV44\">Quinta versi\u00f3n del Congreso Futuro en la regi\u00f3n del Maule. Se refiere Carlos Torres Fuschlocher, rector de la UTalca.<\/a><\/p><p>\u00a0<\/p><p><strong>ADPRENSA.CL<\/strong><\/p><p><a href=\"https:\/\/www.adprensa.cl\/cronica\/universidad-de-talca-adjudico-25-nuevos-proyectos-de-investigacion\/\">Universidad de Talca adjudic\u00f3 25 nuevos proyectos de investigaci\u00f3n. Se refiere Cristian Rojas Barahona, vicerrector Acad\u00e9mico.<\/a><\/p><p>\u00a0<\/p><p><strong>MEDIABANCO.COM<\/strong><\/p><p><a href=\"https:\/\/www.mediabanco.com\/universidad-de-talca-adjudico-25-nuevos-proyectos-de-investigacion\/\">Universidad de Talca adjudic\u00f3 25 nuevos proyectos de investigaci\u00f3n. Se refiere Cristian Rojas Barahona, vicerrector Acad\u00e9mico.<\/a><\/p><p>\u00a0<\/p><p><strong>LANOTICIA.CL<\/strong><\/p><p><a href=\"https:\/\/lanoticia.cl\/universidad-de-talca-adjudico-25-nuevos-proyectos-de-investigacion\/\">Universidad de Talca adjudic\u00f3 25 nuevos proyectos de investigaci\u00f3n. Se refiere Cristian Rojas Barahona, vicerrector Acad\u00e9mico.<\/a><\/p><p>\u00a0<\/p><p><strong>LA PRENSA<\/strong><\/p><p><a href=\"https:\/\/www.litoralpress.cl\/paginaconsultas\/Servicios_NClipSitio\/Get_Imagen_Nota.aspx?LPKey=DZLNQUABEQDQKFDE7NK7PIZRMTSXYKWNYA6XWZWBQOZDQ4XIHAXN36C6HFVM6YSI66YVL4T6RRYAU\">UTalca adjudic\u00f3 nuevos proyectos de Investigaci\u00f3n. Se refiere Cristian Rojas Barahona, vicerrector Acad\u00e9mico.<\/a><\/p><p>\u00a0<\/p><p><strong>ELCENTRO.CL<\/strong><\/p><p><a href=\"https:\/\/elcentro.cl\/2023\/01\/21\/universidad-de-talca-asigno-25-nuevos-proyectos-cientificos-de-investigacion\/\">Universidad de Talca: asign\u00f3 25 nuevos proyectos cient\u00edficos de investigaci\u00f3n. Se refiere Cristian Rojas Barahona, vicerrector Acad\u00e9mico.<\/a><\/p><p>\u00a0<\/p><p><strong>CAUQUENESNET.CL<\/strong><\/p><p><a href=\"https:\/\/cauquenesnet.cl\/2023\/01\/20\/universidad-de-talca-se-adjudico-25-nuevos-proyectos-de-investigacion\/\">Universidad de Talca adjudic\u00f3 25 nuevos proyectos de investigaci\u00f3n. Se refiere Cristian Rojas Barahona, vicerrector Acad\u00e9mico.<\/a><\/p><p>\u00a0<\/p><p><strong>LA PRENSA<\/strong><\/p><p><a href=\"https:\/\/www.litoralpress.cl\/paginaconsultas\/Servicios_NClipSitio\/Get_Imagen_Nota.aspx?LPKey=Z5UUNOYDKKO3ETJ3JQQMHJBPOI73LFON2APYH2GKXZKYAFOOW53BA4YP6NAMLISO5R6PC7NWKBFTK\">Adjudican proyectos a j\u00f3venes investigadores. Se refiere Cristian Rojas Barahona, vicerrector Acad\u00e9mico.<\/a><\/p><p>\u00a0<\/p><p><strong>LATERCERA.COM<\/strong><\/p><p><a href=\"https:\/\/www.latercera.com\/servicios\/noticia\/admision-2023-cuando-comienza-la-segunda-etapa-de-matriculas-a-las-universidades\/CCIUK5IIL5HKZFMNEFGA55QEZA\/\">Admisi\u00f3n 2023: cu\u00e1ndo comienza la segunda etapa de matr\u00edculas a las universidades. Se menciona a la UTalca.<\/a><\/p><p>\u00a0<\/p><p><strong>MEDIABANCO.COM<\/strong><\/p><p><a href=\"https:\/\/www.mediabanco.com\/campamento-cientifico-reunio-a-profesores-para-pensar-en-la-educacion-del-futuro\/\">Campamento Cient\u00edfico reuni\u00f3 a profesores para pensar en la educaci\u00f3n del futuro. Se refiere Karin Saavedra Redlich, directora General de Vinculaci\u00f3n con el Medio<\/a>.<\/p><p>\u00a0<\/p><p><strong>DIARIOTALCA.CL<\/strong><\/p><p><a href=\"https:\/\/diariotalca.cl\/que-es-el-rejuvenecimiento-metabolico-experta-entrega-detalles\/\">\u00bfQu\u00e9 es el rejuvenecimiento metab\u00f3lico? Experto entrega detalles. Se menciona al Centro de Investigaci\u00f3n en Trombosis (CIT).<\/a><\/p><p>\u00a0<\/p><p><strong>LA PRENSA<\/strong><\/p><p><a href=\"https:\/\/www.litoralpress.cl\/paginaconsultas\/Servicios_NClipSitio\/Get_Imagen_Nota.aspx?LPKey=4CYMQXXGJFRFX53XCJJDKEW32S7ABIBGEBJGXKB6OSYISPT3N5VNEHOHAG4DQC2I6ITH47RLBUCAC\">Ciencia de vanguardia se da cita en la UTalca. Se refiere Rodrigo Moore, director del Doctorado en Ciencias Biom\u00e9dicas.<\/a><\/p><p>\u00a0<\/p><p><strong>MEDIABANCO.COM<\/strong><\/p><p><a href=\"https:\/\/www.mediabanco.com\/expertos-expusieron-sobre-los-problemas-de-salud-que-se-gatillan-por-una-inflamacion-cronica\/\">Expertos expusieron sobre los problemas de salud que se gatillan por una inflamaci\u00f3n cr\u00f3nica. Se refiere Rodrigo Moore, director del Doctorado en Ciencias Biom\u00e9dicas.<\/a><\/p><p>\u00a0<\/p><p><strong>G5NOTICIAS.CL<\/strong><\/p><p><a href=\"https:\/\/g5noticias.cl\/2023\/01\/21\/expertos-expusieron-sobre-los-problemas-de-salud-que-se-gatillan-por-una-inflamacion-cronica\/\">Expertos expusieron sobre los problemas de salud que se gatillan por una inflamaci\u00f3n cr\u00f3nica. Se refiere Rodrigo Moore, director del Doctorado en Ciencias Biom\u00e9dicas.<\/a><\/p><p>\u00a0<\/p><p><strong>CANAL TVN<\/strong><\/p><p><a href=\"https:\/\/www.litoralpress.cl\/sitio\/RadioTV_Detalles.cshtml?LPKey=5NVYXDXODC4RB24RLKLXJB3IQT2VPA6YGX3DGWQROBFCRTX3JEU72G2X4E3H3EXTLHZ5PDUYHQYS6\">R\u00e9cord de cisnes de cuello negro en reserva Laguna Torca. Se refiere Mauricio Quiroz Jara, acad\u00e9mico del Instituto de Ciencias Biol\u00f3gicas.<\/a><\/p><p>\u00a0<\/p><p><strong>CANAL 24 HORAS<\/strong><\/p><p><a href=\"https:\/\/www.litoralpress.cl\/sitio\/RadioTV_Detalles.cshtml?LPKey=UWHOH6YAAYTIDS6DA3IETUSDQYUU5ZGDJX5XACREZIIEOGVNJNGSUGHAD7BOUQ3LEPKTXELOIBW4W\">R\u00e9cord de cisnes de cuello negro en reserva Laguna Torca. Se refiere Mauricio Quiroz Jara, acad\u00e9mico del Instituto de Ciencias Biol\u00f3gicas.<\/a><\/p><p>\u00a0<\/p><p><strong>DIARIO CONCEPCI\u00d3N<\/strong><\/p><p><a href=\"https:\/\/www.litoralpress.cl\/paginaconsultas\/Servicios_NClipSitio\/Get_Imagen_Nota.aspx?LPKey=LXSMZOHLZO4ERNP2B3ZOVIBDIZIIMBJAQJKZHSQPP6CDLWINT34JVZSUPCUNXSP7R4BIF5FFJCEXQ\">Definen panel para analizar el Censo Agropecuario Forestal. Se menciona a Roberto Jara Rojas, director de Investigaci\u00f3n.<\/a><\/p><p>\u00a0<\/p><p><strong>PORTALDELCAMPO.CL<\/strong><\/p><p><a href=\"https:\/\/portaldelcampo.cl\/Noticias\/91242_INE-y-ODEPA-definen-integrantes-del-panel-de-expertos-que-analizar%C3%A1-el-VIII-Censo-Agropecuario-y-Forestal-.html\">INE y ODEPA definen integrantes del panel de expertos que analizar\u00e1 el VIII Censo Agropecuario y Forestal. Se menciona a Roberto Jara Rojas, director de Investigaci\u00f3n.<\/a><\/p><p>\u00a0<\/p><p><strong>CANAL CNN CHILE<\/strong><\/p><p><a href=\"https:\/\/www.litoralpress.cl\/sitio\/RadioTV_Detalles.cshtml?LPKey=XASAYSAB7XY624PCHEOK6THRYKIPLDTESLYTLN5LRTSAQV4BJASMN347HZ5RQDT72WTVYD6N475BC\">Entrevista a Mauricio Morales Quiroga, director del Centro de An\u00e1lisis Pol\u00edtico (CAP).<\/a><\/p><p>\u00a0<\/p><p><strong>RADIO INFINITA<\/strong><\/p><p><a href=\"https:\/\/www.litoralpress.cl\/sitio\/RadioTV_Detalles.cshtml?LPKey=RYCCGNKD2BBWKJGIYTHB7ETO4ZQT4QJXFMZHPH7E5BCPFTMEJ6A2XDM6K7YGFNFJKOEAEFDIK374K\">Comentario de Mauricio Morales Quiroga, director del Centro de An\u00e1lisis Pol\u00edtico (CAP).<\/a><\/p><p>\u00a0<\/p><p><strong>CNNCHILE.COM<\/strong><\/p><p><a href=\"https:\/\/www.cnnchile.com\/lodijeronencnn\/entrevista-mauricio-morales-acusacion-giorgio-jackson-boric_20230120\/\">Mauricio Morales tras rechazo de la acusaci\u00f3n contra Jackson: \u201cAqu\u00ed se salv\u00f3 el ministro y el presidente\u201d. Se refiere el director del Centro de An\u00e1lisis Pol\u00edtico (CAP).<\/a><\/p><p>\u00a0<\/p><p><strong>MEGANOTICIAS.CL<\/strong><\/p><p><a href=\"https:\/\/www.meganoticias.cl\/nacional\/403241-mauricio-morales-academico-analisis-encuesta-cadem-derecha-chile-vamos-indultos-acusacion-constitucional-22-01-2023.html\">Mauricio Morales y su an\u00e1lisis de los resultados de la \u00faltima encuesta Cadem: &#8220;La derecha no lo puede creer&#8221;. Se refiere el director del Centro de An\u00e1lisis Pol\u00edtico (CAP).<\/a><\/p><p>\u00a0<\/p>\t\t\t\t\t\t<\/div>\n\t\t\t\t<\/div>\n\t\t\t\t\t<\/div>\n\t\t<\/div>\n\t\t\t\t\t\t\t<\/div>\n\t\t<\/section>\n\t\t\t\t\t\t<\/div>\n\t\t\t\t\t<\/div>\n\t\t","protected":false},"excerpt":{"rendered":"<p>EL LECTOR Congreso Futuro en el Maule: Especialistas reflexionaron sobre la urgencia de la crisis clim\u00e1tica. Se menciona a la UTalca. \u00a0 RADIO AMIGA Quinta versi\u00f3n del Congreso Futuro en la regi\u00f3n del Maule. Se refiere Carlos Torres Fuschlocher, rector de la UTalca. \u00a0 ADPRENSA.CL Universidad de Talca adjudic\u00f3 25 nuevos proyectos de investigaci\u00f3n. Se &hellip;<\/p>\n<p class=\"read-more\"> <a class=\"\" href=\"https:\/\/www.reportedeprensa.utalca.cl\/?p=6451\"> <span class=\"screen-reader-text\">23 de enero de 2023<\/span> Read More &raquo;<\/a><\/p>\n","protected":false},"author":1,"featured_media":0,"comment_status":"closed","ping_status":"open","sticky":false,"template":"","format":"standard","meta":{"_monsterinsights_skip_tracking":false,"_monsterinsights_sitenote_active":false,"_monsterinsights_sitenote_note":"","_monsterinsights_sitenote_category":0},"categories":[29],"tags":[],"_links":{"self":[{"href":"https:\/\/www.reportedeprensa.utalca.cl\/index.php?rest_route=\/wp\/v2\/posts\/6451"}],"collection":[{"href":"https:\/\/www.reportedeprensa.utalca.cl\/index.php?rest_route=\/wp\/v2\/posts"}],"about":[{"href":"https:\/\/www.reportedeprensa.utalca.cl\/index.php?rest_route=\/wp\/v2\/types\/post"}],"author":[{"embeddable":true,"href":"https:\/\/www.reportedeprensa.utalca.cl\/index.php?rest_route=\/wp\/v2\/users\/1"}],"replies":[{"embeddable":true,"href":"https:\/\/www.reportedeprensa.utalca.cl\/index.php?rest_route=%2Fwp%2Fv2%2Fcomments&post=6451"}],"version-history":[{"count":4,"href":"https:\/\/www.reportedeprensa.utalca.cl\/index.php?rest_route=\/wp\/v2\/posts\/6451\/revisions"}],"predecessor-version":[{"id":6455,"href":"https:\/\/www.reportedeprensa.utalca.cl\/index.php?rest_route=\/wp\/v2\/posts\/6451\/revisions\/6455"}],"wp:attachment":[{"href":"https:\/\/www.reportedeprensa.utalca.cl\/index.php?rest_route=%2Fwp%2Fv2%2Fmedia&parent=6451"}],"wp:term":[{"taxonomy":"category","embeddable":true,"href":"https:\/\/www.reportedeprensa.utalca.cl\/index.php?rest_route=%2Fwp%2Fv2%2Fcategories&post=6451"},{"taxonomy":"post_tag","embeddable":true,"href":"https:\/\/www.reportedeprensa.utalca.cl\/index.php?rest_route=%2Fwp%2Fv2%2Ftags&post=6451"}],"curies":[{"name":"wp","href":"https:\/\/api.w.org\/{rel}","templated":true}]}}