{"id":6466,"date":"2023-01-24T18:17:38","date_gmt":"2023-01-24T21:17:38","guid":{"rendered":"https:\/\/www.reportedeprensa.utalca.cl\/?p=6466"},"modified":"2023-01-24T18:21:16","modified_gmt":"2023-01-24T21:21:16","slug":"24-de-enero-de-2023","status":"publish","type":"post","link":"https:\/\/www.reportedeprensa.utalca.cl\/?p=6466","title":{"rendered":"24 de enero de 2023"},"content":{"rendered":"\t\t<div data-elementor-type=\"wp-post\" data-elementor-id=\"6466\" class=\"elementor elementor-6466\" data-elementor-settings=\"[]\">\n\t\t\t\t\t\t\t<div class=\"elementor-section-wrap\">\n\t\t\t\t\t\t\t<section class=\"elementor-section elementor-top-section elementor-element elementor-element-2a4b4b83 elementor-section-boxed elementor-section-height-default elementor-section-height-default\" data-id=\"2a4b4b83\" data-element_type=\"section\">\n\t\t\t\t\t\t<div class=\"elementor-container elementor-column-gap-default\">\n\t\t\t\t\t<div class=\"elementor-column elementor-col-100 elementor-top-column elementor-element elementor-element-24a78540\" data-id=\"24a78540\" data-element_type=\"column\">\n\t\t\t<div class=\"elementor-widget-wrap elementor-element-populated\">\n\t\t\t\t\t\t\t\t<div class=\"elementor-element elementor-element-55b07e54 elementor-widget elementor-widget-text-editor\" data-id=\"55b07e54\" data-element_type=\"widget\" data-widget_type=\"text-editor.default\">\n\t\t\t\t<div class=\"elementor-widget-container\">\n\t\t\t\t\t\t\t\t<p><strong>LATRIBUNA.CL<\/strong><\/p><p><a href=\"https:\/\/www.latribuna.cl\/salud\/2023\/01\/23\/expertos-expusieron-sobre-los-problemas-de-salud-que-se-gatillan-por-una-inflamacion-cronica.html\">Expertos expusieron sobre los problemas de salud que se gatillan por una inflamaci\u00f3n cr\u00f3nica. Se refiere Rodrigo Moore, director del Doctorado en Ciencias Biom\u00e9dicas.<\/a><\/p><p>\u00a0<\/p><p><strong>MASQUENOTICIAS.CL<\/strong><\/p><p><a href=\"https:\/\/masquenoticias.cl\/2023\/01\/23\/expertos-expusieron-sobre-los-problemas-de-salud-que-se-gatillan-por-una-inflamacion-cronica\/\">Expertos expusieron sobre los problemas de salud que se gatillan por una inflamaci\u00f3n cr\u00f3nica. Se refiere Rodrigo Moore, director del Doctorado en Ciencias Biom\u00e9dicas.<\/a><\/p><p>\u00a0<\/p><p><strong>ELPERIODISTA.CL<\/strong><\/p><p><a href=\"https:\/\/www.elperiodista.cl\/2023\/01\/proponen-estrategia-para-vigilar-aparicion-de-nuevas-variantes-de-covid-19\/\">Proponen estrategia para vigilar aparici\u00f3n de nuevas variantes de Covid-19. Se refiere Karen Or\u00f3stica, cient\u00edfica del Instituto de Investigaci\u00f3n Interdisciplinario.<\/a><\/p><p>\u00a0<\/p><p><strong>ADPRENSA.CL<\/strong><\/p><p><a href=\"https:\/\/www.adprensa.cl\/cronica\/proponen-estrategia-para-vigilar-aparicion-de-nuevas-variantes-de-covid-19\/\">Proponen estrategia para vigilar aparici\u00f3n de nuevas variantes de Covid-19. Se refiere Karen Or\u00f3stica, cient\u00edfica del Instituto de Investigaci\u00f3n Interdisciplinario.<\/a><\/p><p>\u00a0<\/p><p><strong>MEDIABANCO.COM<\/strong><\/p><p><a href=\"https:\/\/www.mediabanco.com\/proponen-estrategia-para-vigilar-aparicion-de-nuevas-variantes-de-covid-19\/\">Proponen estrategia para vigilar aparici\u00f3n de nuevas variantes de Covid-19. Se refiere Karen Or\u00f3stica, cient\u00edfica del Instituto de Investigaci\u00f3n Interdisciplinario.<\/a><\/p><p>\u00a0<\/p><p><strong>ELCENTRO.CL<\/strong><\/p><p><a href=\"https:\/\/elcentro.cl\/2023\/01\/23\/expertos-proponen-estrategia-para-vigilar-aparicion-de-nuevas-variantes-de-covid-19\/\">Expertos proponen estrategia para vigilar aparici\u00f3n de nuevas variantes de Covid-19. Se refiere Karen Or\u00f3stica, cient\u00edfica del Instituto de Investigaci\u00f3n Interdisciplinario.<\/a><\/p><p>\u00a0<\/p><p><strong>TVMAULE.CL<\/strong><\/p><p><a href=\"https:\/\/www.tvmaule.cl\/proponen-estrategia-para-vigilar-aparicion-de-nuevas-variantes-de-covid-19\/\">Proponen estrategia para vigilar aparici\u00f3n de nuevas variantes de Covid-19. Se refiere Karen Or\u00f3stica, cient\u00edfica del Instituto de Investigaci\u00f3n Interdisciplinario.<\/a><\/p><p>\u00a0<\/p><p><strong>ELMAULEINFORMA.CL<\/strong><\/p><p><a href=\"https:\/\/elmauleinforma.cl\/proponen-estrategia-para-vigilar-aparicion-de-nuevas-variantes-de-covid-19\/\">Proponen estrategia para vigilar aparici\u00f3n de nuevas variantes de Covid-19. Se refiere Karen Or\u00f3stica, cient\u00edfica del Instituto de Investigaci\u00f3n Interdisciplinario.<\/a><\/p><p>\u00a0<\/p><p><strong>ELDIARIOSANTIAGO.CL<\/strong><\/p><p><a href=\"https:\/\/eldiariosantiago.cl\/2023\/01\/23\/proponen-estrategia-para-vigilar-aparicion-de-nuevas-variantes-de-covid-19\/\">Proponen estrategia para vigilar aparici\u00f3n de nuevas variantes de Covid-19. Se refiere Karen Or\u00f3stica, cient\u00edfica del Instituto de Investigaci\u00f3n Interdisciplinario.<\/a><\/p><p>\u00a0<\/p><p><strong>LA PRENSA<\/strong><\/p><p><a href=\"https:\/\/www.litoralpress.cl\/sitio\/Prensa_PaginaCompleta.cshtml?LPKey=UYCQ5HQ5FGPOU3A3P4K7IXG7E43GJDAM5VXVONYPACHBU6FBEMTA\">Campamento Cient\u00edfico reuni\u00f3 a profesores. Se refiere Karin Saavedra, directora General de Vinculaci\u00f3n con el Medio.<\/a><\/p><p>\u00a0<\/p><p><strong>MASQUENOTICIAS.CL<\/strong><\/p><p><a href=\"https:\/\/masquenoticias.cl\/2023\/01\/23\/campamento-cientifico-reunio-a-profesores-para-pensar-en-la-educacion-del-futuro\/\">Campamento Cient\u00edfico reuni\u00f3 a profesores para pensar en la educaci\u00f3n del futuro. Se refiere Karin Saavedra, directora General de Vinculaci\u00f3n con el Medio.<\/a><\/p><p>\u00a0<\/p><p><strong>DIARIOLAPRENSA.CL<\/strong><\/p><p><a href=\"https:\/\/new.diariolaprensa.cl\/index.php\/2023\/01\/23\/campamento-cientifico-reunio-a-profesores\/\">Campamento Cient\u00edfico reuni\u00f3 a profesores. Se refiere Karin Saavedra, directora General de Vinculaci\u00f3n con el Medio.<\/a><\/p><p>\u00a0<\/p><p><strong>VIVIMOSLANOTICIA.CL<\/strong><\/p><p><a href=\"https:\/\/vivimoslanoticia.cl\/noticias\/actualidad\/2023\/01\/23\/campamento-de-intercambio-de-experiencias-se-reunio-con-profesores-del-maule\/\">Campamento de intercambio de experiencias se reuni\u00f3 con profesores del Maule. Se refiere Karin Saavedra, directora General de Vinculaci\u00f3n con el Medio.<\/a><\/p><p>\u00a0<\/p><p><strong>LA PRENSA<\/strong><\/p><p><a href=\"https:\/\/www.litoralpress.cl\/sitio\/Prensa_Detalles.cshtml?LPKey=BC4VWCGZBXLQNUUEGWSWP74L7I4QRNFCOQUPIOHQIM47W2FPIJJA\">Acad\u00e9mica advierte que sistema p\u00fablico de salud se estresar\u00eda con una masiva migraci\u00f3n a Fonasa. Se refiere Leidy Garc\u00eda P\u00e9rez, acad\u00e9mica de la Facultad de Econom\u00eda y Negocios (FEN).<\/a><\/p><p>\u00a0<\/p><p><strong>DIARIOLAPRENSA.CL<\/strong><\/p><p><a href=\"https:\/\/new.diariolaprensa.cl\/index.php\/2023\/01\/23\/academica-advierte-que-sistema-publico-de-salud-se-estresaria-con-una-masiva-migracion-a-fonasa\/\">Acad\u00e9mica advierte que sistema p\u00fablico de salud se estresar\u00eda con una masiva migraci\u00f3n a Fonasa. Se refiere Leidy Garc\u00eda P\u00e9rez, acad\u00e9mica de la Facultad de Econom\u00eda y Negocios (FEN).<\/a><\/p><p>\u00a0<\/p><p><strong>ELCENTRO.CL<\/strong><\/p><p><a href=\"https:\/\/elcentro.cl\/2023\/01\/23\/industria-vitivinicola-en-el-maule-desafios-y-oportunidades\/\">Industria vitivin\u00edcola en el Maule: desaf\u00edos y oportunidades. Se refiere Arcadio Cerda, acad\u00e9mico de la Facultad de Econom\u00eda y Negocios (FEN).<\/a><\/p><p>\u00a0<\/p><p><strong>RADIO INFINITA<\/strong><\/p><p><a href=\"https:\/\/www.litoralpress.cl\/sitio\/RadioTV_Detalles.cshtml?LPKey=C4SDD2NSTON362A6WB2ASIYOXBNKSLNTCANO3DCVTB65TUOI4EU5G3LFXRLNHDMAN4YFE4CFK6L5K\">Comentario de Mauricio Morales Quiroga, director del Centro de An\u00e1lisis Pol\u00edtico (CAP).<\/a><\/p><p>\u00a0<\/p><p><strong>RADIO GUAYAC\u00c1N <\/strong><\/p><p><a href=\"https:\/\/www.litoralpress.cl\/sitio\/RadioTV_Detalles.cshtml?LPKey=4LZLYYDP45AKHP2GUYJSH5RHVU3PR2YFPYEZASWUEM26IENCJF74IOR7EXF2DYM7NVWFT7V3NFFYA\">Entrevista a Mario Herrera, acad\u00e9mico del Centro de An\u00e1lisis Pol\u00edtico (CAP).<\/a><\/p><p>\u00a0<\/p>\t\t\t\t\t\t<\/div>\n\t\t\t\t<\/div>\n\t\t\t\t\t<\/div>\n\t\t<\/div>\n\t\t\t\t\t\t\t<\/div>\n\t\t<\/section>\n\t\t\t\t\t\t<\/div>\n\t\t\t\t\t<\/div>\n\t\t","protected":false},"excerpt":{"rendered":"<p>LATRIBUNA.CL Expertos expusieron sobre los problemas de salud que se gatillan por una inflamaci\u00f3n cr\u00f3nica. Se refiere Rodrigo Moore, director del Doctorado en Ciencias Biom\u00e9dicas. \u00a0 MASQUENOTICIAS.CL Expertos expusieron sobre los problemas de salud que se gatillan por una inflamaci\u00f3n cr\u00f3nica. Se refiere Rodrigo Moore, director del Doctorado en Ciencias Biom\u00e9dicas. \u00a0 ELPERIODISTA.CL Proponen estrategia &hellip;<\/p>\n<p class=\"read-more\"> <a class=\"\" href=\"https:\/\/www.reportedeprensa.utalca.cl\/?p=6466\"> <span class=\"screen-reader-text\">24 de enero de 2023<\/span> Read More &raquo;<\/a><\/p>\n","protected":false},"author":1,"featured_media":0,"comment_status":"closed","ping_status":"open","sticky":false,"template":"","format":"standard","meta":{"_monsterinsights_skip_tracking":false,"_monsterinsights_sitenote_active":false,"_monsterinsights_sitenote_note":"","_monsterinsights_sitenote_category":0},"categories":[29],"tags":[],"_links":{"self":[{"href":"https:\/\/www.reportedeprensa.utalca.cl\/index.php?rest_route=\/wp\/v2\/posts\/6466"}],"collection":[{"href":"https:\/\/www.reportedeprensa.utalca.cl\/index.php?rest_route=\/wp\/v2\/posts"}],"about":[{"href":"https:\/\/www.reportedeprensa.utalca.cl\/index.php?rest_route=\/wp\/v2\/types\/post"}],"author":[{"embeddable":true,"href":"https:\/\/www.reportedeprensa.utalca.cl\/index.php?rest_route=\/wp\/v2\/users\/1"}],"replies":[{"embeddable":true,"href":"https:\/\/www.reportedeprensa.utalca.cl\/index.php?rest_route=%2Fwp%2Fv2%2Fcomments&post=6466"}],"version-history":[{"count":4,"href":"https:\/\/www.reportedeprensa.utalca.cl\/index.php?rest_route=\/wp\/v2\/posts\/6466\/revisions"}],"predecessor-version":[{"id":6470,"href":"https:\/\/www.reportedeprensa.utalca.cl\/index.php?rest_route=\/wp\/v2\/posts\/6466\/revisions\/6470"}],"wp:attachment":[{"href":"https:\/\/www.reportedeprensa.utalca.cl\/index.php?rest_route=%2Fwp%2Fv2%2Fmedia&parent=6466"}],"wp:term":[{"taxonomy":"category","embeddable":true,"href":"https:\/\/www.reportedeprensa.utalca.cl\/index.php?rest_route=%2Fwp%2Fv2%2Fcategories&post=6466"},{"taxonomy":"post_tag","embeddable":true,"href":"https:\/\/www.reportedeprensa.utalca.cl\/index.php?rest_route=%2Fwp%2Fv2%2Ftags&post=6466"}],"curies":[{"name":"wp","href":"https:\/\/api.w.org\/{rel}","templated":true}]}}