{"id":6481,"date":"2023-01-25T12:45:33","date_gmt":"2023-01-25T15:45:33","guid":{"rendered":"https:\/\/www.reportedeprensa.utalca.cl\/?p=6481"},"modified":"2023-01-25T12:51:29","modified_gmt":"2023-01-25T15:51:29","slug":"25-de-enero-de-2023","status":"publish","type":"post","link":"https:\/\/www.reportedeprensa.utalca.cl\/?p=6481","title":{"rendered":"25 de enero de 2023"},"content":{"rendered":"\t\t<div data-elementor-type=\"wp-post\" data-elementor-id=\"6481\" class=\"elementor elementor-6481\" data-elementor-settings=\"[]\">\n\t\t\t\t\t\t\t<div class=\"elementor-section-wrap\">\n\t\t\t\t\t\t\t<section class=\"elementor-section elementor-top-section elementor-element elementor-element-2a4b4b83 elementor-section-boxed elementor-section-height-default elementor-section-height-default\" data-id=\"2a4b4b83\" data-element_type=\"section\">\n\t\t\t\t\t\t<div class=\"elementor-container elementor-column-gap-default\">\n\t\t\t\t\t<div class=\"elementor-column elementor-col-100 elementor-top-column elementor-element elementor-element-24a78540\" data-id=\"24a78540\" data-element_type=\"column\">\n\t\t\t<div class=\"elementor-widget-wrap elementor-element-populated\">\n\t\t\t\t\t\t\t\t<div class=\"elementor-element elementor-element-55b07e54 elementor-widget elementor-widget-text-editor\" data-id=\"55b07e54\" data-element_type=\"widget\" data-widget_type=\"text-editor.default\">\n\t\t\t\t<div class=\"elementor-widget-container\">\n\t\t\t\t\t\t\t\t<p><strong>CANAL CONTIVISI\u00d3N<\/strong><\/p><p><a href=\"https:\/\/www.litoralpress.cl\/sitio\/RadioTV_Detalles.cshtml?LPKey=U3SCL5BF4W2DJ36OG4SRUI6FC5RUDKONNXJSZRZD7C3CV63FEQKXUM47JTD3ZPNTMOWJ3D5RFU2O4\">Nuevos estudiantes destacados de la Universidad de Talca se reunieron con autoridades. Se refieren Carlos Torres Fuchslocher, rector y Paola Morales Norambuena, directora de Ciclo de Vida Estudiantil (CIVE).<\/a><\/p><p>\u00a0<\/p><p><strong>MEDIABANCO.COM<\/strong><\/p><p><a href=\"https:\/\/www.mediabanco.com\/utalca-da-la-bienvenida-a-los-alumnos-destacados-de-la-admision-2023\/\">UTalca da la bienvenida a los alumnos destacados de la admisi\u00f3n 2023. Se refieren Carlos Torres Fuchslocher, rector; Paola Morales Norambuena, directora de Ciclo de Vida Estudiantil (CIVE); y los estudiantes Joaqu\u00edn Cornejo Leiva, Constanza Soto Lagos y Sebasti\u00e1n Dossow Jara.<\/a><\/p><p>\u00a0<\/p><p><strong>MASQUENOTICIAS.CL<\/strong><\/p><p><a href=\"https:\/\/masquenoticias.cl\/2023\/01\/24\/utalca-da-la-bienvenida-a-los-alumnos-destacados-de-la-admision-2023\/\">UTalca da la bienvenida a los alumnos destacados de la admisi\u00f3n 2023. Se refieren Carlos Torres Fuchslocher, rector; Paola Morales Norambuena, directora de Ciclo de Vida Estudiantil (CIVE); y los estudiantes Joaqu\u00edn Cornejo Leiva, Constanza Soto Lagos y Sebasti\u00e1n Dossow Jara.<\/a><\/p><p>\u00a0<\/p><p><strong>DIARIOTALCA.CL<\/strong><\/p><p><a href=\"https:\/\/diariotalca.cl\/utalca-dio-la-bienvenida-a-los-alumnos-destacados-de-la-admision-2023\/\">UTalca dio la bienvenida a los alumnos destacados de la admisi\u00f3n 2023. Se refieren Carlos Torres Fuchslocher, rector; Paola Morales Norambuena, directora de Ciclo de Vida Estudiantil (CIVE); y los estudiantes Joaqu\u00edn Cornejo Leiva, Constanza Soto Lagos y Sebasti\u00e1n Dossow Jara.<\/a><\/p><p>\u00a0<\/p><p><strong>LA PRENSA<\/strong><\/p><p><a href=\"https:\/\/www.litoralpress.cl\/sitio\/Prensa_PaginaCompleta.cshtml?LPKey=HWYPOYL3YE3MZUEZECLI7TA2IUN7SZAMR7B6BYRTHQV33PIQCTGA\">\u201cEl Estado tiene que ofrecer a los migrantes las mismas oportunidades que a los chilenos\u201d. Se refiere Medardo Aguirre Gonz\u00e1lez, acad\u00e9mico de la Facultad de Econom\u00eda y Negocios (FEN).<\/a><\/p><p>\u00a0<\/p><p><strong>DIARIOLAPRENSA.CL<\/strong><\/p><p><a href=\"https:\/\/new.diariolaprensa.cl\/index.php\/2023\/01\/24\/el-estado-tiene-que-ofrecer-a-los-migrantes-las-mismas-oportunidades-que-a-los-chilenos\/\">\u201cEl Estado tiene que ofrecer a los migrantes las mismas oportunidades que a los chilenos\u201d. Se refiere Medardo Aguirre Gonz\u00e1lez, acad\u00e9mico de la Facultad de Econom\u00eda y Negocios (FEN).<\/a><\/p><p>\u00a0<\/p><p><strong>EMOL.COM<\/strong><\/p><p><a href=\"https:\/\/www.emol.com\/noticias\/Nacional\/2023\/01\/24\/1084688\/nuevas-variantes-modelo-matematico-talca.html\">U. de Talca propone modelo matem\u00e1tico para detectar nuevas variantes del covid-19: Tendr\u00eda mayor eficiencia y menor costo. Se refiere Karen Or\u00f3stica, cient\u00edfica del Instituto Interdisciplinario de Investigaci\u00f3n.<\/a><\/p><p>\u00a0<\/p><p><strong>LA PRENSA<\/strong><\/p><p><a href=\"https:\/\/www.litoralpress.cl\/paginaconsultas\/Servicios_NClipSitio\/Get_Imagen_Nota.aspx?LPKey=36IWXPPBKQ4R66IFAUWGJJPXWWTNJTCJJJJQE5VB5VKY4E4QHIKYF7MMUQRKBEPIRRFHPEQQUGPXE\">Proponen estrategias para vigilar la aparici\u00f3n de nuevas variantes. Se refiere Karen Or\u00f3stica, cient\u00edfica del Instituto Interdisciplinario de Investigaci\u00f3n.<\/a><\/p><p>\u00a0<\/p><p><strong>EL LECTOR<\/strong><\/p><p><a href=\"https:\/\/www.litoralpress.cl\/paginaconsultas\/Servicios_NClipSitio\/Get_Imagen_Nota.aspx?LPKey=KKC7NZBYGAXZEGJUOAQ3OLXVLERMN5TRHHPSZ2Z4GTIKOLWPIBUONVQQCAUXMYB2LYKNKFHS4XKNI\">Proponen estrategia para vigilar aparici\u00f3n de nuevas variantes de Covid-19. Se refiere Karen Or\u00f3stica, cient\u00edfica del Instituto Interdisciplinario de Investigaci\u00f3n.\u00a0<\/a><\/p><p>\u00a0<\/p><p><strong>MASQUENOTICIAS.CL<\/strong><\/p><p><a href=\"https:\/\/masquenoticias.cl\/2023\/01\/24\/proponen-estrategia-para-vigilar-aparicion-de-nuevas-variantes-de-covid-19\/\">Proponen estrategia para vigilar aparici\u00f3n de nuevas variantes de Covid-19. Se refiere Karen Or\u00f3stica, cient\u00edfica del Instituto Interdisciplinario de Investigaci\u00f3n.<\/a><\/p><p>\u00a0<\/p><p><strong>ENLINEAMAULE.CL<\/strong><\/p><p><a href=\"https:\/\/enlineamaule.cl\/archivo\/51175\">Acad\u00e9micos de la UTALCA proponen modelo matem\u00e1tico para identificar nuevas variantes Covid- 19 en Chile. Se refiere Karen Or\u00f3stica, cient\u00edfica del Instituto Interdisciplinario de Investigaci\u00f3n.<\/a><\/p><p>\u00a0<\/p><p><strong>G5NOTICIAS.CL<\/strong><\/p><p><a href=\"https:\/\/g5noticias.cl\/2023\/01\/24\/proponen-estrategia-para-vigilar-aparicion-de-nuevas-variantes-de-covid-19\/\">Proponen estrategia para vigilar aparici\u00f3n de nuevas variantes de Covid-19. Se refiere Karen Or\u00f3stica, cient\u00edfica del Instituto Interdisciplinario de Investigaci\u00f3n.<\/a><\/p><p>\u00a0<\/p><p><strong>IMPACTOREGIONAL.CL<\/strong><\/p><p><a href=\"http:\/\/www.impactoregional.cl\/?p=5333\">Comentario de \u00c9rika Retamal Contreras, directora del Departamento de Salud P\u00fablica.<\/a><\/p><p>\u00a0<\/p><p><strong>CANAL 30 DE SAN JAVIER<\/strong><\/p><p><a href=\"https:\/\/www.litoralpress.cl\/sitio\/RadioTV_Detalles.cshtml?LPKey=Q64K4JL7Y7VRQEDACKDGUROD4BVSI7PZESWFRJDKPPDSD7JCGS4RRP6PZSIMUGDECOJERZ266F23W\">Un reciente estudio concluy\u00f3 que Chile es el pa\u00eds que menos duerme en Latinoam\u00e9rica. Se refiere Emilio Moyano D\u00edaz, acad\u00e9mico de la Facultad de Psicolog\u00eda.<\/a><\/p><p>\u00a0<\/p><p><strong>MAULENEWS.COM<\/strong><\/p><p><a href=\"https:\/\/www.maulenews.com\/2023\/01\/senama-maule-y-c2ea-de-la-universidad.html\">Senama Maule y C2EA de la Universidad de Talca, lanzan proyecto de Alfabetizaci\u00f3n Financiera para personas mayores. Se refiere Germ\u00e1n Lobos, acad\u00e9mico de la Facultad de Econom\u00eda y Negocios (FEN).<\/a><\/p><p>\u00a0<\/p><p><strong>RADIO ADN<\/strong><\/p><p><a href=\"https:\/\/www.litoralpress.cl\/sitio\/RadioTV_Detalles.cshtml?LPKey=BYOWECWROOCOJ52TWCNV3RJWUXAJYXBC7KU3IOKAH7QSA5KIG2WAIC6I2324MP55CYGB7D4ABYMK2\">Semana clave en materia de salud en el Congreso. Gobierno podr\u00eda presentar una ley corta por crisis en las Isapres. Se refiere Diego Palomo, acad\u00e9mico de la Facultad de Ciencias Jur\u00eddicas y Sociales.<\/a><\/p><p>\u00a0<\/p><p><strong>LINARESENLINEA.CL<\/strong><\/p><p><a href=\"https:\/\/www.linaresenlinea.cl\/2023\/01\/24\/nueva-ola-de-calor-llegara-a-la-region-del-maule-el-fin-de-semana\/\">Nueva ola de calor llegar\u00e1 a la regi\u00f3n del Maule el fin de semana. Se refiere Patricio Gonz\u00e1lez Colville, acad\u00e9mico del Centro de Investigaci\u00f3n y Transferencia en Riego y Agroclimatolog\u00eda (CITRA).<\/a><\/p><p>\u00a0<\/p><p><strong>ELMAULEINFORMA.CL<\/strong><\/p><p><a href=\"https:\/\/elmauleinforma.cl\/asociacion-de-academicos-de-la-u-de-talca-entrego-reconocimiento-a-abogado-roberto-celedon\/\">Asociaci\u00f3n de Acad\u00e9micos de la U. de Talca entreg\u00f3 reconocimiento a abogado Roberto Celed\u00f3n. Se refiere Roberto Pizarro Tapia, acad\u00e9mico de la Catedra Unesco en Hidrolog\u00eda de Superficie.<\/a><\/p><p>\u00a0<\/p><p><strong>RADIO INFINITA<\/strong><\/p><p><a href=\"https:\/\/www.litoralpress.cl\/sitio\/RadioTV_Detalles.cshtml?LPKey=NNAQRWU5N34QONWKRFDI2YQQNXGOJWXDXH6K4O2FMMIR4I23XLN23FABN7Q6XTTS46YQD7GGCPJCE\">Comentario de Mauricio Morales Quiroga, director del Centro de An\u00e1lisis Pol\u00edtico (CAP).<\/a><\/p><p>\u00a0<\/p><p><strong>RADIO AGRICULTURA<\/strong><\/p><p><a href=\"https:\/\/www.litoralpress.cl\/sitio\/RadioTV_Detalles.cshtml?LPKey=3EX67PFJZKGBOLQJ7VOZP2JC6VVMZNRKYJJ6N43T2W3V56P3QIPSROD7NQQ77FYKIER666PKDYSME\">Entrevista a Mauricio Morales Quiroga, director del Centro de An\u00e1lisis Pol\u00edtico (CAP).<\/a><\/p><p>\u00a0<\/p><p><strong>ELMOSTRADOR.COM<\/strong><\/p><p><a href=\"https:\/\/www.elmostrador.cl\/destacado\/2023\/01\/24\/una-o-dos-listas-de-consejeros-un-flanco-abierto-que-desafia-a-la-muneca-politica-del-gobierno\/\">Una o dos listas de consejeros: un flanco abierto que desaf\u00eda a la mu\u00f1eca pol\u00edtica del Gobierno. Se refiere Mauricio Morales Quiroga, director del Centro de An\u00e1lisis Pol\u00edtico (CAP).<\/a><\/p><p>\u00a0<\/p><p><strong>RADIOAGRICULTURA.CL<\/strong><\/p><p><a href=\"https:\/\/www.radioagricultura.cl\/politica\/2023\/01\/24\/analista-politico-por-coaliciones-de-gobierno-este-es-un-matrimonio-que-lleva-10-meses-y-que-ya-esta-con-insultos\/\">Analista pol\u00edtico por coaliciones de Gobierno: &#8220;Este es un matrimonio que lleva 10 meses y que ya est\u00e1 con insultos&#8221;. Se refiere Mauricio Morales Quiroga, director del Centro de An\u00e1lisis Pol\u00edtico (CAP).<\/a><\/p><p>\u00a0<\/p><p><strong>CHILEESNOTICIA.COM<\/strong><\/p><p><a href=\"https:\/\/chileesnoticia.com\/2023\/01\/24\/una-o-dos-listas-de-consejeros-un-flanco-abierto-que-desafia-a-la-muneca-politica-del-gobierno\/\">Una o dos listas de consejeros: un flanco abierto que desaf\u00eda a la mu\u00f1eca pol\u00edtica del Gobierno. Se refiere Mauricio Morales Quiroga, director del Centro de An\u00e1lisis Pol\u00edtico (CAP).<\/a><\/p><p>\u00a0<\/p><p><strong>LA SEGUNDA<\/strong><\/p><p><a href=\"https:\/\/www.litoralpress.cl\/sitio\/Prensa_PaginaCompleta.cshtml?LPKey=CPW5O6XLMFI6EKKF3CW3GI5V4PGEBOM6I4CAYBII2IQ2STVXPZWQ\">Once abogados y un soci\u00f3logo al comit\u00e9 de expertos. Se menciona a Marcela Peredo, exalumna de la UTalca.<\/a><\/p><p>\u00a0<\/p>\t\t\t\t\t\t<\/div>\n\t\t\t\t<\/div>\n\t\t\t\t\t<\/div>\n\t\t<\/div>\n\t\t\t\t\t\t\t<\/div>\n\t\t<\/section>\n\t\t\t\t\t\t<\/div>\n\t\t\t\t\t<\/div>\n\t\t","protected":false},"excerpt":{"rendered":"<p>CANAL CONTIVISI\u00d3N Nuevos estudiantes destacados de la Universidad de Talca se reunieron con autoridades. Se refieren Carlos Torres Fuchslocher, rector y Paola Morales Norambuena, directora de Ciclo de Vida Estudiantil (CIVE). \u00a0 MEDIABANCO.COM UTalca da la bienvenida a los alumnos destacados de la admisi\u00f3n 2023. Se refieren Carlos Torres Fuchslocher, rector; Paola Morales Norambuena, directora &hellip;<\/p>\n<p class=\"read-more\"> <a class=\"\" href=\"https:\/\/www.reportedeprensa.utalca.cl\/?p=6481\"> <span class=\"screen-reader-text\">25 de enero de 2023<\/span> Read More &raquo;<\/a><\/p>\n","protected":false},"author":1,"featured_media":0,"comment_status":"closed","ping_status":"open","sticky":false,"template":"","format":"standard","meta":{"_monsterinsights_skip_tracking":false,"_monsterinsights_sitenote_active":false,"_monsterinsights_sitenote_note":"","_monsterinsights_sitenote_category":0},"categories":[29],"tags":[],"_links":{"self":[{"href":"https:\/\/www.reportedeprensa.utalca.cl\/index.php?rest_route=\/wp\/v2\/posts\/6481"}],"collection":[{"href":"https:\/\/www.reportedeprensa.utalca.cl\/index.php?rest_route=\/wp\/v2\/posts"}],"about":[{"href":"https:\/\/www.reportedeprensa.utalca.cl\/index.php?rest_route=\/wp\/v2\/types\/post"}],"author":[{"embeddable":true,"href":"https:\/\/www.reportedeprensa.utalca.cl\/index.php?rest_route=\/wp\/v2\/users\/1"}],"replies":[{"embeddable":true,"href":"https:\/\/www.reportedeprensa.utalca.cl\/index.php?rest_route=%2Fwp%2Fv2%2Fcomments&post=6481"}],"version-history":[{"count":4,"href":"https:\/\/www.reportedeprensa.utalca.cl\/index.php?rest_route=\/wp\/v2\/posts\/6481\/revisions"}],"predecessor-version":[{"id":6485,"href":"https:\/\/www.reportedeprensa.utalca.cl\/index.php?rest_route=\/wp\/v2\/posts\/6481\/revisions\/6485"}],"wp:attachment":[{"href":"https:\/\/www.reportedeprensa.utalca.cl\/index.php?rest_route=%2Fwp%2Fv2%2Fmedia&parent=6481"}],"wp:term":[{"taxonomy":"category","embeddable":true,"href":"https:\/\/www.reportedeprensa.utalca.cl\/index.php?rest_route=%2Fwp%2Fv2%2Fcategories&post=6481"},{"taxonomy":"post_tag","embeddable":true,"href":"https:\/\/www.reportedeprensa.utalca.cl\/index.php?rest_route=%2Fwp%2Fv2%2Ftags&post=6481"}],"curies":[{"name":"wp","href":"https:\/\/api.w.org\/{rel}","templated":true}]}}