{"id":6496,"date":"2023-01-26T09:27:33","date_gmt":"2023-01-26T12:27:33","guid":{"rendered":"https:\/\/www.reportedeprensa.utalca.cl\/?p=6496"},"modified":"2023-01-26T09:37:21","modified_gmt":"2023-01-26T12:37:21","slug":"26-de-enero-de-2023","status":"publish","type":"post","link":"https:\/\/www.reportedeprensa.utalca.cl\/?p=6496","title":{"rendered":"26 de enero de 2023"},"content":{"rendered":"\t\t<div data-elementor-type=\"wp-post\" data-elementor-id=\"6496\" class=\"elementor elementor-6496\" data-elementor-settings=\"[]\">\n\t\t\t\t\t\t\t<div class=\"elementor-section-wrap\">\n\t\t\t\t\t\t\t<section class=\"elementor-section elementor-top-section elementor-element elementor-element-2a4b4b83 elementor-section-boxed elementor-section-height-default elementor-section-height-default\" data-id=\"2a4b4b83\" data-element_type=\"section\">\n\t\t\t\t\t\t<div class=\"elementor-container elementor-column-gap-default\">\n\t\t\t\t\t<div class=\"elementor-column elementor-col-100 elementor-top-column elementor-element elementor-element-24a78540\" data-id=\"24a78540\" data-element_type=\"column\">\n\t\t\t<div class=\"elementor-widget-wrap elementor-element-populated\">\n\t\t\t\t\t\t\t\t<div class=\"elementor-element elementor-element-55b07e54 elementor-widget elementor-widget-text-editor\" data-id=\"55b07e54\" data-element_type=\"widget\" data-widget_type=\"text-editor.default\">\n\t\t\t\t<div class=\"elementor-widget-container\">\n\t\t\t\t\t\t\t\t<p><strong>EL LECTOR<\/strong><\/p><p><a href=\"https:\/\/www.litoralpress.cl\/paginaconsultas\/Servicios_NClipSitio\/Get_Imagen_Nota.aspx?LPKey=NI3LPARLHTJRGEYVMNGGIBYYTUVR4YJZWSJFU36A6GX4PCCZNKFBF7HZDSQMSRQPGBBN5DJZABP56\">UTalca a la bienvenida a los alumnos destacados. Se refiere Carlos Torres Fuchslocher, rector y los estudiantes Joaqu\u00edn Cornejo Leiva, Constanza Soto Lagos y Sebasti\u00e1n Dossow Jara.<\/a><\/p><p>\u00a0<\/p><p><strong>LANOTICIA.CL<\/strong><\/p><p><a href=\"https:\/\/lanoticia.cl\/utalca-da-la-bienvenida-a-los-alumnos-destacados-de-la-admision-2023\/\">UTalca a la bienvenida a los alumnos destacados. Se refiere Carlos Torres Fuchslocher, rector; Paloma Morales Norambuena, directora de Ciclo de Vida Estudiantil (CIVE); y los estudiantes Joaqu\u00edn Cornejo Leiva, Constanza Soto Lagos y Sebasti\u00e1n Dossow Jara.<\/a><\/p><p>\u00a0<\/p><p><strong>MAULENEWS.COM<\/strong><\/p><p><a href=\"https:\/\/www.maulenews.com\/2023\/01\/utalca-da-la-bienvenida-los-alumnos.html\">UTalca a la bienvenida a los alumnos destacados. Se refiere Carlos Torres Fuchslocher, rector; Paloma Morales Norambuena, directora de Ciclo de Vida Estudiantil (CIVE); y los estudiantes Joaqu\u00edn Cornejo Leiva, Constanza Soto Lagos y Sebasti\u00e1n Dossow Jara.<\/a><\/p><p>\u00a0<\/p><p><strong>DIARIOTALCA.CL<\/strong><\/p><p><a href=\"https:\/\/diariotalca.cl\/utalca-destaco-adjudicacion-de-25-nuevos-proyectos-de-investigacion\/\">UTalca destac\u00f3 adjudicaci\u00f3n de 25 nuevos proyectos de investigaci\u00f3n. Se refiere Cristian Rojas Barahona, vicerrector Acad\u00e9mico.<\/a><\/p><p>\u00a0<\/p><p><strong>EL C\u00d3NDOR<\/strong><\/p><p><a href=\"https:\/\/www.litoralpress.cl\/paginaconsultas\/Servicios_NClipSitio\/Get_Imagen_Nota.aspx?LPKey=3LIVJNGLEC46XOBYGJVWKQ75U3CHTCTHHUDRMKAH7JCHKFZM3EGGJ7NUQWHJSSJ6DBEVSMMDBQGB4\">Proponen estrategia para vigilar aparici\u00f3n de nuevas variantes de Covid-19. Se refiere Karen Or\u00f3stica, cient\u00edfica del Instituto Interdisciplinario de Investigaci\u00f3n.<\/a><\/p><p>\u00a0<\/p><p><strong>RADIO AMIGA<\/strong><\/p><p><a href=\"https:\/\/www.litoralpress.cl\/sitio\/RadioTV_Detalles.cshtml?LPKey=DWMGGUOBCY2RY6TDN4WDFSHRFAPG3TJM4RING4RQGMBXOZNUY5UK4BPAGTYSHZVRISFJCJR7HKQGA\">Crean estrategia para vigilar aparici\u00f3n de nuevas variantes de Covid-19. Se refiere Karen Or\u00f3stica, cient\u00edfica del Instituto Interdisciplinario de Investigaci\u00f3n.<\/a><\/p><p>\u00a0<\/p><p><strong>RADIO GUAYAC\u00c1N<\/strong><\/p><p><a href=\"https:\/\/www.litoralpress.cl\/sitio\/RadioTV_Detalles.cshtml?LPKey=A5KMX5NM33H3S5GPX67YHWYXF6S2JQMP2N4254IKZXVDL7JSSVZW7HS7HGVMM64QH3U635IKF6W5I\">Crean estrategia para vigilar aparici\u00f3n de nuevas variantes de Covid-19. Entrevista a Karen Or\u00f3stica, cient\u00edfica del Instituto Interdisciplinario de Investigaci\u00f3n.<\/a><\/p><p>\u00a0<\/p><p><strong>LA PRENSA<\/strong><\/p><p><a href=\"https:\/\/www.litoralpress.cl\/paginaconsultas\/Servicios_NClipSitio\/Get_Imagen_Nota.aspx?LPKey=YHQEXPOIK72JD7YQXOD5FNFPTHBIF3DUFXBZ4BFF2FOTZYIBHHS34A5LJVJXMFTSEBIFGZ2EGBZO2\">Impulsan programa para que los emprendedores mayores de 60 a\u00f1os tengan alfabetizaci\u00f3n digital. Se refiere Germ\u00e1n Lobos Andrade, acad\u00e9mico de la Facultad de Econom\u00eda y Negocios (FEN).<\/a><\/p><p>\u00a0<\/p><p><strong>EL LECTOR<\/strong><\/p><p><a href=\"https:\/\/www.litoralpress.cl\/paginaconsultas\/Servicios_NClipSitio\/Get_Imagen_Nota.aspx?LPKey=3DAIY2EDLTKC76DGMLUEWBNZCWK7O35HJIO5R4KHR7T6QOUAM4SGNSN6IE6FGYU4PT2E3SEAZ4NXQ\">Senama Maule y El Centro de Estudios para el Envejecimiento Activo (C2EA) de la Universidad de Talca, lanzan proyecto de Alfabetizaci\u00f3n Financiera para personas mayores. Se refiere Germ\u00e1n Lobos Andrade, acad\u00e9mico de la Facultad de Econom\u00eda y Negocios (FEN).<\/a><\/p><p>\u00a0<\/p><p><strong>CANAL CONTIVISI\u00d3N<\/strong><\/p><p><a href=\"https:\/\/www.litoralpress.cl\/sitio\/RadioTV_Detalles.cshtml?LPKey=4ILYGWXKLB5SYH7ZJ5J4FAIDA2FQTNKESY4GW5KR6WS5XW43KFZNRLQMTN2TWPSSDYVXFCF5N7VB6\">El Senama lanza el programa &#8220;emprende con Tecnolog\u00eda Digital&#8221;, un programa que est\u00e1 orientado a socios de clubes de adulto mayor. Se refiere Germ\u00e1n Lobos Andrade, acad\u00e9mico de la Facultad de Econom\u00eda y Negocios (FEN).<\/a><\/p><p>\u00a0<\/p><p><strong>CANAL TVR<\/strong><\/p><p><a href=\"https:\/\/www.litoralpress.cl\/sitio\/RadioTV_Detalles.cshtml?LPKey=VKCQDGZJICZLY7RC5PHDUOXX7LM6RKROLYWPJIYQAGGQKDCSGV6PAB3PZRL6XBKBGM2C77GZPEB6C\">U. de Talca y Senama dictar\u00e1n cursos de alfabetizaci\u00f3n digital a adultos mayores del Maule. Se refiere Germ\u00e1n Lobos Andrade, acad\u00e9mico de la Facultad de Econom\u00eda y Negocios (FEN).<\/a><\/p><p>\u00a0<\/p><p><strong>ADPRENSA.CL<\/strong><\/p><p><a href=\"https:\/\/www.adprensa.cl\/cronica\/utalca-y-senama-impulsan-alfabetizacion-digital-para-emprendedores-mayores-de-60-anos\/\">UTalca y SENAMA impulsan alfabetizaci\u00f3n digital para emprendedores mayores de 60 a\u00f1os. Se refiere Germ\u00e1n Lobos Andrade, acad\u00e9mico de la Facultad de Econom\u00eda y Negocios (FEN).<\/a><\/p><p>\u00a0<\/p><p><strong>MEDIABANCO.COM<\/strong><\/p><p><a href=\"https:\/\/www.mediabanco.com\/utalca-y-senama-impulsan-alfabetizacion-digital-para-emprendedores-mayores-de-60-anos\/\">UTalca y SENAMA impulsan alfabetizaci\u00f3n digital para emprendedores mayores de 60 a\u00f1os. Se refiere Germ\u00e1n Lobos Andrade, acad\u00e9mico de la Facultad de Econom\u00eda y Negocios (FEN).<\/a><\/p><p>\u00a0<\/p><p><strong>MASQUENOTICIAS.CL<\/strong><\/p><p><a href=\"https:\/\/masquenoticias.cl\/2023\/01\/25\/utalca-y-senama-impulsan-alfabetizacion-digital-para-emprendedores-mayores-de-60-anos\/\">UTalca y SENAMA impulsan alfabetizaci\u00f3n digital para emprendedores mayores de 60 a\u00f1os. Se refiere Germ\u00e1n Lobos Andrade, acad\u00e9mico de la Facultad de Econom\u00eda y Negocios (FEN).<\/a><\/p><p>\u00a0<\/p><p><strong>DIARIOELHERALDO.CL<\/strong><\/p><p><a href=\"https:\/\/www.diarioelheraldo.cl\/noticia\/utalca-y-senama-impulsan-alfabetizacion-digital-para-emprendedores-mayores-de-60-anos-\">UTalca y SENAMA impulsan alfabetizaci\u00f3n digital para emprendedores mayores de 60 a\u00f1os. Se refiere Germ\u00e1n Lobos Andrade, acad\u00e9mico de la Facultad de Econom\u00eda y Negocios (FEN).<\/a><\/p><p>\u00a0<\/p><p><strong>DIARIOTALCA.CL<\/strong><\/p><p><a href=\"https:\/\/diariotalca.cl\/impulsan-alfabetizacion-digital-para-emprendedores-mayores-de-60-anos\/\">Impulsan alfabetizaci\u00f3n digital para emprendedores mayores de 60 a\u00f1os. Se refiere Germ\u00e1n Lobos Andrade, acad\u00e9mico de la Facultad de Econom\u00eda y Negocios (FEN).<\/a><\/p><p>\u00a0<\/p><p><strong>LANOTICIA.CL<\/strong><\/p><p><a href=\"https:\/\/lanoticia.cl\/utalca-y-senama-impulsan-alfabetizacion-digital-para-emprendedores-mayores-de-60-anos\/\">UTalca y SENAMA impulsan alfabetizaci\u00f3n digital para emprendedores mayores de 60 a\u00f1os. Se refiere Germ\u00e1n Lobos Andrade, acad\u00e9mico de la Facultad de Econom\u00eda y Negocios (FEN).<\/a><\/p><p>\u00a0<\/p><p><strong>ENLINEAMAULE.CL<\/strong><\/p><p><a href=\"https:\/\/enlineamaule.cl\/archivo\/51203\">En marzo se da el vamos a la capacitaci\u00f3n de alfabetizaci\u00f3n financiera para adultos mayores en la regi\u00f3n del Maule. Se refiere Germ\u00e1n Lobos Andrade, acad\u00e9mico de la Facultad de Econom\u00eda y Negocios (FEN).<\/a><\/p><p>\u00a0<\/p><p><strong>LINARESENLINEA.CL<\/strong><\/p><p><a href=\"https:\/\/www.linaresenlinea.cl\/2023\/01\/25\/senama-maule-y-el-centro-de-estudios-para-el-envejecimiento-activo-c2ea-de-la-universidad-de-talca-lanzan-proyecto-de-alfabetizacion-financiera-para-personas-mayores\/\">SENAMA Maule y el Centro de Estudios para el<\/a> <a href=\"https:\/\/www.linaresenlinea.cl\/2023\/01\/25\/senama-maule-y-el-centro-de-estudios-para-el-envejecimiento-activo-c2ea-de-la-universidad-de-talca-lanzan-proyecto-de-alfabetizacion-financiera-para-personas-mayores\/\">Envejecimiento Activo (C2EA) de la Universidad de Talca, lanzan proyecto de Alfabetizaci\u00f3n Financiera para personas mayores. Se refiere Germ\u00e1n Lobos Andrade, acad\u00e9mico de la Facultad de Econom\u00eda y Negocios (FEN).<\/a><\/p><p>\u00a0<\/p><p><strong>RADIO LAUTARO<\/strong><\/p><p><a href=\"https:\/\/www.litoralpress.cl\/sitio\/RadioTV_Detalles.cshtml?LPKey=E3N4BBBC5ED2SYA6HRHMXY76DL6GIUFEJEDWMSZDM54GSUT2RS3HZDW2OOCJYYWKSJOVJZYNXPXAA\">Entrevista a Medardo Aguirre Gonz\u00e1lez, director del Centro Nacional de Estudios Migratorios de la Facultad de Econom\u00eda y Negocios (FEN).<\/a><\/p><p>\u00a0<\/p><p><strong>CANAL TVN RED MAULE<\/strong><\/p><p><a href=\"https:\/\/www.litoralpress.cl\/sitio\/RadioTV_Detalles.cshtml?LPKey=USKPAOUCZ2ODOQKBZGS7P5GFAC3QF2V4VNIALTSRYQEY4DCU2N72SKGLBNJFONHN5WNTNHHZWUMD6\">Se acerca la tercera ola de calor de enero. Se refiere Patricio Gonz\u00e1lez Colville, acad\u00e9mico del Centro de Investigaci\u00f3n y Transferencia en Riego y Agroclimatolog\u00eda (CITRA).<\/a><\/p><p>\u00a0<\/p><p><strong>DIARIOTALCA.CL<\/strong><\/p><p><a href=\"https:\/\/diariotalca.cl\/alertan-por-apertura-de-compuertas-en-laguna-del-maule-y-nueva-ola-de-calor\/\">Alertan por nueva ola de calor y apertura de compuertas en Laguna del Maule. Se refiere Patricio Gonz\u00e1lez Colville, acad\u00e9mico del Centro de Investigaci\u00f3n y Transferencia en Riego y Agroclimatolog\u00eda (CITRA).<\/a><\/p><p>\u00a0<\/p><p><strong>LA PRENSA<\/strong><\/p><p><a href=\"https:\/\/www.litoralpress.cl\/paginaconsultas\/Servicios_NClipSitio\/Get_Imagen_Nota.aspx?LPKey=PGKUYQ2NWGHBQVRGR7JA7O7TM5TU2IW3NGC25IHKD54ZXKP4XIPAMG6QETRG3DTDA3HEBHER3CDDQ\">Editorial: Calor, marejadas e incendios forestales. Se menciona a Patricio Gonz\u00e1lez Colville, acad\u00e9mico del Centro de Investigaci\u00f3n y Transferencia en Riego y Agroclimatolog\u00eda (CITRA).<\/a><\/p><p>\u00a0<\/p><p><strong>EMOL.COM<\/strong><\/p><p><a href=\"https:\/\/www.emol.com\/noticias\/Economia\/2023\/01\/26\/1084933\/crisis-peru-impacto-economico.html\">Van 50 d\u00edas de crisis: El duro golpe a la econom\u00eda y los sectores m\u00e1s afectados por las agresivas protestas en Per\u00fa. Se refiere Rodrigo Saens Navarrete, acad\u00e9mico de la Facultad de Econom\u00eda y Negocios (FEN).<\/a><\/p><p>\u00a0<\/p><p><strong>MAULEHOY.CL<\/strong><\/p><p><a href=\"https:\/\/maulehoy.cl\/2023\/01\/25\/academica-advierte-que-sistema-publico-de-salud-se-estresaria-con-una-masiva-migracion-a-fonasa\/\">Acad\u00e9mica advierte que sistema p\u00fablico de salud se estresar\u00eda con una masiva migraci\u00f3n a Fonasa. Se refiere Leidy Garc\u00eda P\u00e9rez, acad\u00e9mica de la Facultad de Econom\u00eda y Negocios (FEN).<\/a><\/p><p>\u00a0<\/p><p><strong>ELCENTRO.CL<\/strong><\/p><p><a href=\"https:\/\/elcentro.cl\/2023\/01\/25\/investigacion-en-derecho-teoria-y-practica-en-favor-de-un-mejor-funcionamiento-del-sistema-de-justicia\/\">Investigaci\u00f3n en Derecho, teor\u00eda y pr\u00e1ctica en favor de un mejor funcionamiento del sistema de justicia. Columna de opini\u00f3n de Diego Palomo V\u00e9lez, acad\u00e9mico de la Facultad de Ciencias Jur\u00eddicas y Sociales.<\/a><\/p><p>\u00a0<\/p><p><strong>CANAL TVN RED MAULE<\/strong><\/p><p><a href=\"https:\/\/www.litoralpress.cl\/sitio\/RadioTV_Detalles.cshtml?LPKey=JDVL72QPOFRKLKPEAZGYQNKHYU6CIR5IQMHKCMBJMPOJBNZCQSJ2XXHX2JZ5SQZO72WD2XOORGWXY\">Juicio por el caso Lhysbet fue reagendado para marzo. Se refiere Diego Palomo V\u00e9lez, acad\u00e9mico de la Facultad de Ciencias Jur\u00eddicas y Sociales.<\/a><\/p><p>\u00a0<\/p><p><strong>RADIO INFINITA<\/strong><\/p><p><a href=\"https:\/\/www.litoralpress.cl\/sitio\/RadioTV_Detalles.cshtml?LPKey=TNQ74XM3DO6JLGLFN32C6HI6SHJDAYIXBSA466GVWBOOKPFEIVN6AQWEYVZHKT6QI5M5PBKW3J35Q\">Comentario de Mauricio Morales Quiroga, director del Centro de An\u00e1lisis Pol\u00edtico (CAP).<\/a><\/p><p>\u00a0<\/p><p><strong>EMOL.COM<\/strong><\/p><p><a href=\"https:\/\/www.emol.com\/noticias\/Nacional\/2023\/01\/25\/1084896\/analisis-de-posiblecambio-gabinete.html\">Tras episodio en Canciller\u00eda: Los ruidos pol\u00edticos y lo que opinan expertos sobre los tiempos para un cambio de gabinete. Se refiere Mauricio Morales Quiroga, director del Centro de An\u00e1lisis Pol\u00edtico (CAP).<\/a><\/p><p>\u00a0<\/p><p><strong>LAS \u00daLTIMAS NOTICIAS<\/strong><\/p><p><a href=\"https:\/\/www.litoralpress.cl\/sitio\/Prensa_PaginaCompleta.cshtml?LPKey=T5S23MMWQ4EATXCSJLAVJAAEBXPW3KIDC3F2BTWVTODBUVIR5A6Q\">Fichas de los 12 expertos de la C\u00e1mara de Diputados para el proceso constituyente. Se menciona a Marcela Peredo Rojas, exalumna de Derecho.<\/a><\/p><p>\u00a0<\/p><p><strong>CULTURIZARTE.CL<\/strong><\/p><p><a href=\"https:\/\/culturizarte.cl\/extension-utalca-invita-a-muestra-de-arte-cinetico-durante-las-vacaciones\/\">Extensi\u00f3n UTalca invita a muestra de arte cin\u00e9tico durante las vacaciones, Se refiere Marcela Albornoz Dachelet, director de Extensi\u00f3n Cultural-Art\u00edstica.<\/a><\/p><p>\u00a0<\/p><p><strong>G5NOTICIAS.CL<\/strong><\/p><p><a href=\"https:\/\/g5noticias.cl\/2023\/01\/26\/extension-utalca-invita-a-muestra-de-arte-cinetico-durante-las-vacaciones\/\">Extensi\u00f3n UTalca invita a muestra de arte cin\u00e9tico durante las vacaciones, Se refiere Marcela Albornoz Dachelet, director de Extensi\u00f3n Cultural-Art\u00edstica.<\/a><\/p><p>\u00a0<\/p>\t\t\t\t\t\t<\/div>\n\t\t\t\t<\/div>\n\t\t\t\t\t<\/div>\n\t\t<\/div>\n\t\t\t\t\t\t\t<\/div>\n\t\t<\/section>\n\t\t\t\t\t\t<\/div>\n\t\t\t\t\t<\/div>\n\t\t","protected":false},"excerpt":{"rendered":"<p>EL LECTOR UTalca a la bienvenida a los alumnos destacados. Se refiere Carlos Torres Fuchslocher, rector y los estudiantes Joaqu\u00edn Cornejo Leiva, Constanza Soto Lagos y Sebasti\u00e1n Dossow Jara. \u00a0 LANOTICIA.CL UTalca a la bienvenida a los alumnos destacados. Se refiere Carlos Torres Fuchslocher, rector; Paloma Morales Norambuena, directora de Ciclo de Vida Estudiantil (CIVE); &hellip;<\/p>\n<p class=\"read-more\"> <a class=\"\" href=\"https:\/\/www.reportedeprensa.utalca.cl\/?p=6496\"> <span class=\"screen-reader-text\">26 de enero de 2023<\/span> Read More &raquo;<\/a><\/p>\n","protected":false},"author":1,"featured_media":0,"comment_status":"closed","ping_status":"open","sticky":false,"template":"","format":"standard","meta":{"_monsterinsights_skip_tracking":false,"_monsterinsights_sitenote_active":false,"_monsterinsights_sitenote_note":"","_monsterinsights_sitenote_category":0},"categories":[29],"tags":[],"_links":{"self":[{"href":"https:\/\/www.reportedeprensa.utalca.cl\/index.php?rest_route=\/wp\/v2\/posts\/6496"}],"collection":[{"href":"https:\/\/www.reportedeprensa.utalca.cl\/index.php?rest_route=\/wp\/v2\/posts"}],"about":[{"href":"https:\/\/www.reportedeprensa.utalca.cl\/index.php?rest_route=\/wp\/v2\/types\/post"}],"author":[{"embeddable":true,"href":"https:\/\/www.reportedeprensa.utalca.cl\/index.php?rest_route=\/wp\/v2\/users\/1"}],"replies":[{"embeddable":true,"href":"https:\/\/www.reportedeprensa.utalca.cl\/index.php?rest_route=%2Fwp%2Fv2%2Fcomments&post=6496"}],"version-history":[{"count":4,"href":"https:\/\/www.reportedeprensa.utalca.cl\/index.php?rest_route=\/wp\/v2\/posts\/6496\/revisions"}],"predecessor-version":[{"id":6500,"href":"https:\/\/www.reportedeprensa.utalca.cl\/index.php?rest_route=\/wp\/v2\/posts\/6496\/revisions\/6500"}],"wp:attachment":[{"href":"https:\/\/www.reportedeprensa.utalca.cl\/index.php?rest_route=%2Fwp%2Fv2%2Fmedia&parent=6496"}],"wp:term":[{"taxonomy":"category","embeddable":true,"href":"https:\/\/www.reportedeprensa.utalca.cl\/index.php?rest_route=%2Fwp%2Fv2%2Fcategories&post=6496"},{"taxonomy":"post_tag","embeddable":true,"href":"https:\/\/www.reportedeprensa.utalca.cl\/index.php?rest_route=%2Fwp%2Fv2%2Ftags&post=6496"}],"curies":[{"name":"wp","href":"https:\/\/api.w.org\/{rel}","templated":true}]}}