{"id":6514,"date":"2023-02-27T14:33:48","date_gmt":"2023-02-27T17:33:48","guid":{"rendered":"https:\/\/www.reportedeprensa.utalca.cl\/?p=6514"},"modified":"2023-02-28T18:18:13","modified_gmt":"2023-02-28T21:18:13","slug":"27-de-febrero-de-2023","status":"publish","type":"post","link":"https:\/\/www.reportedeprensa.utalca.cl\/?p=6514","title":{"rendered":"28 de febrero de 2023"},"content":{"rendered":"\t\t<div data-elementor-type=\"wp-post\" data-elementor-id=\"6514\" class=\"elementor elementor-6514\" data-elementor-settings=\"[]\">\n\t\t\t\t\t\t\t<div class=\"elementor-section-wrap\">\n\t\t\t\t\t\t\t<section class=\"elementor-section elementor-top-section elementor-element elementor-element-2a4b4b83 elementor-section-boxed elementor-section-height-default elementor-section-height-default\" data-id=\"2a4b4b83\" data-element_type=\"section\">\n\t\t\t\t\t\t<div class=\"elementor-container elementor-column-gap-default\">\n\t\t\t\t\t<div class=\"elementor-column elementor-col-100 elementor-top-column elementor-element elementor-element-24a78540\" data-id=\"24a78540\" data-element_type=\"column\">\n\t\t\t<div class=\"elementor-widget-wrap elementor-element-populated\">\n\t\t\t\t\t\t\t\t<div class=\"elementor-element elementor-element-55b07e54 elementor-widget elementor-widget-text-editor\" data-id=\"55b07e54\" data-element_type=\"widget\" data-widget_type=\"text-editor.default\">\n\t\t\t\t<div class=\"elementor-widget-container\">\n\t\t\t\t\t\t\t\t<p><strong>LA TERCERA<\/strong><\/p><p><a href=\"https:\/\/www.litoralpress.cl\/sitio\/Prensa_PaginaCompleta.cshtml?LPKey=EJJO5V5LBWMVJKXCXSHIRJX3F2COLSJLREXY6XNPOYBF2CGHHEUA\">El desaf\u00edo digital que tiene la educaci\u00f3n superior en su regreso a clases 2023. Se refiere Paula Caballero, vicerrectora de Desarrollo Estudiantil.<\/a><\/p><p><strong>\u00a0<\/strong><\/p><p><strong>EL MERCURIO<\/strong><\/p><p><a href=\"https:\/\/www.litoralpress.cl\/sitio\/Prensa_PaginaCompleta.cshtml?LPKey=2WE56SYAU4RUYJEFS7OBAJNWBMHTVY367PXWF4COOLVJD2AW6Q2A\">Universidades toman medidas ante el auge de la inteligencia artificial y los chats predictivos. Se refiere Ariela Vergara, vicerrectora de Innovaci\u00f3n.<\/a><\/p><p>\u00a0<\/p><p><strong>LATERCERA.COM<\/strong><\/p><p><a href=\"https:\/\/www.latercera.com\/nacional\/noticia\/los-estudiantes-cambiaron-el-desafio-digital-que-tiene-la-educacion-superior-en-su-regreso-a-clases-en-2023\/KXBQ4MKUERB6NCRE3N2MMFZYKI\/\">\u201cLos estudiantes cambiaron\u201d: el desaf\u00edo digital que tiene la educaci\u00f3n superior en su regreso a clases en 2023. Se refiere Paula Caballero, vicerrectora de Desarrollo Estudiantil.<\/a><\/p><p>\u00a0<\/p><p><strong>LATERCERA.COM<\/strong><\/p><p><a href=\"https:\/\/www.latercera.com\/la-tercera-pm\/noticia\/zoom-a-las-acreditaciones-de-la-educacion-superior-19-instituciones-cuentan-con-nivel-de-excelencia-y-33-no-estan-acreditadas\/FR3FKWTFTJCQNNOXMF5AZNR22M\/\">Zoom a las acreditaciones de la educaci\u00f3n superior: 19 instituciones cuentan con nivel de excelencia y 33 no est\u00e1n acreditadas. Se menciona a la UTalca con seis a\u00f1os de acreditaci\u00f3n.<\/a><\/p><p>\u00a0<\/p><p><strong>BIOBIOCHILE.CL<\/strong><\/p><p><a href=\"https:\/\/www.biobiochile.cl\/noticias\/nacional\/chile\/2023\/02\/08\/dos-universidades-chilenas-lideran-ranking-qs-en-america-latina-revisa-si-esta-la-tuya.shtml\">Dos universidades chilenas lideran r\u00e1nking QS en Am\u00e9rica Latina: revisa si est\u00e1 la tuya. Se menciona a la UTalca en el puesto 54.<\/a><\/p><p>\u00a0<\/p><p><strong>LA TERCERA<\/strong><\/p><p><a href=\"https:\/\/www.litoralpress.cl\/sitio\/Prensa_PaginaCompleta.cshtml?LPKey=BCY4BNQUDLESDNEXO3URCAYLH2V562MGKZHNBSQWWDOZDVHXO4ZQ\">C\u00f3mo se preparan universidades e institutos para resguardar la salud mental de los estudiantes. Se refiere Daniel Jim\u00e9nez Acu\u00f1a, director de Salud del Estudiante.<\/a><\/p><p>\u00a0<\/p><p><strong>LA TERCERA.COM<\/strong><\/p><p><a href=\"https:\/\/www.latercera.com\/nacional\/noticia\/tras-un-2022-con-mas-atenciones-psicologicas-como-se-preparan-universidades-e-institutos-para-resguardar-la-salud-mental-de-los-estudiantes\/QL5PEF43PFGBLD2O2VZ6XT3CY4\/\">Tras un 2022 con m\u00e1s atenciones psicol\u00f3gicas: \u00bfC\u00f3mo se preparan universidades e institutos para resguardar la salud mental de los estudiantes? Se refiere Daniel Jim\u00e9nez Acu\u00f1a, director de Salud del Estudiante.<\/a><\/p><p>\u00a0<\/p><p><strong>CIENCIAENCHILE.CL<\/strong><\/p><p><a href=\"https:\/\/www.cienciaenchile.cl\/universidad-de-talca-adjudico-25-proyectos-fondecyt-regular\/\">Universidad de Talca adjudic\u00f3 25 proyectos Fondecyt Regular. Se refiere Cristian Rojas, vicerrector Acad\u00e9mico.<\/a><\/p><p>\u00a0<\/p><p><strong>EL MERCURIO<\/strong><\/p><p><a href=\"https:\/\/www.litoralpress.cl\/sitio\/Prensa_PaginaCompleta.cshtml?LPKey=5HYH747U2OL77M57DT5HYM5DJBRV3SKRSMP5EXBWQFE4RXIDIMUA\">Intercambios de estudiantes se mantienen bajo las cifras previas a la pandemia. Se refiere Marcos Avilez, director de Relaciones Internacionales.<\/a><\/p><p>\u00a0<\/p><p><strong>ELDINAMO.CL<\/strong><\/p><p><a href=\"https:\/\/www.eldinamo.cl\/educacion\/2023\/01\/30\/tramites-delincuencia-e-inseguridad-los-factores-que-explicarian-la-baja-en-los-estudiantes-de-intercambio\/\">Tr\u00e1mites, delincuencia e inseguridad: los factores que explicar\u00edan la baja en los estudiantes de intercambio. Se refiere Marcos Avilez, director de Relaciones Internacionales.<\/a><\/p><p>\u00a0<\/p><p><strong>CANAL CCN CHILE<\/strong><\/p><p><a href=\"https:\/\/www.litoralpress.cl\/sitio\/RadioTV_Detalles.cshtml?LPKey=HG6SHKDT5AFYQ6PAHKUUM5M5SIY5LEFWQIA6CMV5Y7YWUU3U6S3J33D5DIYEVXOSJ2PC6HCTKXUUU\">Producto de las altas temperaturas los incendios forestales se han hecho m\u00e1s dif\u00edciles de combatir en este verano. Entrevista a Patricio Gonz\u00e1lez Colville, acad\u00e9mico del Centro de Investigaci\u00f3n y Transferencia en Riego y Agroclimatolog\u00eda (CITRA<\/a>).<\/p><p>\u00a0<\/p><p><strong>CANAL 24 HORAS<\/strong><\/p><p><a href=\"https:\/\/www.litoralpress.cl\/sitio\/RadioTV_Detalles.cshtml?LPKey=5TMCHKQZQDQRPVU73BKBEHFWQ2UCOMD77IBTBNFPRRWSVHOUJNMWHJ5LY5NVEEM3GJRDENCMTDTY4\">Agricultores han perdido sus cultivos producto de los incendios. Entrevista a Patricio Gonz\u00e1lez Colville, acad\u00e9mico del Centro de Investigaci\u00f3n y Transferencia en Riego y Agroclimatolog\u00eda (CITRA).<\/a><\/p><p>\u00a0<\/p><p><strong>CANAL 24 HORAS<\/strong><\/p><p><a href=\"https:\/\/www.litoralpress.cl\/sitio\/RadioTV_Detalles.cshtml?LPKey=J2YVPEJMEWMH2CAMFSI4GPQ2UVEW2WQG6V7VWZOIZ5QB25M7LZAEPILZXRURVSAMU5UICUGZ7JDU6\">Alerta por calor extremo en 7 regiones del pa\u00eds. Entrevista a Patricio Gonz\u00e1lez Colville, acad\u00e9mico del Centro de Investigaci\u00f3n y Transferencia en Riego y Agroclimatolog\u00eda (CITRA).<\/a><\/p><p>\u00a0<\/p><p><strong>CANAL TVN<\/strong><\/p><p><a href=\"https:\/\/www.litoralpress.cl\/sitio\/RadioTV_Detalles.cshtml?LPKey=74IVNGNB36RB3CJ4CNV7BIPQ4C77M5SM6WRDZT4FZ2R4ZE56LXNFARGNC5ECPPSYCJUZGNUCRUUGG\">Pronosticaron temperaturas hasta 40 grados en regiones del Maule y \u00d1uble durante esta semana.\u00a0 Se refiere Patricio Gonz\u00e1lez Colville, acad\u00e9mico del Centro de Investigaci\u00f3n y Transferencia en Riego y Agroclimatolog\u00eda (CITRA).<\/a><\/p><p>\u00a0<\/p><p><strong>CANAL 24 HORAS<\/strong><\/p><p><a href=\"https:\/\/www.litoralpress.cl\/sitio\/RadioTV_Detalles.cshtml?LPKey=IVOJK2XJJM7HINDBLTZ3POUCQM647YTINWFLWI4PB6W22WJD5GQQEB5X3X5O6JBVCJQM4YDVIQ6EK\">Pronosticaron temperaturas hasta 40 grados en regiones del Maule y \u00d1uble durante esta semana.\u00a0 Se refiere Patricio Gonz\u00e1lez Colville, acad\u00e9mico del Centro de Investigaci\u00f3n y Transferencia en Riego y Agroclimatolog\u00eda (CITRA).<\/a><\/p><p>\u00a0<\/p><p><strong>CANAL TVN<\/strong><\/p><p><a href=\"https:\/\/www.litoralpress.cl\/sitio\/RadioTV_Detalles.cshtml?LPKey=6NBE52E4OXI2NWIEE6CEXD2XWGSJAT75PYHUBO23V5GXXACFZV4RBDVRAWVB2QPF4UYXP5IL576EA\">Ola de calor se reportar\u00e1 en la zona central. Se refiere Patricio Gonz\u00e1lez Colville, acad\u00e9mico del Centro de Investigaci\u00f3n y Transferencia en Riego y Agroclimatolog\u00eda (CITRA).<\/a><\/p><p>\u00a0<\/p><p><strong>CANAL 24 HORAS<\/strong><\/p><p><a href=\"https:\/\/www.litoralpress.cl\/sitio\/RadioTV_Detalles.cshtml?LPKey=F6RDCF7PUGB56QDA6HTKDNIK472RQJP6PFYTZ27YO7OCU2AGJA4ZX3BTRWTHAJ7OPTNVUH7BUQ5OU\">Ola de calor se reportar\u00e1 en la zona central. Se refiere Patricio Gonz\u00e1lez Colville, acad\u00e9mico del Centro de Investigaci\u00f3n y Transferencia en Riego y Agroclimatolog\u00eda (CITRA).<\/a><\/p><p>\u00a0<\/p><p><strong>RADIO COOPERATIVA<\/strong><\/p><p><a href=\"https:\/\/www.litoralpress.cl\/sitio\/RadioTV_Detalles.cshtml?LPKey=T5ZBPBM6OY3DWJB7NIRIII6BU3D2KOB24DIHVEFOENSJOKADHLN5TNDSFOC7JANXC5Z3OX5CFMY3W\">Incendios y la situaci\u00f3n clim\u00e1tica. Entrevista a Patricio Gonz\u00e1lez Colville, acad\u00e9mico del Centro de Investigaci\u00f3n y Transferencia en Riego y Agroclimatolog\u00eda (CITRA).<\/a><\/p><p>\u00a0<\/p><p><strong>RADIO COOPERATIVA<\/strong><\/p><p><a href=\"https:\/\/www.litoralpress.cl\/sitio\/RadioTV_Detalles.cshtml?LPKey=OHQEULBBNV2BT6DXDD6LBIL4L45CHQOUJQHFBXZQVMYXHNN3VBDD34LJA4PCRLQQLDCHXJKN25HK4\">Preocupaci\u00f3n ha generado el pron\u00f3stico de calor extremo en siete regiones del pa\u00eds. Se refiere Patricio Gonz\u00e1lez Colville, acad\u00e9mico del Centro de Investigaci\u00f3n y Transferencia en Riego y Agroclimatolog\u00eda (CITRA).<\/a><\/p><p>\u00a0<\/p><p><strong>RADIO CONCIERTO<\/strong><\/p><p><a href=\"https:\/\/www.litoralpress.cl\/sitio\/RadioTV_Detalles.cshtml?LPKey=2UC4IJNXMESMEYYMIJ6CGYWWTBXX6CQRCOCTU5MVOCDJITLLNW6YN776KGAZLRWOUMSSKDXO7JL3W\">Altas temperaturas y efectos en los cultivos. Entrevista a Patricio Gonz\u00e1lez Colville, acad\u00e9mico del Centro de Investigaci\u00f3n y Transferencia en Riego y Agroclimatolog\u00eda (CITRA).<\/a><\/p><p>\u00a0<\/p><p><strong>24HORAS.CL<\/strong><\/p><p><a href=\"https:\/\/www.24horas.cl\/programas\/manana-informativa\/academico-por-calor-extremo-es-parte-de-un-ciclo-de-cambio-climatico\">Acad\u00e9mico por calor extremo: &#8220;Es parte de un ciclo de cambio clim\u00e1tico&#8221;. Entrevista a Patricio Gonz\u00e1lez Colville, acad\u00e9mico del Centro de Investigaci\u00f3n y Transferencia en Riego y Agroclimatolog\u00eda (CITRA).<\/a><\/p><p>\u00a0<\/p><p><strong>24HORAS.CL<\/strong><\/p><p><a href=\"https:\/\/www.24horas.cl\/actualidad\/nacional\/experto-anticipa-maximas-de-hasta-37-en-la-rm-para-este-jueves\">Experto anticipa m\u00e1ximas de hasta 37\u00b0 en la RM durante este jueves. Se refiere Patricio Gonz\u00e1lez Colville, acad\u00e9mico del Centro de Investigaci\u00f3n y Transferencia en Riego y Agroclimatolog\u00eda (CITRA).<\/a><\/p><p>\u00a0<\/p><p><strong>COOPERATIVA.CL<\/strong><\/p><p><a href=\"https:\/\/www.cooperativa.cl\/noticias\/pais\/desastres-naturales\/incendios-forestales\/experto-el-clima-semiarido-calido-se-ha-vuelto-agresivo-contra-la\/2023-02-08\/113012.html\">Experto: El clima semi\u00e1rido c\u00e1lido se ha vuelto agresivo contra la actividad humana. Se refiere Patricio Gonz\u00e1lez Colville, acad\u00e9mico del Centro de Investigaci\u00f3n y Transferencia en Riego y Agroclimatolog\u00eda (CITRA).<\/a><\/p><p>\u00a0<\/p><p><strong>REDAGRICOLA.COM<\/strong><\/p><p><a href=\"https:\/\/www.redagricola.com\/cl\/olas-de-calor-y-su-efecto-en-los-cultivos-un-escenario-cada-vez-mas-complejo\/\">Olas de calor y su efecto en los cultivos, un escenario cada vez m\u00e1s complejo. Se refiere Patricio Gonz\u00e1lez Colville, acad\u00e9mico del Centro de Investigaci\u00f3n y Transferencia en Riego y Agroclimatolog\u00eda (CITRA).<\/a><\/p><p>\u00a0<\/p><p><strong>DIARIO TALCA<\/strong><\/p><p><a href=\"https:\/\/www.litoralpress.cl\/sitio\/Prensa_PaginaCompleta.cshtml?LPKey=CWGSRAVPSESQ64AYIK3XO4CSHOWFK47J6BK5UHKA4ZS4IQZEAOVQ\">&#8220;El Estado chileno nunca se ha preocupado de enfrentar el cambio clim\u00e1tico&#8221;. Se refiere Patricio Gonz\u00e1lez Colville, acad\u00e9mico del Centro de Investigaci\u00f3n y Transferencia en Riego y Agroclimatolog\u00eda (CITRA).<\/a><\/p><p>\u00a0<\/p><p><strong>CANAL TVN RED MAULE<\/strong><\/p><p><a href=\"https:\/\/www.litoralpress.cl\/sitio\/RadioTV_Detalles.cshtml?LPKey=WO6ARKGGNTM643NPKPIKI44VVTWCH2FZTVTHE2T6O6NA7KEGYKGTSICUIT3AIGZRA7QF3UDLBUUXQ\">Ya van 12 mil hect\u00e1reas quemadas, hay impacto en los cultivos. Se refiere Patricio Gonz\u00e1lez Colville, acad\u00e9mico del Centro de Investigaci\u00f3n y Transferencia en Riego y Agroclimatolog\u00eda (CITRA).<\/a><\/p><p>\u00a0<\/p><p><strong>CANAL TVN RED MAULE<\/strong><\/p><p><a href=\"https:\/\/www.litoralpress.cl\/sitio\/RadioTV_Detalles.cshtml?LPKey=6XD245A5JNO33RFCXOBNLVWG5FUWWF6VSAUVBVKKRMBCY6FCXTZHRW7TIQIXL55DHICW3CKKMASH6\">Las temperaturas ser\u00e1n intensas este fin de semana. Se refiere Patricio Gonz\u00e1lez Colville, acad\u00e9mico del Centro de Investigaci\u00f3n y Transferencia en Riego y Agroclimatolog\u00eda (CITRA).<\/a><\/p><p>\u00a0<\/p><p><strong>CANAL TVN RED MAULE<\/strong><\/p><p><a href=\"https:\/\/www.litoralpress.cl\/sitio\/RadioTV_Detalles.cshtml?LPKey=RJICGNGGWBY4HZK6NPBJ6KQ2QSNZ5JBL3KOBZU3QBQNPLUV56RURSNMZCJN4ARV3GY4SEGL5RTCZE\">Cientos de agricultores maulinos podr\u00e1n desde hoy mitigar la falta de agua para sus cultivos. Se refiere Patricio Gonz\u00e1lez Colville, acad\u00e9mico del Centro de Investigaci\u00f3n y Transferencia en Riego y Agroclimatolog\u00eda (CITRA).<\/a><\/p><p>\u00a0<\/p><p><strong>CANAL TVN RED MAULE<\/strong><\/p><p><a href=\"https:\/\/www.litoralpress.cl\/sitio\/RadioTV_Detalles.cshtml?LPKey=MPACA6I34W3ITCE3WLUOVBSJ7ELZHB5JCXSJTYUBAGS3ALYLXQ25PJQ5NXRYFR275W7PLFSQXTCYU\">Implementan drones en la agricultura del Maule para mejorar la eficiencia en el riego. Se refiere Patricio Gonz\u00e1lez Colville, acad\u00e9mico del Centro de Investigaci\u00f3n y Transferencia en Riego y Agroclimatolog\u00eda (CITRA).<\/a><\/p><p>\u00a0<\/p><p><strong>CANAL TVR<\/strong><\/p><p><a href=\"https:\/\/www.litoralpress.cl\/sitio\/RadioTV_Detalles.cshtml?LPKey=Z7GKUNB5V4WCEZIZ4QTEH5BJKVETUCU27PNRDR2CLAL46DFEKU2FUBRLCYM3QJW2BWSJO2USJMJJC\">Incendio arras\u00f3 2.800 hect\u00e1reas y destruy\u00f3 varias casas en zona rural de San Javier. Se refiere Patricio Gonz\u00e1lez Colville, acad\u00e9mico del Centro de Investigaci\u00f3n y Transferencia en Riego y Agroclimatolog\u00eda (CITRA).<\/a><\/p><p>\u00a0<\/p><p><strong>CANAL ANTOFAGASTA TV<\/strong><\/p><p><a href=\"https:\/\/www.litoralpress.cl\/sitio\/RadioTV_Detalles.cshtml?LPKey=R74KFGZCCOL6H2QVAHBZ4KJDQYRL3OYLXTP525EHSIAREKRQ4TSOX3YUOZE4FKXA2SVWQQHFPSELE\">Pidieron tomar precauciones por evento de alta temperatura que se extender\u00e1 hasta este s\u00e1bado. Se refiere Patricio Gonz\u00e1lez Colville, acad\u00e9mico del Centro de Investigaci\u00f3n y Transferencia en Riego y Agroclimatolog\u00eda (CITRA).<\/a><\/p><p>\u00a0<\/p><p><strong>RADIO AMIGA<\/strong><\/p><p><a href=\"https:\/\/www.litoralpress.cl\/sitio\/RadioTV_Detalles.cshtml?LPKey=XE4O3JMFYRCOZESJBUWMF4QY7C2WLW4MVJKB3UKMW6BG2TCQ5EZLD3ADCS55W3CEEQZ4YCYNCMMF2\">Anuncian ola de calor entre las regiones Metropolitana y Araucan\u00eda. Se refiere Patricio Gonz\u00e1lez Colville, acad\u00e9mico del Centro de Investigaci\u00f3n y Transferencia en Riego y Agroclimatolog\u00eda (CITRA).<\/a><\/p><p>\u00a0<\/p><p><strong>RADIO AMIGA<\/strong><\/p><p><a href=\"https:\/\/www.litoralpress.cl\/sitio\/RadioTV_Detalles.cshtml?LPKey=62LHSRQKPGGAN6SUTJJPMX5T7QQPX74DXABSEFAKXVIMWSXKUNCQA6KDW2WQHSZCDZM2GSHQOXNXO\">Autoridades anuncian ola de calor en siete regiones de Chile. Se refiere Patricio Gonz\u00e1lez Colville, acad\u00e9mico del Centro de Investigaci\u00f3n y Transferencia en Riego y Agroclimatolog\u00eda (CITRA).<\/a><\/p><p>\u00a0<\/p><p><strong>DIARIOTALCA.CL<\/strong><\/p><p><a href=\"https:\/\/diariotalca.cl\/el-estado-chileno-nunca-se-ha-preocupado-de-enfrentar-el-camio-climatico\/\">\u201cEl Estado chileno nunca se ha preocupado de enfrentar el cambio clim\u00e1tico\u201d. Se refiere Patricio Gonz\u00e1lez Colville, acad\u00e9mico del Centro de Investigaci\u00f3n y Transferencia en Riego y Agroclimatolog\u00eda (CITRA).<\/a><\/p><p>\u00a0<\/p><p><strong>DIARIOTALCA.CL<\/strong><\/p><p><a href=\"https:\/\/diariotalca.cl\/agroclimatologo-anticipa-que-se-viene-la-primera-ola-de-calor-de-febrero\/\">Agroclimat\u00f3logo anticipa que se viene primera ola de calor de febrero. Se refiere Patricio Gonz\u00e1lez Colville, acad\u00e9mico del Centro de Investigaci\u00f3n y Transferencia en Riego y Agroclimatolog\u00eda (CITRA).<\/a><\/p><p>\u00a0<\/p><p><strong>DIARIOTALCA.CL<\/strong><\/p><p><a href=\"https:\/\/diariotalca.cl\/alertan-por-apertura-de-compuertas-en-laguna-del-maule-y-nueva-ola-de-calor\/#respond\">Alertan por nueva ola de calor y apertura de compuertas en Laguna del Maule. Se refiere Patricio Gonz\u00e1lez Colville, acad\u00e9mico del Centro de Investigaci\u00f3n y Transferencia en Riego y Agroclimatolog\u00eda (CITRA).<\/a><\/p><p>\u00a0<\/p><p><strong>EL MERCURIO<\/strong><\/p><p><a href=\"https:\/\/www.litoralpress.cl\/paginaconsultas\/Servicios_NClipSitio\/Get_Imagen_Nota.aspx?LPKey=4ZNTRHM7HNFS6Q3GVN2HCXIBI2L3BMRRRUZ3PO2FAXQRMHJULQHXNMWQ553JWDIQB57RRCCJM2GLM\">Cencellada: El nuevo nombre de las burbujas. Se menciona a la UTalca.<\/a><\/p><p>\u00a0<\/p><p><strong>WIP.CL<\/strong><\/p><p><a href=\"https:\/\/wip.cl\/grupo-partner-lanza-programa-el-camino-del-agua\/\">Grupo Partner lanza programa \u201cEl camino del agua\u201d. Se menciona al Centro Tecnol\u00f3gico de la Vid y el Vino.<\/a><\/p><p>\u00a0<\/p><p><strong>ELMAULEINFORMA.CL<\/strong><\/p><p><a href=\"https:\/\/elmauleinforma.cl\/lanzan-programa-el-camino-del-agua-para-restaurar-el-equilibrio-hidrico-de-los-vinedos\/\">Lanzan programa \u201cEl camino del agua\u201d para restaurar el equilibrio h\u00eddrico de los vi\u00f1edos. Se menciona al Centro Tecnol\u00f3gico de la Vid y el Vino.<\/a><\/p><p>\u00a0<\/p><p><strong>REVISTA RED AGR\u00cdCOLA<\/strong><\/p><p><a href=\"https:\/\/www.litoralpress.cl\/sitio\/Prensa_PaginaCompleta.cshtml?LPKey=HTWP77HUAJ2XTRDDNACZM4PRIM5LCCDSA63COPIWT5VZFC4OPLYQ\">Soluciones para sortear el momento m\u00e1s complicado. Se refiere \u00c1lvaro Sep\u00falveda, investigador del Centro de Pom\u00e1ceas.<\/a><\/p><p>\u00a0<\/p><p><strong>RADIO COOPERATIVA<\/strong><\/p><p><a href=\"https:\/\/www.litoralpress.cl\/sitio\/RadioTV_Detalles.cshtml?LPKey=7QFEHKJ36ZD3SLBNGRIWL62ICATEONZR5LBBF3L74Y7MC33NZ6NCFHSLYAHQNGZGAIAXOTS7MURRU\">De la mano de los incendios se ha visto afectada la calidad del aire en varias regiones del pa\u00eds. Se refiere Mar\u00eda Ester Mu\u00f1oz, acad\u00e9mica de la Escuela de Enfermer\u00eda.<\/a><\/p><p>\u00a0<\/p><p><strong>COOPERATIVA.CL<\/strong><\/p><p><a href=\"https:\/\/www.cooperativa.cl\/noticias\/pais\/desastres-naturales\/incendios-forestales\/incendios-aumenta-preocupacion-ante-riesgos-respiratorios-por-inhalar\/2023-02-08\/134826.html\">Incendios: Aumenta preocupaci\u00f3n ante riesgos respiratorios por inhalar humo. Se refiere Mar\u00eda Ester Mu\u00f1oz, acad\u00e9mica de la Escuela de Enfermer\u00eda.<\/a><\/p><p>\u00a0<\/p><p><strong>RADIO AMIGA<\/strong><\/p><p><a href=\"https:\/\/www.litoralpress.cl\/sitio\/RadioTV_Detalles.cshtml?LPKey=ZFLB45UVWAGJFKT6GF2I6HNNANFXJZTBC7OTMI3QUBYPPJZJNVHNGH4MIGJK76MT5WTDVQ27Q7CXY\">Efectos del humo de los incendios forestales en el cuerpo humano. Se refiere Mar\u00eda Ester Mu\u00f1oz, acad\u00e9mica de la Escuela de Enfermer\u00eda.<\/a><\/p><p>\u00a0<\/p><p><strong>RADIO COOPERATIVA<\/strong><\/p><p><a href=\"https:\/\/www.litoralpress.cl\/sitio\/RadioTV_Detalles.cshtml?LPKey=VEYSITYRSFWOJRQHEWDAKCCYFH65QUI3U4EGQMURYJVLIFQK22RBROQX2ZPO7PWGPQVVWY6LHF636\">Problemas que generan los incendios. Se refiere \u00c9rika Retamal Contreras, directora del Departamento de Salud P\u00fablica.<\/a><\/p><p>\u00a0<\/p><p><strong>EL LECTOR<\/strong><\/p><p><a href=\"https:\/\/www.litoralpress.cl\/paginaconsultas\/Servicios_NClipSitio\/Get_Imagen_Nota.aspx?LPKey=5YRZ3AQAMYO265IUHFMJI33TMCUUSN6UNN2EYBOY67P4OW56W7M4Z562REXN6XE74M4GVTUVXDBNQ\">Exitosa jornada sobre neurodiversidad reuni\u00f3 a personal docente y de salud.\u00a0 Se refieren Ariela Vergara Jaque, vicerrectora de Innovaci\u00f3n y Valeska Gatica Rojas, directora del Centro Tecnol\u00f3gico de Telerrehabilitaci\u00f3n y Neurociencias del Movimiento Humano (CTTN).<\/a><\/p><p>\u00a0<\/p><p><strong>MEDIABANCO.COM<\/strong><\/p><p><a href=\"https:\/\/www.mediabanco.com\/exitosa-jornada-sobre-neurodiversidad-reunio-a-personal-docente-y-de-salud\/\">Exitosa jornada sobre neurodiversidad reuni\u00f3 a acad\u00e9micos y personal docente y de salud. Se refieren Ariela Vergara Jaque, vicerrectora de Innovaci\u00f3n; Valeska Gatica Rojas, directora del Centro Tecnol\u00f3gico de Telerrehabilitaci\u00f3n y Neurociencias del Movimiento Humano (CTTN); Jos\u00e9 Sazo \u00c1vila, acad\u00e9mico de la Escuela de Fonoaudiolog\u00eda; y Andrea Leiton, acad\u00e9mica de la Escuela de Kinesiolog\u00eda.<\/a><\/p><p>\u00a0<\/p><p><strong>ELCENTRO.CL<\/strong><\/p><p><a href=\"https:\/\/elcentro.cl\/2023\/01\/30\/exitosa-jornada-sobre-neurodiversidad-reunio-a-academicos-y-personal-de-salud\/\">Exitosa jornada sobre neurodiversidad reuni\u00f3 a acad\u00e9micos y personal de salud. Se refieren Ariela Vergara Jaque, vicerrectora de Innovaci\u00f3n; Valeska Gatica Rojas, directora del Centro Tecnol\u00f3gico de Telerrehabilitaci\u00f3n y Neurociencias del Movimiento Humano (CTTN); Jos\u00e9 Sazo \u00c1vila, acad\u00e9mico de la Escuela de Fonoaudiolog\u00eda; y Andrea Leiton, acad\u00e9mica de la Escuela de Kinesiolog\u00eda.<\/a><\/p><p>\u00a0<\/p><p><strong>G5NOTICIAS.CL<\/strong><\/p><p><a href=\"https:\/\/g5noticias.cl\/2023\/01\/31\/exitosa-jornada-sobre-neurodiversidad-reunio-a-personal-docente-y-de-salud\/\">Exitosa jornada sobre neurodiversidad reuni\u00f3 a acad\u00e9micos y personal docente y de salud. Se refieren Ariela Vergara Jaque, vicerrectora de Innovaci\u00f3n; Valeska Gatica Rojas, directora del Centro Tecnol\u00f3gico de Telerrehabilitaci\u00f3n y Neurociencias del Movimiento Humano (CTTN); Jos\u00e9 Sazo \u00c1vila, acad\u00e9mico de la Escuela de Fonoaudiolog\u00eda; y Andrea Leiton, acad\u00e9mica de la Escuela de Kinesiolog\u00eda.<\/a><\/p><p>\u00a0<\/p><p><strong>EL HERALDO<\/strong><\/p><p><a href=\"https:\/\/www.litoralpress.cl\/paginaconsultas\/Servicios_NClipSitio\/Get_Imagen_Nota.aspx?LPKey=NG6WMJN3TR4SOEELIPVPSKAFT5QX2HRFSJ5IVSIYWEUWTUZWCXX3XUS7QDLZTLFHSWNU3FKAJMKBK\">Experto destac\u00f3 la importancia de la descentralizaci\u00f3n de la ciencia. Se refiere Iv\u00e1n Palomo Gonz\u00e1lez, acad\u00e9mico de la Facultad de Ciencias de la Salud.<\/a><\/p><p>\u00a0<\/p><p><strong>EL LECTOR<\/strong><\/p><p><a href=\"https:\/\/www.litoralpress.cl\/paginaconsultas\/Servicios_NClipSitio\/Get_Imagen_Nota.aspx?LPKey=DOORM4YOHM3MQPH6ABOATTK3IVBZZKDOLUNTE5MS7HADGZU6LWDPDIYU6HEUPX4QL3EWL45PLMB6M\">Experto destac\u00f3 la importancia de la descentralizaci\u00f3n de la ciencia. Se refiere Iv\u00e1n Palomo Gonz\u00e1lez, acad\u00e9mico de la Facultad de Ciencias de la Salud.<\/a><\/p><p>\u00a0<\/p><p><strong>RADIO BIO B\u00cdO<\/strong><\/p><p><a href=\"https:\/\/www.litoralpress.cl\/sitio\/RadioTV_Detalles.cshtml?LPKey=SQIQHC6KDPRM4GCVO5Z3FBE3BWLOT4MADRP6FMUUZ4AN3KIHVXXHMTIVKGBJOZVOHQ4VFN5ADV7SC\">38% disminuyen las cirug\u00edas electivas durante 2022 en comparaci\u00f3n a 2019. Se refiere \u00c9rika Retamal Contreras, directora del Departamento de Salud P\u00fablica.\u00a0\u00a0<\/a><\/p><p>\u00a0<\/p><p><strong>RADIO BIO B\u00cdO<\/strong><\/p><p><a href=\"https:\/\/www.litoralpress.cl\/sitio\/RadioTV_Detalles.cshtml?LPKey=BFS63GD5YBY7KMSX7PB4LUEHSAWYHQY5QNIIPBHOUX2C5CYBXJDOC4VZ7JLYKJLNW6LNBEZ2XDXTO\">37% disminuyen los casos de COVID-19 en las \u00faltimas dos semanas seg\u00fan el Minsal. Se refiere \u00c9rika Retamal Contreras, directora del Departamento de Salud P\u00fablica.<\/a> \u00a0\u00a0<\/p><p>\u00a0<\/p><p><strong>LATERCERA.COM<\/strong><\/p><p><a href=\"https:\/\/www.latercera.com\/que-pasa\/noticia\/confirman-dos-casos-de-virus-hanta-en-chile-el-mortal-virus-del-raton-de-cola-larga\/BCJDK63TSRGBXP4HWXWRWGTFTU\/\">Confirman dos casos de virus Hanta en Chile, el mortal virus del rat\u00f3n de cola larga. Se refiere Barbra Fern\u00e1ndez, acad\u00e9mica de la Facultad de Ciencias de la Salud.<\/a><\/p><p>\u00a0<\/p><p><strong>ELMOSTRADOR.CL<\/strong><\/p><p><a href=\"https:\/\/www.elmostrador.cl\/agenda-pais\/2023\/01\/30\/baja-vacunacion-bivalente-generaria-una-posible-alza-de-contagios\/\">Baja vacunaci\u00f3n bivalente generar\u00eda una posible alza de contagios. Se refiere \u00c9rika Retamal Contreras, directora del Departamento de Salud P\u00fablica.\u00a0\u00a0<\/a><\/p><p>\u00a0<\/p><p><strong>BIOBIOCHILE.CL<\/strong><\/p><p><a href=\"https:\/\/www.biobiochile.cl\/noticias\/nacional\/chile\/2023\/02\/13\/colera-minsal-refuerza-medidas-preventivas-para-evitar-casos-ante-brotes-en-haiti-y-rep-dominicana.shtml\">C\u00f3lera: Minsal refuerza medidas preventivas para evitar casos ante brotes en Hait\u00ed y Rep. Dominicana. Se refiere \u00c9rika Retamal Contreras, directora del Departamento de Salud P\u00fablica.\u00a0\u00a0<\/a><\/p><p>\u00a0<\/p><p><strong>BIOBIOCHILE.CL<\/strong><\/p><p><a href=\"https:\/\/www.biobiochile.cl\/noticias\/nacional\/chile\/2023\/02\/11\/gobierno-llama-a-inmunizarse-con-vacuna-bivalente-contra-covid-19-preocupa-baja-inoculacion.shtml\">Gobierno llama a inmunizarse con vacuna bivalente contra covid-19: preocupa baja inoculaci\u00f3n. Se refiere \u00c9rika Retamal Contreras, directora del Departamento de Salud P\u00fablica.\u00a0\u00a0<\/a><\/p><p>\u00a0<\/p><p><strong>BIOBIOCHILE.CL<\/strong><\/p><p><a href=\"https:\/\/www.biobiochile.cl\/biobiotv\/programas\/radiograma-biobiotv\/2023\/01\/27\/ministerio-de-salud-reporta-baja-de-37-en-casos-covid-19-y-buscan-potenciar-vacunacion.shtml\">Ministerio de Salud reporta baja de 37% en casos COVID-19 y buscan potenciar vacunaci\u00f3n. Se refiere \u00c9rika Retamal Contreras, directora del Departamento de Salud P\u00fablica.\u00a0\u00a0<\/a><\/p><p>\u00a0<\/p><p><strong>EL L\u00cdDER<\/strong><\/p><p><a href=\"https:\/\/www.litoralpress.cl\/sitio\/Prensa_PaginaCompleta.cshtml?LPKey=O3RQHCCEQJHSHTVHZY2AZT6FGXHDGMFXUYYA2XZW2M6YAPOU3N6A\">Enero mortal: 10 personas han fallecido por Covid en los primeros d\u00edas del 2023. Se refiere \u00c9rika Retamal Contreras, directora del Departamento de Salud P\u00fablica.\u00a0\u00a0<\/a><\/p><p>\u00a0<\/p><p><strong>EL LECTOR<\/strong><\/p><p><a href=\"https:\/\/www.litoralpress.cl\/sitio\/Prensa_PaginaCompleta.cshtml?LPKey=GLPDQTURBO6EB7X5ZQU743IDPJZ6UNPT34QXI3DP6ELNM3DIK6MQ\">Baja vacunaci\u00f3n bivalente generar\u00eda una posible alza de contagios. Se refiere \u00c9rika Retamal Contreras, directora del Departamento de Salud P\u00fablica.\u00a0\u00a0<\/a><\/p><p>\u00a0<\/p><p><strong>LA PRENSA<\/strong><\/p><p><a href=\"https:\/\/www.litoralpress.cl\/paginaconsultas\/Servicios_NClipSitio\/Get_Imagen_Nota.aspx?LPKey=Y52Z6JTQES7D5RNHRQFALGVSYBAEYZXPUSZSULXKUKJKXT3QVNZ2JQM6STTXVUNJQVW7OMBCPPAQQ\">Anuncian alza de contagios de Covid-19 por baja vacunaci\u00f3n. Se refiere \u00c9rika Retamal Contreras, directora del Departamento de Salud P\u00fablica.\u00a0\u00a0<\/a><\/p><p>\u00a0<\/p><p><strong>CANAL TVN RED MAULE<\/strong><\/p><p><a href=\"https:\/\/www.litoralpress.cl\/sitio\/RadioTV_Detalles.cshtml?LPKey=NOH5AIYBAWTEBQPXHTIRR3GKKBPDB2DCMEZ4AD6ZGHDXGAHT2ENC62G466BUS6RLWHCQPR6EQLVJ4\">Baja es la vacunaci\u00f3n contra el COVID-19 con dosis bivalente en el Maule. Se refiere \u00c9rika Retamal Contreras, directora del Departamento de Salud P\u00fablica.\u00a0\u00a0<\/a><\/p><p>\u00a0<\/p><p><strong>CANAL TVR<\/strong><\/p><p><a href=\"https:\/\/www.litoralpress.cl\/sitio\/RadioTV_Detalles.cshtml?LPKey=75ZYS2YJVNML4K4QKF36SO3UAVKJ33QWRQBOUY2HXZEDKGF627UDNINT3R6GBN2H4B5PD42IWLIUQ\">Solo 20,41% de la poblaci\u00f3n objetivo se inocul\u00f3 contra el Covid-19 con vacuna bivalente. Se refiere \u00c9rika Retamal Contreras, directora del Departamento de Salud P\u00fablica.\u00a0\u00a0<\/a><\/p><p>\u00a0<\/p><p><strong>CANAL ANTOFAGASTA TV<\/strong><\/p><p><a href=\"https:\/\/www.litoralpress.cl\/sitio\/RadioTV_Detalles.cshtml?LPKey=JG4XFKLSAKYNHIG4YI6ZATOYBLBG7NQSJWJ5FRTUTIZBV7PAUV6WBYXN7X5IHRTX5KQ6GUXGFO264\">Covid-19: S\u00f3lo un 20% recibi\u00f3 la vacuna bivalente en la Regi\u00f3n del Maule. Se refiere \u00c9rika Retamal Contreras, directora del Departamento de Salud P\u00fablica.\u00a0<\/a>\u00a0<\/p><p>\u00a0<\/p><p><strong>RADIO MERIDIONAL DE MAGALLANES<\/strong><\/p><p><a href=\"https:\/\/www.litoralpress.cl\/sitio\/RadioTV_Detalles.cshtml?LPKey=NIRG6BO2JPW5ECSKMINBRS5WSA7PAEC3Z5Y2DZ4RXCGLZGG5YQAY3AIRCKS42PL2GUGFGXRACYIMA\">El trabajo de la medicina y la ciencia para proyectar la aparici\u00f3n de nuevas variantes del Covid-19. Entrevista a Karen Or\u00f3stica Tapia, cient\u00edfica del Instituto de Investigaci\u00f3n Interdisciplinaria (I3).<\/a><\/p><p>\u00a0<\/p><p><strong>RADIO RANCAGUA<\/strong><\/p><p><a href=\"https:\/\/www.litoralpress.cl\/sitio\/RadioTV_Detalles.cshtml?LPKey=J5DRJPQJERDIFDR7BNK2F3MWMG6A46LRB72MKEWY5A5IFM2AWXUOI3347EAYXV4ZJS4HGNM7CWP7G\">Baja es la vacunaci\u00f3n contra el COVID-19 con la dosis bivalente en O&#8217;Higgins. Se menciona a la UTalca.<\/a><\/p><p>\u00a0<\/p><p><strong>MEDIABANCO.COM<\/strong><\/p><p><a href=\"https:\/\/www.mediabanco.com\/baja-vacunacion-bivalente-generaria-una-posible-alza-de-contagios\/\">Baja vacunaci\u00f3n bivalente generar\u00eda una posible alza de contagios. Se refiere \u00c9rika Retamal Contreras, directora del Departamento de Salud P\u00fablica.<\/a><\/p><p>\u00a0<\/p><p><strong>MASQUENOTICIAS.CL<\/strong><\/p><p><a href=\"https:\/\/masquenoticias.cl\/2023\/01\/27\/baja-vacunacion-bivalente-generaria-una-posible-alza-de-contagios\/\">Baja vacunaci\u00f3n bivalente generar\u00eda una posible alza de contagios. Se refiere \u00c9rika Retamal Contreras, directora del Departamento de Salud P\u00fablica.<\/a><\/p><p>\u00a0<\/p><p><strong>DIARIOTALCA.CL<\/strong><\/p><p><a href=\"https:\/\/diariotalca.cl\/advierten-que-baja-vacunacion-bivalente-generaria-alza-de-contagios-covid\/\">Advierten que baja vacunaci\u00f3n bivalente generar\u00eda alza de contagios COVID. Se refiere \u00c9rika Retamal Contreras, directora del Departamento de Salud P\u00fablica.<\/a><\/p><p>\u00a0<\/p><p><strong>ELCENTRO.CL<\/strong><\/p><p><a href=\"https:\/\/elcentro.cl\/2023\/01\/27\/posible-alza-de-contagios-por-covid-19-se-deberia-a-baja-vacunacion-bivalente\/\">Posible alza de contagios por Covid 19 se deber\u00eda a baja vacunaci\u00f3n bivalente. Se refiere \u00c9rika Retamal Contreras, directora del Departamento de Salud P\u00fablica.\u00a0\u00a0<\/a><\/p><p>\u00a0<\/p><p><strong>ELMAULEINFORMA.CL<\/strong><\/p><p><a href=\"https:\/\/elmauleinforma.cl\/baja-vacunacion-bivalente-generaria-una-posible-alza-de-contagios\/\">Baja vacunaci\u00f3n bivalente generar\u00eda una posible alza de contagios. Se refiere \u00c9rika Retamal Contreras, directora del Departamento de Salud P\u00fablica.\u00a0\u00a0<\/a><\/p><p>\u00a0<\/p><p><strong>TVMAULE.CL<\/strong><\/p><p><a href=\"https:\/\/www.tvmaule.cl\/baja-vacunacion-bivalente-generaria-una-posible-alza-de-contagios\/\">Baja vacunaci\u00f3n bivalente generar\u00eda una posible alza de contagios. Se refiere \u00c9rika Retamal Contreras, directora del Departamento de Salud P\u00fablica.<\/a><\/p><p>\u00a0<\/p><p><strong>MAULENEWS.COM<\/strong><\/p><p><a href=\"https:\/\/www.maulenews.com\/2023\/02\/baja-vacunacion-bivalente-generaria-una.html\">Baja vacunaci\u00f3n bivalente generar\u00eda una posible alza de contagios. Se refiere \u00c9rika Retamal Contreras, directora del Departamento de Salud P\u00fablica.<\/a><\/p><p>\u00a0<\/p><p><strong>ELTIPOGRAFO.CL<\/strong><\/p><p><a href=\"https:\/\/eltipografo.cl\/2023\/01\/covid-19-baja-vacunacion-bivalente-generaria-una-posible-alza-de-contagios\">Covid-19: Baja vacunaci\u00f3n bivalente generar\u00eda una posible alza de contagios. Se refiere \u00c9rika Retamal Contreras, directora del Departamento de Salud P\u00fablica.<\/a><\/p><p>\u00a0<\/p><p><strong>DIARIOELPULSO.CL<\/strong><\/p><p><a href=\"https:\/\/www.diarioelpulso.cl\/2023\/02\/11\/gobierno-llama-a-inmunizarse-con-vacuna-bivalente-contra-covid-19-preocupa-baja-inoculacion\/\">Gobierno llama a inmunizarse con vacuna bivalente contra covid-19: preocupa baja inoculaci\u00f3n. Se refiere \u00c9rika Retamal Contreras, directora del Departamento de Salud P\u00fablica.<\/a><\/p><p>\u00a0<\/p><p><strong>G5NOTICIAS.CL<\/strong><\/p><p><a href=\"https:\/\/g5noticias.cl\/2023\/01\/29\/baja-vacunacion-bivalente-generaria-una-posible-alza-de-contagios\/\">Baja vacunaci\u00f3n bivalente generar\u00eda una posible alza de contagios. Se refiere \u00c9rika Retamal Contreras, directora del Departamento de Salud P\u00fablica.<\/a><\/p><p>\u00a0<\/p><p><strong>LA PRENSA<\/strong><\/p><p><a href=\"https:\/\/www.litoralpress.cl\/sitio\/Prensa_PaginaCompleta.cshtml?LPKey=F5SUAX24Z332KVBOZ2XPFHCRCLIKR2ZRXXMVPZ2DRVKBKA3PEVPQ\">Constantes preocupaciones tienen a poblaci\u00f3n trabajadora chilena durmiendo cada vez menos. Se refiere Emilio Moyano D\u00edaz, acad\u00e9mico de la Facultad de Psicolog\u00eda.<\/a><\/p><p>\u00a0<\/p><p><strong>MALAESPINACHECK.CL<\/strong><\/p><p><a href=\"https:\/\/www.malaespinacheck.cl\/ciencia-y-salud\/2023\/01\/30\/por-que-es-necesario-dormir-bien\/\">Por qu\u00e9 es necesario dormir bien. Se refiere Emilio Moyano D\u00edaz, acad\u00e9mico de la Facultad de Psicolog\u00eda.<\/a><\/p><p>\u00a0<\/p><p><strong>PUBLIMETRO<\/strong><\/p><p><a href=\"https:\/\/www.litoralpress.cl\/sitio\/Prensa_PaginaCompleta.cshtml?LPKey=627ELLMTK7XZ6UY2QNQ3B2X5XWHOPHE2YAPQIH76X672LCEHNXZA\">Chile acusa notoria alza de las ETS, en especial de la s\u00edfilis. Se refiere Sergio Wehinger, director del Mag\u00edster en Ciencias Biom\u00e9dicas.<\/a><\/p><p>\u00a0<\/p><p><strong>ELMOSTRADOR.CL<\/strong><\/p><p><a href=\"https:\/\/www.elmostrador.cl\/agenda-pais\/2023\/02\/09\/que-es-la-sifilis-preocupa-su-aumento-en-personas-jovenes\/\">\u00bfQu\u00e9 es la s\u00edfilis?: Preocupa su aumento en personas j\u00f3venes. Se refiere Sergio Wehinger, director del Mag\u00edster en Ciencias Biom\u00e9dicas.<\/a><\/p><p>\u00a0<\/p><p><strong>ADPRENSA.CL<\/strong><\/p><p><a href=\"https:\/\/www.adprensa.cl\/cronica\/que-es-la-sifilis-preocupa-su-aumento-en-personas-jovenes\/\">\u00bfQu\u00e9 es la s\u00edfilis?: Preocupa su aumento en personas j\u00f3venes. Se refiere Sergio Wehinger, director del Mag\u00edster en Ciencias Biom\u00e9dicas.<\/a><\/p><p>\u00a0<\/p><p><strong>CHILEESNOTICIA.COM<\/strong><\/p><p><a href=\"https:\/\/chileesnoticia.com\/2023\/02\/09\/que-es-la-sifilis-preocupa-su-aumento-en-personas-jovenes\/\">\u00bfQu\u00e9 es la s\u00edfilis?: Preocupa su aumento en personas j\u00f3venes. Se refiere Sergio Wehinger, director del Mag\u00edster en Ciencias Biom\u00e9dicas.<\/a><\/p><p>\u00a0<\/p><p><strong>EL LECTOR<\/strong><\/p><p><a href=\"https:\/\/www.litoralpress.cl\/paginaconsultas\/Servicios_NClipSitio\/Get_Imagen_Nota.aspx?LPKey=CXTMMZ7C3IZM7QWEAOUCCUYZCCBQHJ73MBEYUW2YYWKA75LLA3ZEB7FH4USBN6JQ5KVRPALWGSMFC\">\u00bfQu\u00e9 es la s\u00edfilis?: Preocupa su aumento en personas j\u00f3venes. Se refiere Sergio Wehinger, director del Mag\u00edster en Ciencias Biom\u00e9dicas.<\/a><\/p><p>\u00a0<\/p><p><strong>EL TIP\u00d3GRAFO<\/strong><\/p><p><a href=\"https:\/\/www.litoralpress.cl\/sitio\/Prensa_PaginaCompleta.cshtml?LPKey=K2IJYMLEPTHYMCOXII2HBCIMAK33Z6JW3CF7OX7SX3DHZJV6Z45Q\">S\u00edfilis: Preocupa el aumento de contagios en j\u00f3venes. Se refiere Sergio Wehinger, director del Mag\u00edster en Ciencias Biom\u00e9dicas.<\/a><\/p><p>\u00a0<\/p><p><strong>SEPTIMAPAGINANOTICIAS.CL<\/strong><\/p><p><a href=\"https:\/\/www.septimapaginanoticias.cl\/que-es-la-sifilis-preocupa-su-aumento-en-personas-jovenes\">\u00bfQu\u00e9 es la s\u00edfilis?: Preocupa su aumento en personas j\u00f3venes. Se refiere Sergio Wehinger, director del Mag\u00edster en Ciencias Biom\u00e9dicas.<\/a><\/p><p>\u00a0<\/p><p><strong>G5NOTICIAS.CL<\/strong><\/p><p><a href=\"https:\/\/g5noticias.cl\/2023\/02\/09\/que-es-la-sifilis-preocupa-su-aumento-en-personas-jovenes\/\">\u00bfQu\u00e9 es la s\u00edfilis?: Preocupa su aumento en personas j\u00f3venes. Se refiere Sergio Wehinger, director del Mag\u00edster en Ciencias Biom\u00e9dicas.<\/a><\/p><p>\u00a0<\/p><p><strong>LA PRENSA<\/strong><\/p><p><a href=\"https:\/\/www.litoralpress.cl\/paginaconsultas\/Servicios_NClipSitio\/Get_Imagen_Nota.aspx?LPKey=67HFTGCX5HDLR7RXCNSOHGUTKF4DGAUTLE333FRP2S2IERYWHKGXX5Y36QKH6QKL2CFPUWGIBTA3O\">Editorial: Pandemia y las consecuencias en la educaci\u00f3n. Se menciona a Ximena Colipan, acad\u00e9mica de la Facultad de Ciencias de la Educaci\u00f3n.<\/a><\/p><p>\u00a0<\/p><p><strong>ADPRENSA.CL<\/strong><\/p><p><a href=\"https:\/\/www.adprensa.cl\/cronica\/carreras-tecnicas-de-la-utalca-certifican-su-excelencia-con-acreditacion-por-6-anos\/\">Carreras t\u00e9cnicas de la UTalca certifican excelencia con acreditaci\u00f3n por 6 a\u00f1os. Se refiere Patricio G\u00f3mez Arismendi, director del Campus Colchagua.<\/a><\/p><p>\u00a0<\/p><p><strong>MEDIABANCO.COM<\/strong><\/p><p><a href=\"https:\/\/www.mediabanco.com\/carreras-tecnicas-de-la-utalca-certifican-excelencia-con-acreditacion-por-6-anos\/\">Carreras t\u00e9cnicas de la UTalca certifican excelencia con acreditaci\u00f3n por 6 a\u00f1os. Se refiere Patricio G\u00f3mez Arismendi, director del Campus Colchagua.<\/a><\/p><p>\u00a0<\/p><p><strong>MASQUENOTICIAS.CL<\/strong><\/p><p><a href=\"https:\/\/masquenoticias.cl\/2023\/02\/24\/carreras-tecnicas-de-la-utalca-certifican-excelencia-con-acreditacion-por-6-anos\/\">Carreras t\u00e9cnicas de la UTalca certifican excelencia con acreditaci\u00f3n por 6 a\u00f1os. Se refiere Patricio G\u00f3mez Arismendi, director del Campus Colchagua.<\/a><\/p><p>\u00a0<\/p><p><strong>DIARIOELHERALDO.CL<\/strong><\/p><p><a href=\"https:\/\/www.diarioelheraldo.cl\/noticia\/carreras-tecnicas-de-la-utalca-certifican-excelencia-con-acreditacion-por-6-anos\">Carreras t\u00e9cnicas de la UTalca certifican excelencia con acreditaci\u00f3n por 6 a\u00f1os. Se refiere Patricio G\u00f3mez Arismendi, director del Campus Colchagua.<\/a><\/p><p>\u00a0<\/p><p><strong>MAULENEWS.COM<\/strong><\/p><p><a href=\"https:\/\/www.maulenews.com\/2023\/02\/carreras-tecnicas-de-la-utalca.html\">Carreras t\u00e9cnicas de la UTalca certifican excelencia con acreditaci\u00f3n por 6 a\u00f1os. Se refiere Patricio G\u00f3mez Arismendi, director del Campus Colchagua.<\/a><\/p><p>\u00a0<\/p><p><strong>ELDIARIOSANTIAGO.CL<\/strong><\/p><p><a href=\"https:\/\/eldiariosantiago.cl\/2023\/02\/24\/carreras-tecnicas-de-la-utalca-certifican-excelencia-con-acreditacion-por-6-anos\/\">Carreras t\u00e9cnicas de la UTalca certifican excelencia con acreditaci\u00f3n por 6 a\u00f1os. Se refiere Patricio G\u00f3mez Arismendi, director del Campus Colchagua.<\/a><\/p><p>\u00a0<\/p><p><strong>DIARIO TALCA<\/strong><\/p><p><a href=\"https:\/\/www.litoralpress.cl\/sitio\/Prensa_PaginaCompleta.cshtml?LPKey=WPN5ER564U5RH6BXJG65GNLBLJTOLLN7OLXO23UWQUDJLC2FCKJQ\">En el nombre del abuelo. Se refiere Pedro Emilio Zamorano, director del Instituto de Estudios Human\u00edsticos.\u00a0 \u00a0<\/a><\/p><p>\u00a0<\/p><p><strong>DIARIOESTRATEGIA.CL<\/strong><\/p><p><a href=\"https:\/\/www.diarioestrategia.cl\/texto-diario\/mostrar\/4163167\/innovador-tratamiento-permite-tratar-infecciones-afectan-implantes-dentales-evitar-perdida-osea\">Innovador tratamiento permite tratar infecciones que afectan a los implantes dentales y evitar la p\u00e9rdida \u00f3sea. Se menciona a Bernardo Venegas Rojas, acad\u00e9mico de la Facultad de Odontolog\u00eda.<\/a><\/p><p>\u00a0<\/p><p><strong>G5NOTICIAS.CL<\/strong><\/p><p><a href=\"https:\/\/g5noticias.cl\/2023\/02\/04\/innovador-tratamiento-permite-tratar-infecciones-que-afectan-a-los-implantes-dentales-y-evitar-la-perdida-osea\/\">Innovador tratamiento permite tratar infecciones que afectan a los implantes dentales y evitar la p\u00e9rdida \u00f3sea. Se menciona a Bernardo Venegas Rojas, acad\u00e9mico de la Facultad de Odontolog\u00eda.<\/a><\/p><p>\u00a0<\/p><p><strong>FORBES.CL<\/strong><\/p><p><a href=\"https:\/\/forbes.cl\/negocios\/2023-02-07\/apps-delivery-latinoamerica-empleo-laboral\/\">Monopolios y precariedad laboral en el auge de las Apps de Delivery en Latinoam\u00e9rica. Se refiere Rodrigo Palomo V\u00e9lez, decano de la Facultad de Ciencias Jur\u00eddicas.<\/a><\/p><p>\u00a0<\/p><p><strong>AMERICA-RETAIL.COM<\/strong><\/p><p><a href=\"https:\/\/www.america-retail.com\/argentina\/monopolios-y-precarizacion-del-mercado-laboral-deliverys-en-america-latina\/\">Monopolios y precarizaci\u00f3n del mercado laboral: deliverys en Am\u00e9rica Latina. Se refiere Rodrigo Palomo V\u00e9lez, decano de la Facultad de Ciencias Jur\u00eddicas.<\/a><\/p><p>\u00a0<\/p><p><strong>ADPRENSA.CL<\/strong><\/p><p><a href=\"https:\/\/www.adprensa.cl\/cronica\/clinica-juridica-de-la-utalca-en-santiago-aumenta-numero-de-atenciones-a-publico\/\">Cl\u00ednica Jur\u00eddica de la UTalca en Santiago aumenta n\u00famero de atenciones a p\u00fablico. Se refiere Bhernny Fleming Soto, director de dicha unidad y la estudiante de Derecho, Catalina Labra Herrera.<\/a><\/p><p>\u00a0<\/p><p><strong>MEDIABANCO.COM<\/strong><\/p><p><a href=\"https:\/\/www.mediabanco.com\/clinica-juridica-de-la-utalca-en-santiago-aumenta-numero-de-atenciones-a-publico\/\">Cl\u00ednica Jur\u00eddica de la UTalca en Santiago aumenta n\u00famero de atenciones a p\u00fablico. Se refiere Bhernny Fleming Soto, director de dicha unidad y la estudiante de Derecho, Catalina Labra Herrera.<\/a><\/p><p>\u00a0<\/p><p><strong>EL HERALDO<\/strong><\/p><p><a href=\"https:\/\/www.litoralpress.cl\/sitio\/Prensa_PaginaCompleta.cshtml?LPKey=ZM5LZJQBLWZGPBEF6Z37DUBLDZHIHBXCC6JFHX5SRWRCZYJB3PYQ\">Cl\u00ednica Jur\u00eddica de la UTalca en Santiago aumenta n\u00famero de atenciones a p\u00fablico. Se refiere Bhernny Fleming Soto, director de dicha unidad y la estudiante de Derecho, Catalina Labra Herrera.<\/a><\/p><p>\u00a0<\/p><p><strong>DIARIOELHERALDO.CL<\/strong><\/p><p><a href=\"https:\/\/www.diarioelheraldo.cl\/noticia\/clinica-juridica-de-la-utalca-en-santiago-aumenta-numero-de-atenciones-a-publico-\">Cl\u00ednica Jur\u00eddica de la UTalca en Santiago aumenta n\u00famero de atenciones a p\u00fablico. Se refiere Bhernny Fleming Soto, director de dicha unidad y la estudiante de Derecho, Catalina Labra Herrera.<\/a><\/p><p>\u00a0<\/p><p><strong>G5NOTICIAS.CL<\/strong><\/p><p><a href=\"https:\/\/g5noticias.cl\/2023\/02\/21\/clinica-juridica-de-la-utalca-en-santiago-aumenta-numero-de-atenciones-a-publico\/\">Cl\u00ednica Jur\u00eddica de la UTalca en Santiago aumenta n\u00famero de atenciones a p\u00fablico. Se refiere Bhernny Fleming Soto, director de dicha unidad y la estudiante de Derecho, Catalina Labra Herrera.<\/a><\/p><p>\u00a0<\/p><p><strong>EL LONGUINO<\/strong><\/p><p><a href=\"https:\/\/www.litoralpress.cl\/sitio\/Prensa_PaginaCompleta.cshtml?LPKey=P7UVX56PCIRGJ3SG7EGXWQ7EPHDFD6RJTWHZDA4IN7K3OSBFBYOQ\">Ciencia contra el c\u00e1ncer: el futuro en una taza de caf\u00e9. Columna de opini\u00f3n de Cristian Vilos Valenzuela, director del Centro de Nanomedicina, Diagn\u00f3stico y Desarrollo de F\u00e1rmacos (ND3).<\/a><\/p><p>\u00a0<\/p><p><strong>LA PRENSA<\/strong><\/p><p><a href=\"https:\/\/www.litoralpress.cl\/sitio\/Prensa_PaginaCompleta.cshtml?LPKey=5Y237BYIEWTKPKIKSQKNGU27T7K7R5LVJNCY6AFMHIW6Y3HEIVVA\">Profesores de Qu\u00edmica y Biolog\u00eda se capacitaron en biotecnolog\u00eda, nanomedicina y farmacolog\u00eda. Se refiere Cristian Vilos Valenzuela, director del Centro de Nanomedicina, Diagn\u00f3stico y Desarrollo de F\u00e1rmacos (ND3).<\/a><\/p><p>\u00a0<\/p><p><strong>EL HERALDO<\/strong><\/p><p><a href=\"https:\/\/www.litoralpress.cl\/paginaconsultas\/Servicios_NClipSitio\/Get_Imagen_Nota.aspx?LPKey=55OR35KVAUNNSA7NKFWUCNO2F3K3SJCVRC7BJ2ND7IMNJIHFJ6YADBDGMJ6UHPWJHVWRFPDQ2JLHM\">Docentes de educaci\u00f3n media conocieron innovaciones de nanomedicina y biotecnolog\u00eda. Se refiere Cristian Vilos Valenzuela, director del Centro de Nanomedicina, Diagn\u00f3stico y Desarrollo de F\u00e1rmacos (ND3).<\/a><\/p><p>\u00a0<\/p><p><strong>EL LECTOR<\/strong><\/p><p><a href=\"https:\/\/www.litoralpress.cl\/sitio\/Prensa_PaginaCompleta.cshtml?LPKey=JNC6N4U6VAMAXQJVMTWFLAZINWPN2E6NQTK66WIL7WJZ2REACEXA\">Docentes de educaci\u00f3n media conocieron innovaciones de nanomedicina y biotecnolog\u00eda. Se refiere Cristian Vilos Valenzuela, director del Centro de Nanomedicina, Diagn\u00f3stico y Desarrollo de F\u00e1rmacos (ND3).<\/a><\/p><p>\u00a0<\/p><p><strong>ADPRENSA.CL<\/strong><\/p><p><a href=\"https:\/\/www.adprensa.cl\/cronica\/docentes-de-educacion-media-conocieron-innovaciones-de-nanomedicina-y-biotecnologia\/\">Docentes de educaci\u00f3n media conocieron innovaciones de nanomedicina y biotecnolog\u00eda. Se refiere Cristian Vilos Valenzuela, director del Centro de Nanomedicina, Diagn\u00f3stico y Desarrollo de F\u00e1rmacos (ND3).<\/a><\/p><p>\u00a0<\/p><p><strong>MEDIABANCO.COM<\/strong><\/p><p><a href=\"https:\/\/www.mediabanco.com\/docentes-de-educacion-media-conocieron-innovaciones-de-nanomedicina-y-biotecnologia\/\">Docentes de educaci\u00f3n media conocieron innovaciones de nanomedicina y biotecnolog\u00eda. Se refiere Cristian Vilos Valenzuela, director del Centro de Nanomedicina, Diagn\u00f3stico y Desarrollo de F\u00e1rmacos (ND3).<\/a><\/p><p>\u00a0<\/p><p><strong>ELCENTRO.CL<\/strong><\/p><p><a href=\"https:\/\/elcentro.cl\/2023\/02\/13\/docentes-de-educacion-media-conocieron-innovaciones-de-nanomedicina-y-biotecnologia\/\">Docentes de educaci\u00f3n media conocieron innovaciones de nanomedicina y biotecnolog\u00eda. Se refiere Cristian Vilos Valenzuela, director del Centro de Nanomedicina, Diagn\u00f3stico y Desarrollo de F\u00e1rmacos (ND3).<\/a><\/p><p>\u00a0<\/p><p><strong>LA PRENSA<\/strong><\/p><p><a href=\"https:\/\/www.litoralpress.cl\/sitio\/Prensa_PaginaCompleta.cshtml?LPKey=YFGEKBI6V5KNGA25CB5COS7F47573K7YAKI24E3WLCMDR3W6S6XA\">\u00bfC\u00f3mo evitar infecciones ginecol\u00f3gicas por hongos? Se refiere Leoncio Fuentes, acad\u00e9mico de la Escuela de Medicina.<\/a><\/p><p>\u00a0<\/p><p><strong>PUBLIMETRO<\/strong><\/p><p><a href=\"https:\/\/www.litoralpress.cl\/sitio\/Prensa_PaginaCompleta.cshtml?LPKey=WK3HFVC7YYSE5E4KC3FGY6H3VXOV7HKHYCQDOBT32BR42CFY3KVQ\">Los grandes desaf\u00edos del pa\u00eds con los mayores de 60 a\u00f1os. Se refiere Germ\u00e1n Lobos Andrade, director del Centro de Estudios para el Envejecimiento Activo de la Facultad de Econom\u00eda y Negocios (FEN).<\/a><\/p><p>\u00a0<\/p><p><strong>T13.CL<\/strong><\/p><p><a href=\"https:\/\/www.t13.cl\/noticia\/emprendedores\/para-mayores-60-anos-programa-gratuito-capacitara-emprendedores-senior\">Para mayores de 60 a\u00f1os: Programa gratuito capacitar\u00e1 a emprendedores senior. Se refiere Germ\u00e1n Lobos Andrade, director del Centro de Estudios para el Envejecimiento Activo de la Facultad de Econom\u00eda y Negocios (FEN).<\/a><\/p><p>\u00a0<\/p><p><strong>CANAL TVR<\/strong><\/p><p><a href=\"https:\/\/www.litoralpress.cl\/sitio\/RadioTV_Detalles.cshtml?LPKey=QTJX2G2ZDANBLNH7IG2TGGJWYW4HOO3EGEMZ2UVK5Z4MBL7NJ7B5CGXWJEQY2P432H2X7WZJZFVPO\">Senama Maule y la U. de Talca lanzaron proyecto de alfabetizaci\u00f3n financiera y digital para adultos mayores. Se refiere Germ\u00e1n Lobos Andrade, director del Centro de Estudios para el Envejecimiento Activo de la Facultad de Econom\u00eda y Negocios (FEN).<\/a><\/p><p>\u00a0<\/p><p><strong>ELMAULEINFORMA.CL<\/strong><\/p><p><a href=\"https:\/\/elmauleinforma.cl\/lanzan-proyecto-de-alfabetizacion-financiera-para-personas-mayores\/\">Lanzan proyecto de Alfabetizaci\u00f3n Financiera para personas mayores. Se refiere Germ\u00e1n Lobos Andrade, director del Centro de Estudios para el Envejecimiento Activo de la Facultad de Econom\u00eda y Negocios (FEN).<\/a><\/p><p>\u00a0<\/p><p><strong>MAULEHOY.CL<\/strong><\/p><p><a href=\"https:\/\/maulehoy.cl\/2023\/02\/04\/senama-maule-y-el-centro-de-estudios-de-utalca-lanzan-proyecto-de-alfabetizacion-financiera\/\">SENAMA Maule y el Centro de Estudios de UTalca lanzan proyecto de alfabetizaci\u00f3n financiera. Se refiere Germ\u00e1n Lobos Andrade, director del Centro de Estudios para el Envejecimiento Activo de la Facultad de Econom\u00eda y Negocios (FEN).<\/a><\/p><p>\u00a0<\/p><p><strong>G5NOTICIAS.CL<\/strong><\/p><p><a href=\"https:\/\/g5noticias.cl\/2023\/01\/27\/utalca-y-senama-impulsan-alfabetizacion-digital-para-emprendedores-mayores-de-60-anos\/\">UTalca y SENAMA impulsan alfabetizaci\u00f3n digital para emprendedores mayores de 60 a\u00f1os. Se refiere Germ\u00e1n Lobos Andrade, acad\u00e9mico de la Facultad de Econom\u00eda y Negocios (FEN).<\/a><\/p><p>\u00a0<\/p><p><strong>EMOL.COM<\/strong><\/p><p><a href=\"https:\/\/www.emol.com\/noticias\/Economia\/2023\/02\/19\/1087167\/caida-del-dolar-proyecciones.html\">La ca\u00edda del d\u00f3lar y sus proyecciones: C\u00f3mo afecta en la vida de las personas y su posible efecto en el control de la inflaci\u00f3n. Se refiere Rodrigo Saens Navarrete, acad\u00e9mico de la Facultad de Econom\u00eda y Negocios (FEN).<\/a><\/p><p>\u00a0<\/p><p><strong>EMOL.COM<\/strong><\/p><p><a href=\"https:\/\/www.emol.com\/noticias\/Economia\/2023\/02\/23\/1087476\/guerra-ucrania-impacto-economia-chilena.html\">Presiones inflacionarias y riesgos de recesi\u00f3n: El balance econ\u00f3mico a un a\u00f1o de guerra en Ucrania y su efecto en Chile. Se refiere Rodrigo Saens Navarrete, acad\u00e9mico de la Facultad de Econom\u00eda y Negocios (FEN).<\/a><\/p><p>\u00a0<\/p><p><strong>BLOOMBERGLINEA.COM<\/strong><\/p><p><a href=\"https:\/\/www.bloomberglinea.com\/2023\/02\/24\/ipc-2023-en-chile-asi-los-expertos-esperan-que-suba-la-inflacion-en-febrero\/\">IPC 2023 en Chile: as\u00ed los expertos esperan que suba la inflaci\u00f3n en febrero. Se refiere Arcadio Cerda Urrutia.<\/a><\/p><p>\u00a0<\/p><p><strong>ADPRENSA.CL<\/strong><\/p><p><a href=\"https:\/\/www.adprensa.cl\/cronica\/utalca-cuenta-con-su-primer-egresado-del-doctorado-en-economia%ef%bf%bc\/\">UTalca cuenta con su primer egresado del Doctorado en Econom\u00eda. Se refieren Dany Jaimovich, director del programa y Adolfo Uribe, egresado.<\/a><\/p><p>\u00a0<\/p><p><strong>MEDIABANCO.COM<\/strong><\/p><p><a href=\"https:\/\/www.mediabanco.com\/utalca-cuenta-con-su-primer-egresado-del-doctorado-en-economia\/\">UTalca cuenta con su primer egresado del Doctorado en Econom\u00eda. Se refieren Dany Jaimovich, director del programa y Adolfo Uribe, egresado.<\/a><\/p><p>\u00a0<\/p><p><strong>MASQUENOTICIAS.CL<\/strong><\/p><p><a href=\"https:\/\/masquenoticias.cl\/2023\/02\/20\/clinica-juridica-de-la-utalca-en-santiago-aumenta-numero-de-atenciones-a-publico\/\">UTalca cuenta con su primer egresado del Doctorado en Econom\u00eda. Se refieren Dany Jaimovich, director del programa y Adolfo Uribe, egresado.<\/a><\/p><p>\u00a0<\/p><p><strong>ELDIARIOSANTIAGO.CL<\/strong><\/p><p><a href=\"https:\/\/eldiariosantiago.cl\/2023\/02\/20\/utalca-cuenta-con-su-primer-egresado-del-doctorado-en-economia\/\">UTalca cuenta con su primer egresado del Doctorado en Econom\u00eda. Se refieren Dany Jaimovich, director del programa y Adolfo Uribe, egresado.<\/a><\/p><p>\u00a0<\/p><p><strong>EL LECTOR<\/strong><\/p><p><a href=\"https:\/\/www.litoralpress.cl\/paginaconsultas\/Servicios_NClipSitio\/Get_Imagen_Nota.aspx?LPKey=CKI6OQKYG6ONNBKGWRUHGZQCX6BMFZX65HU6WUAB3IHCWVGY5BKKRUGTFU36SQS2CVQGRMRIYACQC\">UTalca cuenta con su primer egresado del Doctorado en Econom\u00eda. Se refieren Dany Jaimovich, director del programa y Adolfo Uribe, egresado.<\/a><\/p><p>\u00a0<\/p><p><strong>LA PRENSA<\/strong><\/p><p><a href=\"https:\/\/www.litoralpress.cl\/paginaconsultas\/Servicios_NClipSitio\/Get_Imagen_Nota.aspx?LPKey=6JI563ZTU5KGGPYYKHSXGJYO5WZMCO4PGCBQJYNTZYZF4IDYTZADG6ARDASSQZZGMHIYSUDLPINGY\">Tesis de Doctorado trata sobre la conversi\u00f3n de calefactores. Se refieren Dany Jaimovich, director del programa y Adolfo Uribe, egresado.<\/a><\/p><p>\u00a0<\/p><p><strong>EL LECTOR<\/strong><\/p><p><a href=\"https:\/\/www.litoralpress.cl\/sitio\/Prensa_PaginaCompleta.cshtml?LPKey=JYVTV3BN32WKGSIC3MJOTJVFVOMZVXN2FCSHFVRUPCKFXABSTP2Q\">Acad\u00e9mica UTalca public\u00f3 libro sobre costos y gesti\u00f3n de la peque\u00f1a y mediana empresa. Se refiere Sandra Alvear, acad\u00e9mica de la Facultad de Econom\u00eda y Negocios (FEN).<\/a><\/p><p>\u00a0<\/p><p><strong>LA PRENSA<\/strong><\/p><p><a href=\"https:\/\/www.litoralpress.cl\/paginaconsultas\/Servicios_NClipSitio\/Get_Imagen_Nota.aspx?LPKey=TWDHM4DSM6IQ6XKMLNHBGGMOAK2LKUOZ5SIEE4CBVR6NAY56ATM5NGYZ2QWMWMZHX2Y4BSKS4ZQBG\">Libro para peque\u00f1a y mediana empresa. Se refiere Sandra Alvear, acad\u00e9mica de la Facultad de Econom\u00eda y Negocios (FEN).<\/a><\/p><p>\u00a0<\/p><p><strong>ADPRENSA.CL<\/strong><\/p><p><a href=\"https:\/\/www.adprensa.cl\/actividades-academicas\/academica-utalca-publico-libro-sobre-costos-y-gestion-de-la-pequena-y-mediana-empresa\/\">Acad\u00e9mica UTalca public\u00f3 libro sobre costos y gesti\u00f3n de la peque\u00f1a y mediana empresa. Se refiere Sandra Alvear, acad\u00e9mica de la Facultad de Econom\u00eda y Negocios (FEN).<\/a><\/p><p>\u00a0<\/p><p><strong>MEDIABANCO.COM<\/strong><\/p><p><a href=\"https:\/\/www.mediabanco.com\/academica-utalca-publico-libro-sobre-costos-y-gestion-de-la-pequena-y-mediana-empresa\/\">Acad\u00e9mica UTalca public\u00f3 libro sobre costos y gesti\u00f3n de la peque\u00f1a y mediana empresa. Se refiere Sandra Alvear, acad\u00e9mica de la Facultad de Econom\u00eda y Negocios (FEN).<\/a><\/p><p>\u00a0<\/p><p><strong>DIARIOTALCA.CL<\/strong><\/p><p><a href=\"https:\/\/diariotalca.cl\/publican-libro-sobre-costos-y-gestion-de-la-pequena-y-mediana-empresa\/\">Publican libro sobre costos y gesti\u00f3n de la peque\u00f1a y mediana empresa. Se refiere Sandra Alvear, acad\u00e9mica de la Facultad de Econom\u00eda y Negocios (FEN).<\/a><\/p><p>\u00a0<\/p><p><strong>ELCENTRO.CL<\/strong><\/p><p><a href=\"https:\/\/elcentro.cl\/2023\/02\/22\/academica-utalca-publico-libro-sobre-costos-y-gestion-de-la-pequena-y-mediana-empresa\/\">Acad\u00e9mica UTalca public\u00f3 libro sobre costos y gesti\u00f3n de la peque\u00f1a y mediana empresa. Se refiere Sandra Alvear, acad\u00e9mica de la Facultad de Econom\u00eda y Negocios (FEN).<\/a><\/p><p>\u00a0<\/p><p><strong>SEPTIMAPAGINANOTICIAS.CL<\/strong><\/p><p><a href=\"https:\/\/www.septimapaginanoticias.cl\/academica-utalca-publico-libro-sobre-costos-y-gestion-de-la-pequena-y-mediana-empresa\">Acad\u00e9mica UTalca public\u00f3 libro sobre costos y gesti\u00f3n de la peque\u00f1a y mediana empresa. Se refiere Sandra Alvear, acad\u00e9mica de la Facultad de Econom\u00eda y Negocios (FEN).<\/a><\/p><p>\u00a0<\/p><p><strong>EL HERALDO<\/strong><\/p><p><a href=\"https:\/\/www.litoralpress.cl\/paginaconsultas\/Servicios_NClipSitio\/Get_Imagen_Nota.aspx?LPKey=ST4FJFYEYFNLJNHMRYHOSYOLW4LSPP26ILVVHGKQOUX3EXCOX5UBRHOXRUZJ6NC5S7FGZRQC2NVLK\">Experta explica c\u00f3mo funciona el IVA en la prestaci\u00f3n de servicios. Se refiere Guisela Osses Valderrama, acad\u00e9mica de la Facultad de Econom\u00eda y Negocios (FEN).<\/a><\/p><p>\u00a0<\/p><p><strong>EL CONDOR<\/strong><\/p><p><a href=\"https:\/\/www.litoralpress.cl\/paginaconsultas\/Servicios_NClipSitio\/Get_Imagen_Nota.aspx?LPKey=YJZMOY3IXZNJEUDM7Z5O2HK4NO7IQARLUXTR43MVMJNC75D3ZHIK2DBLY7KB6VY5JCREADWB55LJS\">Experta explica c\u00f3mo funciona el IVA en la prestaci\u00f3n de servicios. Se refiere Guisela Osses Valderrama, acad\u00e9mica de la Facultad de Econom\u00eda y Negocios (FEN).<\/a><\/p><p>\u00a0<\/p><p><strong>MASQUENOTICIAS.CL<\/strong><\/p><p><a href=\"https:\/\/masquenoticias.cl\/2023\/02\/02\/experta-explica-como-funciona-el-iva-en-la-prestacion-de-servicios\/\">Experta explica c\u00f3mo funciona el IVA en la prestaci\u00f3n de servicios. Se refiere Guisela Osses Valderrama, acad\u00e9mica de la Facultad de Econom\u00eda y Negocios (FEN).<\/a><\/p><p>\u00a0<\/p><p><strong>DIARIOTALCA.CL<\/strong><\/p><p><a href=\"https:\/\/diariotalca.cl\/experta-utalca-explica-como-funciona-el-iva-en-la-prestacion-de-servicios\/\">Experta explica c\u00f3mo funciona el IVA en la prestaci\u00f3n de servicios. Se refiere Guisela Osses Valderrama, acad\u00e9mica de la Facultad de Econom\u00eda y Negocios (FEN).<\/a><\/p><p>\u00a0<\/p><p><strong>ELCENTRO.CL<\/strong><\/p><p><a href=\"https:\/\/elcentro.cl\/2023\/02\/02\/experta-explica-como-funciona-el-iva-en-la-prestacion-de-servicios\/\">Experta explica c\u00f3mo funciona el IVA en la prestaci\u00f3n de servicios. Se refiere Guisela Osses Valderrama, acad\u00e9mica de la Facultad de Econom\u00eda y Negocios (FEN).<\/a><\/p><p>\u00a0<\/p><p><strong>DIARIOELHERALDO.CL<\/strong><\/p><p><a href=\"https:\/\/www.diarioelheraldo.cl\/noticia\/experta-explica-como-funciona-el-iva-en-la-prestacion-de-servicios\">Experta explica c\u00f3mo funciona el IVA en la prestaci\u00f3n de servicios. Se refiere Guisela Osses Valderrama, acad\u00e9mica de la Facultad de Econom\u00eda y Negocios (FEN).<\/a><\/p><p>\u00a0<\/p><p><strong>SEPTIMAPAGINANOTICIAS.CL<\/strong><\/p><p><a href=\"https:\/\/www.septimapaginanoticias.cl\/experta-explica-como-funciona-el-iva-en-la-prestacion-de-servicios\">Experta explica c\u00f3mo funciona el IVA en la prestaci\u00f3n de servicios. Se refiere Guisela Osses Valderrama, acad\u00e9mica de la Facultad de Econom\u00eda y Negocios (FEN).<\/a><\/p><p>\u00a0<\/p><p><strong>G5NOTICIAS.CL<\/strong><\/p><p><a href=\"https:\/\/g5noticias.cl\/2023\/02\/03\/experta-explica-como-funciona-el-iva-en-la-prestacion-de-servicios\/\">Experta explica c\u00f3mo funciona el IVA en la prestaci\u00f3n de servicios. Se refiere Guisela Osses Valderrama, acad\u00e9mica de la Facultad de Econom\u00eda y Negocios (FEN).<\/a><\/p><p>\u00a0<\/p><p><strong>RADIOPOLAR.COM<\/strong><\/p><p><a href=\"https:\/\/radiopolar.com\/noticia_183227.html\">Experta explica c\u00f3mo funciona el IVA en la prestaci\u00f3n de servicios. Se refiere Guisela Osses Valderrama, acad\u00e9mica de la Facultad de Econom\u00eda y Negocios (FEN).<\/a><\/p><p>\u00a0<\/p><p><strong>EL MERCURIO<\/strong><\/p><p><a href=\"https:\/\/www.litoralpress.cl\/sitio\/Prensa_PaginaCompleta.cshtml?LPKey=YB76VDEP3PO3EVV5BZBRNWVNJYALRVTHH2FIVAVK7DR4CREQGYKA\">Mercado log\u00edstico sac\u00f3 cuentas alegres el 2022 y prev\u00e9 un buen 2023. Se refiere Marcela Gonz\u00e1lez Araya, acad\u00e9mica de la Facultad de Ingenier\u00eda.<\/a><\/p><p>\u00a0<\/p><p><strong>EL MERCURIO<\/strong><\/p><p><a href=\"https:\/\/www.litoralpress.cl\/sitio\/Prensa_PaginaCompleta.cshtml?LPKey=46BJ4OXAGTAGPBRQSMXZNDX3YNXRSW23K7RM2OOUXBACF7QTWXPQ\">Proyectan desarrollo del sector sur de Santiago como polo log\u00edstico. Se refiere Marco Oliva, director del Centro Tecnol\u00f3gico de Log\u00edstica (CETLOG).<\/a><\/p><p>\u00a0<\/p><p><strong>RADIO ADN<\/strong><\/p><p><a href=\"https:\/\/www.litoralpress.cl\/sitio\/RadioTV_Detalles.cshtml?LPKey=KNHE2RHZA37AS4UMPJTQFDYNO3Z7PVHLZARFHJO326LNMFTRBVFXVUGNB5XNNS2HQTGIU4OD7BO7E\">Autoridades de Gobierno se refirieron a medidas para paliar d\u00e9ficit de vivienda. Se refiere Armando Dur\u00e1n Bustamante, acad\u00e9mico de la Facultad de Ingenier\u00eda.<\/a><\/p><p>\u00a0<\/p><p><strong>ELCIUDADANO.COM<\/strong><\/p><p><a href=\"https:\/\/www.elciudadano.com\/chile\/especialista-entrega-recomendaciones-para-no-caer-en-las-redes-del-phishing\/02\/03\/\">Especialista entrega recomendaciones para no caer en las redes del \u201cphishing\u201d. Se refiere Rodrigo Bustamante Gonz\u00e1lez, jefe de la Unidad de Seguridad Digital.<\/a><\/p><p>\u00a0<\/p><p><strong>ADPRENSA.CL<\/strong><\/p><p><a href=\"https:\/\/www.adprensa.cl\/cronica\/especialista-entrega-recomendaciones-para-no-caer-en-las-redes-del-phishing\/\">Especialista entrega recomendaciones para no caer en las redes del \u201cphishing\u201d. Se refiere Rodrigo Bustamante Gonz\u00e1lez, jefe de la Unidad de Seguridad Digital.<\/a><\/p><p>\u00a0<\/p><p><strong>MASQUENOTICIAS.CL<\/strong><\/p><p><a href=\"https:\/\/masquenoticias.cl\/2023\/02\/03\/especialista-entrega-recomendaciones-para-no-caer-en-las-redes-del-phishing\/\">Especialista entrega recomendaciones para no caer en las redes del \u201cphishing\u201d. Se refiere Rodrigo Bustamante Gonz\u00e1lez, jefe de la Unidad de Seguridad Digital.<\/a><\/p><p>\u00a0<\/p><p><strong>MEDIABANCO.COM<\/strong><\/p><p><a href=\"https:\/\/www.mediabanco.com\/especialista-entrega-recomendaciones-para-no-caer-en-las-redes-del-phishing\/\">Especialista entrega recomendaciones para no caer en las redes del \u201cphishing\u201d. Se refiere Rodrigo Bustamante Gonz\u00e1lez, jefe de la Unidad de Seguridad Digital.<\/a><\/p><p>\u00a0<\/p><p><strong>LAVOZENLINEA.CL<\/strong><\/p><p><a href=\"https:\/\/lavozenlinea.cl\/2023\/02\/especialista-entrega-recomendaciones-para-no-caer-en-las-redes-del-phishing\/\">Especialista entrega recomendaciones para no caer en las redes del \u201cphishing\u201d. Se refiere Rodrigo Bustamante Gonz\u00e1lez, jefe de la Unidad de Seguridad Digital.<\/a><\/p><p>\u00a0<\/p><p><strong>LA PRENSA<\/strong><\/p><p><a href=\"https:\/\/www.litoralpress.cl\/paginaconsultas\/Servicios_NClipSitio\/Get_Imagen_Nota.aspx?LPKey=LNMHNGOTVBEERHW3UPOPLSIXGA3KT24LGZW4ULX7BBDEQZD4NPNVCFU6IBFGF54TRMX4DYCPH62L4\">Especialista entrega recomendaciones antiphishing. Se refiere Rodrigo Bustamante Gonz\u00e1lez, jefe de la Unidad de Seguridad Digital.<\/a><\/p><p>\u00a0<\/p><p><strong>EL LECTOR<\/strong><\/p><p><a href=\"https:\/\/www.litoralpress.cl\/paginaconsultas\/Servicios_NClipSitio\/Get_Imagen_Nota.aspx?LPKey=GDS3MAZ77PUM5YMBRNNEF7PCBYRSESYEV7A4DJLWI6C4BNU622LJQOS7CXG2OU4WZ7AKGFWPLJFLO\">Especialista entrega recomendaciones para no caer en las redes del &#8220;phishing&#8221;. Se refiere Rodrigo Bustamante Gonz\u00e1lez, jefe de la Unidad de Seguridad Digital.<\/a><\/p><p>\u00a0<\/p><p><strong>DIARIOTALCA.CL<\/strong><\/p><p><a href=\"https:\/\/diariotalca.cl\/especialista-entrega-recomendaciones-para-no-caer-en-las-redes-del-phishing\/\">Especialista entrega recomendaciones para no caer en las redes del \u201cphishing\u201d. Se refiere Rodrigo Bustamante Gonz\u00e1lez, jefe de la Unidad de Seguridad Digital.<\/a><\/p><p>\u00a0<\/p><p><strong>TVMAULE.CL<\/strong><\/p><p><a href=\"https:\/\/www.tvmaule.cl\/especialista-entrega-recomendaciones-para-no-caer-en-las-redes-del-phishing\/\">Especialista entrega recomendaciones para no caer en las redes del \u201cphishing\u201d. Se refiere Rodrigo Bustamante Gonz\u00e1lez, jefe de la Unidad de Seguridad Digital.<\/a><\/p><p>\u00a0<\/p><p><strong>SEPTIMAPAGINANOTICIAS.CL<\/strong><\/p><p><a href=\"https:\/\/www.septimapaginanoticias.cl\/especialista-entrega-recomendaciones-para-no-caer-en-las-redes-del-phishing\">Especialista entrega recomendaciones para no caer en las redes del \u201cphishing\u201d. Se refiere Rodrigo Bustamante Gonz\u00e1lez, jefe de la Unidad de Seguridad Digital.<\/a><\/p><p>\u00a0<\/p><p><strong>ELDIARIOSANTIAGO.CL<\/strong><\/p><p><a href=\"https:\/\/eldiariosantiago.cl\/2023\/02\/05\/especialista-entrega-recomendaciones-para-no-caer-en-las-redes-del-phishing\/\">Especialista entrega recomendaciones para no caer en las redes del \u201cphishing\u201d. Se refiere Rodrigo Bustamante Gonz\u00e1lez, jefe de la Unidad de Seguridad Digital.<\/a><\/p><p>\u00a0<\/p><p><strong>G5NOTICIAS.CL<\/strong><\/p><p><a href=\"https:\/\/g5noticias.cl\/2023\/02\/06\/especialista-entrega-recomendaciones-para-no-caer-en-las-redes-del-phishing\/\">Especialista entrega recomendaciones para no caer en las redes del \u201cphishing\u201d. Se refiere Rodrigo Bustamante Gonz\u00e1lez, jefe de la Unidad de Seguridad Digital.<\/a><\/p><p>\u00a0<\/p><p><strong>LA PRENSA<\/strong><\/p><p><a href=\"https:\/\/www.litoralpress.cl\/paginaconsultas\/Servicios_NClipSitio\/Get_Imagen_Nota.aspx?LPKey=EZ5HBFGZRETW4655FJWZNSOUE76J3BT2MVEFRTZ6SUXHTEHOH4FGJLL43NVRH2R47ZDWJF5GESC7S\">Escuela para Familias prepar\u00f3 a cuidadores de ni\u00f1os en el Maule. Se refieren Karin Saavedra Redlich, directora General de Vinculaci\u00f3n con el Medio y Andrea Cerda Gonz\u00e1lez, directora de Psicolog\u00eda.\u00a0<\/a><\/p><p>\u00a0<\/p><p><strong>EL LECTOR<\/strong><\/p><p><a href=\"https:\/\/www.litoralpress.cl\/paginaconsultas\/Servicios_NClipSitio\/Get_Imagen_Nota.aspx?LPKey=S2ICOAXUWFWBH4CU4CTCAOWYMVVTNU4UKHABTTTENCKL7TCVRCQJ5RMF3S5GWEGW75SLF7XAIBR4M\">Escuela para Familias prepar\u00f3 a cuidadores de ni\u00f1os en el Maule. Se refieren Karin Saavedra Redlich, directora General de Vinculaci\u00f3n con el Medio y Andrea Cerda Gonz\u00e1lez, directora de Psicolog\u00eda.\u00a0<\/a><\/p><p>\u00a0<\/p><p><strong>MEDIABANCO.COM<\/strong><\/p><p><a href=\"https:\/\/www.mediabanco.com\/escuela-para-familias-preparo-a-cuidadores-de-ninos-en-el-maule\/\">Escuela para Familias prepar\u00f3 a cuidadores de ni\u00f1os en el Maule. Se refieren Karin Saavedra Redlich, directora General de Vinculaci\u00f3n con el Medio y Andrea Cerda Gonz\u00e1lez, directora de Psicolog\u00eda.\u00a0<\/a><\/p><p>\u00a0<\/p><p><strong>MASQUENOTICIAS.CL<\/strong><\/p><p><a href=\"https:\/\/masquenoticias.cl\/2023\/02\/08\/escuela-para-familias-preparo-a-cuidadores-de-ninos-en-el-maule\/\">Escuela para Familias prepar\u00f3 a cuidadores de ni\u00f1os en el Maule. Se refieren Karin Saavedra Redlich, directora General de Vinculaci\u00f3n con el Medio y Andrea Cerda Gonz\u00e1lez, directora de Psicolog\u00eda.\u00a0<\/a><\/p><p>\u00a0<\/p><p><strong>LANOTICIA.CL<\/strong><\/p><p><a href=\"https:\/\/lanoticia.cl\/escuela-para-familias-preparo-a-cuidadores-de-ninos-en-el-maule\/\">Escuela para Familias prepar\u00f3 a cuidadores de ni\u00f1os en el Maule. Se refieren Karin Saavedra Redlich, directora General de Vinculaci\u00f3n con el Medio y Andrea Cerda Gonz\u00e1lez, directora de Psicolog\u00eda.\u00a0<\/a><\/p><p>\u00a0<\/p><p><strong>ELMAULEINFORMA.CL<\/strong><\/p><p><a href=\"https:\/\/elmauleinforma.cl\/escuela-para-familias-preparo-a-cuidadores-de-ninos-en-el-maule\/\">Escuela para Familias prepar\u00f3 a cuidadores de ni\u00f1os en el Maule. Se refieren Karin Saavedra Redlich, directora General de Vinculaci\u00f3n con el Medio y Andrea Cerda Gonz\u00e1lez, directora de Psicolog\u00eda.\u00a0<\/a><\/p><p>\u00a0<\/p><p><strong>ELDIARIOSANTIAGO.CL<\/strong><\/p><p><a href=\"https:\/\/eldiariosantiago.cl\/2023\/02\/06\/escuela-para-familias-preparo-a-cuidadores-de-ninos-en-el-maule\/\">Escuela para Familias prepar\u00f3 a cuidadores de ni\u00f1os en el Maule. Se refieren Karin Saavedra Redlich, directora General de Vinculaci\u00f3n con el Medio y Andrea Cerda Gonz\u00e1lez, directora de Psicolog\u00eda.\u00a0<\/a><\/p><p>\u00a0<\/p><p><strong>G5NOTICIAS.CL<\/strong><\/p><p><a href=\"https:\/\/g5noticias.cl\/2023\/02\/07\/escuela-para-familias-preparo-a-cuidadores-de-ninos-en-el-maule\/\">Escuela para Familias prepar\u00f3 a cuidadores de ni\u00f1os en el Maule. Se refieren Karin Saavedra Redlich, directora General de Vinculaci\u00f3n con el Medio y Andrea Cerda Gonz\u00e1lez, directora de Psicolog\u00eda.\u00a0<\/a><\/p><p>\u00a0<\/p><p><strong>EL LECTOR<\/strong><\/p><p><a href=\"https:\/\/www.litoralpress.cl\/paginaconsultas\/Servicios_NClipSitio\/Get_Imagen_Nota.aspx?LPKey=GJRNY2LCL23KQ2DUXZY6KHKUDWEATLVHL2WPNVP4BEOQQLFILKSLJDNR22WJPI5GAJR2HP7M4TFLC\">Campamento Cient\u00edfico reuni\u00f3 a profesores para pensar en la educaci\u00f3n del futuro. Se refiere Karin Saavedra Redlich, directora General de Vinculaci\u00f3n con el Medio.<\/a><\/p><p>\u00a0<\/p><p><strong>MAULENEWS.COM<\/strong><\/p><p><a href=\"https:\/\/www.maulenews.com\/2023\/01\/campamento-cientifico-reunio-profesores.html\">Campamento Cient\u00edfico reuni\u00f3 a profesores para pensar en la educaci\u00f3n del futuro. Se refiere Karin Saavedra Redlich, directora General de Vinculaci\u00f3n con el Medio.<\/a><\/p><p>\u00a0<\/p><p><strong>LA PRENSA<\/strong><\/p><p><a href=\"https:\/\/www.litoralpress.cl\/sitio\/Prensa_PaginaCompleta.cshtml?LPKey=2JF5G6TBIQ2WXXHGC5WTKXHHDGZPD2UBZJ2KQZ6JWUNJW2WZZLHA\">Estudiantes de la UTalca visitaron yacimientos en la Regi\u00f3n de Antofagasta. Se refieren Francisco Rivas Salda\u00f1a, director de la carrera y los estudiantes Constanza V\u00e1squez Lizama, Mareli Fa\u00fandez Zavaleta y Francisco Benavides Bobadilla.<\/a><\/p><p>\u00a0<\/p><p><strong>EL LECTOR<\/strong><\/p><p><a href=\"https:\/\/www.litoralpress.cl\/sitio\/Prensa_PaginaCompleta.cshtml?LPKey=B73H56XZ67UNWNXUAM7GT3XPQ32EFWJXWAMJ4KXXDNOJCRQK2ZDQ\">Estudiantes de Ingenier\u00eda Civil de Minas de la UTalca visitaron yacimientos. Se refieren Francisco Rivas Salda\u00f1a, director de la carrera y los estudiantes Constanza V\u00e1squez Lizama, Mareli Fa\u00fandez Zavaleta y Francisco Benavides Bobadilla.<\/a><\/p><p>\u00a0<\/p><p><strong>EL HERALDO<\/strong><\/p><p><a href=\"https:\/\/www.litoralpress.cl\/paginaconsultas\/Servicios_NClipSitio\/Get_Imagen_Nota.aspx?LPKey=BDKYD2WQUSCFIAFYA5M4YT3EPO7U4EQLRGMM4BUWBILEYUXLWT6S3F7KLV6HQ64VUAIKP5OPP7JCA\">Estudiantes de Ingenier\u00eda Civil de Minas de la UTalca visitaron yacimientos. Se refieren Francisco Rivas Salda\u00f1a, director de la carrera y los estudiantes Constanza V\u00e1squez Lizama, Mareli Fa\u00fandez Zavaleta y Francisco Benavides Bobadilla.<\/a><\/p><p>\u00a0<\/p><p><strong>MEDIABANCO.COM<\/strong><\/p><p><a href=\"https:\/\/www.mediabanco.com\/estudiantes-de-ingenieria-civil-de-minas-de-la-utalca-visitaron-yacimiento\/\">Estudiantes de Ingenier\u00eda Civil de Minas de la UTalca visitaron yacimiento. Se refieren Francisco Rivas Salda\u00f1a, director de la carrera y los estudiantes Constanza V\u00e1squez Lizama, Mareli Fa\u00fandez Zavaleta y Francisco Benavides Bobadilla.<\/a><\/p><p>\u00a0<\/p><p><strong>LA PRENSA<\/strong><\/p><p><a href=\"https:\/\/www.litoralpress.cl\/sitio\/Prensa_PaginaCompleta.cshtml?LPKey=C4OB5JFRL3VSZLMUBFMTG3SSVLYZIMTL5AQ5WJ33LDX757L6VSOA\">Estudiantes de la Universidad de Talca construyen sus prototipos de autos karts. Se refieren Gonzalo Pincheira Orellana y Carlos Mu\u00f1oz Castro, acad\u00e9micos de la Facultad de Ingenier\u00eda y Aaron Gajardo, estudiante de Ingenier\u00eda Civil Mec\u00e1nica.<\/a><\/p><p>\u00a0<\/p><p><strong>EL LECTOR<\/strong><\/p><p><a href=\"https:\/\/www.litoralpress.cl\/paginaconsultas\/Servicios_NClipSitio\/Get_Imagen_Nota.aspx?LPKey=NAOTVUBYL75EZSLZEOONY3UY24LF7DPHI6BJBL2H2RRRTJ444SAKE253CXHYSNWNXVR7YBYSZH2HC\">Estudiantes de la Universidad de Talca construyen prototipos de autos karts. Se refieren Gonzalo Pincheira Orellana y Carlos Mu\u00f1oz Castro, acad\u00e9micos de la Facultad de Ingenier\u00eda y Aaron Gajardo, estudiante de Ingenier\u00eda Civil Mec\u00e1nica.<\/a><\/p><p>\u00a0<\/p><p><strong>ADPRENSA.CL<\/strong><\/p><p><a href=\"https:\/\/www.adprensa.cl\/cronica\/estudiantes-de-la-universidad-de-talca-construyen-prototipos-de-autos-karts\/\">Estudiantes de la Universidad de Talca construyen prototipos de autos karts. Se refieren Gonzalo Pincheira Orellana y Carlos Mu\u00f1oz Castro, acad\u00e9micos de la Facultad de Ingenier\u00eda y Aaron Gajardo, estudiante de Ingenier\u00eda Civil Mec\u00e1nica.<\/a><\/p><p>\u00a0<\/p><p><strong>MEDIABANCO.COM<\/strong><\/p><p><a href=\"https:\/\/www.mediabanco.com\/estudiantes-de-la-universidad-de-talca-construyen-prototipos-de-autos-karts\/\">Estudiantes de la Universidad de Talca construyen prototipos de autos karts. Se refieren Gonzalo Pincheira Orellana y Carlos Mu\u00f1oz Castro, acad\u00e9micos de la Facultad de Ingenier\u00eda y Aaron Gajardo, estudiante de Ingenier\u00eda Civil Mec\u00e1nica.<\/a><\/p><p>\u00a0<\/p><p><strong>LANOTICIA.CL<\/strong><\/p><p><a href=\"https:\/\/lanoticia.cl\/estudiantes-de-la-universidad-de-talca-construyen-prototipos-de-autos-karts\/\">Estudiantes de la Universidad de Talca construyen prototipos de autos karts. Se refieren Gonzalo Pincheira Orellana y Carlos Mu\u00f1oz Castro, acad\u00e9micos de la Facultad de Ingenier\u00eda y Aaron Gajardo, estudiante de Ingenier\u00eda Civil Mec\u00e1nica.<\/a><\/p><p>\u00a0<\/p><p><strong>SEPTIMAPAGINANOTICIAS.CL<\/strong><\/p><p><a href=\"https:\/\/www.septimapaginanoticias.cl\/estudiantes-de-la-universidad-de-talca-construyen-prototipos-de-autos-karts\">Estudiantes de la Universidad de Talca construyen prototipos de autos karts. Se refieren Gonzalo Pincheira Orellana y Carlos Mu\u00f1oz Castro, acad\u00e9micos de la Facultad de Ingenier\u00eda y Aaron Gajardo, estudiante de Ingenier\u00eda Civil Mec\u00e1nica.<\/a><\/p><p>\u00a0<\/p><p><strong>G5NOTICIAS.CL<\/strong><\/p><p><a href=\"https:\/\/g5noticias.cl\/2023\/02\/11\/estudiantes-de-la-universidad-de-talca-construyen-prototipos-de-autos-karts\/\">Estudiantes de la Universidad de Talca construyen prototipos de autos karts. Se refieren Gonzalo Pincheira Orellana y Carlos Mu\u00f1oz Castro, acad\u00e9micos de la Facultad de Ingenier\u00eda y Aaron Gajardo, estudiante de Ingenier\u00eda Civil Mec\u00e1nica.<\/a><\/p><p>\u00a0<\/p><p><strong>ELCENTRO.CL<\/strong><\/p><p><a href=\"https:\/\/elcentro.cl\/2023\/01\/30\/proyecto-tecnopolo-de-la-utalca-entrego-herramientas-a-emprendedores-agroalimentarios-maulinos\/\">Proyecto Tecnopolo de la UTalca entreg\u00f3 herramientas a emprendedores agroalimentarios maulinos. Se refieren Ariela Vergara Jaque, vicerrectora de Innovaci\u00f3n; Nadia Rojas Villacura, directora de Innovaci\u00f3n y Transferencia; y Patricio Araya Gonz\u00e1lez, coordinador del proyecto. \u00a0<\/a><\/p><p>\u00a0<\/p><p><strong>EL MERCURIO<\/strong><\/p><p><a href=\"https:\/\/www.litoralpress.cl\/sitio\/Prensa_PaginaCompleta.cshtml?LPKey=2B7HO25HE7AMU7WV34ZOVVS5OLDJ4KJJNQBBOB5RLPOSBUOLMRIQ\">Poco llamativas, pero dialogantes: Analistas eval\u00faan las candidaturas inscritas. Se refiere Mauricio Morales Quiroga, director del Centro de An\u00e1lisis Pol\u00edtico (CAP).<\/a><\/p><p>\u00a0<\/p><p><strong>EL MERCURIO<\/strong><\/p><p><a href=\"https:\/\/www.litoralpress.cl\/paginaconsultas\/Servicios_NClipSitio\/Get_Imagen_Nota.aspx?LPKey=D6CHKAIJOWBEG6VESNTKHX4JTLQOBRNQPVESLC46DS7AGASWNNAT2RRGL2DULMC37FPSDHTHUY4T2\">Mundo pol\u00edtico coincide en necesidad de cambio de gabinete. Se refiere Mauricio Morales Quiroga, director del Centro de An\u00e1lisis Pol\u00edtico (CAP).<\/a><\/p><p>\u00a0<\/p><p><strong>LA TERCERA<\/strong><\/p><p><a href=\"https:\/\/www.litoralpress.cl\/sitio\/Prensa_PaginaCompleta.cshtml?LPKey=ALO2BCY52QZYOSUL7TWYITUXNCXO55YH4RATYQR2HCAG4Q2AUH5A\">El enemigo habitual. Incendios: el cap\u00edtulo que reflot\u00f3 la tensi\u00f3n del gobierno y los empresarios y oblig\u00f3 a Marcel a intervenir. Se refiere Mauricio Morales Quiroga, director del Centro de An\u00e1lisis Pol\u00edtico (CAP).<\/a><\/p><p>\u00a0<\/p><p><strong>LA TERCERA<\/strong><\/p><p><a href=\"https:\/\/www.litoralpress.cl\/paginaconsultas\/Servicios_NClipSitio\/Get_Imagen_Nota.aspx?LPKey=WY4DCT5FOTCRCMFRAXVUZV45Q2N6VLJOI6MF65GXG2BBR366NUNPXZFKC72Z6VWAFJPVPA77GQXHQ\">\u00bfNos damos un tiempo? Columna de opini\u00f3n de Mauricio Morales Quiroga, director del Centro de An\u00e1lisis Pol\u00edtico (CAP).<\/a><\/p><p>\u00a0<\/p><p><strong>LA SEGUNDA<\/strong><\/p><p><a href=\"https:\/\/www.litoralpress.cl\/sitio\/Prensa_PaginaCompleta.cshtml?LPKey=6KTZLTDRXE5BU35RKE7F6TTIA5ZRL23D6AOKVFWFZO42IPU7QLYA\">La Araucan\u00eda: Batalla Kast vs. Chile Vamos vaticina resultado hist\u00f3rico para la derecha.\u00a0 Se refiere Mauricio Morales Quiroga, director del Centro de An\u00e1lisis Pol\u00edtico (CAP).<\/a><\/p><p>\u00a0<\/p><p><strong>LA SEGUNDA<\/strong><\/p><p><a href=\"https:\/\/www.litoralpress.cl\/sitio\/Prensa_PaginaCompleta.cshtml?LPKey=DGBBHP2LHY4CFWLQOZQNATSIUVAC7M5GMEZA5EUXCYQZ6LR7EO4Q\">Partido de Parisi podr\u00eda crecer en Antofagasta, Coquimbo, Arica y Tarapac\u00e1. Se refiere Mauricio Morales Quiroga, director del Centro de An\u00e1lisis Pol\u00edtico (CAP).<\/a><\/p><p>\u00a0<\/p><p><strong>LA SEGUNDA<\/strong><\/p><p><a href=\"https:\/\/www.litoralpress.cl\/sitio\/Prensa_PaginaCompleta.cshtml?LPKey=ELGGVYMJF6RNOI2XX7DXR2JIOFR4D6S5JLIOSZAMC4JC2WP7ULDA\">Los bolsones de votos que deben conquistar los candidatos al Consejo Constitucional. Se refiere Mauricio Morales Quiroga, director del Centro de An\u00e1lisis Pol\u00edtico (CAP).<\/a><\/p><p>\u00a0<\/p><p><strong>LA SEGUNDA<\/strong><\/p><p><a href=\"https:\/\/www.litoralpress.cl\/sitio\/Prensa_PaginaCompleta.cshtml?LPKey=ERKMFVNEMO72ONKH6S5AIO5RJPHE2KBJPQGFM6VS4VFLINN7P4NQ\">Bachelet no convence al PPD. Se refiere Mauricio Morales Quiroga, director del Centro de An\u00e1lisis Pol\u00edtico (CAP).<\/a><\/p><p>\u00a0<\/p><p><strong>LAS \u00daLTIMAS NOTICIAS<\/strong><\/p><p><a href=\"https:\/\/www.litoralpress.cl\/paginaconsultas\/Servicios_NClipSitio\/Get_Imagen_Nota.aspx?LPKey=ZLBZNZDC3V74NB4CCNSI6AAP4FYVIRNMZACX64L7T6UHCVHD65F364G6T5NVVPKA6SAN4Y4HODS6Q\">Presidenta del PPD sobre el PS: &#8220;Nos dimos un tiempo\u201d. Se refiere Mauricio Morales Quiroga, director del Centro de An\u00e1lisis Pol\u00edtico (CAP).<\/a><\/p><p>\u00a0<\/p><p><strong>CANAL MEGA<\/strong><\/p><p><a href=\"https:\/\/www.litoralpress.cl\/sitio\/RadioTV_Detalles.cshtml?LPKey=JVJWOMCN24L3O4NOT7YTANBESTMNA32T5KYY2X3XV3QTEHBWBAPED7WO6T7KT3ABB3VXRSSYHETGG\">29% aumenta la aprobaci\u00f3n presidencial seg\u00fan Cadem en medio de la emergencia por los incendios forestales. Se refiere Mauricio Morales Quiroga, director del Centro de An\u00e1lisis Pol\u00edtico (CAP).<\/a><\/p><p>\u00a0<\/p><p><strong>CANAL 13<\/strong><\/p><p><a href=\"https:\/\/www.litoralpress.cl\/sitio\/RadioTV_Detalles.cshtml?LPKey=NTOZZLL55BM73CY3NCCH4FI2B6WZ7YPXNMBQ4HCEYXUUROMQHYVL5BPT3X6PVBLMSAFCSFBALDFH2\">Dan a conocer a los candidatos que se postulan al Consejo Constitucional. Se refiere Mauricio Morales Quiroga, director del Centro de An\u00e1lisis Pol\u00edtico (CAP).<\/a><\/p><p>\u00a0<\/p><p><strong>CANAL 13<\/strong><\/p><p><a href=\"https:\/\/www.litoralpress.cl\/sitio\/RadioTV_Detalles.cshtml?LPKey=NTOZZLL55BM73CY3NCCH4FI2B6WZ7YPXNMBQ4HCEYXUUROMQHYVL5BPT3X6PVBLMSAFCSFBALDFH2\">Dan a conocer a los candidatos que se postulan al Consejo Constitucional. Se refiere Mauricio Morales Quiroga, director del Centro de An\u00e1lisis Pol\u00edtico (CAP).<\/a><\/p><p>\u00a0<\/p><p><strong>CANAL MEGA<\/strong><\/p><p><a href=\"https:\/\/www.litoralpress.cl\/sitio\/RadioTV_Detalles.cshtml?LPKey=XW2UN5RFKQXNQ7DRVO5CRJUOCUTGN7NCZUAQ5NXPWAI7EZ4QDRVPEHOX2R54KH5YCWXHQWWY4737E\">La pr\u00f3xima semana podr\u00eda estar marcada por un cambio de Gabinete en el Gobierno del Presidente Gabriel Boric. Se refiere Mauricio Morales Quiroga, director del Centro de An\u00e1lisis Pol\u00edtico (CAP).<\/a><\/p><p>\u00a0<\/p><p><strong>CANAL MEGA<\/strong><\/p><p><a href=\"https:\/\/www.litoralpress.cl\/sitio\/RadioTV_Detalles.cshtml?LPKey=PZ35ZIR6BQ62VCZDIZR27RBUCIQKNI2V4L67ZMFVASN3B2FYLON623ZRQKBEQDS4OL45MFQ4IEJMM\">El Bachelitismo en La Moneda. Se refiere Mauricio Morales Quiroga, director del Centro de An\u00e1lisis Pol\u00edtico (CAP).<\/a><\/p><p>\u00a0<\/p><p><strong>CANAL MEGA<\/strong><\/p><p><a href=\"https:\/\/www.litoralpress.cl\/sitio\/RadioTV_Detalles.cshtml?LPKey=43EPQYXVICYKOGXHQR2YZ3ZJDG7ZAHL5SFJIGT2RPWKF53CIV43CFHQHDJ64CPPTLTAZFQCRFG6LC\">Los ministros que est\u00e1n en la mira del gobierno de Boric y podr\u00edan ser cambiados. Se refiere Mauricio Morales Quiroga, director del Centro de An\u00e1lisis Pol\u00edtico (CAP).<\/a><\/p><p>\u00a0<\/p><p><strong>CANAL MEGA<\/strong><\/p><p><a href=\"https:\/\/www.litoralpress.cl\/sitio\/RadioTV_Detalles.cshtml?LPKey=AW4WERFKDMGEFN2MSEUSQ4XVOTZ5IXFSLM3FDFMWSWCO5ELOISV3MGUO524MY4EV2ZKVU7NYHT3ES\">El regreso de exautoridades como candidatos a consejeros constitucionales. Se refiere Mauricio Morales Quiroga, director del Centro de An\u00e1lisis Pol\u00edtico (CAP).<\/a><\/p><p>\u00a0<\/p><p><strong>CANAL CNN CHILE<\/strong><\/p><p><a href=\"https:\/\/www.litoralpress.cl\/sitio\/RadioTV_Detalles.cshtml?LPKey=WKEV3TBNVWTKHNJ5NCMAXKPLCFW4RRJQZMICAJUDSNTBLFMLXBRO6KNITW4233P2RX5TA4HUZ7LAW\">Consejeros: La batalla electoral en la RM. Se refiere Mauricio Morales Quiroga, director del Centro de An\u00e1lisis Pol\u00edtico (CAP).<\/a><\/p><p>\u00a0<\/p><p><strong>CANAL MEGA PLUS<\/strong><\/p><p><a href=\"https:\/\/www.litoralpress.cl\/sitio\/RadioTV_Detalles.cshtml?LPKey=4L2CT6MDFRRGAHDFULTLCAAUTMJF47QYIYXV5RTGY7UVR6LOKKTEI54DBEB2VYZH2GH4MZCXOU6QE\">Entrevista a Mauricio Morales Quiroga, director del Centro de An\u00e1lisis Pol\u00edtico (CAP).<\/a><\/p><p>\u00a0<\/p><p><strong>CANAL MEGA PLUS<\/strong><\/p><p><a href=\"https:\/\/www.litoralpress.cl\/sitio\/RadioTV_Detalles.cshtml?LPKey=AW4WERFKDMGEFN2MSEUSQ4XVOTZ5IXFSLM3FDFMWSWCO5ELOISV3MGUO524MY4EV2ZKVU7NYHT3ES\">El regreso de exautoridades como candidatos a consejeros constitucionales. Se refiere Mauricio Morales Quiroga, director del Centro de An\u00e1lisis Pol\u00edtico (CAP).<\/a><\/p><p>\u00a0<\/p><p><strong>CANAL T13 SE\u00d1AL DIGITAL<\/strong><\/p><p><a href=\"https:\/\/www.litoralpress.cl\/sitio\/RadioTV_Detalles.cshtml?LPKey=TTS4E2CJT2CXKCB5RHCBXRXZZS5L7W2J7AMNEHCEKHHTDWC7NKMM4R5ES2YZ2F3PZXWJGE3ADZQRE\">Dan a conocer a los candidatos que se postulan al Consejo Constitucional. Se refiere Mauricio Morales Quiroga, director del Centro de An\u00e1lisis Pol\u00edtico (CAP).<\/a><\/p><p>\u00a0<\/p><p><strong>EMOL TV<\/strong><\/p><p><a href=\"https:\/\/www.litoralpress.cl\/sitio\/RadioTV_Detalles.cshtml?LPKey=3KIB5SLEDDLU7M3TDGMSNQ2H6V5VIT6G4QAQALC36EOORHAGHZRHXLEEAHFKN4E46YRSB53GZ6L2Q\">Entrevista a Mauricio Morales Quiroga, director del Centro de An\u00e1lisis Pol\u00edtico (CAP).<\/a><\/p><p>\u00a0<\/p><p><strong>RADIO DUNA<\/strong><\/p><p><a href=\"https:\/\/www.litoralpress.cl\/sitio\/RadioTV_Detalles.cshtml?LPKey=C2ITUGN4RZIKBPM2XEWORW3XKI5I6AKNULDGUPTBAOYL46ORP3OA6HB27UVBDIQ24RU4GFS3JLHMY\">Entrevista a Mauricio Morales Quiroga, director del Centro de An\u00e1lisis Pol\u00edtico (CAP).<\/a><\/p><p>\u00a0<\/p><p><strong>RADIO INFINITA<\/strong><\/p><p><a href=\"https:\/\/www.litoralpress.cl\/sitio\/RadioTV_Detalles.cshtml?LPKey=SQJINPFA7QR2NSECVCQUOBFZZBB4JIBVW2TPTWLV5FK4DMCZBPJ4YLR2RVYLIBSMUUE5B67ZOB4S2\">Comentario de Mauricio Morales Quiroga, director del Centro de An\u00e1lisis Pol\u00edtico (CAP).<\/a><\/p><p>\u00a0<\/p><p><strong>RADIO INFINITA<\/strong><\/p><p><a href=\"https:\/\/www.litoralpress.cl\/sitio\/RadioTV_Detalles.cshtml?LPKey=BQR4WBLPVAEJFKRXLM4EJ7TSNHRGXNC5A4I4XC52UB6PTWFWGRPFVUBGLF7ZBKGBVLVBF77FHXSXO\">Comentario de Mauricio Morales Quiroga, director del Centro de An\u00e1lisis Pol\u00edtico (CAP).<\/a><\/p><p>\u00a0<\/p><p><strong>RADIO INFINITA<\/strong><\/p><p><a href=\"https:\/\/www.litoralpress.cl\/sitio\/RadioTV_Detalles.cshtml?LPKey=NXIWO3ZZTCTMQ6LJ6FJGDYWJ37UZKJBIBNIJZHUI6GK6S76QXGEUD63OLF2XE2ITNOORA5BVFW5BU\">Comentario de Mauricio Morales Quiroga, director del Centro de An\u00e1lisis Pol\u00edtico (CAP).<\/a><\/p><p>\u00a0<\/p><p><strong>RADIO INFINITA<\/strong><\/p><p><a href=\"https:\/\/www.litoralpress.cl\/sitio\/RadioTV_Detalles.cshtml?LPKey=4VXQ5BWQMRHTWPTVUDXXUCNUC3OLTB74S57CAC672RGJEXVFV75TWKQ4BNKOPINJY4FNBJRJC3GIY\">Comentario de Mauricio Morales Quiroga, director del Centro de An\u00e1lisis Pol\u00edtico (CAP).<\/a><\/p><p>\u00a0<\/p><p><strong>RADIO INFINITA<\/strong><\/p><p><a href=\"https:\/\/www.litoralpress.cl\/sitio\/RadioTV_Detalles.cshtml?LPKey=BIVRJISKDDJOFAVVJDOFYUAZ3SO2O7WKGY5PKQQEWMDXEL7FYKHCLMVM2INWSAI6QERAXMI6C2ZDY\">Comentario de Mauricio Morales Quiroga, director del Centro de An\u00e1lisis Pol\u00edtico (CAP).<\/a><\/p><p>\u00a0<\/p><p><strong>RADIO INFINITA<\/strong><\/p><p><a href=\"https:\/\/www.litoralpress.cl\/sitio\/RadioTV_Detalles.cshtml?LPKey=BIVRJISKDDJOFAVVJDOFYUAZ3SO2O7WKGY5PKQQEWMDXEL7FYKHCLMVM2INWSAI6QERAXMI6C2ZDY\">Comentario de Mauricio Morales Quiroga, director del Centro de An\u00e1lisis Pol\u00edtico (CAP).<\/a><\/p><p>\u00a0<\/p><p><strong>RADIO INFINITA<\/strong><\/p><p><a href=\"https:\/\/www.litoralpress.cl\/sitio\/RadioTV_Detalles.cshtml?LPKey=VCJTMHD472MYE5TNCH6X272EMNODWGS5Y77WUK72IXP66MQACC3LDY6RQVON74Q3BMRJIT5IKYGZ4\">Comentario de Mauricio Morales Quiroga, director del Centro de An\u00e1lisis Pol\u00edtico (CAP).<\/a><\/p><p>\u00a0<\/p><p><strong>RADIO INFINITA<\/strong><\/p><p><a href=\"https:\/\/www.litoralpress.cl\/sitio\/RadioTV_Detalles.cshtml?LPKey=H4HA57GY4ABKRVFTW3HZ7WSN24GCWUPHHGECSGZ2THNYR2VSSI3BB725P7YJUHLLGS76NJDAETSVO\">Comentario de Mauricio Morales Quiroga, director del Centro de An\u00e1lisis Pol\u00edtico (CAP).<\/a><\/p><p>\u00a0<\/p><p><strong>RADIO INFINITA<\/strong><\/p><p><a href=\"https:\/\/www.litoralpress.cl\/sitio\/RadioTV_Detalles.cshtml?LPKey=Z2IOI45O3YIQ5NBT3VOMZWXM7RTESLYI32PIFJP64QXL2URCKZYAI2E4TSHUTQ4ZQYJGX2YM77VKY\">Comentario de Mauricio Morales Quiroga, director del Centro de An\u00e1lisis Pol\u00edtico (CAP).<\/a><\/p><p>\u00a0<\/p><p><strong>RADIO INFINITA<\/strong><\/p><p><a href=\"https:\/\/www.litoralpress.cl\/sitio\/RadioTV_Detalles.cshtml?LPKey=INA6NJOICLZDJXK5YOM2GI67L4ZMTAERIZFZP4L2CVK6MBCD65OTJRQX2RR7GBU5YCJ7RUB45YRLU\">Comentario de Mauricio Morales Quiroga, director del Centro de An\u00e1lisis Pol\u00edtico (CAP).<\/a><\/p><p>\u00a0<\/p><p><strong>RADIO INFINITA<\/strong><\/p><p><a href=\"https:\/\/www.litoralpress.cl\/sitio\/RadioTV_Detalles.cshtml?LPKey=73V25NKZLHZOOKB7KHXASLQ7HOPQBJPXWN6NZLSAAJYH5XUE4HGMJUYGQAGBZUZ7WU6UFWZ3DNTHS\">Comentario de Mauricio Morales Quiroga, director del Centro de An\u00e1lisis Pol\u00edtico (CAP).<\/a><\/p><p>\u00a0<\/p><p><strong>RADIO INFINITA<\/strong><\/p><p><a href=\"https:\/\/www.litoralpress.cl\/sitio\/RadioTV_Detalles.cshtml?LPKey=CUCF7MVVMHBVLC76WSRYPTUWKWNWBG7PJ4GLX3EX2WP4PKRU53UJKDNCV6HAGRAOFNXBA5XT3SEXC\">Comentario de Mauricio Morales Quiroga, director del Centro de An\u00e1lisis Pol\u00edtico (CAP).<\/a><\/p><p>\u00a0<\/p><p><strong>EMOL.COM<\/strong><\/p><p><a href=\"https:\/\/www.emol.com\/noticias\/Nacional\/2023\/02\/23\/1087586\/postura-ddhh-pc-jadue-nicaragua.html\">\u00bfA d\u00f3nde apunta Jadue?: Los discursos paralelos dentro del PC por DD.HH. en gobiernos de izquierda del mundo. Se refiere Mauricio Morales Quiroga, director del Centro de An\u00e1lisis Pol\u00edtico (CAP).<\/a><\/p><p>\u00a0<\/p><p><strong>EMOL.COM<\/strong><\/p><p><a href=\"https:\/\/www.emol.com\/noticias\/Nacional\/2023\/02\/12\/1086548\/vacaciones-emergencia-incendios-ministros-boric.html\">\u00bfSeguir o interrumpir las vacaciones? El debate que abri\u00f3 Urrejola con su regreso tras las cr\u00edticas recibidas. Se refiere Mauricio Morales Quiroga, director del Centro de An\u00e1lisis Pol\u00edtico (CAP).<\/a><\/p><p>\u00a0<\/p><p><strong>EMOL.COM<\/strong><\/p><p><a href=\"https:\/\/www.emol.com\/noticias\/Nacional\/2023\/02\/01\/1085549\/apruebo-dignidad-e-idea-nuevo.html\">\u00bfCumpli\u00f3 un ciclo Apruebo Dignidad?: Expertos analizan el momento del bloque del Presidente y la idea de renovarlo. Se refiere Mauricio Morales Quiroga, director del Centro de An\u00e1lisis Pol\u00edtico (CAP).<\/a><\/p><p>\u00a0<\/p><p><strong>LATERCERA.COM<\/strong><\/p><p><a href=\"https:\/\/www.latercera.com\/pulso\/noticia\/royalty-forestal-el-capitulo-que-refloto-la-tension-del-gobierno-y-los-empresarios-y-obligo-a-marcel-a-intervenir\/I2LOYJDURZFFROHP4HAIOTGATA\/\">Royalty forestal: el cap\u00edtulo que reflot\u00f3 la tensi\u00f3n del gobierno y los empresarios y oblig\u00f3 a Marcel a intervenir. Se refiere Mauricio Morales Quiroga, director del Centro de An\u00e1lisis Pol\u00edtico (CAP).<\/a><\/p><p>\u00a0<\/p><p><strong>LATERCERA.COM<\/strong><\/p><p><a href=\"https:\/\/www.latercera.com\/la-tercera-sabado\/noticia\/columna-de-mauricio-morales-nos-damos-un-tiempo\/PIG4YSIMRVHF3MC2ASUFNWQX7I\/\">\u00bfNos damos un tiempo? Columna de opini\u00f3n de Mauricio Morales Quiroga, director del Centro de An\u00e1lisis Pol\u00edtico (CAP).<\/a><\/p><p>\u00a0<\/p><p><strong>MEGANOTICIAS.CL<\/strong><\/p><p><a href=\"https:\/\/www.meganoticias.cl\/nacional\/406013-columna-mauricio-morales-gestion-gobierno-presidente-gabriel-boric-19-02-2023.html\">Mauricio Morales analiza gesti\u00f3n de Boric y aborda principales ejes del Gobierno: &#8220;No llueve, pero gotea&#8221;. Se refiere el director del Centro de An\u00e1lisis Pol\u00edtico (CAP).<\/a><\/p><p>\u00a0<\/p><p><strong>MEGANOTICIAS.CL<\/strong><\/p><p><a href=\"https:\/\/www.meganoticias.cl\/nacional\/405318-columna-mauricio-morales-analisis-eleccion-consejeros-constitucionales-12-02-2023.html\">Mauricio Morales y su an\u00e1lisis ante elecci\u00f3n de consejeros constitucionales: &#8220;Los viejos crack y los desconocidos&#8221;. Se refiere el director del Centro de An\u00e1lisis Pol\u00edtico (CAP).<\/a><\/p><p>\u00a0<\/p><p><strong>MEGANOTICIAS.CL<\/strong><\/p><p><a href=\"https:\/\/www.meganoticias.cl\/nacional\/404660-mauricio-morales-academico-cadem-partido-socialista-lista-apruebo-dignidad-05-02-2023.html\">Mauricio Morales y decisi\u00f3n del Partido Socialista que competir\u00e1 en pacto con Apruebo Dignidad: &#8220;\u00bfValientes o suicidas?&#8221;. Se refiere el director del Centro de An\u00e1lisis Pol\u00edtico (CAP).<\/a><\/p><p>\u00a0<\/p><p><strong>MEGANOTICIAS.CL<\/strong><\/p><p><a href=\"https:\/\/www.meganoticias.cl\/nacional\/403946-mauricio-morales-academico-analisis-partido-socialista-ppd-alianzas-apruebo-dignidad-consejeros-constitucionales-22-01-2023.html\">&#8220;Entre la UP y la Concertaci\u00f3n&#8221;: Mauricio Morales y el PS al competir con Apruebo Dignidad en elecciones de consejeros. Se refiere el director del Centro de An\u00e1lisis Pol\u00edtico (CAP).<\/a><\/p><p>\u00a0<\/p><p><strong>ELMOSTRADOR.CL<\/strong><\/p><p><a href=\"https:\/\/www.elmostrador.cl\/noticias\/pais\/2023\/02\/24\/la-estrategia-republicana-un-partido-intenso-y-que-arrastra-a-los-mas-moderados\/\">La estrategia republicana: un partido &#8220;intenso&#8221; y que &#8220;arrastra&#8221; a los m\u00e1s moderados. Se refiere Mauricio Morales Quiroga, director del Centro de An\u00e1lisis Pol\u00edtico (CAP).<\/a><\/p><p>\u00a0<\/p><p><strong>ELMOSTRADOR.CL<\/strong><\/p><p><a href=\"https:\/\/www.elmostrador.cl\/noticias\/pais\/2023\/02\/16\/actor-de-veto-o-protagonista-los-dos-roles-que-podrian-jugar-las-derechas-en-el-proceso-constituyente\/\">&#8220;Actor de veto&#8221; o protagonista: los dos roles que podr\u00edan jugar las derechas en el proceso constituyente. Se refiere Mauricio Morales Quiroga, director del Centro de An\u00e1lisis Pol\u00edtico (CAP).<\/a><\/p><p>\u00a0<\/p><p><strong>ELDESCONCIERTO.CL<\/strong><\/p><p><a href=\"https:\/\/www.eldesconcierto.cl\/tendencias\/2023\/02\/08\/bitar-frei-y-zaldivar-los-nombres-reciclados-que-concentran-las-criticas-de-twitter.html\">Bitar, Frei y Zald\u00edvar: Los nombres \u00abreciclados\u00bb que concentran las cr\u00edticas de Twitter. Se refiere Mauricio Morales Quiroga, director del Centro de An\u00e1lisis Pol\u00edtico (CAP).<\/a><\/p><p>\u00a0<\/p><p><strong>DUNA.CL<\/strong><\/p><p><a href=\"https:\/\/www.duna.cl\/podcasts\/el-analisis-de-las-listas-de-consejeros-constitucionales-para-un-nuevo-nuevo-proceso-constituyente\/\">El an\u00e1lisis de las listas de consejeros constitucionales para un nuevo proceso constituyente. Se refiere Mauricio Morales Quiroga, director del Centro de An\u00e1lisis Pol\u00edtico (CAP).<\/a><\/p><p>\u00a0<\/p><p><strong>DUNA.CL<\/strong><\/p><p><a href=\"https:\/\/www.duna.cl\/programa\/hablemos-en-off\/2023\/02\/07\/mauricio-morales-sobre-listas-a-consejeros-constitucionales-en-esta-eleccion-los-partidos-no-se-juegan-la-vida-porque-si-no-obtienen-el-5-viven-como-partido\/\">Mauricio Morales sobre listas a consejeros constitucionales: \u201cEn esta elecci\u00f3n los partidos no se juegan la vida, porque si no obtienen el 5%, viven como partido\u201d. Se refiere el director del Centro de An\u00e1lisis Pol\u00edtico (CAP).<\/a><\/p><p>\u00a0<\/p><p><strong>INFINITA.CL<\/strong><\/p><p><a href=\"https:\/\/www.infinita.cl\/entrevistas\/2023\/02\/07\/constituyente-partidos-politicos.html\">Mauricio Morales sobre el proceso constituyente: \u201cLos partidos se est\u00e1n tanteando, no se juegan la vida\u201d. Se refiere el director del Centro de An\u00e1lisis Pol\u00edtico (CAP).<\/a><\/p><p>\u00a0<\/p><p><strong>ELLIBERO.CL<\/strong><\/p><p><a href=\"https:\/\/ellibero.cl\/actualidad\/los-problemas-estructurales-que-evidencio-el-enero-terrible-del-gobierno-y-como-amenazan-un-ano-clave\/\">Los problemas estructurales que evidenci\u00f3 \u00abel enero terrible\u00bb del Gobierno y c\u00f3mo amenazan un a\u00f1o clave. Se refiere Mauricio Morales Quiroga, director del Centro de An\u00e1lisis Pol\u00edtico (CAP).<\/a><\/p><p>\u00a0<\/p><p><strong>NUEVOPODER.CL<\/strong><\/p><p><a href=\"https:\/\/www.nuevopoder.cl\/expertos-no-son-las-listas-constituyentes-es-la-hegemonia-de-la-izquierda\/\">Expertos: No son las listas constituyentes, es la hegemon\u00eda de la izquierda. Se refiere Mauricio Morales Quiroga, director del Centro de An\u00e1lisis Pol\u00edtico (CAP).<\/a><\/p><p>\u00a0<\/p><p><strong>IMPACTO REGIONAL.CL<\/strong><\/p><p><a href=\"http:\/\/www.impactoregional.cl\/?p=5350\">Comentario de Mario Herrera, acad\u00e9mico del Centro de An\u00e1lisis Pol\u00edtico (CAP).<\/a><\/p><p>\u00a0<\/p><p><strong>EL HERALDO<\/strong><\/p><p><a href=\"https:\/\/www.litoralpress.cl\/paginaconsultas\/Servicios_NClipSitio\/Get_Imagen_Nota.aspx?LPKey=AFNEJJC2ZTGS7RPJLNE3YOKRZTSTKLEWLGRSHUGZLEUK2RQXFIPHVMOY7WFFPKWNF5MWBQKAEPTJC\">Ciencia L\u00fadica: ni\u00f1os asistieron a talleres en la Universidad de Talca. Se refieren C\u00e9sar Retamal Bravo, acad\u00e9mico de la Facultad de Ingenier\u00eda y Karin Saavedra Redlich, directora General de Vinculaci\u00f3n con el Medio.<\/a><\/p><p>\u00a0<\/p><p><strong>LA PRENSA<\/strong><\/p><p><a href=\"https:\/\/www.litoralpress.cl\/paginaconsultas\/Servicios_NClipSitio\/Get_Imagen_Nota.aspx?LPKey=NYIF7LAK62IS5ESF7A3RLWEJYWQUEMITY7S2XK4O4ATPLAFIWPOQIX4JNXDHYS44K5B6NZCUHFJLI\">Ni\u00f1os asistieron a talleres en la UTalca. Se refiere C\u00e9sar Retamal Bravo, acad\u00e9mico de la Facultad de Ingenier\u00eda.<\/a><\/p><p>\u00a0<\/p><p><strong>EL LECTOR<\/strong><\/p><p><a href=\"https:\/\/www.litoralpress.cl\/paginaconsultas\/Servicios_NClipSitio\/Get_Imagen_Nota.aspx?LPKey=NLQ222L2LCTSDTP6VV76WIKWCRI2VXNGXEGVBTUVZFUVTDJ5FDWCDJDMX6F7EDFIF52OFOCLAOOTY\">Ciencia L\u00fadica: ni\u00f1os asistieron a talleres en la Universidad de Talca. Se refiere C\u00e9sar Retamal Bravo, acad\u00e9mico de la Facultad de Ingenier\u00eda.<\/a><\/p><p>\u00a0<\/p><p><strong>ADPRENSA.CL<\/strong><\/p><p><a href=\"https:\/\/www.adprensa.cl\/cronica\/ciencia-ludica-ninos-asistieron-a-talleres-en-la-universidad-de-talca\/\">Ciencia L\u00fadica: ni\u00f1os asistieron a talleres en la Universidad de Talca. Se refieren C\u00e9sar Retamal Bravo, acad\u00e9mico de la Facultad de Ingenier\u00eda y Karin Saavedra Redlich, directora General de Vinculaci\u00f3n con el Medio.<\/a><\/p><p>\u00a0<\/p><p><strong>MEDIABANCO.COM<\/strong><\/p><p><a href=\"https:\/\/www.mediabanco.com\/ciencia-ludica-ninos-asistieron-a-talleres-en-la-universidad-de-talca\/\">Ciencia L\u00fadica: ni\u00f1os asistieron a talleres en la Universidad de Talca. Se refieren C\u00e9sar Retamal Bravo, acad\u00e9mico de la Facultad de Ingenier\u00eda y Karin Saavedra Redlich, directora General de Vinculaci\u00f3n con el Medio.<\/a><\/p><p>\u00a0<\/p><p><strong>DIARIOELHERALDO.CL<\/strong><\/p><p><a href=\"https:\/\/www.diarioelheraldo.cl\/noticia\/ciencia-ludica-ninos-asistieron-a-talleres-en-la-universidad-de-talca-\">Ciencia L\u00fadica: ni\u00f1os asistieron a talleres en la Universidad de Talca. Se refieren C\u00e9sar Retamal Bravo, acad\u00e9mico de la Facultad de Ingenier\u00eda y Karin Saavedra Redlich, directora General de Vinculaci\u00f3n con el Medio.<\/a><\/p><p>\u00a0<\/p><p><strong>M\u00daSICAYNOTICIAS.CL<\/strong><\/p><p><a href=\"https:\/\/www.musicaynoticias.cl\/ciencia-ludica-ninos-asistieron-a-talleres-en-la-universidad-de-talca\/\">Ciencia L\u00fadica: ni\u00f1os asistieron a talleres en la Universidad de Talca. Se refieren C\u00e9sar Retamal Bravo, acad\u00e9mico de la Facultad de Ingenier\u00eda y Karin Saavedra Redlich, directora General de Vinculaci\u00f3n con el Medio.<\/a><\/p><p>\u00a0<\/p><p><strong>MAULEHOY.CL<\/strong><\/p><p><a href=\"https:\/\/maulehoy.cl\/2023\/01\/28\/integrantes-de-orquesta-municipal-de-licanten-son-becados-a-orquesta-sinfonica-juvenil-regional\/\">Integrantes de Orquesta Municipal de Licant\u00e9n son becados a Orquesta Sinf\u00f3nica Juvenil Regional. Se menciona a la UTalca.<\/a><\/p><p>\u00a0<\/p><p><strong>EL MERCURIO<\/strong><\/p><p><a href=\"https:\/\/www.litoralpress.cl\/sitio\/Prensa_PaginaCompleta.cshtml?LPKey=EX7PXI6PEYUCFVDX2KQZ6XE7V5ZA7MXGCV27YTXQWK5757GEYVPA\">Mensaje escrito en agua. Se menciona el Centro de Extensi\u00f3n Santiago.\u00a0<\/a><\/p><p>\u00a0<\/p><p><strong>CANAL CONTIVISI\u00d3N<\/strong><\/p><p><a href=\"https:\/\/www.litoralpress.cl\/sitio\/RadioTV_Detalles.cshtml?LPKey=6M46PJ277T52KL4BEMOZBHX7AZIZJNHNCBDWBZ5PZPZKLFC4WW25NF2G4QI7JKIMOJGUIEZDPRKWG\">La U. de Talca mantendr\u00e1 espacio recreativos y culturales abiertos estas vacaciones. Se refiere Marcela Albornoz Dachelet, directora de Extensi\u00f3n Cultural-Art\u00edstica.<\/a><\/p><p>\u00a0<\/p><p><strong>CANAL CONTIVISI\u00d3N<\/strong><\/p><p><a href=\"https:\/\/www.litoralpress.cl\/sitio\/RadioTV_Detalles.cshtml?LPKey=BIXK5ADFWVSO2TO7U6XX6FUE3CE2YNXNA4DVCTCDFUDJJQAPQ7ZGN6CGVOGPMY5GAJRPQK5QJEKEO\">11 d\u00edas complet\u00f3 abierta muestra de arte cin\u00e9tico de Liliana Iturriaga en Centro de Extensi\u00f3n de la U. de Talca. Se refiere Marcela Albornoz Dachelet, directora de Extensi\u00f3n Cultural-Art\u00edstica.<\/a><\/p><p>\u00a0<\/p><p><strong>CANAL TVN RED MAULE<\/strong><\/p><p><a href=\"https:\/\/www.litoralpress.cl\/sitio\/RadioTV_Detalles.cshtml?LPKey=LQNWCPTYXZ7IMWKIKCL4JUU2Y52XDNLAEM3WOXIITFP53PQ2QNSGGPB6MCOH4OTFPRUGVZWRLDCWU\">Panoramas en el Maule. Se mencionan actividades en la UTalca.<\/a><\/p><p>\u00a0<\/p><p><strong>EL LECTOR<\/strong><\/p><p><a href=\"https:\/\/www.litoralpress.cl\/paginaconsultas\/Servicios_NClipSitio\/Get_Imagen_Nota.aspx?LPKey=5ZPUDLGPZUKV4Y7DXRMFCLPSD5QFLBD6FDGJ7XSJAUKQLCKMCBKOTC64O3GDZIJGFK62BUDDXIEOE\">Verano en el Maule: Universidad de Talca mantendr\u00e1 abiertos. Se refiere Marcela Albornoz Dachelet, directora de Extensi\u00f3n Cultural-Art\u00edstica.<\/a><\/p><p>\u00a0<\/p><p><strong>LA PRENSA<\/strong><\/p><p><a href=\"https:\/\/www.litoralpress.cl\/paginaconsultas\/Servicios_NClipSitio\/Get_Imagen_Nota.aspx?LPKey=GJHO54KSFTOA3ZGXW7SJTCZAC3DIK6X54KDPSDZBULXRMFD6OE6UESFKDTGXEENOOLVIVWFNRYTGY\">UTalca invita durante las vacaciones a visitar muestra de arte cin\u00e9tico. Se refiere Marcela Albornoz Dachelet, directora de Extensi\u00f3n Cultural-Art\u00edstica.<\/a><\/p><p>\u00a0<\/p><p><strong>EL LECTOR<\/strong><\/p><p><a href=\"https:\/\/www.litoralpress.cl\/sitio\/Prensa_PaginaCompleta.cshtml?LPKey=R5VV5KEDH722DNQRAIOMIE4AALVMMVSRHHRHAOP3XVSLJXESIF4Q\">UTalca invita a visitar muestra de arte cin\u00e9tico durante las vacaciones. Se refiere Marcela Albornoz Dachelet, directora de Extensi\u00f3n Cultural-Art\u00edstica<\/a>.<\/p><p>\u00a0<\/p><p><strong>LA PRENSA<\/strong><\/p><p><a href=\"https:\/\/www.litoralpress.cl\/paginaconsultas\/Servicios_NClipSitio\/Get_Imagen_Nota.aspx?LPKey=GT7GSRZ5CQP5U3FHMYY3IOJHJHEIWJMJ5TKDBO3BSM3NQKIQ2ESUC2M67YU5K3RWU7S3V7E7V3MEM\">UTalca ofrece visitas a sus espacios recreativos y culturales.<\/a><\/p><p>\u00a0<\/p><p><strong>MEDIABANCO.COM<\/strong><\/p><p><a href=\"https:\/\/www.mediabanco.com\/utalca-invita-a-visitar-muestra-de-arte-cinetico-durante-las-vacaciones\/\">UTalca invita a visitar muestra de arte cin\u00e9tico durante las vacaciones. Se refiere Marcela Albornoz Dachelet, directora de Extensi\u00f3n Cultural-Art\u00edstica.<\/a><\/p><p>\u00a0<\/p><p><strong>DIARIOTALCA.CL<\/strong><\/p><p><a href=\"https:\/\/diariotalca.cl\/utalca-mantendra-abiertos-sus-espacios-recreativos-y-culturales\/\">UTalca mantendr\u00e1 abiertos sus espacios recreativos y culturales. Se refiere Marcela Albornoz Dachelet, directora de Extensi\u00f3n Cultural-Art\u00edstica.<\/a><\/p><p>\u00a0<\/p><p><strong>DIARIOLAPRENSA.CL<\/strong><\/p><p><a href=\"https:\/\/new.diariolaprensa.cl\/index.php\/2023\/01\/29\/utalca-invita-durante-las-vacaciones-a-visitar-muestra-de-arte-cinetico\/\">UTalca invita durante las vacaciones a visitar muestra de arte cin\u00e9tico. Se refiere Marcela Albornoz Dachelet, directora de Extensi\u00f3n Cultural-Art\u00edstica.<\/a><\/p><p>\u00a0<\/p><p><strong>ELCENTRO.CL<\/strong><\/p><p><a href=\"https:\/\/elcentro.cl\/2023\/01\/29\/universidad-de-talca-mantendra-abiertos-sus-espacios-recreativos-y-culturales\/\">Universidad de Talca mantendr\u00e1 abiertos sus espacios recreativos y culturales. Se refiere Marcela Albornoz Dachelet, directora de Extensi\u00f3n Cultural-Art\u00edstica.<\/a><\/p><p>\u00a0<\/p><p><strong>ENLINEAMAULE.CL<\/strong><\/p><p><a href=\"https:\/\/enlineamaule.cl\/archivo\/51239\">Espacios recreativos y culturales al aire libre ofrece la universidad de Talca durante las vacaciones de verano. Se refiere Marcela Albornoz Dachelet, directora de Extensi\u00f3n Cultural-Art\u00edstica.<\/a><\/p><p>\u00a0<\/p><p><strong>\u00a0<\/strong><strong>MAULENEWS.COM<\/strong><\/p><p><a href=\"https:\/\/www.maulenews.com\/2023\/01\/verano-en-el-maule-universidad-de-talca.html\">Verano en el Maule: Universidad de Talca mantendr\u00e1 abiertos sus espacios recreativos y culturales. Se refiere Marcela Albornoz Dachelet, directora de Extensi\u00f3n Cultural-Art\u00edstica.<\/a><\/p><p>\u00a0<\/p><p><strong>MAULENEWS.COM<\/strong><\/p><p><a href=\"https:\/\/www.maulenews.com\/2023\/01\/utalca-invita-visitar-muestra-de-arte.html\">UTalca invita a visitar muestra de arte cin\u00e9tico durante las vacaciones. Se refiere Marcela Albornoz Dachelet, directora de Extensi\u00f3n Cultural-Art\u00edstica.<\/a><\/p><p>\u00a0<\/p><p><strong>CAUQUENESNET.CL<\/strong><\/p><p><a href=\"https:\/\/cauquenesnet.cl\/2023\/01\/30\/utalca-invita-a-visitar-muestra-de-arte-cinetico-durante-vacaciones\/\">UTalca invita a visitar muestra de arte cin\u00e9tico durante las vacaciones. Se refiere Marcela Albornoz Dachelet, directora de Extensi\u00f3n Cultural-Art\u00edstica.<\/a><\/p><p>\u00a0<\/p>\t\t\t\t\t\t<\/div>\n\t\t\t\t<\/div>\n\t\t\t\t\t<\/div>\n\t\t<\/div>\n\t\t\t\t\t\t\t<\/div>\n\t\t<\/section>\n\t\t\t\t\t\t<\/div>\n\t\t\t\t\t<\/div>\n\t\t","protected":false},"excerpt":{"rendered":"<p>LA TERCERA El desaf\u00edo digital que tiene la educaci\u00f3n superior en su regreso a clases 2023. Se refiere Paula Caballero, vicerrectora de Desarrollo Estudiantil. \u00a0 EL MERCURIO Universidades toman medidas ante el auge de la inteligencia artificial y los chats predictivos. Se refiere Ariela Vergara, vicerrectora de Innovaci\u00f3n. \u00a0 LATERCERA.COM \u201cLos estudiantes cambiaron\u201d: el desaf\u00edo &hellip;<\/p>\n<p class=\"read-more\"> <a class=\"\" href=\"https:\/\/www.reportedeprensa.utalca.cl\/?p=6514\"> <span class=\"screen-reader-text\">28 de febrero de 2023<\/span> Read More &raquo;<\/a><\/p>\n","protected":false},"author":1,"featured_media":0,"comment_status":"closed","ping_status":"open","sticky":false,"template":"","format":"standard","meta":{"_monsterinsights_skip_tracking":false,"_monsterinsights_sitenote_active":false,"_monsterinsights_sitenote_note":"","_monsterinsights_sitenote_category":0},"categories":[30],"tags":[],"_links":{"self":[{"href":"https:\/\/www.reportedeprensa.utalca.cl\/index.php?rest_route=\/wp\/v2\/posts\/6514"}],"collection":[{"href":"https:\/\/www.reportedeprensa.utalca.cl\/index.php?rest_route=\/wp\/v2\/posts"}],"about":[{"href":"https:\/\/www.reportedeprensa.utalca.cl\/index.php?rest_route=\/wp\/v2\/types\/post"}],"author":[{"embeddable":true,"href":"https:\/\/www.reportedeprensa.utalca.cl\/index.php?rest_route=\/wp\/v2\/users\/1"}],"replies":[{"embeddable":true,"href":"https:\/\/www.reportedeprensa.utalca.cl\/index.php?rest_route=%2Fwp%2Fv2%2Fcomments&post=6514"}],"version-history":[{"count":14,"href":"https:\/\/www.reportedeprensa.utalca.cl\/index.php?rest_route=\/wp\/v2\/posts\/6514\/revisions"}],"predecessor-version":[{"id":6540,"href":"https:\/\/www.reportedeprensa.utalca.cl\/index.php?rest_route=\/wp\/v2\/posts\/6514\/revisions\/6540"}],"wp:attachment":[{"href":"https:\/\/www.reportedeprensa.utalca.cl\/index.php?rest_route=%2Fwp%2Fv2%2Fmedia&parent=6514"}],"wp:term":[{"taxonomy":"category","embeddable":true,"href":"https:\/\/www.reportedeprensa.utalca.cl\/index.php?rest_route=%2Fwp%2Fv2%2Fcategories&post=6514"},{"taxonomy":"post_tag","embeddable":true,"href":"https:\/\/www.reportedeprensa.utalca.cl\/index.php?rest_route=%2Fwp%2Fv2%2Ftags&post=6514"}],"curies":[{"name":"wp","href":"https:\/\/api.w.org\/{rel}","templated":true}]}}