{"id":6541,"date":"2023-03-02T09:15:53","date_gmt":"2023-03-02T12:15:53","guid":{"rendered":"https:\/\/www.reportedeprensa.utalca.cl\/?p=6541"},"modified":"2023-03-02T10:27:35","modified_gmt":"2023-03-02T13:27:35","slug":"02-de-marzo-de-2023","status":"publish","type":"post","link":"https:\/\/www.reportedeprensa.utalca.cl\/?p=6541","title":{"rendered":"02 de marzo de 2023"},"content":{"rendered":"\t\t<div data-elementor-type=\"wp-post\" data-elementor-id=\"6541\" class=\"elementor elementor-6541\" data-elementor-settings=\"[]\">\n\t\t\t\t\t\t\t<div class=\"elementor-section-wrap\">\n\t\t\t\t\t\t\t<section class=\"elementor-section elementor-top-section elementor-element elementor-element-2a4b4b83 elementor-section-boxed elementor-section-height-default elementor-section-height-default\" data-id=\"2a4b4b83\" data-element_type=\"section\">\n\t\t\t\t\t\t<div class=\"elementor-container elementor-column-gap-default\">\n\t\t\t\t\t<div class=\"elementor-column elementor-col-100 elementor-top-column elementor-element elementor-element-24a78540\" data-id=\"24a78540\" data-element_type=\"column\">\n\t\t\t<div class=\"elementor-widget-wrap elementor-element-populated\">\n\t\t\t\t\t\t\t\t<div class=\"elementor-element elementor-element-55b07e54 elementor-widget elementor-widget-text-editor\" data-id=\"55b07e54\" data-element_type=\"widget\" data-widget_type=\"text-editor.default\">\n\t\t\t\t<div class=\"elementor-widget-container\">\n\t\t\t\t\t\t\t\t<p><strong>EL MERCURIO<\/strong><\/p><p><a href=\"https:\/\/www.litoralpress.cl\/sitio\/Prensa_PaginaCompleta.cshtml?LPKey=NEQ7PWWK6LT6HXBSVGEA4X76SRBKND2UPIOKML6BQHUXC4V3A7GA\">Educaci\u00f3n de calidad: el objetivo de la ONU que no se lograr\u00eda cumplir de aqu\u00ed a 2030. Se refiere Mauricio V\u00e9liz Campos, decano de la Facultad de Ciencias de la Educaci\u00f3n.<\/a><\/p><p>\u00a0<\/p><p><strong>T13.CL<\/strong><\/p><p><a href=\"https:\/\/www.t13.cl\/noticia\/nacional\/que-rubros-pueden-sugerir-pago-10-por-ciento-propina-01-03-2023\">\u00bfQu\u00e9 rubros pueden sugerir el pago del 10% de la propina (y cu\u00e1les no)? Se refiere Rodrigo Palomo V\u00e9lez, decano de la Facultad de Ciencias Jur\u00eddicas y Sociales.<\/a><\/p><p>\u00a0<\/p><p><strong>ELMOSTRADOR.CL<\/strong><\/p><p><a href=\"https:\/\/www.elmostrador.cl\/braga\/2023\/02\/27\/biologa-andrea-barrera-es-destacada-como-una-de-las-mejores-cientificas-de-latinoamerica\/\">Bi\u00f3loga Andrea Barrera es destacada como una de las mejores cient\u00edficas de Latinoam\u00e9rica. Se refiere la acad\u00e9mica de la Facultad de Ciencias de la Salud.<\/a><\/p><p>\u00a0<\/p><p><strong>ADPRENSA.CL<\/strong><\/p><p><a href=\"https:\/\/www.adprensa.cl\/cronica\/academica-utalca-es-premiada-como-una-de-las-mejores-cientificas-de-latinoamerica\/\">Acad\u00e9mica UTalca es premiada como una de las mejores cient\u00edficas de Latinoam\u00e9rica. Se refiere Andrea Barrera Valenzuela, profesora de la Facultad de Ciencias de la Salud.<\/a><\/p><p>\u00a0<\/p><p><strong>DIARIOSENRED.COM<\/strong><\/p><p><a href=\"https:\/\/diariosenred.com\/regional\/academica-utalca-es-premiada-como-una-de-las-mejores-cientificas-de\">Acad\u00e9mica UTalca es premiada como una de las mejores cient\u00edficas de Latinoam\u00e9rica. Se refiere Andrea Barrera Valenzuela, profesora de la Facultad de Ciencias de la Salud.<\/a><\/p><p>\u00a0<\/p><p><strong>ROMANTICA.CL<\/strong><\/p><p><a href=\"https:\/\/www.romantica.cl\/mujer\/2023\/02\/28\/25-mujeres-en-la-ciencia-latinoamerica-la-cientifica-chilena-andrea-barrera-fue-reconocida-como-una-de-las-mejores-de-la-region.html\">\u201c25 Mujeres en la Ciencia Latinoam\u00e9rica\u201d: La cient\u00edfica chilena Andrea Barrera fue reconocida como una de las mejores de la regi\u00f3n.<\/a><\/p><p>\u00a0<\/p><p><strong>MASQUENOTICIAS.CL<\/strong><\/p><p><a href=\"https:\/\/masquenoticias.cl\/2023\/02\/27\/academica-utalca-es-premiada-como-una-de-las-mejores-cientificas-de-latinoamerica\/\">Acad\u00e9mica UTalca es premiada como una de las mejores cient\u00edficas de Latinoam\u00e9rica. Se refiere Andrea Barrera Valenzuela, profesora de la Facultad de Ciencias de la Salud.<\/a><\/p><p>\u00a0<\/p><p><strong>MEDIABANCO.COM<\/strong><\/p><p><a href=\"https:\/\/www.mediabanco.com\/academica-utalca-es-premiada-como-una-de-las-mejores-cientificas-de-latinoamerica\/\">Acad\u00e9mica UTalca es premiada como una de las mejores cient\u00edficas de Latinoam\u00e9rica. Se refiere Andrea Barrera Valenzuela, profesora de la Facultad de Ciencias de la Salud.<\/a><\/p><p>\u00a0<\/p><p><strong>EL HERALDO<\/strong><\/p><p><a href=\"https:\/\/www.litoralpress.cl\/paginaconsultas\/Servicios_NClipSitio\/Get_Imagen_Nota.aspx?LPKey=JTHDISNCOEAFOQ7MP3DM4GFNNIYB2UYV3C4RAWWJXFWJWI5QSOYCFBZPUE577VN4JOZ2IRE357RVO\">Acad\u00e9mica UTalca es premiada como una de las mejores cient\u00edficas de Latinoam\u00e9rica. Se refiere Andrea Barrera Valenzuela, profesora de la Facultad de Ciencias de la Salud.<\/a><\/p><p>\u00a0<\/p><p><strong>EL LECTOR<\/strong><\/p><p><a href=\"https:\/\/www.litoralpress.cl\/paginaconsultas\/Servicios_NClipSitio\/Get_Imagen_Nota.aspx?LPKey=6NLI5L4V4EOKUR2XZD4R6DODM6C2N5OVQ3VHOQGETPNOEGRH4PTZACY7YFIZWWEYGB6ZT67N6P2BW\">Acad\u00e9mica UTalca es premiada como una de las mejores cient\u00edficas de Latinoam\u00e9rica. Se refiere Andrea Barrera Valenzuela, profesora de la Facultad de Ciencias de la Salud.<\/a><\/p><p>\u00a0<\/p><p><strong>LA PRENSA<\/strong><\/p><p><a href=\"https:\/\/www.litoralpress.cl\/paginaconsultas\/Servicios_NClipSitio\/Get_Imagen_Nota.aspx?LPKey=TAAXAAKDYHLNIM3ON3UVXP6APR7YSMZ2GBX5Y7SKJRITJ6ZH2QZ2CJ3ANQV3CQJZDTKTOYMY7NMAK\">Cient\u00edfica de la UTalca es destacada a nivel continental por aporte a la Investigaci\u00f3n. Se refiere Andrea Barrera Valenzuela, profesora de la Facultad de Ciencias de la Salud.<\/a><\/p><p>\u00a0<\/p><p><strong>CANAL TVN RED MAULE<\/strong><\/p><p><a href=\"https:\/\/www.litoralpress.cl\/sitio\/RadioTV_Detalles.cshtml?LPKey=EOJUM3HYPSIDAIT5HVAG3U65D2TTM3FFH37BLLIQU6F6Y2MXYMAZAP3GGUDKYBJPYUTOYQS4KYESY\">Premian a cient\u00edfica de la U. de Talca. Se menciona a Andrea Barrera Valenzuela, profesora de la Facultad de Ciencias de la Salud.<\/a><\/p><p>\u00a0<\/p><p><strong>REDMAULE.COM<\/strong><\/p><p><a href=\"https:\/\/www.redmaule.com\/regional\/academica-utalca-es-premiada-como-una-de-las-mejores-cientificas-de\">Acad\u00e9mica UTalca es premiada como una de las mejores cient\u00edficas de Latinoam\u00e9rica. Se refiere Andrea Barrera Valenzuela, profesora de la Facultad de Ciencias de la Salud.<\/a><\/p><p>\u00a0<\/p><p><strong>MAULENEWS.COM<\/strong><\/p><p><a href=\"https:\/\/www.maulenews.com\/2023\/02\/academica-utalca-es-premiada-como-una.html\">Acad\u00e9mica UTalca es premiada como una de las mejores cient\u00edficas de Latinoam\u00e9rica. Se refiere Andrea Barrera Valenzuela, profesora de la Facultad de Ciencias de la Salud.<\/a><\/p><p>\u00a0<\/p><p><strong>MAULEHOY.CL<\/strong><\/p><p><a href=\"https:\/\/maulehoy.cl\/2023\/02\/28\/academica-de-la-universidad-de-talca-es-premiada-como-una-de-las-mejores-cientificas-de-latinoamerica\/\">Acad\u00e9mica UTalca es premiada como una de las mejores cient\u00edficas de Latinoam\u00e9rica. Se refiere Andrea Barrera Valenzuela, profesora de la Facultad de Ciencias de la Salud.<\/a><\/p><p>\u00a0<\/p><p><strong>DIARIOELHERALDO.CL<\/strong><\/p><p><a href=\"https:\/\/www.diarioelheraldo.cl\/noticia\/academica-utalca-es-premiada-como-una-de-las-mejores-cientificas-de-latinoamerica-\">Acad\u00e9mica UTalca es premiada como una de las mejores cient\u00edficas de Latinoam\u00e9rica. Se refiere Andrea Barrera Valenzuela, profesora de la Facultad de Ciencias de la Salud.<\/a><\/p><p>\u00a0<\/p><p><strong>G5NOTICIAS.CL<\/strong><\/p><p><a href=\"https:\/\/g5noticias.cl\/2023\/02\/27\/academica-utalca-es-premiada-como-una-de-las-mejores-cientificas-de-latinoamerica\/\">Acad\u00e9mica UTalca es premiada como una de las mejores cient\u00edficas de Latinoam\u00e9rica. Se refiere Andrea Barrera Valenzuela, profesora de la Facultad de Ciencias de la Salud.<\/a><\/p><p>\u00a0<\/p><p><strong>RADIO BIO B\u00cdO<\/strong><\/p><p><a href=\"https:\/\/www.litoralpress.cl\/sitio\/RadioTV_Detalles.cshtml?LPKey=3FS63CI2SEPZJOKVYWNZIUWCPA5W76CU7EA2X73PAF7JBJTIK5D27ITBHEDO7RAWJQYZMZAOY4XBA\">Ampl\u00edan la poblaci\u00f3n objetivo que debe vacunarse contra la viruela s\u00edmica. Se refiere Mar\u00eda Ester Mu\u00f1oz, acad\u00e9mica de la Facultad de Ciencias de la Salud.<\/a><\/p><p>\u00a0<\/p><p><strong>ELCIUDADANO.COM<\/strong><\/p><p><a href=\"https:\/\/www.elciudadano.com\/chile\/preocupacion-por-aumento-de-la-sifilis-entre-la-poblacion-joven-de-chile-casos-se-dispararon-en-2022\/03\/01\/\">Preocupaci\u00f3n por aumento de la s\u00edfilis entre la poblaci\u00f3n joven de Chile: Casos se dispararon en 2022. Se refiere Sergio Wehinger, director del Mag\u00edster en Ciencias Biom\u00e9dicas.<\/a><\/p><p>\u00a0<\/p><p><strong>RADIO BIO B\u00cdO DE VALPARA\u00cdSO<\/strong><\/p><p><a href=\"https:\/\/www.litoralpress.cl\/sitio\/RadioTV_Detalles.cshtml?LPKey=ECTTCHZUCPNZHQ2COOJ2PGUU7OI7YRINJ4XUINYHFF5MALCDCWHFYU2GOP36DS5XAGD3734NDHSX4\">Entrevista a Daniel Jim\u00e9nez Acu\u00f1a, director de Salud del Estudiante.<\/a><\/p><p>\u00a0<\/p><p><strong>RADIO AMIGA<\/strong><\/p><p><a href=\"https:\/\/www.litoralpress.cl\/sitio\/RadioTV_Detalles.cshtml?LPKey=SZXXN4ZWXCU3V5WYE3P4MQ3JZBILI7DVSZKXXKWZTBNY6KRCTRGA2YJJNZRAXQQRZCAL7Q57XA7XC\">Preocupaci\u00f3n entre las autoridades de la salud por el bajo porcentaje de vacunados con bivalente. Se refiere \u00c9rika Retamal Contreras, directora del Departamento de Salud P\u00fablica.<\/a><\/p><p>\u00a0<\/p><p><strong>MEDIABANCO.COM<\/strong><\/p><p><a href=\"https:\/\/www.mediabanco.com\/influenza-aviar-especialista-entrega-recomendaciones-para-evitar-contagios\/\">Influenza Aviar: especialista entrega recomendaciones para evitar contagios. Se refiere Daniel Jim\u00e9nez Acu\u00f1a, director de Salud del Estudiante.<\/a><\/p><p>\u00a0<\/p><p><strong>SEPTIMAPAGINANOTICIAS.CL<\/strong><\/p><p><a href=\"https:\/\/www.septimapaginanoticias.cl\/influenza-aviar-especialista-entrega-recomendaciones-para-evitar-contagios\">Influenza Aviar: especialista entrega recomendaciones para evitar contagios. Se refiere Daniel Jim\u00e9nez Acu\u00f1a, director de Salud del Estudiante.<\/a><\/p><p>\u00a0<\/p><p><strong>ELALFA.CL<\/strong><\/p><p><a href=\"https:\/\/elalfa.cl\/index.php\/2023\/03\/01\/influenza-aviar-especialista-entrega-recomendaciones-para-evitar-contagios\/\">Influenza Aviar: especialista entrega recomendaciones para evitar contagios. Se refiere Daniel Jim\u00e9nez Acu\u00f1a, director de Salud del Estudiante.<\/a><\/p><p>\u00a0<\/p><p><strong>VGRAFICO.CL<\/strong><\/p><p><a href=\"https:\/\/vgrafico.cl\/2023\/03\/01\/influenza-aviar\/\">Influenza Aviar: especialista entrega recomendaciones para evitar contagios. Se refiere Daniel Jim\u00e9nez Acu\u00f1a, director de Salud del Estudiante.<\/a><\/p><p>\u00a0<\/p><p><strong>EL HERALDO<\/strong><\/p><p><a href=\"https:\/\/www.litoralpress.cl\/paginaconsultas\/Servicios_NClipSitio\/Get_Imagen_Nota.aspx?LPKey=M3RUNVOZVJ37SV6A4IJUZXVNJ6RH5V5GEIU2IRSTIUS6P73YWFIT35BOI3RE32YBLG2ZLP562FMHK\">Carreras t\u00e9cnicas de la UTalca certifican excelencia por 6 a\u00f1os. Se refiere Patricio G\u00f3mez Arismendi, director del Campus Colchagua.\u00a0<\/a><\/p><p>\u00a0<\/p><p><strong>EL LECTOR<\/strong><\/p><p><a href=\"https:\/\/www.litoralpress.cl\/paginaconsultas\/Servicios_NClipSitio\/Get_Imagen_Nota.aspx?LPKey=ZXSRXNJ6RCMYX5NRLYOXOAZAFSV7IV6TWOMVEMWUL3WWVCXSZIJ5WNTB23PSG6B64WWD7SOG3VK4W\">Carreras t\u00e9cnicas de la UTalca certifican excelencia por 6 a\u00f1os. Se refiere Patricio G\u00f3mez Arismendi, director del Campus Colchagua.\u00a0<\/a><\/p><p>\u00a0<\/p><p><strong>DIARIOTALCA.CL<\/strong><\/p><p><a href=\"https:\/\/diariotalca.cl\/carreras-tecnicas-utalca-certifican-excelencia-con-acreditacion-por-6-anos\/\">Carreras t\u00e9cnicas de la UTalca certifican excelencia por 6 a\u00f1os. Se refiere Patricio G\u00f3mez Arismendi, director del Campus Colchagua.\u00a0<\/a><\/p><p>\u00a0<\/p><p><strong>MAULENEWS.COM<\/strong><\/p><p><a href=\"https:\/\/www.maulenews.com\/2023\/02\/carreras-tecnicas-de-la-utalca.html\">Carreras t\u00e9cnicas de la UTalca certifican excelencia por 6 a\u00f1os. Se refiere Patricio G\u00f3mez Arismendi, director del Campus Colchagua.\u00a0<\/a><\/p><p>\u00a0<\/p><p><strong>RADIO MAN\u00cdA<\/strong><\/p><p><a href=\"https:\/\/www.litoralpress.cl\/sitio\/RadioTV_Detalles.cshtml?LPKey=PLTNKOY5YFDNPXURB2TAXR73WXAC2ZON6EWILVYOFXKZZL2J3KD5S35U656I7K73CGECCU4WBH5W6\">Entrevista a Anyelina Riveros, Coordinadora de la carrera de T\u00e9cnico Superior en Turismo Enol\u00f3gico.<\/a><\/p><p>\u00a0<\/p><p><strong>CANAL CONTIVISI\u00d3N<\/strong><\/p><p><a href=\"https:\/\/www.litoralpress.cl\/sitio\/RadioTV_Detalles.cshtml?LPKey=JKAEV4TE2WCDY3FE4KKO4WKZSNNMNPGGTPBU6P73DC2OOSG2EVB5GR2EDTWW7NOISCI26JZJZNIKK\">Preocupaci\u00f3n por nueva ola de calor. Se refiere Patricio Gonz\u00e1lez Colville, acad\u00e9mico del Centro de Investigaci\u00f3n y Transferencia en Riego y Agroclimatolog\u00eda (CITRA).<\/a><\/p><p>\u00a0<\/p><p><strong>CANAL TVN RED MAULE<\/strong><\/p><p><a href=\"https:\/\/www.litoralpress.cl\/sitio\/RadioTV_Detalles.cshtml?LPKey=YBQIIIA6B4CASSGDPGH5TV2S5PVTUJEEYPECS7PUCOUAHBHMSSBPF5QFB2TFYFA45RSQNL7WWCPJE\">Aplicaci\u00f3n m\u00f3vil busca revalorizar historia de Talca. Se refiere V\u00edctor Letelier, acad\u00e9mico de la Facultad de Arquitectura, M\u00fasica y Dise\u00f1o.<\/a><\/p><p>\u00a0<\/p><p><strong>RADIO LAUTARO<\/strong><\/p><p><a href=\"https:\/\/www.litoralpress.cl\/sitio\/RadioTV_Detalles.cshtml?LPKey=W4NXXNTECKBBZ433EELPZBPYTDAVNYTJKJFM5P4PAIM4AN2PLFQNVB6IOAUC7UWZKASBXZTEMXLGU\">Entrevista a Andrea Bentancor, acad\u00e9mica de la Facultad de Econom\u00eda y Negocios (FEN).<\/a><\/p><p>\u00a0<\/p><p><strong>RADIO COOPERATIVA<\/strong><\/p><p><a href=\"https:\/\/www.litoralpress.cl\/sitio\/RadioTV_Detalles.cshtml?LPKey=7SGRX66QBOIAUBCIJM4BX3RPHYQ534WICJCAFNP4XTL5TWNOYX5OTDIJGCO5JFUAZPGVPWSSER3TA\">El desempleo lleg\u00f3 a un 8% en el trimestre m\u00f3vil noviembre-enero. Se refiere Rodrigo Saens Navarrete, acad\u00e9mico de la Facultad de Econom\u00eda y Negocios (FEN).<\/a><\/p><p>\u00a0<\/p><p><strong>CANAL TVN RED MAULE<\/strong><\/p><p><a href=\"https:\/\/www.litoralpress.cl\/sitio\/RadioTV_Detalles.cshtml?LPKey=2EVJABGB4H2JECBMZTVPWEFZ25RP57EEI25PVHH7NFV5MRJR6GJ5GH6DCKO74DFX2IPP7UGUQRI5A\">INE informa de aumento de desempleo en los \u00faltimos 12 meses. Se refiere Jorge Navarrete Bustamante, acad\u00e9mico de la Facultad de Econom\u00eda y Negocios (FEN).<\/a><\/p><p>\u00a0<\/p><p><strong>CANAL TVN RED MAULE<\/strong><\/p><p><a href=\"https:\/\/www.litoralpress.cl\/sitio\/RadioTV_Detalles.cshtml?LPKey=UPFSKOYRK6BOEBRFEQVP32P64RJYX423WWVXMCVZHZYTB2QE2OQVTU4NKG2VZKHEBEUCZ54PPPOU6\">Preocupaci\u00f3n por d\u00e9ficit de microbuses en circulaci\u00f3n en el Maule. Se refiere V\u00edctor Iturra Rivera, acad\u00e9mico de la Facultad de Econom\u00eda y Negocios (FEN).<\/a><\/p><p>\u00a0<\/p><p><strong>LA SEGUNDA<\/strong><\/p><p><a href=\"https:\/\/www.litoralpress.cl\/sitio\/Prensa_PaginaCompleta.cshtml?LPKey=IOA4L2DR73I42TLH6HH2AMG3HU2QIUFZM27ID63WRJD7R5W2FQGA\">Alcaldes de izquierda a la baja: \u00bfRelato arrogante, mala gesti\u00f3n o arrastrados por el gobierno? Se refiere Mauricio Morales Quiroga, director del Centro de An\u00e1lisis Pol\u00edtico (CAP).<\/a><\/p><p>\u00a0<\/p><p><strong>CANAL MEGA<\/strong><\/p><p><a href=\"https:\/\/www.litoralpress.cl\/sitio\/RadioTV_Detalles.cshtml?LPKey=LAHD7EEKUBCN3B5K6O6PHQ5ZSQD4XVSXTSZGTLGVUJHVUWFEPHMSYJW55HBN7UUXVPOUCUMIXGRWS\">Proceso constituyente calienta motores. Se refiere Mauricio Morales Quiroga, director del Centro de An\u00e1lisis Pol\u00edtico (CAP).<\/a><\/p><p>\u00a0<\/p><p><strong>RADIO INFINITA<\/strong><\/p><p><a href=\"https:\/\/www.litoralpress.cl\/sitio\/RadioTV_Detalles.cshtml?LPKey=O6RGJZ2GJFGAVMOKDHVJTQ34L3FL4CUBLNBCFIKAJNS4JD3L4OUEJ275CWWMKRUGACZS4Y6T22MN6\">Comentario de Mauricio Morales Quiroga, director del Centro de An\u00e1lisis Pol\u00edtico (CAP).<\/a><\/p><p>\u00a0<\/p><p><strong>RADIO INFINITA<\/strong><\/p><p><a href=\"https:\/\/www.litoralpress.cl\/sitio\/RadioTV_Detalles.cshtml?LPKey=TH6LIAUAAOJUJNNLIIJNZAKFF3UFIYLICV7GNZ6UIKO3IIO7R5FHRJF6TKAWFJSPL5LFXD3TXJVMM\">Comentario de Mauricio Morales Quiroga, director del Centro de An\u00e1lisis Pol\u00edtico (CAP).<\/a><\/p><p>\u00a0<\/p><p><strong>RADIO AGRICULTURA<\/strong><\/p><p><a href=\"https:\/\/www.litoralpress.cl\/sitio\/RadioTV_Detalles.cshtml?LPKey=BR6D6YVCDO3CZ4J3O22YMAIM3KNT4NNOWJNHWF6XIMZL5CDKHEQ4G3V77ARHXDXI75D5TK3ZELIQK\">Gobierno respondi\u00f3 a rumores por cambio de gabinete. Se refiere Mauricio Morales Quiroga, director del Centro de An\u00e1lisis Pol\u00edtico (CAP).<\/a><\/p><p>\u00a0<\/p><p><strong>LATERCERA.COM<\/strong><\/p><p><a href=\"https:\/\/www.latercera.com\/opinion\/noticia\/columna-de-mauricio-morales-cambiar-hasta-que-duela\/4USENCKURZHZRM5Q4ONSNV52C4\/\">Cambiar hasta que duela. Columna de opini\u00f3n de Mauricio Morales Quiroga, director del Centro de An\u00e1lisis Pol\u00edtico (CAP).<\/a><\/p><p>\u00a0<\/p><p><strong>MEGANOTICIAS.CL<\/strong><\/p><p><a href=\"https:\/\/www.meganoticias.cl\/nacional\/406806-mauricio-morales-academico-cadem-encuesta-gobiernos-anteriores-salvador-allende-augusto-pinochet-26-02-2023.html\">&#8220;Allende versus Pinochet&#8221;: Mauricio Morales y su an\u00e1lisis de los \u00faltimos resultados de la encuesta Cadem. Se refiere el director del Centro de An\u00e1lisis Pol\u00edtico (CAP).<\/a><\/p><p>\u00a0<\/p><p><strong>EMOL.COM<\/strong><\/p><p><a href=\"https:\/\/www.emol.com\/noticias\/Nacional\/2023\/02\/28\/1087906\/presidente-boric-aniversario-gobierno-analisis.html\">Plebiscito, estados de excepci\u00f3n, TPP11: Los hechos y medidas que forzaron al Gobierno a cambiar su agenda en su primer a\u00f1o. Se refiere Mauricio Morales Quiroga, director del Centro de An\u00e1lisis Pol\u00edtico (CAP).<\/a><\/p><p>\u00a0<\/p>\t\t\t\t\t\t<\/div>\n\t\t\t\t<\/div>\n\t\t\t\t\t<\/div>\n\t\t<\/div>\n\t\t\t\t\t\t\t<\/div>\n\t\t<\/section>\n\t\t\t\t\t\t<\/div>\n\t\t\t\t\t<\/div>\n\t\t","protected":false},"excerpt":{"rendered":"<p>EL MERCURIO Educaci\u00f3n de calidad: el objetivo de la ONU que no se lograr\u00eda cumplir de aqu\u00ed a 2030. Se refiere Mauricio V\u00e9liz Campos, decano de la Facultad de Ciencias de la Educaci\u00f3n. \u00a0 T13.CL \u00bfQu\u00e9 rubros pueden sugerir el pago del 10% de la propina (y cu\u00e1les no)? Se refiere Rodrigo Palomo V\u00e9lez, decano &hellip;<\/p>\n<p class=\"read-more\"> <a class=\"\" href=\"https:\/\/www.reportedeprensa.utalca.cl\/?p=6541\"> <span class=\"screen-reader-text\">02 de marzo de 2023<\/span> Read More &raquo;<\/a><\/p>\n","protected":false},"author":1,"featured_media":0,"comment_status":"closed","ping_status":"open","sticky":false,"template":"","format":"standard","meta":{"_monsterinsights_skip_tracking":false,"_monsterinsights_sitenote_active":false,"_monsterinsights_sitenote_note":"","_monsterinsights_sitenote_category":0},"categories":[31],"tags":[],"_links":{"self":[{"href":"https:\/\/www.reportedeprensa.utalca.cl\/index.php?rest_route=\/wp\/v2\/posts\/6541"}],"collection":[{"href":"https:\/\/www.reportedeprensa.utalca.cl\/index.php?rest_route=\/wp\/v2\/posts"}],"about":[{"href":"https:\/\/www.reportedeprensa.utalca.cl\/index.php?rest_route=\/wp\/v2\/types\/post"}],"author":[{"embeddable":true,"href":"https:\/\/www.reportedeprensa.utalca.cl\/index.php?rest_route=\/wp\/v2\/users\/1"}],"replies":[{"embeddable":true,"href":"https:\/\/www.reportedeprensa.utalca.cl\/index.php?rest_route=%2Fwp%2Fv2%2Fcomments&post=6541"}],"version-history":[{"count":10,"href":"https:\/\/www.reportedeprensa.utalca.cl\/index.php?rest_route=\/wp\/v2\/posts\/6541\/revisions"}],"predecessor-version":[{"id":6557,"href":"https:\/\/www.reportedeprensa.utalca.cl\/index.php?rest_route=\/wp\/v2\/posts\/6541\/revisions\/6557"}],"wp:attachment":[{"href":"https:\/\/www.reportedeprensa.utalca.cl\/index.php?rest_route=%2Fwp%2Fv2%2Fmedia&parent=6541"}],"wp:term":[{"taxonomy":"category","embeddable":true,"href":"https:\/\/www.reportedeprensa.utalca.cl\/index.php?rest_route=%2Fwp%2Fv2%2Fcategories&post=6541"},{"taxonomy":"post_tag","embeddable":true,"href":"https:\/\/www.reportedeprensa.utalca.cl\/index.php?rest_route=%2Fwp%2Fv2%2Ftags&post=6541"}],"curies":[{"name":"wp","href":"https:\/\/api.w.org\/{rel}","templated":true}]}}