{"id":6565,"date":"2023-03-03T13:15:55","date_gmt":"2023-03-03T16:15:55","guid":{"rendered":"https:\/\/www.reportedeprensa.utalca.cl\/?p=6565"},"modified":"2023-03-03T13:22:05","modified_gmt":"2023-03-03T16:22:05","slug":"03-de-marzo-de-2023","status":"publish","type":"post","link":"https:\/\/www.reportedeprensa.utalca.cl\/?p=6565","title":{"rendered":"03 de marzo de 2023"},"content":{"rendered":"\t\t<div data-elementor-type=\"wp-post\" data-elementor-id=\"6565\" class=\"elementor elementor-6565\" data-elementor-settings=\"[]\">\n\t\t\t\t\t\t\t<div class=\"elementor-section-wrap\">\n\t\t\t\t\t\t\t<section class=\"elementor-section elementor-top-section elementor-element elementor-element-2a4b4b83 elementor-section-boxed elementor-section-height-default elementor-section-height-default\" data-id=\"2a4b4b83\" data-element_type=\"section\">\n\t\t\t\t\t\t<div class=\"elementor-container elementor-column-gap-default\">\n\t\t\t\t\t<div class=\"elementor-column elementor-col-100 elementor-top-column elementor-element elementor-element-24a78540\" data-id=\"24a78540\" data-element_type=\"column\">\n\t\t\t<div class=\"elementor-widget-wrap elementor-element-populated\">\n\t\t\t\t\t\t\t\t<div class=\"elementor-element elementor-element-55b07e54 elementor-widget elementor-widget-text-editor\" data-id=\"55b07e54\" data-element_type=\"widget\" data-widget_type=\"text-editor.default\">\n\t\t\t\t<div class=\"elementor-widget-container\">\n\t\t\t\t\t\t\t\t<p><strong>ADPRENSA.CL<\/strong><\/p><p><a href=\"https:\/\/www.adprensa.cl\/cronica\/universidad-de-talca-da-la-bienvenida-a-mas-de-2-mil-nuevos-estudiantes\/\">Universidad de Talca da la bienvenida a m\u00e1s de 2 mil nuevos estudiantes. Se refiere Paula Manr\u00edquez Novoa, vicerrectora de Pregrado; Paula Caballero Moyano, vicerrectora de Desarrollo Estudiantil; Marlene Guti\u00e9rrez Urzua, directora del Programa de Formaci\u00f3n Fundamental (PFF); y los estudiantes Nicol\u00e1s Y\u00e1\u00f1ez Amigo y Nallely D\u00edaz Gonz\u00e1lez.<\/a><\/p><p>\u00a0<\/p><p><strong>MEDIABANCO.COM<\/strong><\/p><p><a href=\"https:\/\/www.mediabanco.com\/universidad-de-talca-da-la-bienvenida-a-mas-de-2-mil-nuevos-estudiantes\/\">Universidad de Talca da la bienvenida a m\u00e1s de 2 mil nuevos estudiantes. Se refiere Paula Manr\u00edquez Novoa, vicerrectora de Pregrado; Paula Caballero Moyano, vicerrectora de Desarrollo Estudiantil; Marlene Guti\u00e9rrez Urzua, directora del Programa de Formaci\u00f3n Fundamental (PFF); y los estudiantes Nicol\u00e1s Y\u00e1\u00f1ez Amigo y Nallely D\u00edaz Gonz\u00e1lez.<\/a><\/p><p>\u00a0<\/p><p><strong>MASQUENOTICIAS.CL<\/strong><\/p><p><a href=\"https:\/\/masquenoticias.cl\/2023\/03\/02\/universidad-de-talca-da-la-bienvenida-a-mas-de-2-mil-nuevos-estudiantes\/\">Universidad de Talca da la bienvenida a m\u00e1s de 2 mil nuevos estudiantes. Se refiere Paula Manr\u00edquez Novoa, vicerrectora de Pregrado; Paula Caballero Moyano, vicerrectora de Desarrollo Estudiantil; Marlene Guti\u00e9rrez Urzua, directora del Programa de Formaci\u00f3n Fundamental (PFF); y los estudiantes Nicol\u00e1s Y\u00e1\u00f1ez Amigo y Nallely D\u00edaz Gonz\u00e1lez.<\/a><\/p><p>\u00a0<\/p><p><strong>ELCENTRO.CL<\/strong><\/p><p><a href=\"https:\/\/elcentro.cl\/2023\/03\/02\/universidad-de-talca-da-la-bienvenida-a-mas-de-2-mil-nuevos-estudiantes\/\">Universidad de Talca da la bienvenida a m\u00e1s de 2 mil nuevos estudiantes. Se refiere Paula Manr\u00edquez Novoa, vicerrectora de Pregrado; Paula Caballero Moyano, vicerrectora de Desarrollo Estudiantil; Marlene Guti\u00e9rrez Urzua, directora del Programa de Formaci\u00f3n Fundamental (PFF); y los estudiantes Nicol\u00e1s Y\u00e1\u00f1ez Amigo y Nallely D\u00edaz Gonz\u00e1lez.<\/a><\/p><p>\u00a0<\/p><p><strong>ELMOSTRADOR.CL<\/strong><\/p><p><a href=\"https:\/\/www.elmostrador.cl\/agenda-pais\/2023\/03\/02\/influenza-aviar-especialista-entrega-recomendaciones-para-evitar-contagios\/\">Influenza Aviar: especialista entrega recomendaciones para evitar contagios. Se refiere Daniel Jim\u00e9nez Acu\u00f1a, director de Salud del Estudiante.<\/a><\/p><p>\u00a0<\/p><p><strong>EL LECTOR<\/strong><\/p><p><a href=\"https:\/\/www.litoralpress.cl\/paginaconsultas\/Servicios_NClipSitio\/Get_Imagen_Nota.aspx?LPKey=BFP5NASVQLV52KSC5IHB77ZOYEOQIENPLNH67DJIMKSLNA3MHMGFRARBVLZ5JEJ7TRZLQSTX5IYW6\">Influenza Aviar: especialista entrega recomendaciones para evitar contagios. Se refiere Daniel Jim\u00e9nez Acu\u00f1a, director de Salud del Estudiante.<\/a><\/p><p>\u00a0<\/p><p><strong>LA PRENSA<\/strong><\/p><p><a href=\"https:\/\/www.litoralpress.cl\/paginaconsultas\/Servicios_NClipSitio\/Get_Imagen_Nota.aspx?LPKey=K3Z6NUHCK7YFKPKIBJ265UBVKPDUWOGODV3SX2H3QR4IPVYREWDFIUYNXH3TTKIQVS6KIIYL77AIU\">Llaman a prevenir contagios con fiebre aviar. Se refiere Daniel Jim\u00e9nez Acu\u00f1a, director de Salud del Estudiante.<\/a><\/p><p>\u00a0<\/p><p><strong>DIARIOTALCA.CL<\/strong><\/p><p><a href=\"https:\/\/diariotalca.cl\/influenza-aviar-entregan-recomendaciones-para-evitar-contagios\/\">Influenza Aviar: entregan recomendaciones para evitar contagios. Se refiere Daniel Jim\u00e9nez Acu\u00f1a, director de Salud del Estudiante.<\/a><\/p><p>\u00a0<\/p><p><strong>G5NOTICIAS.CL<\/strong><\/p><p><a href=\"https:\/\/g5noticias.cl\/2023\/03\/02\/influenza-aviar-especialista-entrega-recomendaciones-para-evitar-contagios\/\">Llaman a prevenir contagios con fiebre aviar. Se refiere Daniel Jim\u00e9nez Acu\u00f1a, director de Salud del Estudiante.<\/a><\/p><p>\u00a0<\/p><p><strong>RADIO AMIGA<\/strong><\/p><p><a href=\"https:\/\/www.litoralpress.cl\/sitio\/RadioTV_Detalles.cshtml?LPKey=6URL4ZG7VUJE6K35FSDI7LIXZDTTZDS6OSRQWD7DC5JWHGRJIP3UTFXLG2RC3NH3EZYZCHZE3COWO\">C\u00f3mo preparar a los ni\u00f1os en el regreso a clases. Se refiere Pablo L\u00f3pez Alegr\u00eda, director de la Escuela de Terapia Ocupacional.<\/a><\/p><p>\u00a0<\/p><p><strong>CANAL TVN RED AUSTRAL<\/strong><\/p><p><a href=\"https:\/\/www.litoralpress.cl\/sitio\/RadioTV_Detalles.cshtml?LPKey=KWHUEYHRQ2OYFGPZICW56NR4ZNJMLWZ6MVZZ7HPXIXLML2755WQH4RBDIUPZW4ZFX3ZDT2IYAWUXK\">Estrategia para alivianar el golpe al bolsillo en marzo. Se refiere Juan Andr\u00e9s Riquelme Won, director del Mag\u00edster en Econom\u00eda.<\/a><\/p><p>\u00a0<\/p><p><strong>LA TERCERA<\/strong><\/p><p><a href=\"https:\/\/www.litoralpress.cl\/paginaconsultas\/Servicios_NClipSitio\/Get_Imagen_Nota.aspx?LPKey=5SLFOD6P2M4Q5BNYZ7Q5ELH5PEAZQ27LFARVLDY6R7TOM7FMJ6JJOSH6GAB7LHWUANOUALZGWBQ26\">Cambiar hasta que duela. Columna de opini\u00f3n de Mauricio Morales Quiroga, director del Centro de An\u00e1lisis Pol\u00edtico (CAP).<\/a><\/p><p>\u00a0<\/p><p><strong>RADIO INFINITA<\/strong><\/p><p><a href=\"https:\/\/www.litoralpress.cl\/sitio\/RadioTV_Detalles.cshtml?LPKey=7BRBKP2WOIGD46G3GQPRZ7U7BJXIXMVYP4BWJFPICOWT7GVUA4PMTMQ33TPNLKZEOF2DN6JG24TI6\">Comentario de Mauricio Morales Quiroga, director del Centro de An\u00e1lisis Pol\u00edtico (CAP).<\/a><\/p><p>\u00a0<\/p><p><strong>RADIO GUAYAC\u00c1N<\/strong><\/p><p><a href=\"https:\/\/www.litoralpress.cl\/sitio\/RadioTV_Detalles.cshtml?LPKey=LK4FJP7TONCJ2J36MLM4TEAHB4JLBYVE2VTMPHKWTJPRKAXB725HZDCM7J6MTNYBONUUYUIGNGTR6\">Entrevista a Mario Herrera, acad\u00e9mico del Centro de An\u00e1lisis Pol\u00edtico (CAP).<\/a><\/p><p>\u00a0<\/p>\t\t\t\t\t\t<\/div>\n\t\t\t\t<\/div>\n\t\t\t\t\t<\/div>\n\t\t<\/div>\n\t\t\t\t\t\t\t<\/div>\n\t\t<\/section>\n\t\t\t\t\t\t<\/div>\n\t\t\t\t\t<\/div>\n\t\t","protected":false},"excerpt":{"rendered":"<p>ADPRENSA.CL Universidad de Talca da la bienvenida a m\u00e1s de 2 mil nuevos estudiantes. Se refiere Paula Manr\u00edquez Novoa, vicerrectora de Pregrado; Paula Caballero Moyano, vicerrectora de Desarrollo Estudiantil; Marlene Guti\u00e9rrez Urzua, directora del Programa de Formaci\u00f3n Fundamental (PFF); y los estudiantes Nicol\u00e1s Y\u00e1\u00f1ez Amigo y Nallely D\u00edaz Gonz\u00e1lez. \u00a0 MEDIABANCO.COM Universidad de Talca da &hellip;<\/p>\n<p class=\"read-more\"> <a class=\"\" href=\"https:\/\/www.reportedeprensa.utalca.cl\/?p=6565\"> <span class=\"screen-reader-text\">03 de marzo de 2023<\/span> Read More &raquo;<\/a><\/p>\n","protected":false},"author":1,"featured_media":0,"comment_status":"closed","ping_status":"open","sticky":false,"template":"","format":"standard","meta":{"_monsterinsights_skip_tracking":false,"_monsterinsights_sitenote_active":false,"_monsterinsights_sitenote_note":"","_monsterinsights_sitenote_category":0},"categories":[31],"tags":[],"_links":{"self":[{"href":"https:\/\/www.reportedeprensa.utalca.cl\/index.php?rest_route=\/wp\/v2\/posts\/6565"}],"collection":[{"href":"https:\/\/www.reportedeprensa.utalca.cl\/index.php?rest_route=\/wp\/v2\/posts"}],"about":[{"href":"https:\/\/www.reportedeprensa.utalca.cl\/index.php?rest_route=\/wp\/v2\/types\/post"}],"author":[{"embeddable":true,"href":"https:\/\/www.reportedeprensa.utalca.cl\/index.php?rest_route=\/wp\/v2\/users\/1"}],"replies":[{"embeddable":true,"href":"https:\/\/www.reportedeprensa.utalca.cl\/index.php?rest_route=%2Fwp%2Fv2%2Fcomments&post=6565"}],"version-history":[{"count":7,"href":"https:\/\/www.reportedeprensa.utalca.cl\/index.php?rest_route=\/wp\/v2\/posts\/6565\/revisions"}],"predecessor-version":[{"id":6575,"href":"https:\/\/www.reportedeprensa.utalca.cl\/index.php?rest_route=\/wp\/v2\/posts\/6565\/revisions\/6575"}],"wp:attachment":[{"href":"https:\/\/www.reportedeprensa.utalca.cl\/index.php?rest_route=%2Fwp%2Fv2%2Fmedia&parent=6565"}],"wp:term":[{"taxonomy":"category","embeddable":true,"href":"https:\/\/www.reportedeprensa.utalca.cl\/index.php?rest_route=%2Fwp%2Fv2%2Fcategories&post=6565"},{"taxonomy":"post_tag","embeddable":true,"href":"https:\/\/www.reportedeprensa.utalca.cl\/index.php?rest_route=%2Fwp%2Fv2%2Ftags&post=6565"}],"curies":[{"name":"wp","href":"https:\/\/api.w.org\/{rel}","templated":true}]}}