{"id":6584,"date":"2023-03-07T16:02:20","date_gmt":"2023-03-07T19:02:20","guid":{"rendered":"https:\/\/www.reportedeprensa.utalca.cl\/?p=6584"},"modified":"2023-03-07T16:20:14","modified_gmt":"2023-03-07T19:20:14","slug":"07-de-marzo-de-2023","status":"publish","type":"post","link":"https:\/\/www.reportedeprensa.utalca.cl\/?p=6584","title":{"rendered":"07 de marzo de 2023"},"content":{"rendered":"\t\t<div data-elementor-type=\"wp-post\" data-elementor-id=\"6584\" class=\"elementor elementor-6584\" data-elementor-settings=\"[]\">\n\t\t\t\t\t\t\t<div class=\"elementor-section-wrap\">\n\t\t\t\t\t\t\t<section class=\"elementor-section elementor-top-section elementor-element elementor-element-2a4b4b83 elementor-section-boxed elementor-section-height-default elementor-section-height-default\" data-id=\"2a4b4b83\" data-element_type=\"section\">\n\t\t\t\t\t\t<div class=\"elementor-container elementor-column-gap-default\">\n\t\t\t\t\t<div class=\"elementor-column elementor-col-100 elementor-top-column elementor-element elementor-element-24a78540\" data-id=\"24a78540\" data-element_type=\"column\">\n\t\t\t<div class=\"elementor-widget-wrap elementor-element-populated\">\n\t\t\t\t\t\t\t\t<div class=\"elementor-element elementor-element-55b07e54 elementor-widget elementor-widget-text-editor\" data-id=\"55b07e54\" data-element_type=\"widget\" data-widget_type=\"text-editor.default\">\n\t\t\t\t<div class=\"elementor-widget-container\">\n\t\t\t\t\t\t\t\t<p><strong>EL LECTOR<\/strong><\/p><p><a href=\"https:\/\/www.litoralpress.cl\/paginaconsultas\/Servicios_NClipSitio\/Get_Imagen_Nota.aspx?LPKey=YH4OHU25YRZ6OYBFLO6SAVUUIPRCSKQ4VTTUZN552L7SWMHX6FJRNXL3IJQNHGW3YQSL4K2T3VAYI\">Universidad de Talca da la bienvenida a m\u00e1s de 2 mil nuevos estudiantes. Se refieren Paula Manr\u00edquez Novoa, vicerrectora de Pregrado; Paula Caballero Moyano, vicerrectora de Desarrollo Estudiantil; Marlene Guti\u00e9rrez Urzua, directora del Programa de Formaci\u00f3n Fundamental (PFF); y los estudiantes Nicol\u00e1s Y\u00e1\u00f1ez Amigo y Nallely D\u00edaz Gonz\u00e1lez.<\/a><\/p><p>\u00a0<\/p><p><strong>LA PRENSA<\/strong><\/p><p><a href=\"https:\/\/www.litoralpress.cl\/paginaconsultas\/Servicios_NClipSitio\/Get_Imagen_Nota.aspx?LPKey=QHKNKLYWYJMINYINMO4F6G5PZ64FMUUEW6H2UR7LPTLZBVDI6VMIMUB5HNLOBQWMHWUZ4IN5RYK2O\">Universidad de Talca recibe a m\u00e1s de dos mil nuevos alumnos. Se refieren Paula Manr\u00edquez Novoa, vicerrectora de Pregrado y Paula Caballero Moyano, vicerrectora de Desarrollo Estudiantil.<\/a><\/p><p>\u00a0<\/p><p><strong>CANAL CONTIVISI\u00d3N<\/strong><\/p><p><a href=\"https:\/\/www.litoralpress.cl\/sitio\/RadioTV_Detalles.cshtml?LPKey=PXLP6FLHMMEXBFEPFEIVTH2PHGJKPNOHA5CQGOZRPXZKWNY7FIYSV6NKCR7RZPHZXXVTBVZAZLD32\">Alumnos universitarios novatos viven sus primeros d\u00edas de clases. Se refieren Paula Manr\u00edquez Novoa, vicerrectora de Pregrado; Paula Caballero Moyano, vicerrectora de Desarrollo Estudiantil; Marlene Guti\u00e9rrez Urzua, directora del Programa de Formaci\u00f3n Fundamental (PFF); y el estudiante Nicol\u00e1s Y\u00e1\u00f1ez Amigo.<\/a><\/p><p>\u00a0<\/p><p><strong>CANAL TVN RED MAULE<\/strong><\/p><p><a href=\"https:\/\/www.litoralpress.cl\/sitio\/RadioTV_Detalles.cshtml?LPKey=F57AFYBLIR7NNIGG4GL22ZHLUCWWZKCW5FO2PUS6PPM2QTW2QNMNMFZ4PPF4ZO2VIXP3L6AZVORTG\">Im\u00e1genes al cierre de la recepci\u00f3n de alumnos nuevos.<\/a><\/p><p>\u00a0<\/p><p><strong>DIARIOTALCA.CL<\/strong><\/p><p><a href=\"https:\/\/diariotalca.cl\/universidad-de-talca-dio-la-bienvenida-a-mas-de-2-mil-nuevos-estudiantes\/\">Universidad de Talca dio la bienvenida a m\u00e1s de 2 mil nuevos estudiantes. Se refieren Paula Manr\u00edquez Novoa, vicerrectora de Pregrado; Paula Caballero Moyano, vicerrectora de Desarrollo Estudiantil; Marlene Guti\u00e9rrez Urzua, directora del Programa de Formaci\u00f3n Fundamental (PFF); y los estudiantes Nicol\u00e1s Y\u00e1\u00f1ez Amigo y Nallely D\u00edaz Gonz\u00e1lez.<\/a><\/p><p>\u00a0<\/p><p><strong>EL LECTOR<\/strong><\/p><p><a href=\"https:\/\/www.litoralpress.cl\/paginaconsultas\/Servicios_NClipSitio\/Get_Imagen_Nota.aspx?LPKey=ZM73T3QLMXK3NJTFPRWMEHNHZDTP7GFABOHL3DCQ22IOBU4VN2ZPTRXEQ6ZH6M3OVRDHSNFTELJVY\">UTalca aporta a la sustentabilidad con cumplimiento de normativa de gesti\u00f3n de energ\u00eda. Se refieren Luis Urra Monsalve, vicerrector de Gesti\u00f3n Econ\u00f3mica y Administraci\u00f3n y Carlos Sol\u00eds Burgos, director de Log\u00edstica y Servicios.<\/a><\/p><p>\u00a0<\/p><p><strong>MEDIABANCO.COM<\/strong><\/p><p><a href=\"https:\/\/www.mediabanco.com\/utalca-aporta-a-la-sustentabilidad-con-cumplimiento-de-normativa-de-gestion-de-energia\/\">UTalca aporta a la sustentabilidad con cumplimiento de normativa de gesti\u00f3n de energ\u00eda. Se refieren Luis Urra Monsalve, vicerrector de Gesti\u00f3n Econ\u00f3mica y Administraci\u00f3n y Carlos Sol\u00eds Burgos, director de Log\u00edstica y Servicios.<\/a><\/p><p>\u00a0<\/p><p><strong>TVMAULE.CL<\/strong><\/p><p><a href=\"https:\/\/www.tvmaule.cl\/utalca-aporta-a-la-sustentabilidad-con-cumplimiento-de-normativa-de-gestion-de-energia\/\">UTalca aporta a la sustentabilidad con cumplimiento de normativa de gesti\u00f3n de energ\u00eda. Se refieren Luis Urra Monsalve, vicerrector de Gesti\u00f3n Econ\u00f3mica y Administraci\u00f3n y Carlos Sol\u00eds Burgos, director de Log\u00edstica y Servicios.<\/a><\/p><p>\u00a0<\/p><p><strong>LANOTICIA.CL<\/strong><\/p><p><a href=\"https:\/\/lanoticia.cl\/utalca-aporta-a-la-sustentabilidad-con-cumplimiento-de-normativa-de-gestion-de-energia\/\">UTalca aporta a la sustentabilidad con cumplimiento de normativa de gesti\u00f3n de energ\u00eda. Se refieren Luis Urra Monsalve, vicerrector de Gesti\u00f3n Econ\u00f3mica y Administraci\u00f3n y Carlos Sol\u00eds Burgos, director de Log\u00edstica y Servicios.<\/a><\/p><p>\u00a0<\/p><p><strong>EL MERCURIO<\/strong><\/p><p><a href=\"https:\/\/www.litoralpress.cl\/paginaconsultas\/Servicios_NClipSitio\/Get_Imagen_Nota.aspx?LPKey=UI5IIJCSJZVG76JFHCOQMNXIE5HXDV7T6DWOKF6ETK7MVM6UHS7B6EAJLJCY7Q6EVHBZL7Z2KIXCI\">Cinco consejos para quienes preparar\u00e1n la PAES en casa. Se refiere Tania Mascar\u00f3 Espinoza, coordinadora Unidad de Vinculaci\u00f3n con el Sistema Escolar.<\/a><\/p><p>\u00a0<\/p><p><strong>EL MERCURIO<\/strong><\/p><p><a href=\"https:\/\/www.litoralpress.cl\/paginaconsultas\/Servicios_NClipSitio\/Get_Imagen_Nota.aspx?LPKey=2W6UWFOFIXROZIBLJXHIU5HGQHQPUPLOMMDDEYJBSNPOM724MVWQTUANNDMH76LFFRIU2SCOU5YGA\">Piden estudiar origen del bloom de algas por alta presencia de nutrientes en el lago Vichuqu\u00e9n; cierre ha sido descartado. Se refiere Eduardo Castro Nallar, acad\u00e9mico de la Facultad de Ciencias de la Salud. \u00a0<\/a><\/p><p>\u00a0<\/p><p><strong>RADIO COOPERATIVA<\/strong><\/p><p><a href=\"https:\/\/www.litoralpress.cl\/sitio\/RadioTV_Detalles.cshtml?LPKey=7ZN36H3TVCOYNSLWZTMIPGFRVCRORELEIYXOAB7F2FSGI5KUBCVBEDV2Z7NYNMOU3JMWLOL3QNENA\">Especialistas prev\u00e9n un oto\u00f1o m\u00e1s lluvioso que en los \u00faltimos a\u00f1os por el Fen\u00f3meno del ni\u00f1o. Se refiere Patricio Gonz\u00e1lez Colville, acad\u00e9mico del Centro de Investigaci\u00f3n y Transferencia en Riego y Agroclimatolog\u00eda (CITRA).<\/a><\/p><p>\u00a0<\/p><p><strong>PUBLIMETRO<\/strong><\/p><p><a href=\"https:\/\/www.litoralpress.cl\/sitio\/Prensa_PaginaCompleta.cshtml?LPKey=VEHEJPLUROL6LZZBKUZXMMPXUD6Q6ZRQZ6SQ2OIGOPNJDAPA4S7A\">C\u00f3mo nos cambi\u00f3 en tres a\u00f1os la pandemia de Covid. Se refiere Nadia Ramos Alvarado, directora del Centro de Psicolog\u00eda Aplicada (CEPA).<\/a><\/p><p>\u00a0<\/p><p><strong>RADIO COOPERATIVA<\/strong><\/p><p><a href=\"https:\/\/www.litoralpress.cl\/sitio\/RadioTV_Detalles.cshtml?LPKey=67G2ESD6D2TEYUGDVVDXKN74TXPUVB2RIBPOX3VMX7UWND3M5KZ4MXDDEIOHEVPBYSUKFVETT25CC\">Hoy se cumplen 3 a\u00f1os del primer caso de coronavirus en Chile. Expertos piden mejorar comunicaci\u00f3n de riesgo. Se refiere \u00c9rika Retamal Contreras, directora del Departamento de Salud P\u00fablica.<\/a><\/p><p>\u00a0<\/p><p><strong>COOPERATIVA.CL<\/strong><\/p><p><a href=\"https:\/\/www.cooperativa.cl\/noticias\/sociedad\/salud\/coronavirus\/reporte-covid-a-tres-anos-de-la-pandemia-2-807-nuevos-contagios-y-13\/2023-03-03\/113012.html?region=0\">Reporte Covid a tres a\u00f1os de la pandemia: 2.807 nuevos contagios y 13 fallecidos. Se refiere \u00c9rika Retamal Contreras, directora del Departamento de Salud P\u00fablica.<\/a><\/p><p>\u00a0<\/p><p><strong>ELCIUDADANO.COM<\/strong><\/p><p><a href=\"https:\/\/www.elciudadano.com\/chile\/a-3-anos-de-la-llegada-del-coronavirus-a-chile-llaman-a-mejorar-la-comunicacion-de-riesgo\/03\/04\/\">A 3 a\u00f1os de la llegada del Coronavirus a Chile: llaman a mejorar comunicaci\u00f3n de riesgo. Se refiere Daniel Jim\u00e9nez Acu\u00f1a, director de Salud del Estudiante.\u00a0<\/a><\/p><p>\u00a0<\/p><p><strong>MEDIABANCO.COM<\/strong><\/p><p><a href=\"https:\/\/www.mediabanco.com\/a-3-anos-de-la-llegada-del-coronavirus-a-chile-llaman-a-mejorar-comunicacion-de-riesgo\/\">A 3 a\u00f1os de la llegada del Coronavirus a Chile: llaman a mejorar comunicaci\u00f3n de riesgo. Se refiere Daniel Jim\u00e9nez Acu\u00f1a, director de Salud del Estudiante.\u00a0<\/a><\/p><p>\u00a0<\/p><p><strong>EL LECTOR<\/strong><\/p><p><a href=\"https:\/\/www.litoralpress.cl\/sitio\/Prensa_PaginaCompleta.cshtml?LPKey=VOU5L3F5Q6JRM6DFIQYLYBWVN7PVKOEEUAMMQZYJM6YYWHL5WG5A\">A 3 a\u00f1os de la llegada del Coronavirus a Chile: llaman a mejorar comunicaci\u00f3n de riesgo. Se refiere Daniel Jim\u00e9nez Acu\u00f1a, director de Salud del Estudiante.\u00a0<\/a><\/p><p>\u00a0<\/p><p><strong>LA PRENSA<\/strong><\/p><p><a href=\"https:\/\/www.litoralpress.cl\/paginaconsultas\/Servicios_NClipSitio\/Get_Imagen_Nota.aspx?LPKey=TJYRXEHAY7KRMST6KJJYQZPJGXH3VEAJOVTIOWB5VA3H7TXVCY6JBXMXPLQOT272MRBKZ6TSLJCF6\">Epidemi\u00f3logo: \u201cTodos creemos que la pandemia pas\u00f3 y eso no es as\u00ed\u201d.\u00a0 Se refiere Daniel Jim\u00e9nez Acu\u00f1a, director de Salud del Estudiante.\u00a0\u00a0<\/a><\/p><p>\u00a0<\/p><p><strong>EL HERALDO<\/strong><\/p><p><a href=\"https:\/\/www.litoralpress.cl\/paginaconsultas\/Servicios_NClipSitio\/Get_Imagen_Nota.aspx?LPKey=EG4CN3PREB44YZDFVTAFKOJOLE4EE5UYLB3QDUEJ56E3LU5FQSWDEHTZKBYRORNW72QCWXB7B4VY4\">A 3 a\u00f1os de la llegada del Coronavirus a Chile: llaman a mejorar comunicaci\u00f3n de riesgo. Se refiere Daniel Jim\u00e9nez Acu\u00f1a, director de Salud del Estudiante.\u00a0<\/a><\/p><p>\u00a0<\/p><p><strong>DIARIO VI REGI\u00d3N<\/strong><\/p><p><a href=\"https:\/\/www.litoralpress.cl\/paginaconsultas\/Servicios_NClipSitio\/Get_Imagen_Nota.aspx?LPKey=2DZJ56UZ26SKKN5PBLFZOQY5EHVTUKVDUTKJEUDGKZOJULXWOYPSIWOXGBXMMJXWC72QB5EYP66HA\">Especialista entrega recomendaciones para evitar contagios. Se refiere Daniel Jim\u00e9nez Acu\u00f1a, director de Salud del Estudiante.\u00a0<\/a><\/p><p>\u00a0<\/p><p><strong>CANAL TVN RED MAULE<\/strong><\/p><p><a href=\"https:\/\/www.litoralpress.cl\/sitio\/RadioTV_Detalles.cshtml?LPKey=3XSXZYTIRK3VQ63AUNPULCUJAJS3U2AMIJTBYSC6AHG3PCYMPFXALJIBAAQ5FBIYQDHZB4QK4QSIM\">Covid-19: S\u00f3lo un 27% de la poblaci\u00f3n en riesgo se ha vacunado con la dosis bivalente. Se refiere Daniel Jim\u00e9nez Acu\u00f1a, director de Salud del Estudiante.\u00a0<\/a><\/p><p>\u00a0<\/p><p><strong>RADIO BIO B\u00cdO DE VALPARA\u00cdSO<\/strong><\/p><p><a href=\"https:\/\/www.litoralpress.cl\/sitio\/RadioTV_Detalles.cshtml?LPKey=KQKSUCOXYA556X45RVNSPWA7FT5G2SMCVM46ZBHWU2EMOQWFNQAG6D7VFL4DW4Q4AU2TMVKHIL2YE\">Autoridades de salud incrementan operativos de vacunaci\u00f3n en Valpara\u00edso por Covid. Se refiere Daniel Jim\u00e9nez Acu\u00f1a, director de Salud del Estudiante.\u00a0<\/a><\/p><p>\u00a0<\/p><p><strong>RADIO AMIGA<\/strong><\/p><p><a href=\"https:\/\/www.litoralpress.cl\/sitio\/RadioTV_Detalles.cshtml?LPKey=7XDDTEFFJB76M4T2PHN6GG3F3FULXUPDZPF4PSUZDXZ22ZREW5ZAG7PFD6FXJF5PLTQOJAK3E3U66\">A tres a\u00f1os de la pandemia expertos eval\u00faan que ha ocurrido con el covid-19 en el pa\u00eds. Se refiere Daniel Jim\u00e9nez Acu\u00f1a, director de Salud del Estudiante.\u00a0<\/a><\/p><p>\u00a0<\/p><p><strong>ELCENTRO.CL<\/strong><\/p><p><a href=\"https:\/\/elcentro.cl\/2023\/03\/03\/a-3-anos-de-la-llegada-del-coronavirus-a-chile-llaman-a-mejorar-comunicacion-de-riesgo\/\">A tres a\u00f1os de la pandemia expertos eval\u00faan que ha ocurrido con el covid-19 en el pa\u00eds. Se refiere Daniel Jim\u00e9nez Acu\u00f1a, director de Salud del Estudiante.\u00a0<\/a><\/p><p>\u00a0<\/p><p><strong>TVMAULE.CL<\/strong><\/p><p><a href=\"https:\/\/www.tvmaule.cl\/a-3-anos-de-la-llegada-del-coronavirus-a-chile-llaman-a-mejorar-comunicacion-de-riesgo\/\">A 3 a\u00f1os de la llegada del Coronavirus a Chile: llaman a mejorar comunicaci\u00f3n de riesgo. Se refiere Daniel Jim\u00e9nez Acu\u00f1a, director de Salud del Estudiante.\u00a0<\/a><\/p><p>\u00a0<\/p><p><strong>SEPTIMAPAGINANOTICIAS.CL<\/strong><\/p><p><a href=\"https:\/\/www.septimapaginanoticias.cl\/a-3-anos-de-la-llegada-del-coronavirus-a-chile-llaman-a-mejorar-comunicacion-de-riesgo\">A 3 a\u00f1os de la llegada del Coronavirus a Chile: llaman a mejorar comunicaci\u00f3n de riesgo. Se refiere Daniel Jim\u00e9nez Acu\u00f1a, director de Salud del Estudiante.\u00a0<\/a><\/p><p>\u00a0<\/p><p><strong>VGRAFICO.CL<\/strong><\/p><p><a href=\"https:\/\/vgrafico.cl\/2023\/03\/03\/a-3\/\">A 3 a\u00f1os de la llegada del Coronavirus a Chile: llaman a mejorar comunicaci\u00f3n de riesgo. Se refiere Daniel Jim\u00e9nez Acu\u00f1a, director de Salud del Estudiante.\u00a0<\/a><\/p><p>\u00a0<\/p><p><strong>LAVOZDELAREGION.CL<\/strong><\/p><p><a href=\"https:\/\/lavozdelaregion.cl\/index.php\/6285-influenza-aviar-especialista-entrega-recomendaciones-para-evitar-contagios\">Influenza Aviar: Especialista entrega recomendaciones para evitar contagios. Se refiere Daniel Jim\u00e9nez Acu\u00f1a, director de Salud del Estudiante.\u00a0<\/a><\/p><p>\u00a0<\/p><p><strong>EMOL.COM<\/strong><\/p><p><a href=\"https:\/\/www.emol.com\/noticias\/Economia\/2023\/03\/03\/1088215\/desarollo-sodioion-desafios-chile-litio.html\">\u00bfQu\u00e9 son las bater\u00edas de sodio-ion?: La alternativa impulsada desde China para el litio y que &#8220;amenaza&#8221; a Chile. Se refiere Francisco Rivas Salda\u00f1a, director de la Escuela de Ingenier\u00eda Civil de Minas.<\/a><\/p><p>\u00a0<\/p><p><strong>LANACION.CL<\/strong><\/p><p><a href=\"https:\/\/www.lanacion.cl\/baterias-sodio-ion-la-nueva-alternativa-impulsada-por-china-que-pone-en-riesgo-el-litio-chileno\/\">Bater\u00edas Sodio-Ion: La nueva alternativa impulsada por China que pone en \u201criesgo\u201d el litio chileno. Se refiere Francisco Rivas Salda\u00f1a, director de la Escuela de Ingenier\u00eda Civil de Minas.<\/a><\/p><p>\u00a0<\/p><p><strong>REDIMIN.CL<\/strong><\/p><p><a href=\"https:\/\/www.redimin.cl\/que-son-las-baterias-de-sodio-ion-la-alternativa-impulsada-desde-china-para-el-litio-y-que-amenaza-a-chile-fuente-emol-com-https-www-emol-com-noticias-economia-2023-03-03-1088215-des\/\">\u00bfQu\u00e9 son las bater\u00edas de sodio-ion?: La alternativa impulsada desde China para el litio y que &#8220;amenaza&#8221; a Chile. Se refiere Francisco Rivas Salda\u00f1a, director de la Escuela de Ingenier\u00eda Civil de Minas.<\/a><\/p><p>\u00a0<\/p><p><strong>ELDIARIODESANTIAGO.CL<\/strong><\/p><p><a href=\"https:\/\/eldiariodesantiago.cl\/archivo\/5907\">\u00bfQu\u00e9 son las bater\u00edas de sodio-ion?: La alternativa impulsada desde China para el litio y que &#8220;amenaza&#8221; a Chile. Se refiere Francisco Rivas Salda\u00f1a, director de la Escuela de Ingenier\u00eda Civil de Minas.<\/a><\/p><p>\u00a0<\/p><p><strong>MINER\u00cdACHILENA.CL<\/strong><\/p><p><a href=\"https:\/\/www.mch.cl\/2023\/03\/03\/gira-minera-estudiantes-de-la-universidad-de-talca-visitan-operaciones-de-codelco\/\">Gira Minera: Estudiantes de la Universidad de Talca visitan operaciones de Codelco. Se refieren Francisco Rivas Salda\u00f1a, director de Ingenier\u00eda Civil de Minas y los estudiantes Constanza V\u00e1squez Lizama, Mareli Fa\u00fandez Zavaleta y Francisco Benavides Bobadilla.<\/a><\/p><p>\u00a0<\/p><p><strong>CANAL TVR<\/strong><\/p><p><a href=\"https:\/\/www.litoralpress.cl\/sitio\/RadioTV_Detalles.cshtml?LPKey=OWI2E64BFQA5OMKQSGAQN7EVDIBQHVFTVON2YMLT6I4D445Q2TXBAZY3PM3R4ZE4DIIZOUPXYZ22W\">Desempleo en El Maule llega a 6,8%. Se refiere Rodrigo Saens Navarrete, acad\u00e9mico de la Facultad de Econom\u00eda y Negocios (FEN).<\/a><\/p><p>\u00a0<\/p><p><strong>LA TERCERA<\/strong><\/p><p><a href=\"https:\/\/www.litoralpress.cl\/sitio\/Prensa_PaginaCompleta.cshtml?LPKey=WWGIPQCD7FCSD4KKDXV5YDNI2EFF5EOUEJHCLKFEXX2JZSVCD2CQ\">El alcalde, los narcos y una demolici\u00f3n televisada. Se refiere Diego Palomo V\u00e9lez, acad\u00e9mico de la Facultad de Ciencias Jur\u00eddicas y Sociales.<\/a><\/p><p>\u00a0<\/p><p><strong>LATERCERA.COM<\/strong><\/p><p><a href=\"https:\/\/www.latercera.com\/la-tercera-domingo\/noticia\/el-alcalde-los-narcos-y-una-demolicion-televisada\/ILFQCMVK7NCZPLN3OG6DWALNFQ\/\">El alcalde, los narcos y una demolici\u00f3n televisada. Se refiere Diego Palomo V\u00e9lez, acad\u00e9mico de la Facultad de Ciencias Jur\u00eddicas y Sociales.<\/a><\/p><p>\u00a0<\/p><p><strong>CHILEESNOTICIA.COM<\/strong><\/p><p><a href=\"https:\/\/chileesnoticia.com\/2023\/03\/05\/alcalde-rodolfo-carter-demuele-dos-narcocasas-en-la-florida\/\">Alcalde Rodolfo Carter demuele dos \u201cnarcocasas\u201d en La Florida. Se refiere Diego Palomo V\u00e9lez, acad\u00e9mico de la Facultad de Ciencias Jur\u00eddicas y Sociales.<\/a><\/p><p>\u00a0<\/p><p><strong>EL MERCURIO<\/strong><\/p><p><a href=\"https:\/\/www.litoralpress.cl\/sitio\/Prensa_PaginaCompleta.cshtml?LPKey=ZGNHV5I3W3BDGHMXEYNIROWFIOYCSUQX4435Q577UOXWW5U6T2SA\">Autodenuncia ante el Ministerio P\u00fablico de diputada Maite Orsini enreda al oficialismo. Se refiere Mauricio Morales Quiroga, director del Centro de An\u00e1lisis Pol\u00edtico (CAP).<\/a><\/p><p>\u00a0<\/p><p><strong>CANAL MEGA<\/strong><\/p><p><a href=\"https:\/\/www.litoralpress.cl\/sitio\/RadioTV_Detalles.cshtml?LPKey=XR2AGYSJ6CM4UDJZHWBIHAAGSNUYLKZ3XG4FJHGO6ANX6VX5EVTJTVQI4EIVFVTD7EO336AXHLACW\">Consejo Constitucional: El rol de los expresidentes. Se refiere Mauricio Morales Quiroga, director del Centro de An\u00e1lisis Pol\u00edtico (CAP).<\/a><\/p><p>\u00a0<\/p><p><strong>DIARIOCONSTITUCIONAL.CL<\/strong><\/p><p><a href=\"https:\/\/www.diarioconstitucional.cl\/2023\/03\/05\/profesor-de-la-usach-e-investigador-del-cecoch-luis-acevedo-espinola-publica-una-propuesta-constitucional-para-chile\/\">Profesor de la USACH e investigador del Centro de Estudios Constitucionales de Chile de la UTalca (CECOCH), Luis Acevedo Esp\u00ednola, publica una propuesta constitucional para Chile.<\/a><\/p><p>\u00a0<\/p>\t\t\t\t\t\t<\/div>\n\t\t\t\t<\/div>\n\t\t\t\t\t<\/div>\n\t\t<\/div>\n\t\t\t\t\t\t\t<\/div>\n\t\t<\/section>\n\t\t\t\t\t\t<\/div>\n\t\t\t\t\t<\/div>\n\t\t","protected":false},"excerpt":{"rendered":"<p>EL LECTOR Universidad de Talca da la bienvenida a m\u00e1s de 2 mil nuevos estudiantes. Se refieren Paula Manr\u00edquez Novoa, vicerrectora de Pregrado; Paula Caballero Moyano, vicerrectora de Desarrollo Estudiantil; Marlene Guti\u00e9rrez Urzua, directora del Programa de Formaci\u00f3n Fundamental (PFF); y los estudiantes Nicol\u00e1s Y\u00e1\u00f1ez Amigo y Nallely D\u00edaz Gonz\u00e1lez. \u00a0 LA PRENSA Universidad de &hellip;<\/p>\n<p class=\"read-more\"> <a class=\"\" href=\"https:\/\/www.reportedeprensa.utalca.cl\/?p=6584\"> <span class=\"screen-reader-text\">07 de marzo de 2023<\/span> Read More &raquo;<\/a><\/p>\n","protected":false},"author":1,"featured_media":0,"comment_status":"closed","ping_status":"open","sticky":false,"template":"","format":"standard","meta":{"_monsterinsights_skip_tracking":false,"_monsterinsights_sitenote_active":false,"_monsterinsights_sitenote_note":"","_monsterinsights_sitenote_category":0},"categories":[31],"tags":[],"_links":{"self":[{"href":"https:\/\/www.reportedeprensa.utalca.cl\/index.php?rest_route=\/wp\/v2\/posts\/6584"}],"collection":[{"href":"https:\/\/www.reportedeprensa.utalca.cl\/index.php?rest_route=\/wp\/v2\/posts"}],"about":[{"href":"https:\/\/www.reportedeprensa.utalca.cl\/index.php?rest_route=\/wp\/v2\/types\/post"}],"author":[{"embeddable":true,"href":"https:\/\/www.reportedeprensa.utalca.cl\/index.php?rest_route=\/wp\/v2\/users\/1"}],"replies":[{"embeddable":true,"href":"https:\/\/www.reportedeprensa.utalca.cl\/index.php?rest_route=%2Fwp%2Fv2%2Fcomments&post=6584"}],"version-history":[{"count":4,"href":"https:\/\/www.reportedeprensa.utalca.cl\/index.php?rest_route=\/wp\/v2\/posts\/6584\/revisions"}],"predecessor-version":[{"id":6588,"href":"https:\/\/www.reportedeprensa.utalca.cl\/index.php?rest_route=\/wp\/v2\/posts\/6584\/revisions\/6588"}],"wp:attachment":[{"href":"https:\/\/www.reportedeprensa.utalca.cl\/index.php?rest_route=%2Fwp%2Fv2%2Fmedia&parent=6584"}],"wp:term":[{"taxonomy":"category","embeddable":true,"href":"https:\/\/www.reportedeprensa.utalca.cl\/index.php?rest_route=%2Fwp%2Fv2%2Fcategories&post=6584"},{"taxonomy":"post_tag","embeddable":true,"href":"https:\/\/www.reportedeprensa.utalca.cl\/index.php?rest_route=%2Fwp%2Fv2%2Ftags&post=6584"}],"curies":[{"name":"wp","href":"https:\/\/api.w.org\/{rel}","templated":true}]}}