{"id":659,"date":"2021-04-08T09:40:58","date_gmt":"2021-04-08T12:40:58","guid":{"rendered":"https:\/\/www.reportedeprensa.utalca.cl\/?p=659"},"modified":"2021-04-08T09:51:51","modified_gmt":"2021-04-08T12:51:51","slug":"08-de-abril-de-2021","status":"publish","type":"post","link":"https:\/\/www.reportedeprensa.utalca.cl\/?p=659","title":{"rendered":"08 de abril de 2021"},"content":{"rendered":"\t\t<div data-elementor-type=\"wp-post\" data-elementor-id=\"659\" class=\"elementor elementor-659\" data-elementor-settings=\"[]\">\n\t\t\t\t\t\t\t<div class=\"elementor-section-wrap\">\n\t\t\t\t\t\t\t<section class=\"elementor-section elementor-top-section elementor-element elementor-element-a06ca45 elementor-section-boxed elementor-section-height-default elementor-section-height-default\" data-id=\"a06ca45\" data-element_type=\"section\">\n\t\t\t\t\t\t<div class=\"elementor-container elementor-column-gap-default\">\n\t\t\t\t\t<div class=\"elementor-column elementor-col-100 elementor-top-column elementor-element elementor-element-1486c35\" data-id=\"1486c35\" data-element_type=\"column\">\n\t\t\t<div class=\"elementor-widget-wrap elementor-element-populated\">\n\t\t\t\t\t\t\t\t<div class=\"elementor-element elementor-element-42b145e elementor-widget elementor-widget-text-editor\" data-id=\"42b145e\" data-element_type=\"widget\" data-widget_type=\"text-editor.default\">\n\t\t\t\t<div class=\"elementor-widget-container\">\n\t\t\t\t\t\t\t\t<p><b>EL MERCURIO<\/b><\/p><p><a style=\"font-style: inherit; font-weight: inherit; background-color: #ffffff; font-family: -apple-system, BlinkMacSystemFont,;\" href=\"https:\/\/www.litoralpress.cl\/paginaconsultas\/Servicios_NClip\/Get_Imagen_Nota.aspx?LPKey=7b.Q.S.W.M.%C3%9Cll.Z.Ni1.Em7833gohh.P.Fl.C.Qx.O.F.Dq9hk.G7k.Logd1.Bp.H879.Xrj.Lcb.K.J.Bq.Onaz\" target=\"_blank\" rel=\"noopener\">Expertos coinciden en estudiar eventual tercera dosis contra COVID-19 para mejorar inmunidad. Se refiere Erika Retamal, directora de Salud P\u00fablica de la UTalca.<\/a><\/p>\t\t\t\t\t\t<\/div>\n\t\t\t\t<\/div>\n\t\t\t\t<div class=\"elementor-element elementor-element-95dc3da elementor-widget elementor-widget-text-editor\" data-id=\"95dc3da\" data-element_type=\"widget\" data-widget_type=\"text-editor.default\">\n\t\t\t\t<div class=\"elementor-widget-container\">\n\t\t\t\t\t\t\t\t<p><b>ELMERCURIO.COM<\/b><\/p><p><a style=\"font-style: inherit; font-weight: inherit; background-color: #ffffff; font-family: -apple-system, BlinkMacSystemFont,;\" href=\"https:\/\/www.litoralpress.cl\/paginaconsultas\/Documentos\/Get_Imagen.aspx?lpkey=.F.N.Cx.R.Imsvx.J.Rv.V9.Xe.Nhw.Nc.Ybe0bq.Z.F.Mvkxi.B.T.Zn8.%C3%9C.V.Mav.N8usllo.Dzg4d.P\/.Pulb.Y\" target=\"_blank\" rel=\"noopener\">Expertos coinciden en estudiar eventual tercera dosis contra COVID-19 para mejorar inmunidad. Se refiere Erika Retamal, directora de Salud P\u00fablica de la UTalca.<\/a><\/p>\t\t\t\t\t\t<\/div>\n\t\t\t\t<\/div>\n\t\t\t\t<div class=\"elementor-element elementor-element-4919559 elementor-widget elementor-widget-text-editor\" data-id=\"4919559\" data-element_type=\"widget\" data-widget_type=\"text-editor.default\">\n\t\t\t\t<div class=\"elementor-widget-container\">\n\t\t\t\t\t\t\t\t<p><b>LAS \u00daLTIMAS NOTICIAS<\/b><\/p><p><a style=\"font-style: inherit; font-weight: inherit; background-color: #ffffff; font-family: -apple-system, BlinkMacSystemFont,;\" href=\"https:\/\/www.litoralpress.cl\/paginaconsultas\/Servicios_NClip\/Get_Imagen_Nota.aspx?LPKey=k\/.I9.U6.J.Jxws.W.Eo.Nbqeb.C1y.%C3%9Cg.P.Sn.O.Xwi.P.A.U33.Y.G.Ga469vfn.%C3%9C.E.H.U.Fv.%C3%9C4g.Oqe.J0c.T.H.O\" target=\"_blank\" rel=\"noopener\">Alexis Kalergis: \u201cUna tercera dosis permitir\u00eda inducir respuestas inmunes m\u00e1s robustas\u201d. Se refiere Marcelo Alarc\u00f3n, acad\u00e9mico del Departamento de Bioqu\u00edmica Cl\u00ednica e Inmunohematolog\u00eda de la UTalca.<\/a><\/p>\t\t\t\t\t\t<\/div>\n\t\t\t\t<\/div>\n\t\t\t\t<div class=\"elementor-element elementor-element-21ec9a2 elementor-widget elementor-widget-text-editor\" data-id=\"21ec9a2\" data-element_type=\"widget\" data-widget_type=\"text-editor.default\">\n\t\t\t\t<div class=\"elementor-widget-container\">\n\t\t\t\t\t\t\t\t<p><b>PUBLIMETRO.CL<\/b><\/p><p><a style=\"font-style: inherit; font-weight: inherit; background-color: #ffffff; font-family: -apple-system, BlinkMacSystemFont,;\" href=\"https:\/\/www.publimetro.cl\/cl\/noticias\/2021\/04\/07\/vacunacion-covid-19-colmed-meta-minsal.html\" target=\"_blank\" rel=\"noopener\">Vacunaci\u00f3n COVID-19: Colmed tira por la borda la meta propuesta por el Minsal. Se refiere Marcelo Alarc\u00f3n, acad\u00e9mico del Departamento de Bioqu\u00edmica Cl\u00ednica e Inmunohematolog\u00eda de la UTalca.<\/a><\/p>\t\t\t\t\t\t<\/div>\n\t\t\t\t<\/div>\n\t\t\t\t<div class=\"elementor-element elementor-element-b93dd1a elementor-widget elementor-widget-text-editor\" data-id=\"b93dd1a\" data-element_type=\"widget\" data-widget_type=\"text-editor.default\">\n\t\t\t\t<div class=\"elementor-widget-container\">\n\t\t\t\t\t\t\t\t<p><b>PORTALEDUCACION.CL<\/b><\/p><p><a style=\"font-style: inherit; font-weight: inherit; background-color: #ffffff; font-family: -apple-system, BlinkMacSystemFont,;\" href=\"https:\/\/portaleducacion.cl\/index.php\/2021\/04\/07\/magister-en-ciencias-biomedicas-de-la-utalca-es-acreditado-por-5-anos\/\" target=\"_blank\" rel=\"noopener\">Mag\u00edster en Ciencias Biom\u00e9dicas de la UTalca es acreditado por 5 a\u00f1os.<\/a><\/p>\t\t\t\t\t\t<\/div>\n\t\t\t\t<\/div>\n\t\t\t\t<div class=\"elementor-element elementor-element-dfe3cb4 elementor-widget elementor-widget-text-editor\" data-id=\"dfe3cb4\" data-element_type=\"widget\" data-widget_type=\"text-editor.default\">\n\t\t\t\t<div class=\"elementor-widget-container\">\n\t\t\t\t\t\t\t\t<p><b>TVMAULE.CL<\/b><\/p><p><a style=\"font-style: inherit; font-weight: inherit; background-color: #ffffff; font-family: -apple-system, BlinkMacSystemFont,;\" href=\"https:\/\/www.tvmaule.cl\/joven-que-fue-puntaje-nacional-estudiara-medicina-en-la-region\/\" target=\"_blank\" rel=\"noopener\">Joven que fue puntaje nacional estudiar\u00e1 medicina en la regi\u00f3n. Se menciona Escuela de Medicina de la UTalca.<\/a><\/p>\t\t\t\t\t\t<\/div>\n\t\t\t\t<\/div>\n\t\t\t\t<div class=\"elementor-element elementor-element-91f5482 elementor-widget elementor-widget-text-editor\" data-id=\"91f5482\" data-element_type=\"widget\" data-widget_type=\"text-editor.default\">\n\t\t\t\t<div class=\"elementor-widget-container\">\n\t\t\t\t\t\t\t\t<p><b>ELALFA.CL<\/b><\/p><p><a style=\"font-style: inherit; font-weight: inherit; background-color: #ffffff; font-family: -apple-system, BlinkMacSystemFont,;\" href=\"https:\/\/elalfa.cl\/index.php\/2021\/04\/07\/escuela-de-medicina-de-la-utalca-recibio-a-estudiante-puntaje-nacional-en-ciencias\/\" target=\"_blank\" rel=\"noopener\">Escuela de Medicina de la UTalca recibi\u00f3 a estudiante Puntaje Nacional en Ciencias.<\/a><\/p>\t\t\t\t\t\t<\/div>\n\t\t\t\t<\/div>\n\t\t\t\t<div class=\"elementor-element elementor-element-f5cf2de elementor-widget elementor-widget-text-editor\" data-id=\"f5cf2de\" data-element_type=\"widget\" data-widget_type=\"text-editor.default\">\n\t\t\t\t<div class=\"elementor-widget-container\">\n\t\t\t\t\t\t\t\t<p><b>ADPRENSA.CL<\/b><\/p><p><a style=\"font-style: inherit; font-weight: inherit; background-color: #ffffff; font-family: -apple-system, BlinkMacSystemFont,;\" href=\"https:\/\/www.adprensa.cl\/cronica\/utalca-abrio-inscripciones-para-su-primer-ensayo-de-la-prueba-de-transicion-2022\/\" target=\"_blank\" rel=\"noopener\">UTalca abri\u00f3 inscripciones para su primer ensayo de la Prueba de Transici\u00f3n 2022.<\/a><\/p>\t\t\t\t\t\t<\/div>\n\t\t\t\t<\/div>\n\t\t\t\t<div class=\"elementor-element elementor-element-cb854ff elementor-widget elementor-widget-text-editor\" data-id=\"cb854ff\" data-element_type=\"widget\" data-widget_type=\"text-editor.default\">\n\t\t\t\t<div class=\"elementor-widget-container\">\n\t\t\t\t\t\t\t\t<p><b>UNIVERSIDADESESTATALES.CL<\/b><\/p><p><a style=\"font-style: inherit; font-weight: inherit; background-color: #ffffff; font-family: -apple-system, BlinkMacSystemFont,;\" href=\"http:\/\/www.universidadesestatales.cl\/cue\/?q=node\/8584\" target=\"_blank\" rel=\"noopener\">UTalca abri\u00f3 inscripciones para su primer ensayo de la Prueba de Transici\u00f3n 2022.<\/a><\/p>\t\t\t\t\t\t<\/div>\n\t\t\t\t<\/div>\n\t\t\t\t<div class=\"elementor-element elementor-element-30640d2 elementor-widget elementor-widget-text-editor\" data-id=\"30640d2\" data-element_type=\"widget\" data-widget_type=\"text-editor.default\">\n\t\t\t\t<div class=\"elementor-widget-container\">\n\t\t\t\t\t\t\t\t<p><b>EL HERALDO<\/b><\/p><p><a style=\"font-style: inherit; font-weight: inherit; background-color: #ffffff; font-family: -apple-system, BlinkMacSystemFont,;\" href=\"https:\/\/www.litoralpress.cl\/paginaconsultas\/Servicios_NClip\/Get_Imagen_Nota.aspx?LPKey=.Dyzi9hxsbn.E.R.Ml.Tbo.Fe5.P.Tf.C.Nhjo.Qq9.Fdud9.Tuxc.C.Jy7upc.T.S.Qy.U.P.X.Xu.V.X.J.C.Mdx.V\" target=\"_blank\" rel=\"noopener\">UTalca abri\u00f3 inscripciones para su primer ensayo de la Prueba de Transici\u00f3n 2022.<\/a><\/p>\t\t\t\t\t\t<\/div>\n\t\t\t\t<\/div>\n\t\t\t\t<div class=\"elementor-element elementor-element-cea5a6c elementor-widget elementor-widget-text-editor\" data-id=\"cea5a6c\" data-element_type=\"widget\" data-widget_type=\"text-editor.default\">\n\t\t\t\t<div class=\"elementor-widget-container\">\n\t\t\t\t\t\t\t\t<p><b>DIARIOELHERALDO.CL<\/b><\/p><p><a style=\"font-style: inherit; font-weight: inherit; background-color: #ffffff; font-family: -apple-system, BlinkMacSystemFont,;\" href=\"http:\/\/www.diarioelheraldo.cl\/noticia\/utalca-abrio-inscripciones-para-su-primer-ensayo-de-la-prueba-de-transicion-2022\" target=\"_blank\" rel=\"noopener\">UTalca abri\u00f3 inscripciones para su primer ensayo de la Prueba de Transici\u00f3n 2022.<\/a><\/p>\t\t\t\t\t\t<\/div>\n\t\t\t\t<\/div>\n\t\t\t\t<div class=\"elementor-element elementor-element-ddf9451 elementor-widget elementor-widget-text-editor\" data-id=\"ddf9451\" data-element_type=\"widget\" data-widget_type=\"text-editor.default\">\n\t\t\t\t<div class=\"elementor-widget-container\">\n\t\t\t\t\t\t\t\t<p><b>LA PRENSA<\/b><\/p><p><a style=\"font-style: inherit; font-weight: inherit; background-color: #ffffff; font-family: -apple-system, BlinkMacSystemFont,;\" href=\"https:\/\/www.litoralpress.cl\/paginaconsultas\/Servicios_NClip\/Get_Imagen_Nota.aspx?LPKey=.L2.Udb10.Lr.U.S.Bq.J.M995.Uf0.J.Iv71.H.Ihz.Hi82.Y35.G.U1.Azo.B\/\/.Z.Tvgp.X.B.U.L.V.G.D.R.M.Jq.Hf\" target=\"_blank\" rel=\"noopener\">Inmun\u00f3loga pedi\u00e1trica refuerza importancia de consulta temprana ante sospechas de PIMS. Se refiere Silvia Arredondo, acad\u00e9mica de la Escuela de Medicina de la UTalca.<\/a><\/p>\t\t\t\t\t\t<\/div>\n\t\t\t\t<\/div>\n\t\t\t\t<div class=\"elementor-element elementor-element-7c94049 elementor-widget elementor-widget-text-editor\" data-id=\"7c94049\" data-element_type=\"widget\" data-widget_type=\"text-editor.default\">\n\t\t\t\t<div class=\"elementor-widget-container\">\n\t\t\t\t\t\t\t\t<p><b>TVMAULE.CL<\/b><\/p><p><a style=\"font-style: inherit; font-weight: inherit; background-color: #ffffff; font-family: -apple-system, BlinkMacSystemFont,;\" href=\"https:\/\/www.tvmaule.cl\/la-importancia-de-la-consulta-temprana-ante-sospechas-de-pims\/\" target=\"_blank\" rel=\"noopener\">La importancia de la consulta temprana ante sospechas de PIMS. Se refiere Silvia Arredondo, acad\u00e9mica de la Escuela de Medicina de la UTalca.<\/a><\/p>\t\t\t\t\t\t<\/div>\n\t\t\t\t<\/div>\n\t\t\t\t<div class=\"elementor-element elementor-element-bc4f959 elementor-widget elementor-widget-text-editor\" data-id=\"bc4f959\" data-element_type=\"widget\" data-widget_type=\"text-editor.default\">\n\t\t\t\t<div class=\"elementor-widget-container\">\n\t\t\t\t\t\t\t\t<p><b>ENLINEAMAULE.CL<\/b><\/p><p><a style=\"font-style: inherit; font-weight: inherit; background-color: #ffffff; font-family: -apple-system, BlinkMacSystemFont,;\" href=\"https:\/\/enlineamaule.cl\/archivo\/42888\" target=\"_blank\" rel=\"noopener\">PIMS en Chile: El 67% de los menores tuvo PCR negativo al momento del diagn\u00f3stico. Se refiere Silvia Arredondo, acad\u00e9mica de la Escuela de Medicina de la UTalca.<\/a><\/p>\t\t\t\t\t\t<\/div>\n\t\t\t\t<\/div>\n\t\t\t\t<div class=\"elementor-element elementor-element-73f8e55 elementor-widget elementor-widget-text-editor\" data-id=\"73f8e55\" data-element_type=\"widget\" data-widget_type=\"text-editor.default\">\n\t\t\t\t<div class=\"elementor-widget-container\">\n\t\t\t\t\t\t\t\t<p><b>ELALFA.CL<\/b><\/p><p><a style=\"font-style: inherit; font-weight: inherit; background-color: #ffffff; font-family: -apple-system, BlinkMacSystemFont,;\" href=\"https:\/\/elalfa.cl\/index.php\/2021\/04\/07\/inmunologa-pediatrica-refuerza-importancia-de-la-consulta-temprana-ante-sospechas-de-pims\/\" target=\"_blank\" rel=\"noopener\">Inmun\u00f3loga pedi\u00e1trica refuerza importancia de la consulta temprana ante sospechas de PIMS. Se refiere Silvia Arredondo, acad\u00e9mica de la Escuela de Medicina de la UTalca.<\/a><\/p>\t\t\t\t\t\t<\/div>\n\t\t\t\t<\/div>\n\t\t\t\t<div class=\"elementor-element elementor-element-4ce0184 elementor-widget elementor-widget-text-editor\" data-id=\"4ce0184\" data-element_type=\"widget\" data-widget_type=\"text-editor.default\">\n\t\t\t\t<div class=\"elementor-widget-container\">\n\t\t\t\t\t\t\t\t<p><b>EL HERALDO<\/b><\/p><p><a style=\"font-style: inherit; font-weight: inherit; background-color: #ffffff; font-family: -apple-system, BlinkMacSystemFont,;\" href=\"https:\/\/www.litoralpress.cl\/paginaconsultas\/Servicios_NClip\/Get_Imagen_Nota.aspx?LPKey=.%C3%9Cf3p.H.V.Qu.Ec.T.Rh.X.Vz9j.Iea.L5q7.G.Q.Qb.Gx.C2.O.C.M.O.A.%C3%9C.Z.Xw.W3.Xbc.E.Xb1a.Km.Cd5d0.X.K.A5i\" target=\"_blank\" rel=\"noopener\">INDAP y Thinkagro de la U de Talca buscan introducir a los agricultores en las tecnolog\u00edas digitales.<\/a><\/p>\t\t\t\t\t\t<\/div>\n\t\t\t\t<\/div>\n\t\t\t\t<div class=\"elementor-element elementor-element-4fb76ac elementor-widget elementor-widget-text-editor\" data-id=\"4fb76ac\" data-element_type=\"widget\" data-widget_type=\"text-editor.default\">\n\t\t\t\t<div class=\"elementor-widget-container\">\n\t\t\t\t\t\t\t\t<p><b>DIARIOELHERALDO.CL<\/b><\/p><p><a style=\"font-style: inherit; font-weight: inherit; background-color: #ffffff; font-family: -apple-system, BlinkMacSystemFont,;\" href=\"http:\/\/www.diarioelheraldo.cl\/noticia\/indap-y-thinkagro-de-la-u-de-talca-buscan-introducir-a-los-agricultores-en-las-tecnologias-digitales\" target=\"_blank\" rel=\"noopener\">INDAP y Thinkagro de la U de Talca buscan introducir a los agricultores en las tecnolog\u00edas digitales.<\/a><\/p>\t\t\t\t\t\t<\/div>\n\t\t\t\t<\/div>\n\t\t\t\t<div class=\"elementor-element elementor-element-9853ce9 elementor-widget elementor-widget-text-editor\" data-id=\"9853ce9\" data-element_type=\"widget\" data-widget_type=\"text-editor.default\">\n\t\t\t\t<div class=\"elementor-widget-container\">\n\t\t\t\t\t\t\t\t<p><b>ADPRENSA.CL<\/b><\/p><p><a style=\"font-style: inherit; font-weight: inherit; background-color: #ffffff; font-family: -apple-system, BlinkMacSystemFont,;\" href=\"https:\/\/www.adprensa.cl\/cronica\/plantean-necesidad-de-crear-conciencia-y-habitos-sanos-en-el-dia-mundial-de-la-salud\/\" target=\"_blank\" rel=\"noopener\">Plantean necesidad de crear conciencia y h\u00e1bitos sanos en el D\u00eda Mundial de la Salud. Se refieren Ram\u00f3n Vald\u00e9s, director de la Escuela de Kinesiolog\u00eda y Miguel V\u00e1squez, director de la Escuela de Fonoaudiolog\u00eda de la UTalca.<\/a><\/p>\t\t\t\t\t\t<\/div>\n\t\t\t\t<\/div>\n\t\t\t\t<div class=\"elementor-element elementor-element-8df1be9 elementor-widget elementor-widget-text-editor\" data-id=\"8df1be9\" data-element_type=\"widget\" data-widget_type=\"text-editor.default\">\n\t\t\t\t<div class=\"elementor-widget-container\">\n\t\t\t\t\t\t\t\t<p><b>TVN RED MAULE<\/b><\/p><p><a style=\"font-style: inherit; font-weight: inherit; background-color: #ffffff; font-family: -apple-system, BlinkMacSystemFont,;\" href=\"https:\/\/www.litoralpress.cl\/Archivos\/k.K.E.G.P.%c3%9cpjj.C.E.Oi.Q.J.J.Yu.E.Mk.A.%c3%96.%c3%96.mp4\" target=\"_blank\" rel=\"noopener\">Personas denuncian tomas de sus viviendas en San Clemente y Talca. Se refiere Diego Palomo, acad\u00e9mico de la Facultad de Ciencias Jur\u00eddicas y Sociales de la UTalca.<\/a><\/p>\t\t\t\t\t\t<\/div>\n\t\t\t\t<\/div>\n\t\t\t\t<div class=\"elementor-element elementor-element-d85a529 elementor-widget elementor-widget-text-editor\" data-id=\"d85a529\" data-element_type=\"widget\" data-widget_type=\"text-editor.default\">\n\t\t\t\t<div class=\"elementor-widget-container\">\n\t\t\t\t\t\t\t\t<p><b>CANAL 13<\/b><\/p><p><a style=\"font-style: inherit; font-weight: inherit; background-color: #ffffff; font-family: -apple-system, BlinkMacSystemFont,;\" href=\"https:\/\/www.litoralpress.cl\/Archivos\/.U-eld.Y.Zob.E.Ki.Fvlj.Xwu6v.Q.%c3%96.%c3%96.mp4\" target=\"_blank\" rel=\"noopener\">\u00bfObligar\u00e1 la pandemia a postergar otra vez las elecciones? Se refiere Mauricio Morales, director del Centro de An\u00e1lisis Pol\u00edtico (CAP) de la UTalca.<\/a><\/p>\t\t\t\t\t\t<\/div>\n\t\t\t\t<\/div>\n\t\t\t\t<div class=\"elementor-element elementor-element-cabc917 elementor-widget elementor-widget-text-editor\" data-id=\"cabc917\" data-element_type=\"widget\" data-widget_type=\"text-editor.default\">\n\t\t\t\t<div class=\"elementor-widget-container\">\n\t\t\t\t\t\t\t\t<p><b>COOPERATIVA.CL<\/b><\/p><p><a style=\"font-style: inherit; font-weight: inherit; background-color: #ffffff; font-family: -apple-system, BlinkMacSystemFont,;\" href=\"https:\/\/www.cooperativa.cl\/noticias\/pais\/region-del-maule\/ejecutivo-esta-evaluando-si-es-necesario-nombrar-un-titular-en-la\/2021-04-07\/162929.html\" target=\"_blank\" rel=\"noopener\">Ejecutivo &#8220;est\u00e1 evaluando si es necesario nombrar un titular&#8221; en la Gobernaci\u00f3n de Talca. Se refiere Mauricio Morales, director del Centro de An\u00e1lisis Pol\u00edtico (CAP) de la UTalca.<\/a><\/p>\t\t\t\t\t\t<\/div>\n\t\t\t\t<\/div>\n\t\t\t\t<div class=\"elementor-element elementor-element-4023ca4 elementor-widget elementor-widget-text-editor\" data-id=\"4023ca4\" data-element_type=\"widget\" data-widget_type=\"text-editor.default\">\n\t\t\t\t<div class=\"elementor-widget-container\">\n\t\t\t\t\t\t\t\t<p><b>DIARIOELHERALDO.CL<\/b><\/p><p><a style=\"font-style: inherit; font-weight: inherit; background-color: #ffffff; font-family: -apple-system, BlinkMacSystemFont,;\" href=\"http:\/\/www.diarioelheraldo.cl\/noticia\/analista-politico-explica-efectos-de-la-postergacion-de-las-elecciones\" target=\"_blank\" rel=\"noopener\">Analista pol\u00edtico explica efectos de la postergaci\u00f3n de las elecciones. Se refiere Mario Herrera, acad\u00e9mico del Centro de An\u00e1lisis Pol\u00edtico (CAP) de la UTalca.<\/a><\/p>\t\t\t\t\t\t<\/div>\n\t\t\t\t<\/div>\n\t\t\t\t<div class=\"elementor-element elementor-element-e4dee7d elementor-widget elementor-widget-text-editor\" data-id=\"e4dee7d\" data-element_type=\"widget\" data-widget_type=\"text-editor.default\">\n\t\t\t\t<div class=\"elementor-widget-container\">\n\t\t\t\t\t\t\t\t<p><b>LINARESENL\u00cdNEA.CL<\/b><\/p><p><a style=\"font-style: inherit; font-weight: inherit; background-color: #ffffff; font-family: -apple-system, BlinkMacSystemFont,;\" href=\"https:\/\/www.linaresenlinea.cl\/2021\/04\/07\/analista-politico-explica-efectos-de-la-postergacion-de-las-elecciones\/\" target=\"_blank\" rel=\"noopener\">Analista pol\u00edtico explica efectos de la postergaci\u00f3n de las elecciones. Se refiere Mario Herrera, acad\u00e9mico del Centro de An\u00e1lisis Pol\u00edtico (CAP) de la UTalca.<\/a><\/p>\t\t\t\t\t\t<\/div>\n\t\t\t\t<\/div>\n\t\t\t\t<div class=\"elementor-element elementor-element-b9f4755 elementor-widget elementor-widget-text-editor\" data-id=\"b9f4755\" data-element_type=\"widget\" data-widget_type=\"text-editor.default\">\n\t\t\t\t<div class=\"elementor-widget-container\">\n\t\t\t\t\t\t\t\t<p><b>LAVOZDELAREGION.CL<\/b><\/p><p><a style=\"font-style: inherit; font-weight: inherit; background-color: #ffffff; font-family: -apple-system, BlinkMacSystemFont,;\" href=\"https:\/\/lavozdelaregion.cl\/index.php\/3684-analista-politico-mario-herrera-explica-efectos-de-la-postergacion-de-las-elecciones\" target=\"_blank\" rel=\"noopener\">Analista pol\u00edtico Mario Herrera explica efectos de la postergaci\u00f3n de las elecciones.<\/a><\/p>\t\t\t\t\t\t<\/div>\n\t\t\t\t<\/div>\n\t\t\t\t<div class=\"elementor-element elementor-element-4e0a5f9 elementor-widget elementor-widget-text-editor\" data-id=\"4e0a5f9\" data-element_type=\"widget\" data-widget_type=\"text-editor.default\">\n\t\t\t\t<div class=\"elementor-widget-container\">\n\t\t\t\t\t\t\t\t<p><b>DIARIO VI REGI\u00d3N<\/b><\/p><p><a style=\"font-style: inherit; font-weight: inherit; background-color: #ffffff; font-family: -apple-system, BlinkMacSystemFont,;\" href=\"https:\/\/www.litoralpress.cl\/paginaconsultas\/Servicios_NClip\/Get_Imagen_Nota.aspx?LPKey=t.Rahh.Y.L.Pe.K2.J.Mz.Y.B.I.H.Qo.%C3%9C.D.J.Pm\/g.J.K9r.Ck6pd.J.J92z.Ey.Xv.Z.Gqdu.J.G.P.Lb.I.Y.Qyvt.S.Re\" target=\"_blank\" rel=\"noopener\">Analista pol\u00edtico Mario Herrera explica efectos de la postergaci\u00f3n de las elecciones.<\/a><\/p>\t\t\t\t\t\t<\/div>\n\t\t\t\t<\/div>\n\t\t\t\t<div class=\"elementor-element elementor-element-7956655 elementor-widget elementor-widget-text-editor\" data-id=\"7956655\" data-element_type=\"widget\" data-widget_type=\"text-editor.default\">\n\t\t\t\t<div class=\"elementor-widget-container\">\n\t\t\t\t\t\t\t\t<p><b>DIARIOVIREGION.CL<\/b><\/p><p><a style=\"font-style: inherit; font-weight: inherit; background-color: #ffffff; font-family: -apple-system, BlinkMacSystemFont,;\" href=\"https:\/\/www.diarioviregion.cl\/index.php\/noticias\/15948-analista-politico-mario-herrera-explica-efectos-de-la-postergacion-de-las-elecciones\" target=\"_blank\" rel=\"noopener\">Analista pol\u00edtico Mario Herrera explica efectos de la postergaci\u00f3n de las elecciones.<\/a><\/p>\t\t\t\t\t\t<\/div>\n\t\t\t\t<\/div>\n\t\t\t\t<div class=\"elementor-element elementor-element-922d785 elementor-widget elementor-widget-text-editor\" data-id=\"922d785\" data-element_type=\"widget\" data-widget_type=\"text-editor.default\">\n\t\t\t\t<div class=\"elementor-widget-container\">\n\t\t\t\t\t\t\t\t<p><b>NORTEVISION.CL<\/b><\/p><p><a style=\"font-style: inherit; font-weight: inherit; background-color: #ffffff; font-family: -apple-system, BlinkMacSystemFont,;\" href=\"http:\/\/nortevision.cl\/2021\/04\/07\/campanas-en-pandemia-menos-despliegue-territorial-y-mas-redes-sociales\/\" target=\"_blank\" rel=\"noopener\">Campa\u00f1as en pandemia: Menos despliegue territorial y m\u00e1s redes sociales. Se refiere Mario Herrera, acad\u00e9mico del Centro de An\u00e1lisis Pol\u00edtico (CAP) de la UTalca.<\/a><\/p>\t\t\t\t\t\t<\/div>\n\t\t\t\t<\/div>\n\t\t\t\t<div class=\"elementor-element elementor-element-4eb1ce6 elementor-widget elementor-widget-text-editor\" data-id=\"4eb1ce6\" data-element_type=\"widget\" data-widget_type=\"text-editor.default\">\n\t\t\t\t<div class=\"elementor-widget-container\">\n\t\t\t\t\t\t\t\t<p><b>EL SUR<\/b><\/p><p><a style=\"font-style: inherit; font-weight: inherit; background-color: #ffffff; font-family: -apple-system, BlinkMacSystemFont,;\" href=\"https:\/\/www.litoralpress.cl\/paginaconsultas\/Servicios_NClip\/Get_Imagen_Nota.aspx?LPKey=.N.Erw.%C3%9C.D.Sy.Rj.Ywyq.Z\/82x2nsk.Up.D.Jug.X.D.Ik6.Ivvfy6.Al.L1.Tw.L3wnw.D.%C3%9Cflrky.Q.T.Goz.Y\" target=\"_blank\" rel=\"noopener\">Proyectos Institucionales. Se menciona a la UTalca.<\/a><\/p>\t\t\t\t\t\t<\/div>\n\t\t\t\t<\/div>\n\t\t\t\t\t<\/div>\n\t\t<\/div>\n\t\t\t\t\t\t\t<\/div>\n\t\t<\/section>\n\t\t\t\t\t\t<\/div>\n\t\t\t\t\t<\/div>\n\t\t","protected":false},"excerpt":{"rendered":"<p>EL MERCURIO Expertos coinciden en estudiar eventual tercera dosis contra COVID-19 para mejorar inmunidad. Se refiere Erika Retamal, directora de Salud P\u00fablica de la UTalca. ELMERCURIO.COM Expertos coinciden en estudiar eventual tercera dosis contra COVID-19 para mejorar inmunidad. Se refiere Erika Retamal, directora de Salud P\u00fablica de la UTalca. LAS \u00daLTIMAS NOTICIAS Alexis Kalergis: \u201cUna &hellip;<\/p>\n<p class=\"read-more\"> <a class=\"\" href=\"https:\/\/www.reportedeprensa.utalca.cl\/?p=659\"> <span class=\"screen-reader-text\">08 de abril de 2021<\/span> Read More &raquo;<\/a><\/p>\n","protected":false},"author":1,"featured_media":0,"comment_status":"closed","ping_status":"open","sticky":false,"template":"elementor_theme","format":"standard","meta":{"_monsterinsights_skip_tracking":false,"_monsterinsights_sitenote_active":false,"_monsterinsights_sitenote_note":"","_monsterinsights_sitenote_category":0},"categories":[7],"tags":[],"_links":{"self":[{"href":"https:\/\/www.reportedeprensa.utalca.cl\/index.php?rest_route=\/wp\/v2\/posts\/659"}],"collection":[{"href":"https:\/\/www.reportedeprensa.utalca.cl\/index.php?rest_route=\/wp\/v2\/posts"}],"about":[{"href":"https:\/\/www.reportedeprensa.utalca.cl\/index.php?rest_route=\/wp\/v2\/types\/post"}],"author":[{"embeddable":true,"href":"https:\/\/www.reportedeprensa.utalca.cl\/index.php?rest_route=\/wp\/v2\/users\/1"}],"replies":[{"embeddable":true,"href":"https:\/\/www.reportedeprensa.utalca.cl\/index.php?rest_route=%2Fwp%2Fv2%2Fcomments&post=659"}],"version-history":[{"count":4,"href":"https:\/\/www.reportedeprensa.utalca.cl\/index.php?rest_route=\/wp\/v2\/posts\/659\/revisions"}],"predecessor-version":[{"id":663,"href":"https:\/\/www.reportedeprensa.utalca.cl\/index.php?rest_route=\/wp\/v2\/posts\/659\/revisions\/663"}],"wp:attachment":[{"href":"https:\/\/www.reportedeprensa.utalca.cl\/index.php?rest_route=%2Fwp%2Fv2%2Fmedia&parent=659"}],"wp:term":[{"taxonomy":"category","embeddable":true,"href":"https:\/\/www.reportedeprensa.utalca.cl\/index.php?rest_route=%2Fwp%2Fv2%2Fcategories&post=659"},{"taxonomy":"post_tag","embeddable":true,"href":"https:\/\/www.reportedeprensa.utalca.cl\/index.php?rest_route=%2Fwp%2Fv2%2Ftags&post=659"}],"curies":[{"name":"wp","href":"https:\/\/api.w.org\/{rel}","templated":true}]}}