{"id":6602,"date":"2023-03-08T12:12:27","date_gmt":"2023-03-08T15:12:27","guid":{"rendered":"https:\/\/www.reportedeprensa.utalca.cl\/?p=6602"},"modified":"2023-03-08T12:19:58","modified_gmt":"2023-03-08T15:19:58","slug":"08-de-marzo-de-2023","status":"publish","type":"post","link":"https:\/\/www.reportedeprensa.utalca.cl\/?p=6602","title":{"rendered":"08 de marzo de 2023"},"content":{"rendered":"\t\t<div data-elementor-type=\"wp-post\" data-elementor-id=\"6602\" class=\"elementor elementor-6602\" data-elementor-settings=\"[]\">\n\t\t\t\t\t\t\t<div class=\"elementor-section-wrap\">\n\t\t\t\t\t\t\t<section class=\"elementor-section elementor-top-section elementor-element elementor-element-2a4b4b83 elementor-section-boxed elementor-section-height-default elementor-section-height-default\" data-id=\"2a4b4b83\" data-element_type=\"section\">\n\t\t\t\t\t\t<div class=\"elementor-container elementor-column-gap-default\">\n\t\t\t\t\t<div class=\"elementor-column elementor-col-100 elementor-top-column elementor-element elementor-element-24a78540\" data-id=\"24a78540\" data-element_type=\"column\">\n\t\t\t<div class=\"elementor-widget-wrap elementor-element-populated\">\n\t\t\t\t\t\t\t\t<div class=\"elementor-element elementor-element-55b07e54 elementor-widget elementor-widget-text-editor\" data-id=\"55b07e54\" data-element_type=\"widget\" data-widget_type=\"text-editor.default\">\n\t\t\t\t<div class=\"elementor-widget-container\">\n\t\t\t\t\t\t\t\t<p><strong>CAUQUENES.NET<\/strong><\/p><p><a href=\"https:\/\/cauquenesnet.cl\/2023\/03\/06\/utalca-aporta-a-la-sustentabilidad-con-cumplimiento-de-normativa-de-gestion-de-energia\/\">UTalca aporta a la sustentabilidad con cumplimiento de normativa de gesti\u00f3n de energ\u00eda. Se refieren Luis Urra Monsalve, vicerrector de Gesti\u00f3n Econ\u00f3mica y Administraci\u00f3n y Carlos Sol\u00eds Burgos, director de Log\u00edstica y Servicios.<\/a><\/p><p>\u00a0<\/p><p><strong>LA PRENSA DE CURIC\u00d3<\/strong><\/p><p><a href=\"https:\/\/www.litoralpress.cl\/paginaconsultas\/Servicios_NClipSitio\/Get_Imagen_Pagina.aspx?LPKey=2WBAZIE6CG734FVGPMRYMJGNIUQSDDDK7I2GCDMEREPXWM4MNQBA\">Estrategias para que los estudiantes tengan un a\u00f1o acad\u00e9mico exitoso. Se refiere Pablo L\u00f3pez Alegr\u00eda, director de la Escuela de Terapia Ocupacional.<\/a><\/p><p>\u00a0<\/p><p><strong>EL HERALDO<\/strong><\/p><p><a href=\"https:\/\/www.litoralpress.cl\/paginaconsultas\/Servicios_NClipSitio\/Get_Imagen_Nota.aspx?LPKey=O63KECTS75JGUUASBH6UQ46MOXKHR6VYKKY5KOHFI2UCQVXCCXFHK22CELIR3PBOYNC4AWMS5N7TC\">Detallan estrategias para que los estudiantes tengan un a\u00f1o acad\u00e9mico exitoso. Se refiere Pablo L\u00f3pez Alegr\u00eda, director de la Escuela de Terapia Ocupacional.<\/a><\/p><p>\u00a0<\/p><p><strong>EL LECTOR<\/strong><\/p><p><a href=\"https:\/\/www.litoralpress.cl\/paginaconsultas\/Servicios_NClipSitio\/Get_Imagen_Nota.aspx?LPKey=FWVS4XUNSVZCBOQ6WYJZZET53CKDFAXEPQGDEFAOWEIMH77EV4WZRMMU7JFAEO6CUFTV3Z5PP7XMC\">Detallan estrategias para que los estudiantes tengan un a\u00f1o acad\u00e9mico exitoso. Se refiere Pablo L\u00f3pez Alegr\u00eda, director de la Escuela de Terapia Ocupacional.<\/a><\/p><p>\u00a0<\/p><p><strong>ELDIARIOSANTIAGO.CL<\/strong><\/p><p><a href=\"https:\/\/eldiariosantiago.cl\/2023\/03\/06\/detallan-estrategias-para-que-los-estudiantes-tengan-un-ano-academico-exitoso\/\">Detallan estrategias para que los estudiantes tengan un a\u00f1o acad\u00e9mico exitoso. Se refiere Pablo L\u00f3pez Alegr\u00eda, director de la Escuela de Terapia Ocupacional.<\/a><\/p><p>\u00a0<\/p><p><strong>ELCENTRO.CL<\/strong><\/p><p><a href=\"https:\/\/elcentro.cl\/2023\/03\/06\/detallan-estrategias-para-que-los-estudiantes-tengan-un-ano-academico-exitoso\/\">Detallan estrategias para que los estudiantes tengan un a\u00f1o acad\u00e9mico exitoso. Se refiere Pablo L\u00f3pez Alegr\u00eda, director de la Escuela de Terapia Ocupacional.<\/a><\/p><p>\u00a0<\/p><p><strong>DIARIOELHERALDO.CL<\/strong><\/p><p><a href=\"https:\/\/www.diarioelheraldo.cl\/noticia\/detallan-estrategias-para-que-los-estudiantes-tengan-un-ano-academico-exitoso-\">Detallan estrategias para que los estudiantes tengan un a\u00f1o acad\u00e9mico exitoso. Se refiere Pablo L\u00f3pez Alegr\u00eda, director de la Escuela de Terapia Ocupacional.<\/a><\/p><p>\u00a0<\/p><p><strong>MAULENEWS.COM<\/strong><\/p><p><a href=\"https:\/\/www.maulenews.com\/2023\/03\/consejos-para-un-ano-academico-exitoso.html\">Consejos para un a\u00f1o acad\u00e9mico exitoso: la importancia de las rutinas y los espacios de estudio. Se refiere Pablo L\u00f3pez Alegr\u00eda, director de la Escuela de Terapia Ocupacional.<\/a><\/p><p>\u00a0<\/p><p><strong>RADIO AMIGA<\/strong><\/p><p><a href=\"https:\/\/www.litoralpress.cl\/sitio\/RadioTV_Detalles.cshtml?LPKey=QKISCUVSP2EZUFUETJJX574MESCGMF4VXYWOZGLTQHEQF2D4KPQY5A4JAYX6454VWI65N6DCDF5QK\">Se cumplen tres a\u00f1os de la aparici\u00f3n del Covid-19. Se refiere Daniel Jim\u00e9nez Acu\u00f1a, director de Salud del Estudiante.<\/a><\/p><p>\u00a0<\/p><p><strong>RADIO AMIGA<\/strong><\/p><p><a href=\"https:\/\/www.litoralpress.cl\/sitio\/RadioTV_Detalles.cshtml?LPKey=6UDRBQNXWEMCIINCINPV4LKMRAKPAIEK2AV5GUH4SULI4ML7VCQGLY7QH5GCBEXONCPC2WQFLAIIE\">Detectan caso positivo de influenza aviar en Rucapequ\u00e9n comuna de Chill\u00e1n Viejo. Se refiere Daniel Jim\u00e9nez Acu\u00f1a, director de Salud del Estudiante.<\/a><\/p><p>\u00a0<\/p><p><strong>ELMAULEINFORMA.CL<\/strong><\/p><p><a href=\"https:\/\/elmauleinforma.cl\/influenza-aviar-especialista-entrega-recomendaciones-para-evitar-contagios\/\">Influenza aviar: especialista entrega recomendaciones para evitar contagios. Se refiere Daniel Jim\u00e9nez Acu\u00f1a, director de Salud del Estudiante.<\/a><\/p><p>\u00a0<\/p><p><strong>DIARIO.UACH.CL\u00a0\u00a0\u00a0\u00a0\u00a0\u00a0<\/strong>\u00a0\u00a0\u00a0\u00a0\u00a0<\/p><p><a href=\"https:\/\/diario.uach.cl\/academicos-dialogaron-sobre-el-recurso-de-nulidad-laboral-en-la-plataforma-idealex-com\/\">Acad\u00e9micos dialogaron sobre el recurso de nulidad laboral en la plataforma Idealex.com. Se refiere Diego Palomo V\u00e9lez, acad\u00e9mico de la Facultad de Ciencias Jur\u00eddicas y Sociales.<\/a><\/p><p>\u00a0<\/p><p><strong>ELMAULEINFORMA.CL<\/strong><\/p><p><a href=\"https:\/\/elmauleinforma.cl\/este-ano-las-personas-mayores-jubiladas-deberan-hacer-el-calculo-de-su-pension-segun-las-nuevas-tablas-de-mortalidad\/\">Este a\u00f1o las personas mayores jubiladas deber\u00e1n hacer el c\u00e1lculo de su pensi\u00f3n seg\u00fan las nuevas tablas de mortalidad. Se refiere Mar\u00eda Soledad Jofr\u00e9, director de la Escuela de Derecho en Campus Santiago.<\/a><\/p><p>\u00a0<\/p><p><strong>LINARESENLINEA.CL<\/strong><\/p><p><a href=\"https:\/\/www.linaresenlinea.cl\/2023\/03\/07\/este-ano-las-personas-mayores-jubiladas-deberan-hacer-el-calculo-de-su-pension-segun-las-nuevas-tablas-de-mortalidad\/\">Este a\u00f1o las personas mayores jubiladas deber\u00e1n hacer el c\u00e1lculo de su pensi\u00f3n seg\u00fan las nuevas tablas de mortalidad. Se refiere Mar\u00eda Soledad Jofr\u00e9, director de la Escuela de Derecho en Campus Santiago.<\/a><\/p><p>\u00a0<\/p><p><strong>CANAL 24 HORAS<\/strong><\/p><p><a href=\"https:\/\/www.litoralpress.cl\/sitio\/RadioTV_Detalles.cshtml?LPKey=QOUZJXEKV5C6SVBIYYMBMVIRTV2FLNQHEEPF3K2JJHGEFMJNCSIV42NMBUHJ4CLSHFT25AH7XYR4G\">Proceso Constituyente: Comisi\u00f3n de expertos comienza a trabajar. Se refiere Mario Herrera Mu\u00f1oz, acad\u00e9mico del Centro de An\u00e1lisis Pol\u00edtico (CAP).<\/a><\/p><p>\u00a0<\/p><p><strong>RADIO INFINITA<\/strong><\/p><p><a href=\"https:\/\/www.litoralpress.cl\/sitio\/RadioTV_Detalles.cshtml?LPKey=CLC5E4GSIEAQNMAME74UJG2QOKP5BKAG37MXVVRTLDM326KMELC6IW53LVJ7IHQXLC7SE35OQU6OG\">An\u00e1lisis pol\u00edtico. Se refiere Mauricio Morales Quiroga, director del Centro de An\u00e1lisis Pol\u00edtico (CAP).<\/a><\/p><p>\u00a0<\/p><p><strong>MEGANOTICIAS.CL<\/strong><\/p><p><a href=\"https:\/\/www.meganoticias.cl\/nacional\/407510-mauricio-morales-cadem-encuesta-gobierno-presidente-boric-vallejo-jackson-marcel-toha-monsalve-gabinete-reality-05-03-2023.html\">Mauricio Morales y su an\u00e1lisis de ministros y subsecretarios del Presidente Boric: &#8220;un gabinete tipo reality&#8221;. Se refiere director del Centro de An\u00e1lisis Pol\u00edtico (CAP).<\/a><\/p><p>\u00a0<\/p><p><strong>24HORAS.CL<\/strong><\/p><p><a href=\"https:\/\/www.24horas.cl\/programas\/manana-informativa\/academico-por-convencion-proceso-constituyente\">Acad\u00e9mico por Convenci\u00f3n: &#8220;Uno de los errores fue que todas las expectativas del estallido se sembraron en un proceso constituyente&#8221;. Se refiere Mario Herrera Mu\u00f1oz, acad\u00e9mico de Centro de An\u00e1lisis Pol\u00edtico (CAP).<\/a><\/p><p>\u00a0<\/p><p><strong>ELDESCONCIERTO.CL<\/strong><\/p><p><a href=\"https:\/\/www.eldesconcierto.cl\/reportajes\/2023\/03\/06\/mapa-de-la-comision-experta-quien-gano-en-la-negociacion-final.html\">Mapa de la comisi\u00f3n experta: qui\u00e9n gan\u00f3 en la negociaci\u00f3n final. Se refiere Mauricio Morales Quiroga, director del Centro de An\u00e1lisis Pol\u00edtico (CAP).<\/a><\/p><p>\u00a0<\/p><p><strong>LA TERCERA<\/strong><\/p><p><a href=\"https:\/\/www.litoralpress.cl\/paginaconsultas\/Servicios_NClipSitio\/Get_Imagen_Nota.aspx?LPKey=A6LAIY2ST4R4ZF4WRVC44255C5SPVQT5RA4BFZD5Q2DXT3PS7PRB63BRD2ZV36YFXTVRSA5LDSTOO\">\u00bfUn mejor 2023 para constructoras e inmobiliarias? Paz, Salfacorp y Manquehue entre las acciones m\u00e1s rentables de febrero. Se menciona una investigaci\u00f3n de la UTalca.<\/a><\/p><p>\u00a0<\/p><p><strong>LATERCERA.COM<\/strong><\/p><p><a href=\"https:\/\/www.latercera.com\/pulso-pm\/noticia\/un-mejor-2023-para-constructoras-e-inmobiliarias-paz-salfacorp-y-manquehue-entre-las-acciones-mas-rentables-de-febrero\/AASDD4XQ3VGU5FAW7Q3RZ2OBGU\/\">\u00bfUn mejor 2023 para constructoras e inmobiliarias? Paz, Salfacorp y Manquehue entre las acciones m\u00e1s rentables de febrero. Se menciona una investigaci\u00f3n de la UTalca.<\/a><\/p><p>\u00a0<\/p>\t\t\t\t\t\t<\/div>\n\t\t\t\t<\/div>\n\t\t\t\t\t<\/div>\n\t\t<\/div>\n\t\t\t\t\t\t\t<\/div>\n\t\t<\/section>\n\t\t\t\t\t\t<\/div>\n\t\t\t\t\t<\/div>\n\t\t","protected":false},"excerpt":{"rendered":"<p>CAUQUENES.NET UTalca aporta a la sustentabilidad con cumplimiento de normativa de gesti\u00f3n de energ\u00eda. Se refieren Luis Urra Monsalve, vicerrector de Gesti\u00f3n Econ\u00f3mica y Administraci\u00f3n y Carlos Sol\u00eds Burgos, director de Log\u00edstica y Servicios. \u00a0 LA PRENSA DE CURIC\u00d3 Estrategias para que los estudiantes tengan un a\u00f1o acad\u00e9mico exitoso. Se refiere Pablo L\u00f3pez Alegr\u00eda, director &hellip;<\/p>\n<p class=\"read-more\"> <a class=\"\" href=\"https:\/\/www.reportedeprensa.utalca.cl\/?p=6602\"> <span class=\"screen-reader-text\">08 de marzo de 2023<\/span> Read More &raquo;<\/a><\/p>\n","protected":false},"author":1,"featured_media":0,"comment_status":"closed","ping_status":"open","sticky":false,"template":"","format":"standard","meta":{"_monsterinsights_skip_tracking":false,"_monsterinsights_sitenote_active":false,"_monsterinsights_sitenote_note":"","_monsterinsights_sitenote_category":0},"categories":[31],"tags":[],"_links":{"self":[{"href":"https:\/\/www.reportedeprensa.utalca.cl\/index.php?rest_route=\/wp\/v2\/posts\/6602"}],"collection":[{"href":"https:\/\/www.reportedeprensa.utalca.cl\/index.php?rest_route=\/wp\/v2\/posts"}],"about":[{"href":"https:\/\/www.reportedeprensa.utalca.cl\/index.php?rest_route=\/wp\/v2\/types\/post"}],"author":[{"embeddable":true,"href":"https:\/\/www.reportedeprensa.utalca.cl\/index.php?rest_route=\/wp\/v2\/users\/1"}],"replies":[{"embeddable":true,"href":"https:\/\/www.reportedeprensa.utalca.cl\/index.php?rest_route=%2Fwp%2Fv2%2Fcomments&post=6602"}],"version-history":[{"count":4,"href":"https:\/\/www.reportedeprensa.utalca.cl\/index.php?rest_route=\/wp\/v2\/posts\/6602\/revisions"}],"predecessor-version":[{"id":6606,"href":"https:\/\/www.reportedeprensa.utalca.cl\/index.php?rest_route=\/wp\/v2\/posts\/6602\/revisions\/6606"}],"wp:attachment":[{"href":"https:\/\/www.reportedeprensa.utalca.cl\/index.php?rest_route=%2Fwp%2Fv2%2Fmedia&parent=6602"}],"wp:term":[{"taxonomy":"category","embeddable":true,"href":"https:\/\/www.reportedeprensa.utalca.cl\/index.php?rest_route=%2Fwp%2Fv2%2Fcategories&post=6602"},{"taxonomy":"post_tag","embeddable":true,"href":"https:\/\/www.reportedeprensa.utalca.cl\/index.php?rest_route=%2Fwp%2Fv2%2Ftags&post=6602"}],"curies":[{"name":"wp","href":"https:\/\/api.w.org\/{rel}","templated":true}]}}