{"id":6617,"date":"2023-03-09T11:40:32","date_gmt":"2023-03-09T14:40:32","guid":{"rendered":"https:\/\/www.reportedeprensa.utalca.cl\/?p=6617"},"modified":"2023-03-09T12:02:31","modified_gmt":"2023-03-09T15:02:31","slug":"09-de-marzo-de-2023","status":"publish","type":"post","link":"https:\/\/www.reportedeprensa.utalca.cl\/?p=6617","title":{"rendered":"09 de marzo de 2023"},"content":{"rendered":"\t\t<div data-elementor-type=\"wp-post\" data-elementor-id=\"6617\" class=\"elementor elementor-6617\" data-elementor-settings=\"[]\">\n\t\t\t\t\t\t\t<div class=\"elementor-section-wrap\">\n\t\t\t\t\t\t\t<section class=\"elementor-section elementor-top-section elementor-element elementor-element-2a4b4b83 elementor-section-boxed elementor-section-height-default elementor-section-height-default\" data-id=\"2a4b4b83\" data-element_type=\"section\">\n\t\t\t\t\t\t<div class=\"elementor-container elementor-column-gap-default\">\n\t\t\t\t\t<div class=\"elementor-column elementor-col-100 elementor-top-column elementor-element elementor-element-24a78540\" data-id=\"24a78540\" data-element_type=\"column\">\n\t\t\t<div class=\"elementor-widget-wrap elementor-element-populated\">\n\t\t\t\t\t\t\t\t<div class=\"elementor-element elementor-element-55b07e54 elementor-widget elementor-widget-text-editor\" data-id=\"55b07e54\" data-element_type=\"widget\" data-widget_type=\"text-editor.default\">\n\t\t\t\t<div class=\"elementor-widget-container\">\n\t\t\t\t\t\t\t\t<p><strong>DIARIOTALCA.CL<\/strong><\/p><p><a href=\"https:\/\/diariotalca.cl\/universidad-de-talca-dio-la-bienvenida-a-mas-de-2-mil-nuevos-estudiantes\/#respond\">Universidad de Talca dio la bienvenida a m\u00e1s de 2 mil nuevos estudiantes. Se refieren Paula Manr\u00edquez Novoa, vicerrectora de pregrado; Paula Caballero Moyano, vicerrectora de Desarrollo Estudiantil; Nicol\u00e1s Y\u00e1\u00f1ez Amigo, estudiante de la Escuela de Odontolog\u00eda; Nallely D\u00edaz Gonz\u00e1lez, estudiante de la Escuela de Ingenier\u00eda Comercial; Marlene Guti\u00e9rrez Urz\u00faa, directora del Programa de Formaci\u00f3n Fundamental.<\/a><\/p><p>\u00a0<\/p><p><strong>LA PRENSA DE CURIC\u00d3<\/strong><\/p><p><a href=\"https:\/\/www.litoralpress.cl\/paginaconsultas\/Servicios_NClipSitio\/Get_Imagen_Pagina.aspx?LPKey=YQ2NVI3HETOJO46L3MVGZGKH63KNT3LW5AYXFTREP22Z4M4JY6CA\">Proyectos que buscan fortalecer rol de las mujeres en el mundo cient\u00edfico. Se refiere Karin Saavedra Redlich, directora de Vinculaci\u00f3n con el Medio; Andrea Bentancor, acad\u00e9mica de la Facultad de Econom\u00eda y Negocios; Andrea Barrera Valenzuela, acad\u00e9mica de la Facultad de Ciencias de la Salud y Natalia V\u00e9liz, directora de G\u00e9nero.<\/a><\/p><p>\u00a0<\/p><p><strong>EL LECTOR<\/strong><\/p><p><a href=\"https:\/\/www.litoralpress.cl\/paginaconsultas\/Servicios_NClipSitio\/Get_Imagen_Nota.aspx?LPKey=KD7KHHIOASDJTWW3OCFZ4L3SOXX7VJONIQ3S6YKTDSJLLGCBZZ4LIFWGN7TRKTGKWUP4WUE3763TU\">Acad\u00e9micas de la Universidad de Talca contribuyen a la equidad de g\u00e9nero. Se refieren Karin Saavedra Redlich, directora de Vinculaci\u00f3n con el Medio; Andrea Bentancor, acad\u00e9mica de la Facultad de Econom\u00eda y Negocios; Andrea Barrera Valenzuela, acad\u00e9mica de la Facultad de Ciencias de la Salud y Natalia V\u00e9liz, directora de G\u00e9nero.<\/a><\/p><p>\u00a0<\/p><p><strong>MEDIABANCO.COM<\/strong><\/p><p><a href=\"https:\/\/www.mediabanco.com\/academicas-de-la-universidad-de-talca-contribuyen-a-la-equidad-de-genero\/\">Acad\u00e9micas de la Universidad de Talca contribuyen a la equidad de g\u00e9nero. Se refieren Karin Saavedra Redlich, directora de Vinculaci\u00f3n con el Medio; Andrea Bentancor, acad\u00e9mica de la Facultad de Econom\u00eda y Negocios; Andrea Barrera Valenzuela, acad\u00e9mica de la Facultad de Ciencias de la Salud y Natalia V\u00e9liz, directora de G\u00e9nero.<\/a><\/p><p>\u00a0<\/p><p><strong>ELDIARIOSANTIAGO.CL<\/strong><\/p><p><a href=\"https:\/\/eldiariosantiago.cl\/2023\/03\/07\/academicas-de-la-universidad-de-talca-contribuyen-a-la-equidad-de-genero\/\">Acad\u00e9micas de la Universidad de Talca contribuyen a la equidad de g\u00e9nero. Se refieren Karin Saavedra Redlich, directora de Vinculaci\u00f3n con el Medio; Andrea Bentancor, acad\u00e9mica de la Facultad de Econom\u00eda y Negocios; Andrea Barrera Valenzuela, acad\u00e9mica de la Facultad de Ciencias de la Salud y Natalia V\u00e9liz, directora de G\u00e9nero.<\/a><\/p><p>\u00a0<\/p><p><strong>MEDIABANCO.COM<\/strong><\/p><p><a href=\"https:\/\/www.mediabanco.com\/utalca-concientiza-y-ayuda-en-la-deteccion-de-enfermedades-auditivas\/\">UTalca concientiza y ayuda en la detecci\u00f3n de enfermedades auditivas. Se refiere M\u00f3nica Carrasco Gonz\u00e1lez, acad\u00e9mica de la Escuela de Medicina y Miguel V\u00e1squez Campos, director de la Escuela de Fonoaudiolog\u00eda.<\/a><\/p><p>\u00a0<\/p><p><strong>CANAL CONTIVISI\u00d3N<\/strong><\/p><p><a href=\"https:\/\/www.litoralpress.cl\/sitio\/RadioTV_Detalles.cshtml?LPKey=5T4NZXS3Y62M2RDN7HEIFSXRLQFU2BITD7QAEUDSUI46VJRPM7XDRGIT4RRL7AP2ZBFIBR2M7MA5E\">Inicio de clases y las estrategias para un a\u00f1o escolar exitoso. Se refiere Pablo L\u00f3pez Alegr\u00eda, director de la Escuela de Terapia Ocupacional.<\/a><\/p><p>\u00a0<\/p><p><strong>LANOTICIA.CL<\/strong><\/p><p><a href=\"https:\/\/lanoticia.cl\/detallan-estrategias-para-que-los-estudiantes-tengan-un-ano-academico-exitoso\/\">Detallan estrategias para que los estudiantes tengan un a\u00f1o acad\u00e9mico exitoso. Se refiere Pablo L\u00f3pez Alegr\u00eda, director de la Escuela de Terapia Ocupacional.<\/a><\/p><p>\u00a0<\/p><p><strong>LA ESTRELLA DE VALPARA\u00cdSO<\/strong><\/p><p><a href=\"https:\/\/www.litoralpress.cl\/paginaconsultas\/Servicios_NClipSitio\/Get_Imagen_Nota.aspx?LPKey=CX4Z7E4STXM6VKIKB5LFJZ3RO7NKKKXEJ4VY43KQITSU7VRT5GBA5ZIHZIGWZA6LOXOQNMIHKOPKQ\">Expertos advierten que contagios por COVID-19 podr\u00edan aumentar en marzo. Se refiere Daniel Jim\u00e9nez Acu\u00f1a, director de Salud del Estudiante.\u00a0<\/a><\/p><p>\u00a0<\/p><p><strong>EL L\u00cdDER<\/strong><\/p><p><a href=\"https:\/\/www.litoralpress.cl\/paginaconsultas\/Servicios_NClipSitio\/Get_Imagen_Nota.aspx?LPKey=EQTML3HTTZ5X3HTI6DPTMNFQC2MVVIBAFDSXU6AU5WFYVCE7X3NVKGMPMKYW5MQ5WDEVBV7F46O7E\">SAG confirma 13 casos de influenza aviar en la provincia de San Antonio. Se refiere Daniel Jim\u00e9nez Acu\u00f1a, director de Salud del Estudiante.<\/a><\/p><p>\u00a0<\/p><p><strong>SPANISH.NEWS.CN<\/strong><\/p><p><a href=\"https:\/\/www.litoralpress.cl\/paginaconsultas\/Servicios_NClipSitio\/Get_Imagen_Nota.aspx?LPKey=ZLE5JEEG4TGPOZ4FDUKRNRFOHYXXWGTSLZSHXVWQ6WBLDF5MMPELJTGPQABFLBKTNDOKTEZE6JKX2\">Chile juega papel global como productor y exportador de hidr\u00f3geno verde en combate contra cambio clim\u00e1tico, seg\u00fan acad\u00e9mico. Se refiere Felipe Varas, acad\u00e9mico de la Escuela de Ingenier\u00eda Civil Industrial.<\/a><\/p><p>\u00a0<\/p><p><strong>SPANISH.PEOPLEDAILY.COM.CN<\/strong><\/p><p><a href=\"https:\/\/www.litoralpress.cl\/paginaconsultas\/Servicios_NClipSitio\/Get_Imagen_Nota.aspx?LPKey=R3656HAU32IZIDSJ4ZDYR4PYU6HO4AK3EGY7EIXPZFM2P7WJEZ6YPQREUBYRBE7U76ZCXQNCJYLYM\">Chile juega papel global como productor y exportador de hidr\u00f3geno verde en combate contra cambio clim\u00e1tico, seg\u00fan acad\u00e9mico. Se refiere Felipe Varas, acad\u00e9mico de la Escuela de Ingenier\u00eda Civil Industrial.<\/a><\/p><p>\u00a0<\/p><p><strong>CRONICADIGITAL.CL<\/strong><\/p><p><a href=\"https:\/\/www.cronicadigital.cl\/2023\/03\/07\/chile-juega-papel-global-como-productor-y-exportador-de-hidrogeno-verde-en-combate-contra-cambio-climatico-segun-academico\/\">Chile juega papel global como productor y exportador de hidr\u00f3geno verde en combate contra cambio clim\u00e1tico, seg\u00fan acad\u00e9mico. Se refiere Felipe Varas, acad\u00e9mico de la Escuela de Ingenier\u00eda Civil Industrial.<\/a><\/p><p>\u00a0<\/p><p><strong>EL HERALDO<\/strong><\/p><p><a href=\"https:\/\/www.litoralpress.cl\/paginaconsultas\/Servicios_NClipSitio\/Get_Imagen_Pagina.aspx?LPKey=QWQVK2H46K7575RQJNY5KUWDSPBU6U2NL7HKHVEGXT5ODQSSUFYA\">Este a\u00f1o las personas mayores jubiladas deber\u00e1n hacer el c\u00e1lculo de pensi\u00f3n seg\u00fan las nuevas tablas de mortalidad. Se refiere Mar\u00eda Soledad Jofr\u00e9, directora de la Escuela de Terapia Ocupacional.<\/a><\/p><p>\u00a0<\/p><p><strong>DIARIOELHERALDO.CL<\/strong><\/p><p><a href=\"https:\/\/www.diarioelheraldo.cl\/noticia\/-este-ano-las-personas-mayores-jubiladas-deberan-hacer-el-calculo-de-su-pension-segun-las-nuevas-tablas-de-mortalidad\">Este a\u00f1o las personas mayores jubiladas deber\u00e1n hacer el c\u00e1lculo de su pensi\u00f3n seg\u00fan las nuevas tablas de mortalidad. Se refiere Mar\u00eda Soledad Jofr\u00e9, directora de la Escuela de Derecho en Campus Santiago.<\/a><\/p><p>\u00a0<\/p><p><strong>RANCAGUATV.CL<\/strong><\/p><p><a href=\"https:\/\/www.rancaguatv.cl\/noticias-de-actualidad\/48-sociedad\/6330-este-a%C3%B1o-las-personas-mayores-jubiladas-deber%C3%A1n-hacer-el-c%C3%A1lculo-de-su-pensi%C3%B3n-seg%C3%BAn-las-nuevas-tablas-de-mortalidad\">Este a\u00f1o las personas mayores jubiladas deber\u00e1n hacer el c\u00e1lculo de su pensi\u00f3n seg\u00fan las nuevas tablas de mortalidad. Se refiere Mar\u00eda Soledad Jofr\u00e9, directora de la Escuela de Derecho en Campus Santiago.<\/a><\/p><p>\u00a0<\/p><p><strong>RADIO INFINITA<\/strong><\/p><p><a href=\"https:\/\/www.litoralpress.cl\/sitio\/RadioTV_Detalles.cshtml?LPKey=3S7YRF66FIGVRCANTQCOR366VQT23LRAZ4SDP7QXOQOYB3ALLZKAEJ4R2L2XVJFCNUHJLVWPUXEEI\">Comentario de Mauricio Morales Quiroga, director del Centro de An\u00e1lisis Pol\u00edtico (CAP).<\/a><\/p><p>\u00a0<\/p><p><strong>TERRAM.CL<\/strong><\/p><p><a href=\"https:\/\/www.terram.cl\/2023\/03\/mapa-de-la-comision-experta-quien-gano-en-la-negociacion-final\/\">Mapa de la comisi\u00f3n experta: qui\u00e9n gan\u00f3 en la negociaci\u00f3n final. Se refiere Mauricio Morales Quiroga, director del Centro de An\u00e1lisis Pol\u00edtico (CAP).<\/a><\/p><p>\u00a0<\/p><p><strong>DIARIOCONSTITUCIONAL.CL<\/strong><\/p><p><a href=\"https:\/\/www.diarioconstitucional.cl\/2023\/03\/08\/conversatorio-sobre-la-constitucion-irlandesa-y-las-experiencias-de-reforma-constitucional-en-irlanda\/\">Conversatorio: sobre la constituci\u00f3n Irlandesa y las experiencias de reforma constitucional en Irlanda. Se menciona la UTalca, Campus Santiago.<\/a><\/p><p>\u00a0<\/p><p><strong>LADERASUR.CL<\/strong><\/p><p><a href=\"https:\/\/laderasur.com\/articulo\/5-jardines-botanicos-de-chile-que-no-puedes-dejar-de-conocer\/\">4 jardines bot\u00e1nicos de Chile que no puedes dejar de conocer. Se menciona el Jard\u00edn Bot\u00e1nico de la UTalca.<\/a><\/p><p>\u00a0<\/p><p><strong>LAQUINTAEMPRENDE.CL<\/strong><\/p><p><a href=\"https:\/\/laquintaemprende.cl\/oportunidad\/fundacion-mustakis-abre-convocatoria-al-programa-de-ciencia-y-tecnologia-2023\/\">Fundaci\u00f3n Mustakis abre convocatoria al programa Ciencia y Tecnolog\u00eda 2023. Se menciona la UTalca.<\/a><\/p><p>\u00a0<\/p><p><strong>PORTALEDUCA.CL<\/strong><\/p><p><a href=\"https:\/\/portaleduca.cl\/inauguracion-talleres-de-robotica-clubes-de-ciencia-y-tecnologia-de-fundacion-mustakis\/\">Inauguraci\u00f3n Talleres de rob\u00f3tica, Clubes de Ciencia y Tecnolog\u00eda de Fundaci\u00f3n Mustakis. Se menciona la UTalca como sede.<\/a><\/p><p>\u00a0<\/p><p><strong>DCONSTRUCCI\u00d3N.CL<\/strong><\/p><p><a href=\"http:\/\/www.dconstruccion.cl\/?p=41918\">\u00bfUn mejor 2023 para constructoras e inmobiliarias? Paz, Salfacorp y Manquehue entre las acciones m\u00e1s rentables de febrero. Se menciona una investigaci\u00f3n de UTalca.<\/a><\/p><p>\u00a0<\/p>\t\t\t\t\t\t<\/div>\n\t\t\t\t<\/div>\n\t\t\t\t\t<\/div>\n\t\t<\/div>\n\t\t\t\t\t\t\t<\/div>\n\t\t<\/section>\n\t\t\t\t\t\t<\/div>\n\t\t\t\t\t<\/div>\n\t\t","protected":false},"excerpt":{"rendered":"<p>DIARIOTALCA.CL Universidad de Talca dio la bienvenida a m\u00e1s de 2 mil nuevos estudiantes. Se refieren Paula Manr\u00edquez Novoa, vicerrectora de pregrado; Paula Caballero Moyano, vicerrectora de Desarrollo Estudiantil; Nicol\u00e1s Y\u00e1\u00f1ez Amigo, estudiante de la Escuela de Odontolog\u00eda; Nallely D\u00edaz Gonz\u00e1lez, estudiante de la Escuela de Ingenier\u00eda Comercial; Marlene Guti\u00e9rrez Urz\u00faa, directora del Programa de &hellip;<\/p>\n<p class=\"read-more\"> <a class=\"\" href=\"https:\/\/www.reportedeprensa.utalca.cl\/?p=6617\"> <span class=\"screen-reader-text\">09 de marzo de 2023<\/span> Read More &raquo;<\/a><\/p>\n","protected":false},"author":1,"featured_media":0,"comment_status":"closed","ping_status":"open","sticky":false,"template":"","format":"standard","meta":{"_monsterinsights_skip_tracking":false,"_monsterinsights_sitenote_active":false,"_monsterinsights_sitenote_note":"","_monsterinsights_sitenote_category":0},"categories":[31],"tags":[],"_links":{"self":[{"href":"https:\/\/www.reportedeprensa.utalca.cl\/index.php?rest_route=\/wp\/v2\/posts\/6617"}],"collection":[{"href":"https:\/\/www.reportedeprensa.utalca.cl\/index.php?rest_route=\/wp\/v2\/posts"}],"about":[{"href":"https:\/\/www.reportedeprensa.utalca.cl\/index.php?rest_route=\/wp\/v2\/types\/post"}],"author":[{"embeddable":true,"href":"https:\/\/www.reportedeprensa.utalca.cl\/index.php?rest_route=\/wp\/v2\/users\/1"}],"replies":[{"embeddable":true,"href":"https:\/\/www.reportedeprensa.utalca.cl\/index.php?rest_route=%2Fwp%2Fv2%2Fcomments&post=6617"}],"version-history":[{"count":4,"href":"https:\/\/www.reportedeprensa.utalca.cl\/index.php?rest_route=\/wp\/v2\/posts\/6617\/revisions"}],"predecessor-version":[{"id":6621,"href":"https:\/\/www.reportedeprensa.utalca.cl\/index.php?rest_route=\/wp\/v2\/posts\/6617\/revisions\/6621"}],"wp:attachment":[{"href":"https:\/\/www.reportedeprensa.utalca.cl\/index.php?rest_route=%2Fwp%2Fv2%2Fmedia&parent=6617"}],"wp:term":[{"taxonomy":"category","embeddable":true,"href":"https:\/\/www.reportedeprensa.utalca.cl\/index.php?rest_route=%2Fwp%2Fv2%2Fcategories&post=6617"},{"taxonomy":"post_tag","embeddable":true,"href":"https:\/\/www.reportedeprensa.utalca.cl\/index.php?rest_route=%2Fwp%2Fv2%2Ftags&post=6617"}],"curies":[{"name":"wp","href":"https:\/\/api.w.org\/{rel}","templated":true}]}}