{"id":6635,"date":"2023-03-10T18:22:04","date_gmt":"2023-03-10T21:22:04","guid":{"rendered":"https:\/\/www.reportedeprensa.utalca.cl\/?p=6635"},"modified":"2023-03-10T18:30:16","modified_gmt":"2023-03-10T21:30:16","slug":"10-de-marzo-de-2023","status":"publish","type":"post","link":"https:\/\/www.reportedeprensa.utalca.cl\/?p=6635","title":{"rendered":"10 de marzo de 2023"},"content":{"rendered":"\t\t<div data-elementor-type=\"wp-post\" data-elementor-id=\"6635\" class=\"elementor elementor-6635\" data-elementor-settings=\"[]\">\n\t\t\t\t\t\t\t<div class=\"elementor-section-wrap\">\n\t\t\t\t\t\t\t<section class=\"elementor-section elementor-top-section elementor-element elementor-element-2a4b4b83 elementor-section-boxed elementor-section-height-default elementor-section-height-default\" data-id=\"2a4b4b83\" data-element_type=\"section\">\n\t\t\t\t\t\t<div class=\"elementor-container elementor-column-gap-default\">\n\t\t\t\t\t<div class=\"elementor-column elementor-col-100 elementor-top-column elementor-element elementor-element-24a78540\" data-id=\"24a78540\" data-element_type=\"column\">\n\t\t\t<div class=\"elementor-widget-wrap elementor-element-populated\">\n\t\t\t\t\t\t\t\t<div class=\"elementor-element elementor-element-55b07e54 elementor-widget elementor-widget-text-editor\" data-id=\"55b07e54\" data-element_type=\"widget\" data-widget_type=\"text-editor.default\">\n\t\t\t\t<div class=\"elementor-widget-container\">\n\t\t\t\t\t\t\t\t<p><strong>EMOL.COM<\/strong><\/p><p><a href=\"https:\/\/www.emol.com\/noticias\/Nacional\/2023\/03\/08\/1088664\/mujeres-rectoras-cruch-chile.html\">Liderazgos en la academia: cinco de las 30 universidades que integran al CRUCH est\u00e1n dirigidas por mujeres. Se menciona al rector, Carlos Torres Fuchslocher, como miembro del CRUCH.<\/a><\/p><p>\u00a0<\/p><p><strong>CANAL CONTIVISI\u00d3N<\/strong><\/p><p><a href=\"https:\/\/www.litoralpress.cl\/sitio\/RadioTV_Detalles.cshtml?LPKey=5YODDJUBVGWLPMXU7CKQC5HMW2UGVOMGY7YNCKZ2OCGETDNO2VARRM5XGEQY7WPZTX64JMJOGZQ4C\">Desde la U. de Talca son varias las acad\u00e9micas que promueven la equidad de g\u00e9nero y la disminuci\u00f3n de brechas. Se refiere Karin Saavedra Redlich, directora de Vinculaci\u00f3n con el Medio; Andrea Bentancor, acad\u00e9mica de la Facultad de Econom\u00eda y Negocios; Andrea Barrera Valenzuela, acad\u00e9mica de la Facultad de Ciencias de la Salud y Natalia V\u00e9liz, directora de G\u00e9nero.<\/a><\/p><p>\u00a0<\/p><p><strong>GRAFELBERGNOTICIAS.COM<\/strong><\/p><p><a href=\"http:\/\/grafelbergnoticias.blogspot.com\/2023\/03\/investigadora-del-amtc-es-reconocida.html\">Investigadora del AMTC es reconocida como una de las \u201c25 mujeres en la ciencia 2023\u201d. Se menciona a Andrea Barrera Valenzuela, como una de las cuatro mujeres seleccionadas en representaci\u00f3n de Chile.<\/a><\/p><p>\u00a0<\/p><p><strong>CANAL TVN RED MAULE<\/strong><\/p><p><a href=\"https:\/\/www.litoralpress.cl\/sitio\/RadioTV_Detalles.cshtml?LPKey=2R6CUSXGZ7TW5ERZ2WD6UBIZ3KE7C57XO3YV3VUWVEIE3Y6CQ5FF4NUS47TZQ55SSIHMFKOXJXWLQ\">8m, un d\u00eda para conmemorar las luchas femeninas. Se menciona la Universidad de Talca como organizador de ceremonia regional.<\/a><\/p><p>\u00a0<\/p><p><strong>CANAL CONTIVISI\u00d3N<\/strong><\/p><p><a href=\"https:\/\/www.litoralpress.cl\/sitio\/RadioTV_Detalles.cshtml?LPKey=47MKO6AW4BQNY4YBPO5Q737NL2TSKEENCM3RWNQVW2XYSGNNIIGGBQ5EMFHC4QME7GN5LJ2QGDWYW\">Con alto n\u00famero de asistentes se realiz\u00f3 la ceremonia regional del d\u00eda internacional de la mujer. Actividad se llev\u00f3 a cabo en el Centro de Extensi\u00f3n.<\/a><\/p><p>\u00a0<\/p><p><strong>DIARIOSENRED.COM<\/strong><\/p><p><a href=\"https:\/\/diariosenred.com\/regional\/con-reconocimiento-a-mujeres-destacadas-se-conmemoro-un-nuevo-8m-en-el\">Con reconocimiento a mujeres destacadas se conmemor\u00f3 un nuevo 8M en el Maule. Se menciona al rector, Carlos Torres Fuchslocher, como participante de la actividad.<\/a><\/p><p>\u00a0<\/p><p><strong>REDMAULE.COM<\/strong><\/p><p><a href=\"https:\/\/www.redmaule.com\/regional\/con-reconocimiento-a-mujeres-destacadas-se-conmemoro-un-nuevo-8m-en-el\">Con reconocimiento a mujeres destacadas se conmemor\u00f3 un nuevo 8M en el Maule. Se menciona al rector, Carlos Torres Fuchslocher, como participante de la actividad.<\/a><\/p><p>\u00a0<\/p><p><strong>ELMAULEINFORMA.CL<\/strong><\/p><p><a href=\"https:\/\/elmauleinforma.cl\/con-reconocimiento-a-mujeres-destacadas-se-conmemoro-un-nuevo-8m-en-el-maule\/\">Con reconocimiento a mujeres destacadas se conmemor\u00f3 un nuevo 8M en el Maule. Se menciona al rector, Carlos Torres Fuchslocher, como participante de la actividad.<\/a><\/p><p>\u00a0<\/p><p><strong>LANOTICIA.CL<\/strong><\/p><p><a href=\"https:\/\/lanoticia.cl\/con-reconocimiento-a-mujeres-destacadas-se-conmemoro-un-nuevo-8m-en-el-maule\/\">Con reconocimiento a mujeres destacadas se conmemor\u00f3 un nuevo 8M en el Maule. Se menciona al rector, Carlos Torres Fuchslocher, como participante de la actividad.<\/a><\/p><p>\u00a0<\/p><p><strong>DIARIOTALCA.CL<\/strong><\/p><p><a href=\"https:\/\/diariotalca.cl\/destacan-valentia-y-fortaleza-de-las-carabineras-al-conmemorar-el-8m\/\">Destacan valent\u00eda y fortaleza de las carabineras al conmemorar el 8M. Se menciona la ceremonia que se realiz\u00f3 en el Centro de Extensi\u00f3n.<\/a><\/p><p>\u00a0<\/p><p><strong>DIARIOTALCA.CL<\/strong><\/p><p><a href=\"https:\/\/diariotalca.cl\/con-marcha-pacifica-culmino-la-conmemoracion-del-8m-en-talca-y-el-maule\/\">Con marcha pac\u00edfica culmin\u00f3 la conmemoraci\u00f3n del 8M en Talca y el Maule. Acto oficial se llev\u00f3 a cabo en el Centro de Extensi\u00f3n.<\/a><\/p><p>\u00a0<\/p><p><strong>TVMAULE.CL<\/strong><\/p><p><a href=\"https:\/\/www.tvmaule.cl\/con-reconocimiento-a-mujeres-destacadas-se-conmemoro-un-nuevo-8m-en-el-maule\/\">Con reconocimiento a mujeres destacadas se conmemor\u00f3 un nuevo 8M en el Maule. Se menciona al rector, Carlos Torres Fuchslocher, como participante de la actividad.<\/a><\/p><p>\u00a0<\/p><p><strong>LATERCERA.COM<\/strong><\/p><p><a href=\"https:\/\/www.latercera.com\/paula\/8m-imagenes-de-una-marcha-por-el-dia-internacional-de-la-mujer\/\">8M: im\u00e1genes de una marcha por el D\u00eda Internacional de la Mujer. Se menciona estudio de la UTalca.<\/a><\/p><p>\u00a0<\/p><p><strong>EL LECTOR<\/strong><\/p><p><a href=\"https:\/\/www.litoralpress.cl\/paginaconsultas\/Servicios_NClipSitio\/Get_Imagen_Nota.aspx?LPKey=2RXKE6NEQ35HBYCGVS4HHCDKO3PJPZGX2YP6DUOA4H6LNIWGU74MOPMJVXHYGDZZNLXFQM5RN6ELE\">UTalca concientiza y ayuda en la detecci\u00f3n de enfermedades auditivas. Se refiere M\u00f3nica Carrasco Gonz\u00e1lez, acad\u00e9mica de la Escuela de Medicina y Miguel V\u00e1squez Campos, director de la Escuela de Fonoaudiolog\u00eda.<\/a><\/p><p>\u00a0<\/p><p><strong>RADIO NUEVO MUNDO<\/strong><\/p><p><a href=\"https:\/\/www.litoralpress.cl\/sitio\/RadioTV_Detalles.cshtml?LPKey=Y6EY4YGVIOXQRX27MB3GTGPQIC4A4HVCTVWLMPHRPDETMIRNM4B6P2Q6UMD6GCQ7DRHADZGSETZFE\">Reforma Tributaria. Entrevista a Mois\u00e9s Gonz\u00e1lez Troncoso, acad\u00e9mico de la Facultad de Econom\u00eda y Negocios.<\/a><\/p><p>\u00a0<\/p><p><strong>ELCENTRO.CL<\/strong><\/p><p><a href=\"https:\/\/elcentro.cl\/2023\/03\/09\/reportaje-licencias-medicas-fraudulentas-llego-su-fin\/\">Licencias m\u00e9dicas fraudulentas \u00bflleg\u00f3 su fin? Se refiere Leidy Garc\u00eda, acad\u00e9mica de la Facultad de Econom\u00eda y Negocios.<\/a><\/p><p>\u00a0<\/p><p><strong>MEDIABANCO.COM<\/strong><\/p><p><a href=\"https:\/\/www.mediabanco.com\/especialista-entrega-recomendaciones-para-enfrentar-la-inflacion\/\">Especialista entrega recomendaciones para enfrentar la inflaci\u00f3n. Se refiere Rodrigo Saens Navarrete, acad\u00e9mico de la Facultad de Econom\u00eda y Negocios.<\/a><\/p><p>\u00a0<\/p><p><strong>ELDIARIOSANTIAGO.CL<\/strong><\/p><p><a href=\"https:\/\/eldiariosantiago.cl\/2023\/03\/09\/especialista-entrega-recomendaciones-para-enfrentar-la-inflacion\/\">Especialista entrega recomendaciones para enfrentar la inflaci\u00f3n. Se refiere Rodrigo Saens Navarrete, acad\u00e9mico de la Facultad de Econom\u00eda y Negocios.<\/a><\/p><p>\u00a0<\/p><p><strong>EL MERCURIO <\/strong><\/p><p><a href=\"https:\/\/www.litoralpress.cl\/paginaconsultas\/Servicios_NClipSitio\/Get_Imagen_Pagina.aspx?LPKey=J7OF2RDBGHESIQT63ZF4H5FRO5IDRN7WEM3GFWJPOWO7QMNYUYXA\">Los factores pol\u00edticos que explicar\u00edan el fracaso del Gobierno en la C\u00e1mara con la tributaria. Se refiere Mauricio Morales Quiroga, director del Centro de An\u00e1lisis Pol\u00edtico (CAP).<\/a><\/p><p>\u00a0<\/p><p><strong>LA TERCERA<\/strong><\/p><p><a href=\"https:\/\/www.litoralpress.cl\/paginaconsultas\/Servicios_NClipSitio\/Get_Imagen_Pagina.aspx?LPKey=KNMMDL4PCCO5KQQPXZHH2EEJ7TQK4ZQGHBEF25KL6GWGA4JS4NUQ\">C\u00e1mara de Diputados propina la m\u00e1s dura derrota al programa de gobierno y rechaza la reforma tributaria. Se refiere Mauricio Morales Quiroga, director del Centro de An\u00e1lisis Pol\u00edtico (CAP).<\/a><\/p><p>\u00a0<\/p><p><strong>RADIO INFINITA<\/strong><\/p><p><a href=\"https:\/\/www.litoralpress.cl\/sitio\/RadioTV_Detalles.cshtml?LPKey=66O3SINYBJSVMFXRXHWYUJTB4QH77HTPN76HTTGWLS2ADWTFVBEXYB4AXH5UAYZXQBS7TQQY4IGEI\">Se refiere Mauricio Morales Quiroga, director del Centro de An\u00e1lisis Pol\u00edtico (CAP).<\/a><\/p><p>\u00a0<\/p><p><strong>BLOOMBERGLINEA.COM<\/strong><\/p><p><a href=\"https:\/\/www.litoralpress.cl\/paginaconsultas\/Documentos\/Get_Imagen.aspx?lpkey=HQ6UG4IUBSWZ5UNLYXD53CXQXX5RGAGBGLND6YUABYLVQ576DFRDZ5BGR2PD5YNECOZ7IL7ZNX7NI\">Boric sufre duro golpe: C\u00e1mara de Diputados rechaza en general reforma tributaria. Se refiere Mauricio Morales Quiroga, director del Centro de An\u00e1lisis Pol\u00edtico (CAP).<\/a><\/p><p>\u00a0<\/p><p><strong>LA SEGUNDA<\/strong><\/p><p><a href=\"https:\/\/www.litoralpress.cl\/paginaconsultas\/Servicios_NClipSitio\/Get_Imagen_Pagina.aspx?LPKey=IUUE4DEKB43A6VMFA2HHDWXRBZ5W5DTOUE3RF3XUBWKYKGLMEF6Q\">\u00bfNadie cont\u00f3 los votos?&#8221;: Mala estrategia, dicen en Twitter. Se refiere Mauricio Morales Quiroga, director del Centro de An\u00e1lisis Pol\u00edtico (CAP).<\/a><\/p><p>\u00a0<\/p><p><strong>MUNDOENLINEA.CL<\/strong><\/p><p><a href=\"https:\/\/mundoenlinea.cl\/2023\/03\/09\/fundacion-mustakis-inicia-programa-de-talleres-educativos-2023-con-foco-en-ciencia-tecnologia-y-robotica\/\">Fundaci\u00f3n Mustakis inicia programa de talleres educativos 2023 con foco en ciencia, tecnolog\u00eda y rob\u00f3tica. Se menciona la UTalca como sede.<\/a><\/p><p>\u00a0<\/p><p><strong>G5NOTICIA.CL<\/strong><\/p><p><a href=\"https:\/\/g5noticias.cl\/2023\/03\/09\/fundacion-mustakis-inicia-programa-de-talleres-educativos-2023-con-foco-en-ciencia-tecnologia-y-robotica\/\">Fundaci\u00f3n Mustakis inicia programa de talleres educativos 2023 con foco en ciencia, tecnolog\u00eda y rob\u00f3tica. Se menciona la UTalca como sede.<\/a><\/p><p>\u00a0<\/p>\t\t\t\t\t\t<\/div>\n\t\t\t\t<\/div>\n\t\t\t\t\t<\/div>\n\t\t<\/div>\n\t\t\t\t\t\t\t<\/div>\n\t\t<\/section>\n\t\t\t\t\t\t<\/div>\n\t\t\t\t\t<\/div>\n\t\t","protected":false},"excerpt":{"rendered":"<p>EMOL.COM Liderazgos en la academia: cinco de las 30 universidades que integran al CRUCH est\u00e1n dirigidas por mujeres. Se menciona al rector, Carlos Torres Fuchslocher, como miembro del CRUCH. \u00a0 CANAL CONTIVISI\u00d3N Desde la U. de Talca son varias las acad\u00e9micas que promueven la equidad de g\u00e9nero y la disminuci\u00f3n de brechas. Se refiere Karin &hellip;<\/p>\n<p class=\"read-more\"> <a class=\"\" href=\"https:\/\/www.reportedeprensa.utalca.cl\/?p=6635\"> <span class=\"screen-reader-text\">10 de marzo de 2023<\/span> Read More &raquo;<\/a><\/p>\n","protected":false},"author":1,"featured_media":0,"comment_status":"closed","ping_status":"open","sticky":false,"template":"","format":"standard","meta":{"_monsterinsights_skip_tracking":false,"_monsterinsights_sitenote_active":false,"_monsterinsights_sitenote_note":"","_monsterinsights_sitenote_category":0},"categories":[31],"tags":[],"_links":{"self":[{"href":"https:\/\/www.reportedeprensa.utalca.cl\/index.php?rest_route=\/wp\/v2\/posts\/6635"}],"collection":[{"href":"https:\/\/www.reportedeprensa.utalca.cl\/index.php?rest_route=\/wp\/v2\/posts"}],"about":[{"href":"https:\/\/www.reportedeprensa.utalca.cl\/index.php?rest_route=\/wp\/v2\/types\/post"}],"author":[{"embeddable":true,"href":"https:\/\/www.reportedeprensa.utalca.cl\/index.php?rest_route=\/wp\/v2\/users\/1"}],"replies":[{"embeddable":true,"href":"https:\/\/www.reportedeprensa.utalca.cl\/index.php?rest_route=%2Fwp%2Fv2%2Fcomments&post=6635"}],"version-history":[{"count":4,"href":"https:\/\/www.reportedeprensa.utalca.cl\/index.php?rest_route=\/wp\/v2\/posts\/6635\/revisions"}],"predecessor-version":[{"id":6639,"href":"https:\/\/www.reportedeprensa.utalca.cl\/index.php?rest_route=\/wp\/v2\/posts\/6635\/revisions\/6639"}],"wp:attachment":[{"href":"https:\/\/www.reportedeprensa.utalca.cl\/index.php?rest_route=%2Fwp%2Fv2%2Fmedia&parent=6635"}],"wp:term":[{"taxonomy":"category","embeddable":true,"href":"https:\/\/www.reportedeprensa.utalca.cl\/index.php?rest_route=%2Fwp%2Fv2%2Fcategories&post=6635"},{"taxonomy":"post_tag","embeddable":true,"href":"https:\/\/www.reportedeprensa.utalca.cl\/index.php?rest_route=%2Fwp%2Fv2%2Ftags&post=6635"}],"curies":[{"name":"wp","href":"https:\/\/api.w.org\/{rel}","templated":true}]}}