{"id":6650,"date":"2023-03-13T14:57:29","date_gmt":"2023-03-13T17:57:29","guid":{"rendered":"https:\/\/www.reportedeprensa.utalca.cl\/?p=6650"},"modified":"2023-03-13T15:23:07","modified_gmt":"2023-03-13T18:23:07","slug":"13-de-marzo-de-2023","status":"publish","type":"post","link":"https:\/\/www.reportedeprensa.utalca.cl\/?p=6650","title":{"rendered":"13 de marzo de 2023"},"content":{"rendered":"\t\t<div data-elementor-type=\"wp-post\" data-elementor-id=\"6650\" class=\"elementor elementor-6650\" data-elementor-settings=\"[]\">\n\t\t\t\t\t\t\t<div class=\"elementor-section-wrap\">\n\t\t\t\t\t\t\t<section class=\"elementor-section elementor-top-section elementor-element elementor-element-2a4b4b83 elementor-section-boxed elementor-section-height-default elementor-section-height-default\" data-id=\"2a4b4b83\" data-element_type=\"section\">\n\t\t\t\t\t\t<div class=\"elementor-container elementor-column-gap-default\">\n\t\t\t\t\t<div class=\"elementor-column elementor-col-100 elementor-top-column elementor-element elementor-element-24a78540\" data-id=\"24a78540\" data-element_type=\"column\">\n\t\t\t<div class=\"elementor-widget-wrap elementor-element-populated\">\n\t\t\t\t\t\t\t\t<div class=\"elementor-element elementor-element-55b07e54 elementor-widget elementor-widget-text-editor\" data-id=\"55b07e54\" data-element_type=\"widget\" data-widget_type=\"text-editor.default\">\n\t\t\t\t<div class=\"elementor-widget-container\">\n\t\t\t\t\t\t\t\t<p><strong>MEDIABANCO.COM<\/strong><\/p><p><a href=\"https:\/\/www.mediabanco.com\/academicas-son-reconocidas-por-su-aporte-a-la-equidad-de-genero-y-derechos-de-las-minorias\/\">Acad\u00e9micas son reconocidas por su aporte a la equidad de g\u00e9nero y derechos de las minor\u00edas. Se refieren Carlos Torres Fuchslocher, rector; Viviana Estrada, acad\u00e9mica de la Escuela de Kinesiolog\u00eda; y Paulina Arroyo Urrizola, expresidenta de la Asociaci\u00f3n de Acad\u00e9micos.<\/a><\/p><p>\u00a0<\/p><p><strong>LANOTICIA.CL<\/strong><\/p><p><a href=\"https:\/\/lanoticia.cl\/academicas-son-reconocidas-por-su-aporte-a-la-equidad-de-genero-y-derechos-de-las-minorias\/\">Acad\u00e9micas son reconocidas por su aporte a la equidad de g\u00e9nero y derechos de las minor\u00edas. Se refieren Carlos Torres Fuchslocher, rector; Viviana Estrada, acad\u00e9mica de la Escuela de Kinesiolog\u00eda; y Paulina Arroyo Urrizola, expresidenta de la Asociaci\u00f3n de Acad\u00e9micos.<\/a><\/p><p>\u00a0<\/p><p><strong>CAUQUENESNET.CL<\/strong><\/p><p><a href=\"https:\/\/cauquenesnet.cl\/2023\/03\/09\/academicas-son-reconocidas-por-su-aporte-a-la-equidad-de-genero-y-derechos-de-las-minorias\/\">Acad\u00e9micas son reconocidas por su aporte a la equidad de g\u00e9nero y derechos de las minor\u00edas. Se refieren y Carlos Torres Fuchslocher, rector; Viviana Estrada, acad\u00e9mica de la Escuela de Kinesiolog\u00eda; y Paulina Arroyo Urrizola, expresidenta de la Asociaci\u00f3n de Acad\u00e9micos.<\/a><\/p><p>\u00a0<\/p><p><strong>EL LECTOR<\/strong><\/p><p><a href=\"https:\/\/www.litoralpress.cl\/paginaconsultas\/Servicios_NClipSitio\/Get_Imagen_Pagina.aspx?LPKey=JJK4WM6FEJQVWQLFV34MMNCXTGJJKHJQU7SFSLR6MDTNNOSA7OZA\">Con reconocimiento a mujeres destacadas se conmemor\u00f3 un nuevo 8M en el Maule. Se menciona al rector, Carlos Torres Fuchslocher, como participante de la actividad.<\/a><\/p><p>\u00a0<\/p><p><strong>RADIO LAUTARO<\/strong><\/p><p><a href=\"https:\/\/www.litoralpress.cl\/sitio\/RadioTV_Detalles.cshtml?LPKey=FQGTNYX3UZKTZ33N6CR5BGOXZREUEDA2AUO2AQMYQRJZRT4WZ3DQP577XEQ27TQEHLU3ZWCMAMQPO\">Entrevista a Nadia Ramos Alvarado, directora del Centro de Psicolog\u00eda Aplicada (CEPA).<\/a><\/p><p>\u00a0<\/p><p><strong>LA PRENSA DE CURIC\u00d3<\/strong><\/p><p><a href=\"https:\/\/www.litoralpress.cl\/paginaconsultas\/Servicios_NClipSitio\/Get_Imagen_Nota.aspx?LPKey=UWH4EFJVMA6F5GSJ7MXZYGX2TTJL22VBSKYS55LEM3T3BXIDDA3B7B656K3H3AS2WX67XD6PR2ZCE\">Informan sobre las patolog\u00edas auditivas. Se destaca el servicio a la comunidad de la Universidad de Talca.<\/a><\/p><p>\u00a0<\/p><p><strong>CANAL CONTIVISI\u00d3N<\/strong><\/p><p><a href=\"https:\/\/www.litoralpress.cl\/sitio\/RadioTV_Detalles.cshtml?LPKey=VKFGR5SBJS4NG7HQWPLNOIP6AFOQO6CJRYDMY7JYHHPS3ZXQNSAW4VRN7AQKXGL2XLU35BCEYBB5O\">Realizan operativo para concientizar y detectar enfermedades auditivas. Se refiere M\u00f3nica Carrasco Gonz\u00e1lez, acad\u00e9mica de la Escuela de Medicina y Miguel V\u00e1squez Campos, director de la Escuela de Fonoaudiolog\u00eda.<\/a><\/p><p>\u00a0<\/p><p><strong>RADIO AMIGA<\/strong><\/p><p><a href=\"https:\/\/www.litoralpress.cl\/sitio\/RadioTV_Detalles.cshtml?LPKey=T5L2HYQ7WBHHLOILJ237LKQYDTENZB3MLLYRN5BLNAXXF6XFBCQDKPYIH6DAM7NLFW6KEEGFXESKM\">Operativo de salud auditiva realiz\u00f3 la U Talca junto con la Direcci\u00f3n Comunal de Salud. Se refiere M\u00f3nica Carrasco Gonz\u00e1lez, acad\u00e9mica de la Escuela de Medicina y Miguel V\u00e1squez Campos, director de la Escuela de Fonoaudiolog\u00eda.<\/a><\/p><p>\u00a0<\/p><p><strong>RADIO.UCHILE.CL<\/strong><\/p><p><a href=\"https:\/\/radio.uchile.cl\/2023\/03\/11\/expertos-hacen-zoom-a-demolicion-de-las-narco-casas-desde-el-show-pirotecnico-a-la-necesidad-de-una-politica-de-estado\/\">Expertos hacen zoom a demolici\u00f3n de las \u201cnarco-casas\u201d: desde el \u201cshow pirot\u00e9cnico\u201d a la necesidad de una pol\u00edtica de Estado. Se refiere Diego Palomo V\u00e9lez, acad\u00e9mico de la Facultad de Ciencias Jur\u00eddicas y Sociales.<\/a><\/p><p>\u00a0<\/p><p><strong>MEDIABANCO.COM<\/strong><\/p><p><a href=\"https:\/\/www.mediabanco.com\/dictaran-talleres-de-robotica-gratuitos-para-escolares-del-maule\/\">Dictar\u00e1n talleres de rob\u00f3tica gratuitos para escolares del Maule. Se refiere Karin Saavedra Redlich, directora general de Vinculaci\u00f3n con el Medio.<\/a><\/p><p>\u00a0<\/p><p><strong>ELMAULEINFORMA.CL<\/strong><\/p><p><a href=\"https:\/\/elmauleinforma.cl\/dictaran-talleres-de-robotica-gratuitos-para-escolares-del-maule\/\">Dictar\u00e1n talleres de rob\u00f3tica gratuitos para escolares del Maule. Se refiere Karin Saavedra Redlich, directora general de Vinculaci\u00f3n con el Medio.<\/a><\/p><p>\u00a0<\/p><p><strong>REDAGRICOLA.COM<\/strong><\/p><p><a href=\"https:\/\/www.redagricola.com\/cl\/chile-busca-desarrollar-manzanas-mas-dulces-para-apuntar-al-mercado-chino\/\">Chile busca desarrollar manzanas m\u00e1s dulces para apuntar al mercado chino. Daniela Simeone Fuster, encargada del Programa de Mejoramiento Gen\u00e9tico Asociativo del Manzano (PMG) del Centro de Pom\u00e1ceas.<\/a><\/p><p>\u00a0<\/p><p><strong>RANCAGUATV.CL<\/strong><\/p><p><a href=\"https:\/\/www.rancaguatv.cl\/noticias-de-actualidad\/116-mujer-y-genero\/6361-autoridades-regionales-encabezaron-conmemoraci%C3%B3n-del-d%C3%ADa-internacional-de-la-mujer-en-palmilla\">Autoridades regionales encabezaron conmemoraci\u00f3n del d\u00eda internacional de la mujer en palmilla. Se menciona a Adriana del Carmen Bast\u00edas Barrientos, doctora en Ciencias menci\u00f3n Ingenier\u00eda Gen\u00e9tica Vegetal de la Universidad de Talca.<\/a><\/p><p>\u00a0<\/p><p><strong>ELURBANORURAL.CL<\/strong><\/p><p><a href=\"http:\/\/elurbanorural.cl\/autoridades-regionales-encabezaron-conmemoracion-del-dia-internacional-de-la-mujer-en-palmilla\/\">Autoridades regionales encabezaron conmemoraci\u00f3n del d\u00eda internacional de la mujer en palmilla. Se menciona a Adriana del Carmen Bast\u00edas Barrientos, doctora en Ciencias menci\u00f3n Ingenier\u00eda Gen\u00e9tica Vegetal de la Universidad de Talca.<\/a><\/p><p>\u00a0<\/p><p><strong>LA PRENSA DE CURIC\u00d3<\/strong><\/p><p><a href=\"https:\/\/www.litoralpress.cl\/paginaconsultas\/Servicios_NClipSitio\/Get_Imagen_Pagina.aspx?LPKey=4L4GFRHE4AJVAW3RCMFVZN5ULXUN4AOU45AMDS4ZFRBVWCG6TBBA\">Brindan consejos para enfrentar la inflaci\u00f3n. Se refiere Rodrigo Saens Navarrete, acad\u00e9mico de la Facultad de Econom\u00eda y Negocios.<\/a><\/p><p>\u00a0<\/p><p><strong>EL HERALDO<\/strong><\/p><p><a href=\"https:\/\/www.litoralpress.cl\/paginaconsultas\/Servicios_NClipSitio\/Get_Imagen_Nota.aspx?LPKey=5EFO4BQQTMNG2TAF6A7ZUJTOKEJR7BGI4NDWLIBWP2STNHAX5R2IVN3PRE5RVQHJDS4LFQWW5OL3E\">Especialista entrega recomendaciones para enfrentar la inflaci\u00f3n. Se refiere Rodrigo Saens Navarrete, acad\u00e9mico de la Facultad de Econom\u00eda y Negocios.<\/a><\/p><p>\u00a0<\/p><p><strong>EL LECTOR<\/strong><\/p><p><a href=\"https:\/\/www.litoralpress.cl\/paginaconsultas\/Servicios_NClipSitio\/Get_Imagen_Nota.aspx?LPKey=6APU52O5NTBUAHAAHANXEKVFPPL7TXTGITA6RP6BZANVDBHT6OPSTCXPWHGEEXIWEE23R4HBQTUMI\">Especialista entrega recomendaciones para enfrentar la inflaci\u00f3n. Se refiere Rodrigo Saens Navarrete, acad\u00e9mico de la Facultad de Econom\u00eda y Negocios.<\/a><\/p><p>\u00a0<\/p><p><strong>BLOOMBERGLINEA.COM<\/strong><\/p><p><a href=\"https:\/\/www.bloomberglinea.com\/2023\/03\/12\/valor-de-la-uf-en-marzo-de-2023-cuanto-bajara-tras-caida-de-la-inflacion-en-chile\/\">Valor de la UF en marzo de 2023: Cu\u00e1nto bajar\u00e1 tras ca\u00edda de la inflaci\u00f3n en Chile. Se refiere Rodrigo Saens Navarrete, acad\u00e9mico de la Facultad de Econom\u00eda y Negocios.<\/a><\/p><p>\u00a0<\/p><p><strong>ELCENTRO.CL<\/strong><\/p><p><a href=\"https:\/\/elcentro.cl\/2023\/03\/10\/especialista-entrega-recomendaciones-para-enfrentar-la-inflacion\/\">Especialista entrega recomendaciones para enfrentar la inflaci\u00f3n. Se refiere Rodrigo Saens Navarrete, acad\u00e9mico de la Facultad de Econom\u00eda y Negocios.<\/a><\/p><p>\u00a0<\/p><p><strong>DIARIOELHERALDO.CL<\/strong><\/p><p><a href=\"https:\/\/www.diarioelheraldo.cl\/noticia\/especialista-entrega-recomendaciones-para-enfrentar-la-inflacion\">Especialista entrega recomendaciones para enfrentar la inflaci\u00f3n. Se refiere Rodrigo Saens Navarrete, acad\u00e9mico de la Facultad de Econom\u00eda y Negocios.<\/a><\/p><p>\u00a0<\/p><p><strong>CANAL MEGA<\/strong><\/p><p><a href=\"https:\/\/www.litoralpress.cl\/sitio\/RadioTV_Detalles.cshtml?LPKey=3Z7ZNEIX3TMIUTRGDQYCJYKBS4ZVOAJER43JVNDV2KTMRFJUSA4VPRDBTOVPKFZIIL2H346VUXKNO\">Cambio de gabinete. Se refiere Mauricio Morales Quiroga, director del Centro de An\u00e1lisis Pol\u00edtico (CAP).<\/a><\/p><p>\u00a0<\/p><p><strong>CANAL MEGA<\/strong><\/p><p><a href=\"https:\/\/www.litoralpress.cl\/sitio\/RadioTV_Detalles.cshtml?LPKey=5ZVWQFU3IOPLORJEUPPBPFRVZ5FE65LDH3A6FJDKLB2PSCLYG4ZF4754N5QIDZIKFASCIHOVTGSLC\">Cuenta regresiva para el cambio de gabinete. Se refiere Mauricio Morales Quiroga, director del Centro de An\u00e1lisis Pol\u00edtico (CAP).<\/a><\/p><p>\u00a0<\/p><p><strong>CANAL MEGA<\/strong><\/p><p><a href=\"https:\/\/www.litoralpress.cl\/sitio\/RadioTV_Detalles.cshtml?LPKey=TPVFW2L3KYBH3VBJZCWWJK6TIFHGF2GIDNNCZZ47D6RXU2A7V3ZHP5LUJXYMLL6A634BEWAXN5PZE\">Marta Maur\u00e1s no llegar\u00eda a canciller\u00eda. Se refiere Mauricio Morales Quiroga, director del Centro de An\u00e1lisis Pol\u00edtico (CAP).<\/a><\/p><p>\u00a0<\/p><p><strong>CANAL MEGA<\/strong><\/p><p><a href=\"https:\/\/www.litoralpress.cl\/sitio\/RadioTV_Detalles.cshtml?LPKey=MDUULOWQB6KJTHWVWMO4R4ODIWAZGCE2SUVK5E43FZSXHA7SMJU5AL2LPME6NMLIMQBI7HGUXP656\">Cambio de gabinete: las expectativas que genera. Se refiere Mauricio Morales Quiroga, director del Centro de An\u00e1lisis Pol\u00edtico (CAP).\u00a0<\/a><\/p><p>\u00a0<\/p><p><strong>CANAL MEGA<\/strong><\/p><p><a href=\"https:\/\/www.litoralpress.cl\/sitio\/RadioTV_Detalles.cshtml?LPKey=NA6CDLJ5MLCWJ2NCUO6V7NA5CR2WAOLLQWOYRQC7YPWPU22PB34HAR3XQVGQEY4KY4XASATVFXESE\">Cambio de gabinete: modificaciones en subsecretar\u00edas. Se refiere Mauricio Morales Quiroga, director del Centro de An\u00e1lisis Pol\u00edtico (CAP).\u00a0<\/a><\/p><p>\u00a0<\/p><p><strong>CANAL MEGA<\/strong><\/p><p><a href=\"https:\/\/www.litoralpress.cl\/sitio\/RadioTV_Detalles.cshtml?LPKey=FPRUYYM3TOVLYDKXQI7ETU2G6ZEKLHNURMBEGSBWLEQK4WFSHIEGD3ZF7VXGMB47EKF3GFSEXCW7G\">Cambio de gabinete: los desempe\u00f1os de las ministras Carolina Toh\u00e1 y Camila Vallejo. Se refiere Mauricio Morales Quiroga, director del Centro de An\u00e1lisis Pol\u00edtico (CAP).\u00a0<\/a><\/p><p>\u00a0<\/p><p><strong>CANAL MEGA<\/strong><\/p><p><a href=\"https:\/\/www.litoralpress.cl\/sitio\/RadioTV_Detalles.cshtml?LPKey=D5PJYWMRT6CRTTN57ZM5H57U45YFHFKDAJCHKADNHGJOATFQOC2J6DZDSQVVAEDN5QDHY5G3UM2PC\">Cambio de gabinete: sigue el movimiento de ministros en La Moneda. Se refiere Mauricio Morales Quiroga, director del Centro de An\u00e1lisis Pol\u00edtico (CAP).\u00a0<\/a><\/p><p>\u00a0<\/p><p><strong>CANAL MEGA<\/strong><\/p><p><a href=\"https:\/\/www.litoralpress.cl\/sitio\/RadioTV_Detalles.cshtml?LPKey=ZGWARNJZXDHVYIRGXZHAMU5YDPE4TGG7IBVWQFXTOFLBO5K6IHGZFTZOY7V4Y3CBQFEXVK2JPGM7E\">Cambio de gabinete: llega la Ministra del Trabajo. Se refiere Mauricio Morales Quiroga, director del Centro de An\u00e1lisis Pol\u00edtico (CAP).\u00a0<\/a><\/p><p>\u00a0<\/p><p><strong>CANAL MEGA<\/strong><\/p><p><a href=\"https:\/\/www.litoralpress.cl\/sitio\/RadioTV_Detalles.cshtml?LPKey=HPVIPJHBTTY2S53V75GY5GDHPE2VGM465N5ZV3FQXPZ4SLCXNVJAWMZULY6OZIUNSVZ6CPY5AIUKG\">Cambios en canciller\u00eda: posible llegada de Alberto Van Klaveren. Se refiere Mauricio Morales Quiroga, director del Centro de An\u00e1lisis Pol\u00edtico (CAP).\u00a0<\/a><\/p><p>\u00a0<\/p><p><strong>CANAL MEGA<\/strong><\/p><p><a href=\"https:\/\/www.litoralpress.cl\/sitio\/RadioTV_Detalles.cshtml?LPKey=HUPSHVTVSJHYT2SQ7ZRYMK6XRVZJO6E4HAEZOLSUJOO6LG77BG4C6KLTEWY4FGAM5UZJKGPTG77X2\">Ministros regresan a La Moneda en la previa del inminente cambio de gabinete. Se refiere Mauricio Morales Quiroga, director del Centro de An\u00e1lisis Pol\u00edtico (CAP).\u00a0<\/a><\/p><p>\u00a0<\/p><p><strong>CANAL MEGA<\/strong><\/p><p><a href=\"https:\/\/www.litoralpress.cl\/sitio\/RadioTV_Detalles.cshtml?LPKey=AGSQ3EO2LZOAGCXARBZCCLHOV2J3NDBSI5ZF37QRZ4QCCMVVFOPNWHJCYJFLGGHUICGLANV5ZJZI4\">Cambio de gabinete: modificaciones en el equipo econ\u00f3mico. Se refiere Mauricio Morales Quiroga, director del Centro de An\u00e1lisis Pol\u00edtico (CAP).<\/a><\/p><p>\u00a0<\/p><p><strong>CANAL MEGA<\/strong><\/p><p><a href=\"https:\/\/www.litoralpress.cl\/sitio\/RadioTV_Detalles.cshtml?LPKey=2GAOBURBLXO22JMEPIXJGLFXIJZRPGWNV2WOCGTF3QXMQVND7NJD26IGWLWKESMW3GTQQIUJHLWZQ\">Presidente Boric ultima detalles de su segundo cambio de gabinete. Se refiere Mauricio Morales Quiroga, director del Centro de An\u00e1lisis Pol\u00edtico (CAP).<\/a><\/p><p>\u00a0<\/p><p><strong>CANAL MEGA<\/strong><\/p><p><a href=\"https:\/\/www.litoralpress.cl\/sitio\/RadioTV_Detalles.cshtml?LPKey=A2GSFYO2ALWJMF422EBOD635SZEIQDIRBI6XARJULMHHTW46PQIS2SLTW2JJOB6E2ITA5ZLG76DWM\">\u00daltimos detalles del cambio de mando en la moneda. Se refiere Mauricio Morales Quiroga, director del Centro de An\u00e1lisis Pol\u00edtico (CAP).<\/a><\/p><p>\u00a0<\/p><p><strong>CANAL MEGA<\/strong><\/p><p><a href=\"https:\/\/www.litoralpress.cl\/sitio\/RadioTV_Detalles.cshtml?LPKey=YX3JRRIE4OBTTB4JWFN76KLKCSCYZIPWCJJR3TONZA7MN5VJLXMDNYVCWYR6T4TOSV2JE4MMLJWSE\">A la espera del cambio de gabinete en La Moneda. Se refiere Mauricio Morales Quiroga, director del Centro de An\u00e1lisis Pol\u00edtico (CAP).<\/a><\/p><p>\u00a0<\/p><p><strong>CANAL MEGA<\/strong><\/p><p><a href=\"https:\/\/www.litoralpress.cl\/sitio\/RadioTV_Detalles.cshtml?LPKey=7XKY3RAOVKNZVWEIIPJQPK7BIBECLJX3PCYCMKS6ZMKIGQM7V3UTKF3OKRE26T6FPA3ISETSC2P3E\">Inminente cambio de gabinete en La Moneda. Se refiere Mauricio Morales Quiroga, director del Centro de An\u00e1lisis Pol\u00edtico (CAP).<\/a><\/p><p>\u00a0<\/p><p><strong>CANAL CNN<\/strong><\/p><p><a href=\"https:\/\/www.litoralpress.cl\/sitio\/RadioTV_Detalles.cshtml?LPKey=MUGEMRX5UODL5O6W7SCC32EQCB5W2UHOK4OL2VWWQJF3L3RBG2MD5247OSX2P6ZH7AMAUAW7OV2EO\">Expectaci\u00f3n por cambio de gabinete ministerial. Se refiere Mauricio Morales Quiroga, director del Centro de An\u00e1lisis Pol\u00edtico (CAP).<\/a><\/p><p>\u00a0<\/p><p><strong>RADIO INFINITA<\/strong><\/p><p><a href=\"https:\/\/www.litoralpress.cl\/sitio\/RadioTV_Detalles.cshtml?LPKey=MNYENQK5IIQILECCD7ZCG5HN3BBWNA53WT6D5SWDH5DET2X2CHX6VEQLHSUHYIZ3KHTWTUJIFCJX2\">Comentario de Mauricio Morales Quiroga, director del Centro de An\u00e1lisis Pol\u00edtico (CAP).<\/a><\/p><p>\u00a0<\/p><p><strong>EMOL.COM<\/strong><\/p><p><a href=\"https:\/\/www.emol.com\/noticias\/Nacional\/2023\/03\/10\/1088877\/marcel-reforma-tributaria.html\">Despu\u00e9s de la derrota en la tributaria: El tono de Marcel que profundiza la brecha con la oposici\u00f3n. Se refiere Mauricio Morales Quiroga, director del Centro de An\u00e1lisis Pol\u00edtico (CAP).<\/a><\/p><p>\u00a0<\/p><p><strong>MEGANOTICIAS.CL<\/strong><\/p><p><a href=\"https:\/\/www.meganoticias.cl\/nacional\/408194-cambio-de-gabinete-analisis-mario-desbodes-mauricio-morales-nuevos-ministros-11-03-2023.html\">Tras cambio de gabinete: Pol\u00edticos y experto analizan los desaf\u00edos para el gobierno del Presidente Gabriel Boric. Se refiere Mauricio Morales Quiroga, director del Centro de An\u00e1lisis Pol\u00edtico (CAP).<\/a><\/p><p>\u00a0<\/p><p><strong>MEGANOTICIAS.CL<\/strong><\/p><p><a href=\"https:\/\/www.mega.cl\/programas\/mucho-gusto\/mejores-momentos\/143988-cambio-de-gabinete-presidente-boric-ministros-cargos-vallejo-urrejola-avila-mucho-gusto-mega-en-vivo.html\">Gobierno realiza preparativos para cambio de gabinete: \u00bfQui\u00e9nes podr\u00edan salir de los ministerios? Se refiere Mauricio Morales Quiroga, director del Centro de An\u00e1lisis Pol\u00edtico (CAP).<\/a><\/p><p>\u00a0<\/p><p><strong>CRONICADIGITAL.CL<\/strong><\/p><p><a href=\"https:\/\/www.cronicadigital.cl\/2023\/03\/12\/boric-cumple-un-ano-embestido-por-rechazo-a-nueva-constitucion-el-piloto-inicial-del-gobierno-chileno\/\">Boric cumple un a\u00f1o embestido por rechazo a nueva Constituci\u00f3n, el piloto inicial del gobierno chileno. Se refiere Mario Herrera Mu\u00f1oz, acad\u00e9mico del Centro de An\u00e1lisis Pol\u00edtico (CAP).<\/a><\/p><p>\u00a0<\/p><p><strong>NOSTALGICA.CL<\/strong><\/p><p><a href=\"https:\/\/www.nostalgica.cl\/despues-de-la-derrota-en-la-tributaria-el-tono-de-marcel-que-profundiza-la-brecha-con-la-oposicion\/\">Despu\u00e9s de la derrota en la tributaria: El tono de Marcel que profundiza la brecha con la oposici\u00f3n. Se refiere Mauricio Morales Quiroga, director del Centro de An\u00e1lisis Pol\u00edtico (CAP).<\/a><\/p><p>\u00a0<\/p><p><strong>ELPERIODISTA.CL<\/strong><\/p><p><a href=\"https:\/\/www.elperiodista.cl\/2023\/03\/en-un-ano-registro-civil-inscribe-2-586-matrimonios-de-parejas-del-mismo-sexo\/\">En un a\u00f1o Registro Civil inscribe 2.586 matrimonios de parejas del mismo sexo. Se menciona estudio en el que participa la UTalca.<\/a><\/p><p>\u00a0<\/p><p><strong>CRONICADIGITAL.CL<\/strong><\/p><p><a href=\"https:\/\/www.cronicadigital.cl\/2023\/03\/10\/registro-civil-inscribe-2-586-matrimonios-de-parejas-del-mismo-sexo\/\">En un a\u00f1o Registro Civil inscribe 2.586 matrimonios de parejas del mismo sexo. Se menciona estudio en el que participa la UTalca.<\/a><\/p><p>\u00a0<\/p><p><strong>DIARIOLAPRENSA.CL<\/strong><\/p><p><a href=\"https:\/\/new.diariolaprensa.cl\/index.php\/2023\/03\/12\/mansa-woman-y-encuentro-de-cantoras-en-mes-de-la-mujer\/\">Mansa Woman y Encuentro de Cantoras en Mes de la Mujer. Se menciona a la Tuna Femenina de la UTalca.<\/a><\/p><p>\u00a0<\/p>\t\t\t\t\t\t<\/div>\n\t\t\t\t<\/div>\n\t\t\t\t\t<\/div>\n\t\t<\/div>\n\t\t\t\t\t\t\t<\/div>\n\t\t<\/section>\n\t\t\t\t\t\t<\/div>\n\t\t\t\t\t<\/div>\n\t\t","protected":false},"excerpt":{"rendered":"<p>MEDIABANCO.COM Acad\u00e9micas son reconocidas por su aporte a la equidad de g\u00e9nero y derechos de las minor\u00edas. Se refieren Carlos Torres Fuchslocher, rector; Viviana Estrada, acad\u00e9mica de la Escuela de Kinesiolog\u00eda; y Paulina Arroyo Urrizola, expresidenta de la Asociaci\u00f3n de Acad\u00e9micos. \u00a0 LANOTICIA.CL Acad\u00e9micas son reconocidas por su aporte a la equidad de g\u00e9nero y &hellip;<\/p>\n<p class=\"read-more\"> <a class=\"\" href=\"https:\/\/www.reportedeprensa.utalca.cl\/?p=6650\"> <span class=\"screen-reader-text\">13 de marzo de 2023<\/span> Read More &raquo;<\/a><\/p>\n","protected":false},"author":1,"featured_media":0,"comment_status":"closed","ping_status":"open","sticky":false,"template":"","format":"standard","meta":{"_monsterinsights_skip_tracking":false,"_monsterinsights_sitenote_active":false,"_monsterinsights_sitenote_note":"","_monsterinsights_sitenote_category":0},"categories":[31],"tags":[],"_links":{"self":[{"href":"https:\/\/www.reportedeprensa.utalca.cl\/index.php?rest_route=\/wp\/v2\/posts\/6650"}],"collection":[{"href":"https:\/\/www.reportedeprensa.utalca.cl\/index.php?rest_route=\/wp\/v2\/posts"}],"about":[{"href":"https:\/\/www.reportedeprensa.utalca.cl\/index.php?rest_route=\/wp\/v2\/types\/post"}],"author":[{"embeddable":true,"href":"https:\/\/www.reportedeprensa.utalca.cl\/index.php?rest_route=\/wp\/v2\/users\/1"}],"replies":[{"embeddable":true,"href":"https:\/\/www.reportedeprensa.utalca.cl\/index.php?rest_route=%2Fwp%2Fv2%2Fcomments&post=6650"}],"version-history":[{"count":4,"href":"https:\/\/www.reportedeprensa.utalca.cl\/index.php?rest_route=\/wp\/v2\/posts\/6650\/revisions"}],"predecessor-version":[{"id":6654,"href":"https:\/\/www.reportedeprensa.utalca.cl\/index.php?rest_route=\/wp\/v2\/posts\/6650\/revisions\/6654"}],"wp:attachment":[{"href":"https:\/\/www.reportedeprensa.utalca.cl\/index.php?rest_route=%2Fwp%2Fv2%2Fmedia&parent=6650"}],"wp:term":[{"taxonomy":"category","embeddable":true,"href":"https:\/\/www.reportedeprensa.utalca.cl\/index.php?rest_route=%2Fwp%2Fv2%2Fcategories&post=6650"},{"taxonomy":"post_tag","embeddable":true,"href":"https:\/\/www.reportedeprensa.utalca.cl\/index.php?rest_route=%2Fwp%2Fv2%2Ftags&post=6650"}],"curies":[{"name":"wp","href":"https:\/\/api.w.org\/{rel}","templated":true}]}}