{"id":6668,"date":"2023-03-14T10:10:02","date_gmt":"2023-03-14T13:10:02","guid":{"rendered":"https:\/\/www.reportedeprensa.utalca.cl\/?p=6668"},"modified":"2023-03-14T10:29:04","modified_gmt":"2023-03-14T13:29:04","slug":"14-de-marzo-de-2023","status":"publish","type":"post","link":"https:\/\/www.reportedeprensa.utalca.cl\/?p=6668","title":{"rendered":"14 de marzo de 2023"},"content":{"rendered":"\t\t<div data-elementor-type=\"wp-post\" data-elementor-id=\"6668\" class=\"elementor elementor-6668\" data-elementor-settings=\"[]\">\n\t\t\t\t\t\t\t<div class=\"elementor-section-wrap\">\n\t\t\t\t\t\t\t<section class=\"elementor-section elementor-top-section elementor-element elementor-element-2a4b4b83 elementor-section-boxed elementor-section-height-default elementor-section-height-default\" data-id=\"2a4b4b83\" data-element_type=\"section\">\n\t\t\t\t\t\t<div class=\"elementor-container elementor-column-gap-default\">\n\t\t\t\t\t<div class=\"elementor-column elementor-col-100 elementor-top-column elementor-element elementor-element-24a78540\" data-id=\"24a78540\" data-element_type=\"column\">\n\t\t\t<div class=\"elementor-widget-wrap elementor-element-populated\">\n\t\t\t\t\t\t\t\t<div class=\"elementor-element elementor-element-55b07e54 elementor-widget elementor-widget-text-editor\" data-id=\"55b07e54\" data-element_type=\"widget\" data-widget_type=\"text-editor.default\">\n\t\t\t\t<div class=\"elementor-widget-container\">\n\t\t\t\t\t\t\t\t<p style=\"font-weight: 400;\"><strong>DIARIO TALCA\u00a0<\/strong><\/p><p style=\"font-weight: 400;\"><a href=\"https:\/\/diariotalca.cl\/academicas-utalca-reconocidas-por-su-aporte-a-la-equidad-de-genero\/\">Acad\u00e9micas son reconocidas por su aporte a la equidad de g\u00e9nero. Se refieren y Carlos Torres Fuchslocher, rector; Viviana Estrada, acad\u00e9mica de la Escuela de Kinesiolog\u00eda; y Paulina Arroyo Urrizola, expresidenta de la Asociaci\u00f3n de Acad\u00e9micos<\/a>.\u00a0\u00a0<\/p><p style=\"font-weight: 400;\"><strong>\u00a0<\/strong><\/p><p style=\"font-weight: 400;\"><strong>G5NOTICIAS.CL\u00a0<\/strong><\/p><p style=\"font-weight: 400;\"><a href=\"https:\/\/g5noticias.cl\/2023\/03\/12\/utalca-concientiza-y-ayuda-en-la-deteccion-de-enfermedades-auditivas\/\">UTalca concientiza y ayuda en la detecci\u00f3n de enfermedades auditivas. Se refiere M\u00f3nica Carrasco Gonz\u00e1lez, acad\u00e9mica de la Escuela de Medicina y Miguel V\u00e1squez Campos, director de la Escuela de Fonoaudiolog\u00eda.\u00a0<\/a><\/p><p>\u00a0<\/p><p style=\"font-weight: 400;\"><strong style=\"font-style: inherit;\">RADIO UNIVERSIDAD DE CHILE\u00a0<\/strong><\/p><p style=\"font-weight: 400;\"><a href=\"https:\/\/www.litoralpress.cl\/sitio\/RadioTV_Detalles.cshtml?LPKey=OOVJHPKTNFI43OY7QBMI2CCYWAWRRDXIED3V76LEIGWQB6HNOLTQ73JG4XGJI62WVCIVZPTEH5WZ4\">Demoliciones de casas narcos en La Florida. Se refiere Diego Palomo V\u00e9lez, acad\u00e9mico de la Facultad de Ciencias Jur\u00eddicas y Sociales.\u00a0<\/a><\/p><p>\u00a0<\/p><p style=\"font-weight: 400;\"><strong>G5NOTICIAS.CL\u00a0<\/strong><\/p><p style=\"font-weight: 400;\"><a href=\"https:\/\/g5noticias.cl\/2023\/03\/13\/detallan-estrategias-para-que-los-estudiantes-tengan-un-ano-academico-exitoso\/\">Detallan estrategias para que los estudiantes tengan un a\u00f1o acad\u00e9mico exitoso. Se refiere Pablo L\u00f3pez Alegr\u00eda, director de la Escuela de Terapia Ocupacional.\u00a0<\/a><\/p><p>\u00a0<\/p><p style=\"font-weight: 400;\"><strong>ELMOSTRADOR.CL\u00a0<\/strong><\/p><p style=\"font-weight: 400;\"><a href=\"https:\/\/www.elmostrador.cl\/agenda-pais\/2023\/03\/13\/cambio-climatico-zona-central-del-pais-registro-el-mes-mas-calido-de-la-historia\/\">Cambio clim\u00e1tico: zona central del pa\u00eds registr\u00f3 el mes m\u00e1s c\u00e1lido de la historia. Se refiere Patricio Gonz\u00e1lez Colville, acad\u00e9mico del Centro de Investigaci\u00f3n y Transferencia en Riego y Agroclimatolog\u00eda.\u00a0<\/a><\/p><p style=\"font-weight: 400;\">\u00a0<\/p><p style=\"font-weight: 400;\"><strong>ELDINAMO.CL\u00a0<\/strong><\/p><p style=\"font-weight: 400;\"><a href=\"https:\/\/www.eldinamo.cl\/pais\/2023\/03\/13\/zona-central-del-pais-registro-el-mes-mas-calido-de-la-historia\/\">Zona central del pa\u00eds registr\u00f3 el mes m\u00e1s c\u00e1lido de la historia. Se refiere Patricio Gonz\u00e1lez Colville, acad\u00e9mico del Centro de Investigaci\u00f3n y Transferencia en Riego y Agroclimatolog\u00eda.\u00a0<\/a><\/p><p>\u00a0<\/p><p style=\"font-weight: 400;\"><strong>MEDIABANCO.COM\u00a0<\/strong><\/p><p style=\"font-weight: 400;\"><a href=\"https:\/\/www.mediabanco.com\/zona-central-del-pais-registro-el-mes-mas-calido-de-la-historia\/\">Zona central del pa\u00eds registr\u00f3 el mes m\u00e1s c\u00e1lido de la historia. Se refiere Patricio Gonz\u00e1lez Colville, acad\u00e9mico del Centro de Investigaci\u00f3n y Transferencia en Riego y Agroclimatolog\u00eda.\u00a0<\/a><\/p><p style=\"font-weight: 400;\">\u00a0<\/p><p style=\"font-weight: 400;\"><strong>DIARIOSENRED.COM\u00a0<\/strong><\/p><p style=\"font-weight: 400;\"><a href=\"https:\/\/www.diariosenred.com\/nacional\/zona-central-registro-el-mes-mas-calido-en-100-anos-talca-lidero-el\">Zona central registr\u00f3 el mes m\u00e1s c\u00e1lido en 100 a\u00f1os: Talca lider\u00f3 el promedio. Se refiere Patricio Gonz\u00e1lez Colville, acad\u00e9mico del Centro de Investigaci\u00f3n y Transferencia en Riego y Agroclimatolog\u00eda.\u00a0<\/a><\/p><p style=\"font-weight: 400;\">\u00a0<\/p><p style=\"font-weight: 400;\"><strong>RADIO AMIGA\u00a0<\/strong><\/p><p style=\"font-weight: 400;\"><a href=\"https:\/\/www.litoralpress.cl\/sitio\/RadioTV_Detalles.cshtml?LPKey=7NZJMIP276UUX3IF7PIEL4TBGHUCRYYPCEPUSKDDJGCDFHD7M3CZPZBVEVYSW4LBNZOE3BD45KNAA\">Expertos aseguran que las temperaturas seguir\u00e1n altas en la regi\u00f3n del Maule. Se refiere Patricio Gonz\u00e1lez Colville,\u00a0acad\u00e9mico del Centro de Investigaci\u00f3n y Transferencia en Riego y Agroclimatolog\u00eda.\u00a0\u00a0<\/a><\/p><p style=\"font-weight: 400;\">\u00a0<\/p><p style=\"font-weight: 400;\"><strong>ELDIARIOSANTIAGO.CL\u00a0<\/strong><\/p><p style=\"font-weight: 400;\"><a href=\"https:\/\/eldiariosantiago.cl\/2023\/03\/13\/zona-central-del-pais-registro-el-mes-mas-calido-de-la-historia\/\">Zona central del pa\u00eds registr\u00f3 el mes m\u00e1s c\u00e1lido de la historia. Se refiere Patricio Gonz\u00e1lez Colville, acad\u00e9mico del Centro de Investigaci\u00f3n y Transferencia en Riego y Agroclimatolog\u00eda.\u00a0<\/a><\/p><p style=\"font-weight: 400;\">\u00a0<\/p><p style=\"font-weight: 400;\"><strong>ELTIPOGRAFO.CL\u00a0<\/strong><\/p><p style=\"font-weight: 400;\"><a href=\"https:\/\/eltipografo.cl\/2023\/03\/zona-central-con-peak-de-40-grados-registro-el-mes-mas-calido-en-100-anos\">Zona central con &#8220;peak&#8221; de hasta 40\u00b0 en febrero: fue el mes m\u00e1s c\u00e1lido en 100 a\u00f1os. Se refiere Patricio Gonz\u00e1lez Colville, acad\u00e9mico del Centro de Investigaci\u00f3n y Transferencia en Riego y Agroclimatolog\u00eda.\u00a0<\/a><\/p><p style=\"font-weight: 400;\">\u00a0<\/p><p style=\"font-weight: 400;\"><strong>ELDIARIODELAARAUCANIA.CL\u00a0\u00a0\u00a0\u00a0\u00a0<\/strong>\u00a0\u00a0\u00a0\u00a0\u00a0\u00a0\u00a0\u00a0\u00a0<\/p><p style=\"font-weight: 400;\"><a href=\"https:\/\/eldiariodelaaraucania.cl\/2023\/03\/13\/zona-central-del-pais-registro-el-mes-mas-calido-de-la-historia\/\">Zona central del pa\u00eds registr\u00f3 el mes m\u00e1s c\u00e1lido de la historia. Se refiere Patricio Gonz\u00e1lez Colville, acad\u00e9mico del Centro de Investigaci\u00f3n y Transferencia en Riego y Agroclimatolog\u00eda.\u00a0<\/a><\/p><p style=\"font-weight: 400;\">\u00a0<\/p><p style=\"font-weight: 400;\"><strong>DIARIOLATRIBUNA.CL\u00a0<\/strong><\/p><p style=\"font-weight: 400;\"><a href=\"https:\/\/www.latribuna.cl\/medio-ambiente\/2023\/03\/13\/zona-centro-de-chile-registro-el-mes-mas-calido-de-la-historia.html\">Zona centro de Chile registr\u00f3 el mes m\u00e1s c\u00e1lido de la historia. Se refiere Patricio Gonz\u00e1lez Colville, acad\u00e9mico del Centro de Investigaci\u00f3n y Transferencia en Riego y Agroclimatolog\u00eda.\u00a0<\/a><\/p><p style=\"font-weight: 400;\">\u00a0<\/p><p style=\"font-weight: 400;\"><strong>REDMAULE.COM\u00a0<\/strong><\/p><p style=\"font-weight: 400;\"><a href=\"https:\/\/www.redmaule.com\/nacional\/zona-central-registro-el-mes-mas-calido-en-100-anos-talca-lidero-el\">Zona central registr\u00f3 el mes m\u00e1s c\u00e1lido en 100 a\u00f1os: Talca lider\u00f3 el promedio. Se refiere Patricio Gonz\u00e1lez Colville, acad\u00e9mico del Centro de Investigaci\u00f3n y Transferencia en Riego y Agroclimatolog\u00eda.\u00a0<\/a><\/p><p style=\"font-weight: 400;\">\u00a0<\/p><p style=\"font-weight: 400;\"><strong>REDOHIGGINS.COM\u00a0<\/strong><\/p><p style=\"font-weight: 400;\"><a href=\"https:\/\/redohiggins.com\/nacional\/zona-central-registro-el-mes-mas-calido-en-100-anos-talca-lidero-el\">Zona central registr\u00f3 el mes m\u00e1s c\u00e1lido en 100 a\u00f1os: Talca lider\u00f3 el promedio. Se refiere Patricio Gonz\u00e1lez Colville, acad\u00e9mico del Centro de Investigaci\u00f3n y Transferencia en Riego y Agroclimatolog\u00eda.\u00a0<\/a><\/p><p style=\"font-weight: 400;\">\u00a0<\/p><p style=\"font-weight: 400;\"><strong>ENLINEAMAULE.CL\u00a0<\/strong><\/p><p style=\"font-weight: 400;\"><a href=\"https:\/\/enlineamaule.cl\/archivo\/51838\">Para marzo se esperan olas de calor y las heladas llegar\u00e1n a fines de mayo en el Maule. Se refiere Patricio Gonz\u00e1lez Colville, acad\u00e9mico del Centro de Investigaci\u00f3n y Transferencia en Riego y Agroclimatolog\u00eda.\u00a0<\/a><\/p><p style=\"font-weight: 400;\">\u00a0<\/p><p style=\"font-weight: 400;\"><strong>TVMAULE.CL\u00a0<\/strong><\/p><p style=\"font-weight: 400;\"><a href=\"https:\/\/www.tvmaule.cl\/zona-central-del-pais-registro-el-mes-mas-calido-de-la-historia\/\">Zona central del pa\u00eds registr\u00f3 el mes m\u00e1s c\u00e1lido de la historia. Se refiere Patricio Gonz\u00e1lez Colville, acad\u00e9mico del Centro de Investigaci\u00f3n y Transferencia en Riego y Agroclimatolog\u00eda.\u00a0<\/a><\/p><p style=\"font-weight: 400;\">\u00a0<\/p><p style=\"font-weight: 400;\"><strong>G5NOTICIAS.CL\u00a0<\/strong><\/p><p style=\"font-weight: 400;\"><a href=\"https:\/\/g5noticias.cl\/2023\/03\/13\/zona-central-del-pais-registro-el-mes-mas-calido-de-la-historia\/\">Zona central del pa\u00eds registr\u00f3 el mes m\u00e1s c\u00e1lido de la historia. Se refiere Patricio Gonz\u00e1lez Colville, acad\u00e9mico del Centro de Investigaci\u00f3n y Transferencia en Riego y Agroclimatolog\u00eda.\u00a0<\/a><\/p><p style=\"font-weight: 400;\">\u00a0<\/p><p style=\"font-weight: 400;\"><strong>LA PRENSA DE CURIC\u00d3\u00a0<\/strong><\/p><p style=\"font-weight: 400;\"><a href=\"https:\/\/www.litoralpress.cl\/paginaconsultas\/Servicios_NClipSitio\/Get_Imagen_Nota.aspx?LPKey=7FTA5MT5OHSBEOYOGDDHMDDM27AZTTE4V727DDGAO26DLKQPAIBGZHW44RQJE7DUOHY35BPEBXW2Q\">Entre abril y junio dictar\u00e1n talleres de rob\u00f3tica para escolares del Maule.\u00a0Se refiere Karin Saavedra Redlich, directora de Vinculaci\u00f3n con el Medio.\u00a0<\/a><\/p><p style=\"font-weight: 400;\">\u00a0<\/p><p style=\"font-weight: 400;\"><strong>CAUQUENES.NET\u00a0<\/strong><\/p><p style=\"font-weight: 400;\"><a href=\"https:\/\/cauquenesnet.cl\/2023\/03\/13\/dictaran-talleres-de-robotica-gratuitos-para-escolares-del-maule\/\">Dictar\u00e1n talleres de rob\u00f3tica gratuitos para escolares del Maule. Se refiere Karin Saavedra Redlich, directora de Vinculaci\u00f3n con el Medio.\u00a0<\/a><\/p><p style=\"font-weight: 400;\">\u00a0<\/p><p style=\"font-weight: 400;\"><strong>G5NOTICIAS.CL\u00a0<\/strong><\/p><p style=\"font-weight: 400;\"><a href=\"https:\/\/g5noticias.cl\/2023\/03\/13\/especialista-entrega-recomendaciones-para-enfrentar-la-inflacion\/\">Especialista entrega recomendaciones para enfrentar la inflaci\u00f3n. Se refiere Rodrigo Saens Navarrete, acad\u00e9mico de la Facultad de Econom\u00eda y Negocios.\u00a0<\/a><\/p><p style=\"font-weight: 400;\"><strong>\u00a0<\/strong><\/p><p style=\"font-weight: 400;\"><strong>LA SEGUNDA\u00a0<\/strong><\/p><p style=\"font-weight: 400;\"><a href=\"https:\/\/www.litoralpress.cl\/paginaconsultas\/Servicios_NClipSitio\/Get_Imagen_Pagina.aspx?LPKey=I5P6IC5JB5VWOO7AODU3DO23WUD3XNDJ43TR2IFHSQV6PJPWAQFA\">PPD gana influencia en el gobierno: suma un ministro y m\u00e1s subsecretarios. Se refiere Mauricio Morales Quiroga, director del Centro de An\u00e1lisis Pol\u00edtico (CAP).\u00a0<\/a><\/p><p style=\"font-weight: 400;\">\u00a0<\/p><p style=\"font-weight: 400;\"><strong>PUBLIMETRO\u00a0<\/strong><\/p><p style=\"font-weight: 400;\"><a href=\"https:\/\/www.litoralpress.cl\/paginaconsultas\/Servicios_NClipSitio\/Get_Imagen_Nota.aspx?LPKey=XYFPRXRFRSSCSLZEVN7HTYKCAVACN3DUKHYXGS7BWCYE45JVQEYEQO34P23CQOP6YPX6TKEUNMC46\">Reforma previsional: c\u00f3mo el fracaso en la tributaria cambia futuro de otro proyecto clave. Se refiere Mario\u00a0Herrera Mu\u00f1oz, acad\u00e9mico del Centro de An\u00e1lisis Pol\u00edtico (CAP).\u00a0<\/a><\/p><p style=\"font-weight: 400;\">\u00a0<\/p><p style=\"font-weight: 400;\"><strong>CANAL MEGA\u00a0<\/strong><\/p><p style=\"font-weight: 400;\"><a href=\"https:\/\/www.litoralpress.cl\/sitio\/RadioTV_Detalles.cshtml?LPKey=ICQUMSYRK3XM4F2H3RV5CRICWN7CQPM3ZFW4YJ2EULXCA2CCOWQQNZBBRVVDZWETXZJC37UU37SZO\">Aprobaci\u00f3n del presidente Boric llega a 32%. Se refiere Mauricio Morales Quiroga, director del Centro de An\u00e1lisis Pol\u00edtico (CAP).\u00a0<\/a><\/p><p style=\"font-weight: 400;\">\u00a0<\/p><p style=\"font-weight: 400;\"><strong>MEGANOTICIAS.CL\u00a0<\/strong><\/p><p style=\"font-weight: 400;\"><a href=\"https:\/\/www.meganoticias.cl\/nacional\/408236-mauricio-morales-cadem-encuesta-gobierno-presidente-boric-cambio-de-gabinete-subsecretarios-zombies-la-moneda-12-03-2023.html\">&#8220;Zombis en La Moneda&#8221;: Mauricio Morales y su an\u00e1lisis tras el cambio de gabinete del Presidente Boric. Se refiere el director del Centro de An\u00e1lisis Pol\u00edtico (CAP).\u00a0<\/a><\/p><p style=\"font-weight: 400;\">\u00a0<\/p><p style=\"font-weight: 400;\"><strong>ELMOSTRADOR.CL\u00a0<\/strong><\/p><p style=\"font-weight: 400;\"><a href=\"https:\/\/www.elmostrador.cl\/noticias\/pais\/2023\/03\/13\/despues-de-terremoto-claves-para-entender-la-nueva-cancilleria\/\">Despu\u00e9s del terremoto: claves para entender la nueva Canciller\u00eda. Se refiere Mario Herrera Mu\u00f1oz, acad\u00e9mico del Centro de An\u00e1lisis Pol\u00edtico (CAP).\u00a0<\/a><\/p><p style=\"font-weight: 400;\">\u00a0<\/p><p style=\"font-weight: 400;\"><strong>MEGA.CL\u00a0<\/strong><\/p><p style=\"font-weight: 400;\"><a href=\"https:\/\/www.mega.cl\/programas\/mucho-gusto\/mejores-momentos\/144082-cadem-evaluacion-primer-ano-gobierno-boric-aprobacion-mucho-gusto-mega-en-vivo.html\">&#8220;Prefieren que le vaya mal a Chile&#8221;: Cr\u00edtica de diputado Soto tras mala evaluaci\u00f3n del primer a\u00f1o de Gobierno. Se refiere Mauricio Morales Quiroga, director del Centro de An\u00e1lisis Pol\u00edtico (CAP).\u00a0<\/a><\/p><p>\u00a0<\/p><p style=\"font-weight: 400;\"><strong>SPANISH.PEOPLEDAILY.COM.CN\u00a0<\/strong><\/p><p style=\"font-weight: 400;\"><a href=\"https:\/\/www.litoralpress.cl\/paginaconsultas\/Servicios_NClipSitio\/Get_Imagen_Nota.aspx?LPKey=4JWELQCKLQYM4KPG45JI3VTZZK7U6RJZ4TTGWDE6UUWB3WUSRKUASR64BXJGGVDNCWORHMZMIGROY\">Boric cumple un a\u00f1o embestido por rechazo a nueva Constituci\u00f3n, el piloto inicial del gobierno chileno. Se refiere Mario Herrera Mu\u00f1oz, acad\u00e9mico del Centro de An\u00e1lisis Pol\u00edtico (CAP).\u00a0<\/a><\/p><p style=\"font-weight: 400;\">\u00a0<\/p><p style=\"font-weight: 400;\"><strong>NINAFM.CL\u00a0<\/strong><\/p><p style=\"font-weight: 400;\"><a href=\"https:\/\/ninafm.cl\/2023\/03\/13\/despues-del-terremoto-claves-para-entender-la-nueva-cancilleria\/\">Despu\u00e9s del terremoto: claves para entender la nueva Canciller\u00eda. Se refiere Mario Herrera Mu\u00f1oz, acad\u00e9mico del Centro de An\u00e1lisis Pol\u00edtico (CAP).\u00a0<\/a><\/p>\t\t\t\t\t\t<\/div>\n\t\t\t\t<\/div>\n\t\t\t\t\t<\/div>\n\t\t<\/div>\n\t\t\t\t\t\t\t<\/div>\n\t\t<\/section>\n\t\t\t\t\t\t<\/div>\n\t\t\t\t\t<\/div>\n\t\t","protected":false},"excerpt":{"rendered":"<p>DIARIO TALCA\u00a0 Acad\u00e9micas son reconocidas por su aporte a la equidad de g\u00e9nero. Se refieren y Carlos Torres Fuchslocher, rector; Viviana Estrada, acad\u00e9mica de la Escuela de Kinesiolog\u00eda; y Paulina Arroyo Urrizola, expresidenta de la Asociaci\u00f3n de Acad\u00e9micos.\u00a0\u00a0 \u00a0 G5NOTICIAS.CL\u00a0 UTalca concientiza y ayuda en la detecci\u00f3n de enfermedades auditivas. Se refiere M\u00f3nica Carrasco Gonz\u00e1lez, &hellip;<\/p>\n<p class=\"read-more\"> <a class=\"\" href=\"https:\/\/www.reportedeprensa.utalca.cl\/?p=6668\"> <span class=\"screen-reader-text\">14 de marzo de 2023<\/span> Read More &raquo;<\/a><\/p>\n","protected":false},"author":1,"featured_media":0,"comment_status":"closed","ping_status":"open","sticky":false,"template":"","format":"standard","meta":{"_monsterinsights_skip_tracking":false,"_monsterinsights_sitenote_active":false,"_monsterinsights_sitenote_note":"","_monsterinsights_sitenote_category":0},"categories":[31],"tags":[],"_links":{"self":[{"href":"https:\/\/www.reportedeprensa.utalca.cl\/index.php?rest_route=\/wp\/v2\/posts\/6668"}],"collection":[{"href":"https:\/\/www.reportedeprensa.utalca.cl\/index.php?rest_route=\/wp\/v2\/posts"}],"about":[{"href":"https:\/\/www.reportedeprensa.utalca.cl\/index.php?rest_route=\/wp\/v2\/types\/post"}],"author":[{"embeddable":true,"href":"https:\/\/www.reportedeprensa.utalca.cl\/index.php?rest_route=\/wp\/v2\/users\/1"}],"replies":[{"embeddable":true,"href":"https:\/\/www.reportedeprensa.utalca.cl\/index.php?rest_route=%2Fwp%2Fv2%2Fcomments&post=6668"}],"version-history":[{"count":4,"href":"https:\/\/www.reportedeprensa.utalca.cl\/index.php?rest_route=\/wp\/v2\/posts\/6668\/revisions"}],"predecessor-version":[{"id":6672,"href":"https:\/\/www.reportedeprensa.utalca.cl\/index.php?rest_route=\/wp\/v2\/posts\/6668\/revisions\/6672"}],"wp:attachment":[{"href":"https:\/\/www.reportedeprensa.utalca.cl\/index.php?rest_route=%2Fwp%2Fv2%2Fmedia&parent=6668"}],"wp:term":[{"taxonomy":"category","embeddable":true,"href":"https:\/\/www.reportedeprensa.utalca.cl\/index.php?rest_route=%2Fwp%2Fv2%2Fcategories&post=6668"},{"taxonomy":"post_tag","embeddable":true,"href":"https:\/\/www.reportedeprensa.utalca.cl\/index.php?rest_route=%2Fwp%2Fv2%2Ftags&post=6668"}],"curies":[{"name":"wp","href":"https:\/\/api.w.org\/{rel}","templated":true}]}}