{"id":6680,"date":"2023-03-15T08:01:12","date_gmt":"2023-03-15T11:01:12","guid":{"rendered":"https:\/\/www.reportedeprensa.utalca.cl\/?p=6680"},"modified":"2023-03-15T08:18:47","modified_gmt":"2023-03-15T11:18:47","slug":"15-de-marzo-de-2023","status":"publish","type":"post","link":"https:\/\/www.reportedeprensa.utalca.cl\/?p=6680","title":{"rendered":"15 de marzo de 2023"},"content":{"rendered":"\t\t<div data-elementor-type=\"wp-post\" data-elementor-id=\"6680\" class=\"elementor elementor-6680\" data-elementor-settings=\"[]\">\n\t\t\t\t\t\t\t<div class=\"elementor-section-wrap\">\n\t\t\t\t\t\t\t<section class=\"elementor-section elementor-top-section elementor-element elementor-element-2a4b4b83 elementor-section-boxed elementor-section-height-default elementor-section-height-default\" data-id=\"2a4b4b83\" data-element_type=\"section\">\n\t\t\t\t\t\t<div class=\"elementor-container elementor-column-gap-default\">\n\t\t\t\t\t<div class=\"elementor-column elementor-col-100 elementor-top-column elementor-element elementor-element-24a78540\" data-id=\"24a78540\" data-element_type=\"column\">\n\t\t\t<div class=\"elementor-widget-wrap elementor-element-populated\">\n\t\t\t\t\t\t\t\t<div class=\"elementor-element elementor-element-55b07e54 elementor-widget elementor-widget-text-editor\" data-id=\"55b07e54\" data-element_type=\"widget\" data-widget_type=\"text-editor.default\">\n\t\t\t\t<div class=\"elementor-widget-container\">\n\t\t\t\t\t\t\t\t<p style=\"font-weight: 400;\"><strong>MEDIABANCO.COM\u00a0<\/strong><\/p><p style=\"font-weight: 400;\"><a href=\"https:\/\/www.mediabanco.com\/utalca-apoyara-modernizacion-de-la-escuela-de-gendarmeria-de-chile\/\">UTalca apoyar\u00e1 modernizaci\u00f3n de la Escuela de Gendarmer\u00eda de Chile. Se refieren Carlos Torres Fuchslocher, rector y Paula Manr\u00edquez Novoa, vicerrectora de Pregrado.\u00a0<\/a><\/p><p style=\"font-weight: 400;\">\u00a0<\/p><p style=\"font-weight: 400;\"><strong>G5NOTICIAS.CL\u00a0<\/strong><\/p><p style=\"font-weight: 400;\"><a href=\"https:\/\/g5noticias.cl\/2023\/03\/14\/utalca-apoyara-modernizacion-de-la-escuela-de-gendarmeria-de-chile\/\">UTalca apoyar\u00e1 modernizaci\u00f3n de la Escuela de Gendarmer\u00eda de Chile. Se refieren Carlos Torres Fuchslocher, rector y Paula Manr\u00edquez Novoa, vicerrectora de Pregrado.\u00a0<\/a><\/p><p style=\"font-weight: 400;\">\u00a0<\/p><p style=\"font-weight: 400;\"><strong>CANAL CHILEVISI\u00d3N\u00a0\u00a0<\/strong><\/p><p style=\"font-weight: 400;\"><a href=\"https:\/\/www.litoralpress.cl\/sitio\/RadioTV_Detalles.cshtml?LPKey=BRBU6RCVEKNGQ3VFIZ62LUV4OXXXV3WRIHKIG5ITXI2XXNC2I5UZX4PBRX2UREF2SXRRP4TDSSHUG\">Brecha salarial de g\u00e9nero. Se refiere Karin Saavedra Redlich, directora general de Vinculaci\u00f3n con el Medio.\u00a0<\/a><\/p><p style=\"font-weight: 400;\"><strong>\u00a0<\/strong><\/p><p style=\"font-weight: 400;\"><strong>CIENCIAENCHILE.CL\u00a0<\/strong><\/p><p style=\"font-weight: 400;\"><a href=\"https:\/\/www.cienciaenchile.cl\/a-tres-anos-del-covid-19-llaman-a-mantener-autocuidado-y-prevencion\/\">A tres a\u00f1os del Covid-19: Llaman a mantener autocuidado y prevenci\u00f3n. Se refiere Daniel Jim\u00e9nez Acu\u00f1a, director de Salud del Estudiante.\u00a0<\/a><\/p><p style=\"font-weight: 400;\">\u00a0<\/p><p style=\"font-weight: 400;\"><strong>ELRANCAGUINO.CL\u00a0<\/strong><\/p><p style=\"font-weight: 400;\"><a href=\"https:\/\/www.elrancaguino.cl\/2023\/03\/14\/gripe-aviar-conoce-los-detalles-de-la-enfermedad-que-afecta-a-aves\/\">Gripe Aviar: Conoce los detalles de la enfermedad que afecta a aves. Se refiere Daniel Jim\u00e9nez Acu\u00f1a, director de Salud del Estudiante.\u00a0<\/a><\/p><p style=\"font-weight: 400;\">\u00a0<\/p><p style=\"font-weight: 400;\"><strong>ELCIUDADANO.CL\u00a0<\/strong><\/p><p style=\"font-weight: 400;\"><a href=\"https:\/\/www.elciudadano.com\/chile\/zona-central-de-chile-registro-las-temperaturas-mas-altas-en-100-anos-durante-febrero-de-2023\/03\/13\/\">Zona central de Chile registr\u00f3 las temperaturas m\u00e1s altas en 100 a\u00f1os durante febrero de 2023. Se refiere Patricio Gonz\u00e1lez Colville, acad\u00e9mico del Centro de Investigaci\u00f3n y Transferencia en Riego y Agroclimatolog\u00eda (CITRA)<strong>.\u00a0\u00a0<\/strong><\/a><\/p><p style=\"font-weight: 400;\">\u00a0<\/p><p style=\"font-weight: 400;\"><strong>EL LECTOR\u00a0<\/strong><\/p><p style=\"font-weight: 400;\"><a href=\"https:\/\/www.litoralpress.cl\/paginaconsultas\/Servicios_NClipSitio\/Get_Imagen_Pagina.aspx?LPKey=4JG4KTHGY46XTVGNXKQV42KKVYEWZ5X54FGZUVLGGC2S6JUKU6IA\">Zona central del pa\u00eds registr\u00f3 el mes m\u00e1s c\u00e1lido de la historia. Se refiere Patricio Gonz\u00e1lez Colville, acad\u00e9mico del Centro de Investigaci\u00f3n y Transferencia en Riego y Agroclimatolog\u00eda (CITRA).\u00a0<\/a><\/p><p style=\"font-weight: 400;\">\u00a0\u00a0\u00a0\u00a0\u00a0\u00a0\u00a0\u00a0\u00a0\u00a0\u00a0\u00a0\u00a0\u00a0\u00a0<\/p><p style=\"font-weight: 400;\"><strong>LA PRENSA DE CURIC\u00d3<\/strong>\u00a0<\/p><p style=\"font-weight: 400;\"><a href=\"https:\/\/www.litoralpress.cl\/paginaconsultas\/Servicios_NClipSitio\/Get_Imagen_Pagina.aspx?LPKey=KLGEMSZOGJ6CALY37YFMA5BHS2A7DHIBOACQOC6R6IIBSN7UGVLA\">Talca registr\u00f3 el promedio de temperatura m\u00e1s alta en la zona central del pa\u00eds durante febrero. Se refiere Patricio Gonz\u00e1lez Colville, acad\u00e9mico del Centro de Investigaci\u00f3n y Transferencia en Riego y Agroclimatolog\u00eda (CITRA).\u00a0<\/a><\/p><p style=\"font-weight: 400;\">\u00a0<\/p><p style=\"font-weight: 400;\"><strong>RADIO GUAYAC\u00c1N\u00a0<\/strong><\/p><p style=\"font-weight: 400;\"><a href=\"https:\/\/www.litoralpress.cl\/sitio\/RadioTV_Detalles.cshtml?LPKey=XWQQPDJXCHR7J6ITUHRWSGSZYNVXGB6JS2KAPLH7MPYJRGMXSTQE4HHJSSY2J37Z46R2C6QP575QO\">Entrevista a Patricio Gonz\u00e1lez Colville, acad\u00e9mico del Centro de Investigaci\u00f3n y Transferencia en Riego y Agroclimatolog\u00eda (CITRA).\u00a0<\/a><\/p><p style=\"font-weight: 400;\">\u00a0<\/p><p style=\"font-weight: 400;\"><strong>DIARIOTALCA.CL\u00a0<\/strong><\/p><p style=\"font-weight: 400;\"><a href=\"https:\/\/diariotalca.cl\/preocupa-que-talca-registre-el-promedio-mas-alto-de-temperaturas\/\">Preocupa que Talca registre el promedio m\u00e1s alto de temperaturas. Se refiere Patricio Gonz\u00e1lez Colville, acad\u00e9mico del Centro de Investigaci\u00f3n y Transferencia en Riego y Agroclimatolog\u00eda (CITRA).<\/a><\/p><p style=\"font-weight: 400;\">\u00a0<\/p><p style=\"font-weight: 400;\"><strong>DIARIOLAPRENSA.CL\u00a0<\/strong><\/p><p style=\"font-weight: 400;\"><a href=\"https:\/\/new.diariolaprensa.cl\/index.php\/2023\/03\/14\/talca-registro-el-promedio-de-temperatura-mas-alta-en-la-zona-central-del-pais-durante-febrero\/\">Talca registr\u00f3 el promedio de temperatura m\u00e1s alta en la zona central del pa\u00eds durante febrero.\u00a0\u00a0Se refiere Patricio Gonz\u00e1lez Colville, acad\u00e9mico del Centro de Investigaci\u00f3n y Transferencia en Riego y Agroclimatolog\u00eda (CITRA).\u00a0<\/a><\/p><p style=\"font-weight: 400;\">\u00a0<\/p><p style=\"font-weight: 400;\"><strong>ELMAULEINFORMA.CL\u00a0<\/strong><\/p><p style=\"font-weight: 400;\"><a href=\"https:\/\/elmauleinforma.cl\/zona-central-del-pais-registro-el-mes-de-febrero-mas-calido-de-la-historia\/\">Zona central del pa\u00eds registr\u00f3 el mes de febrero m\u00e1s c\u00e1lido de la historia. Se refiere Patricio Gonz\u00e1lez Colville, acad\u00e9mico del Centro de Investigaci\u00f3n y Transferencia en Riego y Agroclimatolog\u00eda (CITRA).\u00a0<\/a><\/p><p style=\"font-weight: 400;\">\u00a0<\/p><p style=\"font-weight: 400;\"><strong>CANAL TVN RED O\u2019HIGGINS\u00a0<\/strong><\/p><p style=\"font-weight: 400;\"><a href=\"https:\/\/www.litoralpress.cl\/sitio\/RadioTV_Detalles.cshtml?LPKey=TWUUXMXOFI226UNQRG2TOYSITHWZ5MA725SMJ7XBLALLTLB4X53KBWJSWLYGGBIP3XRVMJOC3OPYC\">R\u00e9cord de calor en febrero. Se menciona estudio de la UTalca.\u00a0<\/a><\/p><p style=\"font-weight: 400;\">\u00a0<\/p><p style=\"font-weight: 400;\"><strong>CIENCIAENCHILE.CL\u00a0<\/strong><\/p><p style=\"font-weight: 400;\"><a href=\"https:\/\/www.cienciaenchile.cl\/nucleo-milenio-lili-realiza-su-primer-encuentro-del-2023\/\">N\u00facleo Milenio Lili realiza su primer encuentro del 2023. Se refiere Frida Piper, acad\u00e9mica del Instituto de Ciencias Biol\u00f3gicas.\u00a0<\/a><\/p><p style=\"font-weight: 400;\">\u00a0<\/p><p style=\"font-weight: 400;\"><strong>EL HERALDO\u00a0<\/strong><\/p><p style=\"font-weight: 400;\"><a href=\"https:\/\/www.litoralpress.cl\/paginaconsultas\/Servicios_NClipSitio\/Get_Imagen_Nota.aspx?LPKey=T3RTY3S7NXCQGZWVYOTQ477HGLYDXW7UYFVKTN7ZXYO3ZBN637KAIYFQYVYE22PWP4AN2B2JSAFWY\">Dictar\u00e1n talleres de rob\u00f3tica gratuitos para escolares del Maule. Se refiere Karin Saavedra Redlich, directora general de Vinculaci\u00f3n con el Medio.\u00a0<\/a><\/p><p style=\"font-weight: 400;\">\u00a0<\/p><p style=\"font-weight: 400;\"><strong>DIARIOELHERALDO.CL\u00a0<\/strong><\/p><p style=\"font-weight: 400;\"><a href=\"https:\/\/www.diarioelheraldo.cl\/noticia\/dictaran-talleres-de-robotica-gratuitos-para-escolares-del-maule\">Dictar\u00e1n talleres de rob\u00f3tica gratuitos para escolares del Maule. Se refiere Karin Saavedra Redlich, directora general de Vinculaci\u00f3n con el Medio.\u00a0<\/a><\/p><p style=\"font-weight: 400;\">\u00a0<\/p><p style=\"font-weight: 400;\"><strong>PORTALEDUCA.CL\u00a0<\/strong><\/p><p style=\"font-weight: 400;\"><a href=\"https:\/\/portaleduca.cl\/inauguracion-talleres-de-robotica-y-clubes-de-ciencia-y-tecnologia-de-fundacion-mustakis\/\">Inauguraci\u00f3n Talleres de rob\u00f3tica y Clubes de Ciencia y Tecnolog\u00eda de Fundaci\u00f3n Mustakis. Se menciona a la UTalca.\u00a0<\/a><\/p><p style=\"font-weight: 400;\">\u00a0<\/p><p style=\"font-weight: 400;\"><strong>EMB.CL\u00a0<\/strong><\/p><p style=\"font-weight: 400;\"><a href=\"http:\/\/www.emb.cl\/electroindustria\/noticia.mvc?nid=20230314w6&amp;ni=fundacion-mustakis-inicia-programa-de-talleres-2023-con-foco-en-ciencia-tecnologia-y-robotica\">Fundaci\u00f3n Mustakis inicia programa de talleres 2023 con foco en ciencia, tecnolog\u00eda y rob\u00f3tica. Se menciona la Instituci\u00f3n, como organizadora y sede.\u00a0<\/a><\/p><p style=\"font-weight: 400;\">\u00a0<\/p><p style=\"font-weight: 400;\"><strong>DIARIOTALCA.CL\u00a0<\/strong><\/p><p style=\"font-weight: 400;\"><a href=\"https:\/\/diariotalca.cl\/es-importante-ahorrar-a-pesar-de-la-inflacion-experto-entrega-consejos\/\">\u00bfEs importante ahorrar a pesar de la inflaci\u00f3n? Experto entrega consejos. Se refiere Rodrigo Saens Navarrete, acad\u00e9mico de la Facultad de Econom\u00eda y Negocios (FEN).<\/a>\u00a0<\/p><p style=\"font-weight: 400;\"><strong>\u00a0<\/strong><\/p><p style=\"font-weight: 400;\"><strong>CANAL MEGA\u00a0<\/strong><\/p><p style=\"font-weight: 400;\"><a href=\"https:\/\/www.litoralpress.cl\/sitio\/RadioTV_Detalles.cshtml?LPKey=SXBJEUXJNLRLZ2WAJJPYG7SCZMZDA7LLGQEFD3MLE25TJCOHLU3ZE5HLAYH3JZUI45UHF2HCYMIJO\">Presidente Gabriel Boric convers\u00f3 con Meganoticias. Se refiere Mauricio Morales Quiroga, director del Centro de An\u00e1lisis Pol\u00edtico (CAP).\u00a0<\/a><\/p><p style=\"font-weight: 400;\">\u00a0<\/p><p style=\"font-weight: 400;\"><strong>CANAL MEGA\u00a0<\/strong><\/p><p style=\"font-weight: 400;\"><a href=\"https:\/\/www.litoralpress.cl\/sitio\/RadioTV_Detalles.cshtml?LPKey=NFPJ2IQ5SPATQQVMTSKM5DZMCVFBCGOHW5FW53EKCK7ZRHOEABVXYGIAAHVUCFYB4DRYVJ47IMEVS\">\u00bfPodr\u00eda tomar fuerza el sexto retiro? Se refiere Mauricio Morales Quiroga, director del Centro de An\u00e1lisis Pol\u00edtico (CAP).\u00a0<\/a><\/p><p style=\"font-weight: 400;\">\u00a0<\/p><p style=\"font-weight: 400;\"><strong>RADIO INFINITA\u00a0<\/strong><\/p><p style=\"font-weight: 400;\"><a href=\"https:\/\/www.litoralpress.cl\/sitio\/RadioTV_Detalles.cshtml?LPKey=EKVTC5AKI66GPJSRUIOZ6UZRGHJOMOJPYNYYC5EOARBWKOSOJQPAAN2PREJTLQ55QG7CDCLS24A56\">Comentario de Mauricio Morales Quiroga, director del Centro de An\u00e1lisis Pol\u00edtico (CAP).\u00a0<\/a><\/p><p>\u00a0<\/p><p style=\"font-weight: 400;\"><strong>MEGA.CL\u00a0<\/strong><\/p><p style=\"font-weight: 400;\"><a href=\"https:\/\/www.mega.cl\/programas\/mucho-gusto\/mejores-momentos\/144139-presidente-boric-meganoticias-entrevista-carabineros-seguridad-mucho-gusto-mega-en-vivo.html\">Presidente Boric dio entrevista en Meganoticias: MG analiza sus dichos en materia de seguridad.\u00a0\u00a0Se refiere Mauricio Morales Quiroga, director del Centro de An\u00e1lisis Pol\u00edtico (CAP).\u00a0<\/a><\/p>\t\t\t\t\t\t<\/div>\n\t\t\t\t<\/div>\n\t\t\t\t\t<\/div>\n\t\t<\/div>\n\t\t\t\t\t\t\t<\/div>\n\t\t<\/section>\n\t\t\t\t\t\t<\/div>\n\t\t\t\t\t<\/div>\n\t\t","protected":false},"excerpt":{"rendered":"<p>MEDIABANCO.COM\u00a0 UTalca apoyar\u00e1 modernizaci\u00f3n de la Escuela de Gendarmer\u00eda de Chile. Se refieren Carlos Torres Fuchslocher, rector y Paula Manr\u00edquez Novoa, vicerrectora de Pregrado.\u00a0 \u00a0 G5NOTICIAS.CL\u00a0 UTalca apoyar\u00e1 modernizaci\u00f3n de la Escuela de Gendarmer\u00eda de Chile. Se refieren Carlos Torres Fuchslocher, rector y Paula Manr\u00edquez Novoa, vicerrectora de Pregrado.\u00a0 \u00a0 CANAL CHILEVISI\u00d3N\u00a0\u00a0 Brecha salarial de &hellip;<\/p>\n<p class=\"read-more\"> <a class=\"\" href=\"https:\/\/www.reportedeprensa.utalca.cl\/?p=6680\"> <span class=\"screen-reader-text\">15 de marzo de 2023<\/span> Read More &raquo;<\/a><\/p>\n","protected":false},"author":1,"featured_media":0,"comment_status":"closed","ping_status":"open","sticky":false,"template":"","format":"standard","meta":{"_monsterinsights_skip_tracking":false,"_monsterinsights_sitenote_active":false,"_monsterinsights_sitenote_note":"","_monsterinsights_sitenote_category":0},"categories":[31],"tags":[],"_links":{"self":[{"href":"https:\/\/www.reportedeprensa.utalca.cl\/index.php?rest_route=\/wp\/v2\/posts\/6680"}],"collection":[{"href":"https:\/\/www.reportedeprensa.utalca.cl\/index.php?rest_route=\/wp\/v2\/posts"}],"about":[{"href":"https:\/\/www.reportedeprensa.utalca.cl\/index.php?rest_route=\/wp\/v2\/types\/post"}],"author":[{"embeddable":true,"href":"https:\/\/www.reportedeprensa.utalca.cl\/index.php?rest_route=\/wp\/v2\/users\/1"}],"replies":[{"embeddable":true,"href":"https:\/\/www.reportedeprensa.utalca.cl\/index.php?rest_route=%2Fwp%2Fv2%2Fcomments&post=6680"}],"version-history":[{"count":4,"href":"https:\/\/www.reportedeprensa.utalca.cl\/index.php?rest_route=\/wp\/v2\/posts\/6680\/revisions"}],"predecessor-version":[{"id":6684,"href":"https:\/\/www.reportedeprensa.utalca.cl\/index.php?rest_route=\/wp\/v2\/posts\/6680\/revisions\/6684"}],"wp:attachment":[{"href":"https:\/\/www.reportedeprensa.utalca.cl\/index.php?rest_route=%2Fwp%2Fv2%2Fmedia&parent=6680"}],"wp:term":[{"taxonomy":"category","embeddable":true,"href":"https:\/\/www.reportedeprensa.utalca.cl\/index.php?rest_route=%2Fwp%2Fv2%2Fcategories&post=6680"},{"taxonomy":"post_tag","embeddable":true,"href":"https:\/\/www.reportedeprensa.utalca.cl\/index.php?rest_route=%2Fwp%2Fv2%2Ftags&post=6680"}],"curies":[{"name":"wp","href":"https:\/\/api.w.org\/{rel}","templated":true}]}}