{"id":6692,"date":"2023-03-16T09:15:00","date_gmt":"2023-03-16T12:15:00","guid":{"rendered":"https:\/\/www.reportedeprensa.utalca.cl\/?p=6692"},"modified":"2023-03-16T09:42:31","modified_gmt":"2023-03-16T12:42:31","slug":"16-de-marzo-de-2023","status":"publish","type":"post","link":"https:\/\/www.reportedeprensa.utalca.cl\/?p=6692","title":{"rendered":"16 de marzo de 2023"},"content":{"rendered":"\t\t<div data-elementor-type=\"wp-post\" data-elementor-id=\"6692\" class=\"elementor elementor-6692\" data-elementor-settings=\"[]\">\n\t\t\t\t\t\t\t<div class=\"elementor-section-wrap\">\n\t\t\t\t\t\t\t<section class=\"elementor-section elementor-top-section elementor-element elementor-element-2a4b4b83 elementor-section-boxed elementor-section-height-default elementor-section-height-default\" data-id=\"2a4b4b83\" data-element_type=\"section\">\n\t\t\t\t\t\t<div class=\"elementor-container elementor-column-gap-default\">\n\t\t\t\t\t<div class=\"elementor-column elementor-col-100 elementor-top-column elementor-element elementor-element-24a78540\" data-id=\"24a78540\" data-element_type=\"column\">\n\t\t\t<div class=\"elementor-widget-wrap elementor-element-populated\">\n\t\t\t\t\t\t\t\t<div class=\"elementor-element elementor-element-55b07e54 elementor-widget elementor-widget-text-editor\" data-id=\"55b07e54\" data-element_type=\"widget\" data-widget_type=\"text-editor.default\">\n\t\t\t\t<div class=\"elementor-widget-container\">\n\t\t\t\t\t\t\t\t<p><strong>LA PRENSA DE CURIC\u00d3\u00a0<\/strong><\/p><p><a href=\"https:\/\/www.litoralpress.cl\/paginaconsultas\/Servicios_NClipSitio\/Get_Imagen_Nota.aspx?LPKey=NHKCR4ZA7ZQJSRTEECFDDLH3REWENJC6AGXEUD2CBAMRUW5JBYSH6TYHBQQWTADSE3XV66USGXZJO\">Convenio con la UTalca mejorar\u00e1 las competencias educativas de Gendarmer\u00eda. Se refiere Carlos Torres Fuchslocher, rector y Paula Manr\u00edquez Novoa, vicerrectora de Pregrado.\u00a0<\/a><\/p><p><strong>\u00a0<\/strong><\/p><p><strong>LA TERCERA\u00a0<\/strong><\/p><p><a href=\"https:\/\/www.litoralpress.cl\/sitio\/Prensa_PaginaCompleta.cshtml?LPKey=GEKUOZXD4YTYYSDI3GAVAESC3ULNC2WW537GWMYU4AQAJ7AKFOOQ\">Extranjeros residentes llegan casi a 1,5 millones y el 89% fue trabajador independiente e informal en su primera ocupaci\u00f3n. Se refiere Medardo Aguirre, director del Centro Nacional de Estudios Migratorios (CENEM).\u00a0<\/a><\/p><p>\u00a0<\/p><p><strong>LATERCERA.COM\u00a0<\/strong><\/p><p><a href=\"https:\/\/www.latercera.com\/nacional\/noticia\/extranjeros-residentes-llegan-casi-a-15-millones-y-el-89-fue-trabajador-independiente-e-informal-en-su-primera-ocupacion\/GX3EKKO4AVCQXJIBCE6INSJE44\/\">Extranjeros residentes llegan casi a 1,5 millones y el 89% fue trabajador independiente e informal en su primera ocupaci\u00f3n. Se refiere Medardo Aguirre, director del Centro Nacional de Estudios Migratorios (CENEM).\u00a0<\/a><\/p><p>\u00a0<\/p><p><strong>EL RANCAGUINO\u00a0<\/strong><\/p><p><a href=\"https:\/\/www.litoralpress.cl\/paginaconsultas\/Servicios_NClipSitio\/Get_Imagen_Pagina.aspx?LPKey=FQFCFY5Q6SUNRUKFZB6YVU7A6OLNVS2ISX6BEJI6WIL7MD6RGZPA\">Gripe Aviar: Conoce los detalles de la enfermedad que afecta a aves. Se refiere Daniel Jim\u00e9nez Acu\u00f1a, director de Salud del Estudiante.\u00a0<\/a><\/p><p>\u00a0<\/p><p><strong>LA TERCERA\u00a0<\/strong><\/p><p><a href=\"https:\/\/www.litoralpress.cl\/sitio\/Prensa_PaginaCompleta.cshtml?LPKey=GKI2HTQ2H75AW4A6XFNX2VHODMFBWSM3I7GPMKP7PUMNH3Q6AAFQ\">Rossa Fanning, principal asesor jur\u00eddico de Irlanda: \u201cEs importante la participaci\u00f3n de expertos en procesos constitucionales, pero deben moderar su opini\u00f3n\u201d. Se menciona a la UTalca.\u00a0<\/a><\/p><p>\u00a0<\/p><p><strong>LATERCERA.COM<\/strong><\/p><p><a href=\"https:\/\/www.latercera.com\/la-tercera-pm\/noticia\/rossa-fanning-principal-asesor-juridico-de-irlanda-es-importante-la-participacion-de-expertos-en-procesos-constitucionales-pero-deben-moderar-su-opinion\/ZST4ZGL5LRELPLCRVWZGPNUZS4\/\">Rossa Fanning, principal asesor jur\u00eddico de Irlanda: \u201cEs importante la participaci\u00f3n de expertos en procesos constitucionales, pero deben moderar su opini\u00f3n\u201d. Se menciona a la UTalca.\u00a0<\/a><\/p><p>\u00a0<\/p><p><strong>CANAL ANTOFAGASTA TV <\/strong><\/p><p><a href=\"https:\/\/www.litoralpress.cl\/sitio\/RadioTV_Detalles.cshtml?LPKey=QTHAYR3ZBQ6VT3K2IJPPXWWFN27OA3GTC3IUKRVOYF7B7WHZEKWXPV76LQ6NRKATS7HTGRPMV52AC\">U. de Talca confirm\u00f3 que Febrero registr\u00f3 las m\u00e1s altas temperaturas en 100 a\u00f1os en la zona central. Se refiere Patricio Gonz\u00e1lez Colville, acad\u00e9mico del Centro de Investigaci\u00f3n y Transferencia en Riego y Agroclimatolog\u00eda (CITRA).<\/a><\/p><p>\u00a0<\/p><p><strong>SEPTIMAPAGINANOTICIAS.CL\u00a0<\/strong><\/p><p><a href=\"https:\/\/www.septimapaginanoticias.cl\/zona-central-del-pais-registro-el-mes-mas-calido-de-la-historia\">Zona central del pa\u00eds registr\u00f3 el mes m\u00e1s c\u00e1lido de la historia. Se refiere Patricio Gonz\u00e1lez Colville, acad\u00e9mico del Centro de Investigaci\u00f3n y Transferencia en Riego y Agroclimatolog\u00eda (CITRA).\u00a0<\/a><\/p><p>\u00a0<\/p><p><strong>CANAL TVN RED MAULE\u00a0<\/strong><\/p><p><a href=\"https:\/\/www.litoralpress.cl\/sitio\/RadioTV_Detalles.cshtml?LPKey=4BXHSMAD2U4KVL7WZPAZP64ZMRXOHJIISQE2VVZFHAOWHH5HHMEF6AMTC24NGP4EI3INPFPWNPG5G\">Talca: instalaci\u00f3n de resaltos fue realizada sin autorizaci\u00f3n. Se refiere Emilio Moyano D\u00edaz, acad\u00e9mico de la Facultad de Psicolog\u00eda.\u00a0<\/a><\/p><p>\u00a0<\/p><p><strong>REPORTEMINERO.CL\u00a0<\/strong><\/p><p><a href=\"https:\/\/www.reporteminero.cl\/noticia\/noticias\/2023\/03\/espuma-ceramica-alternativa-viable-reutilizar-desechos-mineros\">Espuma Cer\u00e1mica: Una alternativa viable para reutilizar los desechos mineros. Se refiere Lina Uribe V\u00e9lez, acad\u00e9mica en la Escuela de ingenier\u00eda Civil de Minas.\u00a0<\/a><\/p><p>\u00a0<\/p><p><strong style=\"font-style: inherit;\">RADIO INFINITA\u00a0<\/strong><\/p><p><a href=\"https:\/\/www.litoralpress.cl\/sitio\/RadioTV_Detalles.cshtml?LPKey=EKVTC5AKI66GPJSRUIOZ6UZRGHJOMOJPYNYYC5EOARBWKOSOJQPAAN2PREJTLQ55QG7CDCLS24A56\">Comentario de Mauricio Morales Quiroga, director del Centro de An\u00e1lisis Pol\u00edtico (CAP).\u00a0<\/a><\/p><p><strong>\u00a0\u00a0<\/strong><\/p><p><strong>RADIO UNIVERSIDAD DE SANTIAGO\u00a0<\/strong><\/p><p><a href=\"https:\/\/www.litoralpress.cl\/sitio\/RadioTV_Detalles.cshtml?LPKey=P7LABQUULBGS5KMUWMEA3UUQIXKD5FULZJH5IJ3NURPEACN3ZVGTGOFQ5JVJNREGLUCVZGOFCDEAG\">Se refiere Mario Herrera Mu\u00f1oz, acad\u00e9mico del Centro de An\u00e1lisis Pol\u00edtico (CAP).\u00a0<\/a><\/p><p>\u00a0<\/p><p><strong>RADIO GUAYAC\u00c1N\u00a0<\/strong><\/p><p><a href=\"https:\/\/www.litoralpress.cl\/sitio\/RadioTV_Detalles.cshtml?LPKey=2LP5XFIOPBDVLXFGCJGZGNQU3B6FKO3UZQZ4HGIJQMV36FBZRMKGS2LHEW7RI2JFTYYHIJ6CYNXZQ\">Entrevista a Fabi\u00e1n Belmar, investigador del Centro de An\u00e1lisis Pol\u00edtico (CAP).\u00a0<\/a><\/p><p>\u00a0<\/p><p><strong>LA PRENSA DE CURIC\u00d3\u00a0<\/strong><\/p><p><a href=\"https:\/\/www.litoralpress.cl\/paginaconsultas\/Servicios_NClipSitio\/Get_Imagen_Nota.aspx?LPKey=SPVZPGKCFOQKWRCS72SKGYCRXHJICJR5GTMG7B4UF5POUTGYIP5DMQKRCUODT7Q354AYMCCNJ47IY\">Universidad de Talca invita a dialogar con cineastas nacionales. Se refiere Marcela Albornoz Dachelet, directora de Extensi\u00f3n Cultural-Art\u00edstica.\u00a0<\/a><\/p><p>\u00a0<\/p><p><strong>MEDIABANCO.COM\u00a0<\/strong><\/p><p><a href=\"https:\/\/www.mediabanco.com\/universidad-de-talca-invita-a-dialogar-con-cineastas-nacionales\/\">Universidad de Talca invita a dialogar con cineastas nacionales. Se refiere Marcela Albornoz Dachelet, directora de Extensi\u00f3n Cultural-Art\u00edstica.\u00a0<\/a><\/p><p>\u00a0<\/p><p><strong>EPANEWS.CL\u00a0<\/strong><\/p><p><a href=\"https:\/\/epanews.cl\/inician-programa-de-talleres-educativos-2023-con-foco-en-ciencia-tecnologia-y-robotica-para-ninos-y-adolescentes\/\">Inician programa de talleres educativos 2023 con foco en ciencia, tecnolog\u00eda y rob\u00f3tica para ni\u00f1os y adolescentes. Se menciona a la UTalca.<\/a>\u00a0<\/p>\t\t\t\t\t\t<\/div>\n\t\t\t\t<\/div>\n\t\t\t\t\t<\/div>\n\t\t<\/div>\n\t\t\t\t\t\t\t<\/div>\n\t\t<\/section>\n\t\t\t\t\t\t<\/div>\n\t\t\t\t\t<\/div>\n\t\t","protected":false},"excerpt":{"rendered":"<p>LA PRENSA DE CURIC\u00d3\u00a0 Convenio con la UTalca mejorar\u00e1 las competencias educativas de Gendarmer\u00eda. Se refiere Carlos Torres Fuchslocher, rector y Paula Manr\u00edquez Novoa, vicerrectora de Pregrado.\u00a0 \u00a0 LA TERCERA\u00a0 Extranjeros residentes llegan casi a 1,5 millones y el 89% fue trabajador independiente e informal en su primera ocupaci\u00f3n. Se refiere Medardo Aguirre, director del &hellip;<\/p>\n<p class=\"read-more\"> <a class=\"\" href=\"https:\/\/www.reportedeprensa.utalca.cl\/?p=6692\"> <span class=\"screen-reader-text\">16 de marzo de 2023<\/span> Read More &raquo;<\/a><\/p>\n","protected":false},"author":1,"featured_media":0,"comment_status":"closed","ping_status":"open","sticky":false,"template":"","format":"standard","meta":{"_monsterinsights_skip_tracking":false,"_monsterinsights_sitenote_active":false,"_monsterinsights_sitenote_note":"","_monsterinsights_sitenote_category":0},"categories":[31],"tags":[],"_links":{"self":[{"href":"https:\/\/www.reportedeprensa.utalca.cl\/index.php?rest_route=\/wp\/v2\/posts\/6692"}],"collection":[{"href":"https:\/\/www.reportedeprensa.utalca.cl\/index.php?rest_route=\/wp\/v2\/posts"}],"about":[{"href":"https:\/\/www.reportedeprensa.utalca.cl\/index.php?rest_route=\/wp\/v2\/types\/post"}],"author":[{"embeddable":true,"href":"https:\/\/www.reportedeprensa.utalca.cl\/index.php?rest_route=\/wp\/v2\/users\/1"}],"replies":[{"embeddable":true,"href":"https:\/\/www.reportedeprensa.utalca.cl\/index.php?rest_route=%2Fwp%2Fv2%2Fcomments&post=6692"}],"version-history":[{"count":13,"href":"https:\/\/www.reportedeprensa.utalca.cl\/index.php?rest_route=\/wp\/v2\/posts\/6692\/revisions"}],"predecessor-version":[{"id":6713,"href":"https:\/\/www.reportedeprensa.utalca.cl\/index.php?rest_route=\/wp\/v2\/posts\/6692\/revisions\/6713"}],"wp:attachment":[{"href":"https:\/\/www.reportedeprensa.utalca.cl\/index.php?rest_route=%2Fwp%2Fv2%2Fmedia&parent=6692"}],"wp:term":[{"taxonomy":"category","embeddable":true,"href":"https:\/\/www.reportedeprensa.utalca.cl\/index.php?rest_route=%2Fwp%2Fv2%2Fcategories&post=6692"},{"taxonomy":"post_tag","embeddable":true,"href":"https:\/\/www.reportedeprensa.utalca.cl\/index.php?rest_route=%2Fwp%2Fv2%2Ftags&post=6692"}],"curies":[{"name":"wp","href":"https:\/\/api.w.org\/{rel}","templated":true}]}}