{"id":6718,"date":"2023-03-17T08:13:30","date_gmt":"2023-03-17T11:13:30","guid":{"rendered":"https:\/\/www.reportedeprensa.utalca.cl\/?p=6718"},"modified":"2023-03-17T08:30:26","modified_gmt":"2023-03-17T11:30:26","slug":"17-de-marzo-de-2023","status":"publish","type":"post","link":"https:\/\/www.reportedeprensa.utalca.cl\/?p=6718","title":{"rendered":"17 de marzo de 2023"},"content":{"rendered":"\t\t<div data-elementor-type=\"wp-post\" data-elementor-id=\"6718\" class=\"elementor elementor-6718\" data-elementor-settings=\"[]\">\n\t\t\t\t\t\t\t<div class=\"elementor-section-wrap\">\n\t\t\t\t\t\t\t<section class=\"elementor-section elementor-top-section elementor-element elementor-element-2a4b4b83 elementor-section-boxed elementor-section-height-default elementor-section-height-default\" data-id=\"2a4b4b83\" data-element_type=\"section\">\n\t\t\t\t\t\t<div class=\"elementor-container elementor-column-gap-default\">\n\t\t\t\t\t<div class=\"elementor-column elementor-col-100 elementor-top-column elementor-element elementor-element-24a78540\" data-id=\"24a78540\" data-element_type=\"column\">\n\t\t\t<div class=\"elementor-widget-wrap elementor-element-populated\">\n\t\t\t\t\t\t\t\t<div class=\"elementor-element elementor-element-55b07e54 elementor-widget elementor-widget-text-editor\" data-id=\"55b07e54\" data-element_type=\"widget\" data-widget_type=\"text-editor.default\">\n\t\t\t\t<div class=\"elementor-widget-container\">\n\t\t\t\t\t\t\t\t<p style=\"font-weight: 400;\"><strong>ENLINEAMAULE.CL\u00a0<\/strong><\/p><p style=\"font-weight: 400;\"><a href=\"https:\/\/enlineamaule.cl\/archivo\/51912\">UTalca capacitar\u00e1 a funcionarios de gendarmer\u00eda en modelos educativos y uso de tecnolog\u00edas. Se refiere Paula Manr\u00edquez Novoa, vicerrectora de Pregrado.\u00a0\u00a0\u00a0<\/a><\/p><p style=\"font-weight: 400;\"><strong><br \/>REDAGR\u00cdCOLA.COM\u00a0<\/strong><\/p><p style=\"font-weight: 400;\"><a href=\"https:\/\/www.redagricola.com\/cl\/acumulacion-de-calcio-en-la-fruta-hechos-y-falacias\/\">Acumulaci\u00f3n de calcio en la fruta: hechos y falacias. Se refiere Jos\u00e9 Antonio Yuri, director del Centro de Pom\u00e1ceas.\u00a0<\/a><\/p><p style=\"font-weight: 400;\">\u00a0<\/p><p style=\"font-weight: 400;\"><strong>REDAGR\u00cdCOLA.COM\u00a0<\/strong><\/p><p style=\"font-weight: 400;\"><a href=\"https:\/\/www.redagricola.com\/cl\/presentan-avances-de-nuevas-variedades-de-manzanas-que-apuntan-al-mercado-chino-y-japones\/\">Presentan avances de nuevas variedades de manzanas que apuntan al mercado chino y japon\u00e9s. Se refiere Jos\u00e9 Antonio Yuri, director del Centro de Pom\u00e1ceas.\u00a0<\/a><\/p><p style=\"font-weight: 400;\">\u00a0<\/p><p style=\"font-weight: 400;\"><strong>CANAL 24 HORAS\u00a0<\/strong><\/p><p style=\"font-weight: 400;\"><a href=\"https:\/\/www.litoralpress.cl\/sitio\/RadioTV_Detalles.cshtml?LPKey=ZPFZRGPFYFTMRVCNAU3MQ43J4PT77ZLQSA35R6Y4LB73BFOQRU2JJ52EOO2SARX7GNYDNH7GGBROW\">Entrevista a Medardo Aguirre, director del Centro Nacional de Estudios Migratorios (CENEM).\u00a0\u00a0\u00a0<\/a><\/p><p style=\"font-weight: 400;\">\u00a0<\/p><p style=\"font-weight: 400;\"><strong>RADIO COOPERATIVA\u00a0<\/strong><\/p><p style=\"font-weight: 400;\"><a href=\"https:\/\/www.litoralpress.cl\/sitio\/RadioTV_Detalles.cshtml?LPKey=ZTH4W3UZMC3VMUMSTK4YTF6HJSA36MN4E3YCZYNOD5TRKYHORTJJPN6WMWQZR4T56G4ASZO22HGRO\">Entrevista a Merardo Aguirre, director del Centro Nacional de Estudios Migratorios (CENEM).\u00a0<\/a><\/p><p style=\"font-weight: 400;\">\u00a0<\/p><p style=\"font-weight: 400;\"><strong>RADIO BIOB\u00cdO\u00a0<\/strong><\/p><p style=\"font-weight: 400;\"><a href=\"https:\/\/www.litoralpress.cl\/sitio\/RadioTV_Detalles.cshtml?LPKey=WBFQNXNBIFPSY7FCSC2J5D7XUSKUAA3PULKFUM2VUUKWZ6TPMXF4KJZ2ZKGTDBEOQI6JPFCBLI2HI\">Inmigraci\u00f3n: la entrada y la reconducci\u00f3n a otros pa\u00edses. Se menciona estudio del Centro Nacional de Estudio Migratorios de la Faculta de Estudio y Negocios (FEN).\u00a0\u00a0<\/a><\/p><p style=\"font-weight: 400;\">\u00a0<\/p><p style=\"font-weight: 400;\"><strong>24HORAS.CL\u00a0<\/strong><\/p><p style=\"font-weight: 400;\"><a href=\"https:\/\/www.24horas.cl\/programas\/noticias-24\/centro-de-estudios-migratorios-u-de-talca-migrante-empleos\">Centro de Estudios Migratorios U. de Talca: \u201cAl migrante regularizado se deber\u00eda capacitar en la b\u00fasqueda de mejores empleos\u201d\u00a0<\/a><\/p><p style=\"font-weight: 400;\">\u00a0<\/p><p style=\"font-weight: 400;\"><strong>TVMAULE.CL\u00a0<\/strong><\/p><p style=\"font-weight: 400;\"><a href=\"https:\/\/www.tvmaule.cl\/procurador-de-irlanda-analizo-experiencia-constitucional-de-su-pais-en-conversatorio-de-la-utalca\/\">Procurador de Irlanda analiz\u00f3 experiencia constitucional de su pa\u00eds en conversatorio de la UTalca. Se refiere Gonzalo Aguilar, acad\u00e9mico del Centro de Estudios Constitucionales de Chile.\u00a0<\/a><\/p><p style=\"font-weight: 400;\"><strong>\u00a0<\/strong><\/p><p style=\"font-weight: 400;\"><strong>BLOOMBERGLINEA.COM\u00a0<\/strong><\/p><p style=\"font-weight: 400;\"><a href=\"https:\/\/www.bloomberglinea.com\/2023\/03\/16\/quiebra-de-constructoras-sigue-creciendo-en-chile\/\">Quiebra de constructoras sigue creciendo en Chile. Se refiere Armando Duran Bustamante, director de la Escuela de Ingenier\u00eda Civil en Obras Civiles.<\/a><\/p><p style=\"font-weight: 400;\"><strong>\u00a0<\/strong><\/p><p style=\"font-weight: 400;\"><strong>EL MERCURIO\u00a0<\/strong><\/p><p style=\"font-weight: 400;\"><a href=\"https:\/\/www.litoralpress.cl\/paginaconsultas\/Servicios_NClipSitio\/Get_Imagen_Nota.aspx?LPKey=PW6DXGJKHETZXLKT5I4EM2XI2FIIWANXKZ3E6YN6SXKUIE7NMU27EOTS5Z7OY3KN57GPL7KABHM2O\">Grupo Partner estrena soluci\u00f3n para optimizar hasta en 70% el consumo de agua en vi\u00f1edos. Se menciona al Centro Tecnol\u00f3gico de la Vid y el Vino.\u00a0<\/a>\u00a0<\/p><p style=\"font-weight: 400;\">\u00a0<\/p><p style=\"font-weight: 400;\"><strong>ELMAULEINFORMA.CL\u00a0<\/strong><\/p><p style=\"font-weight: 400;\"><a href=\"https:\/\/elmauleinforma.cl\/utalca-organiza-jardin-de-estrellas-para-celebrar-el-dia-de-la-astronomia\/\">UTalca organiza \u201cJard\u00edn de estrellas\u201d para celebrar el D\u00eda de la Astronom\u00eda. Se refieren Karin Saavedra Redlich, directora general de Vinculaci\u00f3n con el Medio y Javier Mu\u00f1oz Vidal, decano de Ingenier\u00eda.<\/a><\/p><p style=\"font-weight: 400;\"><strong>\u00a0<\/strong><\/p><p style=\"font-weight: 400;\"><strong>LA TERCERA\u00a0<\/strong><\/p><p style=\"font-weight: 400;\"><a href=\"https:\/\/www.litoralpress.cl\/sitio\/Prensa_PaginaCompleta.cshtml?LPKey=BTSB2OUYANSGIPZPZFAJXT62NBPM4PE7MIWHAFCZVN6CW3D465AA\">Toh\u00e1 y Marcel, los ministros mejor evaluados&#8230; Jara arremete. Se menciona como panelista a Mauricio Morales Quiroga, director del Centro de An\u00e1lisis Pol\u00edtico (CAP).\u00a0<\/a><\/p><p style=\"font-weight: 400;\">\u00a0<\/p><p style=\"font-weight: 400;\"><strong>RADIO INFINITA\u00a0<\/strong><\/p><p style=\"font-weight: 400;\"><a href=\"https:\/\/www.litoralpress.cl\/sitio\/RadioTV_Detalles.cshtml?LPKey=QJJCZRIUFVDHUZZ5ICOAQ32NGBVRFBUGO3DW7YZKZCXHA7QFASXRNAAWELLDDEECTMQINPYPVOKRS\">Comentario de Mauricio Morales Quiroga, director del Centro de An\u00e1lisis Pol\u00edtico (CAP).\u00a0<\/a><\/p><p style=\"font-weight: 400;\">\u00a0<\/p><p style=\"font-weight: 400;\"><strong>EMOL.COM\u00a0<\/strong><\/p><p style=\"font-weight: 400;\"><a href=\"https:\/\/www.emol.com\/noticias\/Nacional\/2023\/03\/16\/1089429\/analisis-aprobacion-gobierno-tension-carabineros.html\">Impasse con Carabineros: An\u00e1lisis al flanco en seguridad que se abri\u00f3 en el Gobierno y las gestiones de Toh\u00e1. Se refiere Mauricio Morales Quiroga, director del Centro de An\u00e1lisis Pol\u00edtico (CAP).\u00a0<\/a><\/p><p style=\"font-weight: 400;\">\u00a0<\/p><p style=\"font-weight: 400;\"><strong>EL LECTOR\u00a0<\/strong><\/p><p style=\"font-weight: 400;\"><a href=\"https:\/\/www.litoralpress.cl\/paginaconsultas\/Servicios_NClipSitio\/Get_Imagen_Nota.aspx?LPKey=5A3MRI3S4KHW5CRZYNZFFHDJHNQQYMTSTCIIG7RJO5SANVAOFDUTUGOH47IIAMXPAYQGP7JEGB7WQ\">Universidad de Talca invita a dialogar con cineastas nacionales. Se refiere Marcela Albornoz Dachelet, directora de Extensi\u00f3n Cultural-Art\u00edstica.\u00a0<\/a><\/p><p style=\"font-weight: 400;\">\u00a0<\/p><p style=\"font-weight: 400;\"><strong>ELMOSTRADOR.CL\u00a0<\/strong><\/p><p style=\"font-weight: 400;\"><a href=\"https:\/\/www.elmostrador.cl\/braga\/2023\/03\/16\/investigadora-carolina-stefoni-las-desigualdades-de-genero-de-migrantes-son-mas-profundas-y-dificiles-de-revertir-con-politicas-publicas-porque-requiere-nuevos-discursos\/\">Investigadora Carolina Stefoni: \u201cLas desigualdades de g\u00e9nero de migrantes son m\u00e1s profundas y dif\u00edciles de revertir con pol\u00edticas p\u00fablicas, porque requiere nuevos discursos\u2019\u2019. Se menciona estudio de la Instituci\u00f3n.\u00a0<\/a><\/p><p style=\"font-weight: 400;\">\u00a0<\/p><p style=\"font-weight: 400;\"><strong>CHILLANONLINE.CL\u00a0<\/strong><\/p><p style=\"font-weight: 400;\"><a href=\"https:\/\/www.chillanonline.cl\/V6\/el-17-de-marzo-dia-mundial-del-sueno-conoces-las-consecuencias-de-un-mal-dormir\/\">El 17 de Marzo D\u00eda Mundial del Sue\u00f1o: \u00bfConoces las consecuencias de un mal dormir? Se menciona un estudio de la Facultad de Psicolog\u00eda.\u00a0<\/a><\/p><p style=\"font-weight: 400;\">\u00a0<\/p><p style=\"font-weight: 400;\"><strong>SABES.CL\u00a0<\/strong><\/p><p style=\"font-weight: 400;\"><a href=\"https:\/\/sabes.cl\/2023\/03\/16\/17-de-marzo-se-celebra-dia-mundial-del-sueno-cuales-son-las-consecuencias-de-un-mal-dormir\/\">17 de marzo se celebra D\u00eda Mundial del Sue\u00f1o: \u00bfCu\u00e1les son las consecuencias de un mal dormir? Se menciona un estudio de la Facultad de Psicolog\u00eda.\u00a0<\/a><\/p><p style=\"font-weight: 400;\">\u00a0<\/p><p style=\"font-weight: 400;\"><strong>MUNDOENLINEA.CL\u00a0<\/strong><\/p><p style=\"font-weight: 400;\"><a href=\"https:\/\/mundoenlinea.cl\/2023\/03\/16\/fundacion-mustakis-inicia-programa-de-talleres-educativos-2023-con-foco-en-ciencia-tecnologia-y-robotica-2\/\">Fundaci\u00f3n Mustakis inicia programa de talleres educativos 2023 con foco en ciencia, tecnolog\u00eda y rob\u00f3tica. Se menciona a la UTalca.\u00a0<\/a><\/p><p style=\"font-weight: 400;\">\u00a0<\/p><p style=\"font-weight: 400;\"><strong>PODERYLIDERAZGO.CL\u00a0<\/strong><\/p><p style=\"font-weight: 400;\"><a href=\"https:\/\/www.poderyliderazgo.cl\/fundacion-mustakis-inicia-talleres-educativos-2023-con-foco-en-ciencia-tecnologia-y-robotica\/\">Fundaci\u00f3n Mustakis inicia talleres educativos 2023 con foco en ciencia, tecnolog\u00eda y rob\u00f3tica. Se menciona a la UTalca.\u00a0<\/a><\/p><p style=\"font-weight: 400;\">\u00a0<\/p><p style=\"font-weight: 400;\"><strong>VI.CL\u00a0<\/strong><\/p><p style=\"font-weight: 400;\"><a href=\"https:\/\/www.vi.cl\/actualidad\/agregado-de-cooperacion-linguistica-resalta-participacion-de-san-fernando-en-festival-de-la-francofonia-2023-17711\">Agregado de cooperaci\u00f3n ling\u00fc\u00edstica resalta participaci\u00f3n de San Fernando en Festival de la Francofon\u00eda 2023. Se mencionan cursos idioma de la Instituci\u00f3n.<\/a><\/p>\t\t\t\t\t\t<\/div>\n\t\t\t\t<\/div>\n\t\t\t\t\t<\/div>\n\t\t<\/div>\n\t\t\t\t\t\t\t<\/div>\n\t\t<\/section>\n\t\t\t\t\t\t<\/div>\n\t\t\t\t\t<\/div>\n\t\t","protected":false},"excerpt":{"rendered":"<p>ENLINEAMAULE.CL\u00a0 UTalca capacitar\u00e1 a funcionarios de gendarmer\u00eda en modelos educativos y uso de tecnolog\u00edas. Se refiere Paula Manr\u00edquez Novoa, vicerrectora de Pregrado.\u00a0\u00a0\u00a0 REDAGR\u00cdCOLA.COM\u00a0 Acumulaci\u00f3n de calcio en la fruta: hechos y falacias. Se refiere Jos\u00e9 Antonio Yuri, director del Centro de Pom\u00e1ceas.\u00a0 \u00a0 REDAGR\u00cdCOLA.COM\u00a0 Presentan avances de nuevas variedades de manzanas que apuntan al mercado &hellip;<\/p>\n<p class=\"read-more\"> <a class=\"\" href=\"https:\/\/www.reportedeprensa.utalca.cl\/?p=6718\"> <span class=\"screen-reader-text\">17 de marzo de 2023<\/span> Read More &raquo;<\/a><\/p>\n","protected":false},"author":1,"featured_media":0,"comment_status":"closed","ping_status":"open","sticky":false,"template":"","format":"standard","meta":{"_monsterinsights_skip_tracking":false,"_monsterinsights_sitenote_active":false,"_monsterinsights_sitenote_note":"","_monsterinsights_sitenote_category":0},"categories":[31],"tags":[],"_links":{"self":[{"href":"https:\/\/www.reportedeprensa.utalca.cl\/index.php?rest_route=\/wp\/v2\/posts\/6718"}],"collection":[{"href":"https:\/\/www.reportedeprensa.utalca.cl\/index.php?rest_route=\/wp\/v2\/posts"}],"about":[{"href":"https:\/\/www.reportedeprensa.utalca.cl\/index.php?rest_route=\/wp\/v2\/types\/post"}],"author":[{"embeddable":true,"href":"https:\/\/www.reportedeprensa.utalca.cl\/index.php?rest_route=\/wp\/v2\/users\/1"}],"replies":[{"embeddable":true,"href":"https:\/\/www.reportedeprensa.utalca.cl\/index.php?rest_route=%2Fwp%2Fv2%2Fcomments&post=6718"}],"version-history":[{"count":4,"href":"https:\/\/www.reportedeprensa.utalca.cl\/index.php?rest_route=\/wp\/v2\/posts\/6718\/revisions"}],"predecessor-version":[{"id":6722,"href":"https:\/\/www.reportedeprensa.utalca.cl\/index.php?rest_route=\/wp\/v2\/posts\/6718\/revisions\/6722"}],"wp:attachment":[{"href":"https:\/\/www.reportedeprensa.utalca.cl\/index.php?rest_route=%2Fwp%2Fv2%2Fmedia&parent=6718"}],"wp:term":[{"taxonomy":"category","embeddable":true,"href":"https:\/\/www.reportedeprensa.utalca.cl\/index.php?rest_route=%2Fwp%2Fv2%2Fcategories&post=6718"},{"taxonomy":"post_tag","embeddable":true,"href":"https:\/\/www.reportedeprensa.utalca.cl\/index.php?rest_route=%2Fwp%2Fv2%2Ftags&post=6718"}],"curies":[{"name":"wp","href":"https:\/\/api.w.org\/{rel}","templated":true}]}}