{"id":6730,"date":"2023-03-20T11:03:07","date_gmt":"2023-03-20T14:03:07","guid":{"rendered":"https:\/\/www.reportedeprensa.utalca.cl\/?p=6730"},"modified":"2023-03-20T11:14:45","modified_gmt":"2023-03-20T14:14:45","slug":"20-de-marzo-de-2023","status":"publish","type":"post","link":"https:\/\/www.reportedeprensa.utalca.cl\/?p=6730","title":{"rendered":"20 de marzo de 2023"},"content":{"rendered":"\t\t<div data-elementor-type=\"wp-post\" data-elementor-id=\"6730\" class=\"elementor elementor-6730\" data-elementor-settings=\"[]\">\n\t\t\t\t\t\t\t<div class=\"elementor-section-wrap\">\n\t\t\t\t\t\t\t<section class=\"elementor-section elementor-top-section elementor-element elementor-element-2a4b4b83 elementor-section-boxed elementor-section-height-default elementor-section-height-default\" data-id=\"2a4b4b83\" data-element_type=\"section\">\n\t\t\t\t\t\t<div class=\"elementor-container elementor-column-gap-default\">\n\t\t\t\t\t<div class=\"elementor-column elementor-col-100 elementor-top-column elementor-element elementor-element-24a78540\" data-id=\"24a78540\" data-element_type=\"column\">\n\t\t\t<div class=\"elementor-widget-wrap elementor-element-populated\">\n\t\t\t\t\t\t\t\t<div class=\"elementor-element elementor-element-55b07e54 elementor-widget elementor-widget-text-editor\" data-id=\"55b07e54\" data-element_type=\"widget\" data-widget_type=\"text-editor.default\">\n\t\t\t\t<div class=\"elementor-widget-container\">\n\t\t\t\t\t\t\t\t<p><span lang=\"ES-MX\"><b>CANAL CNN<u><\/u><u><\/u><\/b><\/span><\/p><p><a href=\"https:\/\/www.litoralpress.cl\/sitio\/RadioTV_Detalles.cshtml?LPKey=SCVX5AISO46NBL7JPABOOXMQYSJNLNXGJGVBLD4TWVSYXDTZ2L3MEDXLVKYLWST3463V37LRVN4XW\"><span lang=\"ES-MX\">Minsal reconoci\u00f3 que la campa\u00f1a de vacunaci\u00f3n bivalente contra el Covid19 no ha sido exitosa. Se refiere Daniel Jim\u00e9nez Acu\u00f1a, director de Salud del Estudiante.<\/span><\/a><\/p><p><span lang=\"ES-MX\"><u><\/u>\u00a0<u><\/u><\/span><\/p><p><span lang=\"ES-MX\"><b>LATERCERA.COM<u><\/u><u><\/u><\/b><\/span><\/p><p><a href=\"https:\/\/www.latercera.com\/que-pasa\/noticia\/con-la-llegada-de-el-nino-neutro-tendremos-un-invierno-lluvioso\/IQ5IHEXRTBFVVLQMUPWJKMCLOU\/\"><span lang=\"ES-MX\">Con la llegada de El Ni\u00f1o \u201cneutro\u201d: \u00bfTendremos un invierno lluvioso? Se refiere Patricio Gonz\u00e1lez Colville, acad\u00e9mico del Centro de Investigaci\u00f3n y Transferencia en Riego y Agroclimatolog\u00eda.<\/span><\/a><\/p><p><span lang=\"ES-MX\"><u><\/u>\u00a0<u><\/u><\/span><\/p><p><span lang=\"ES-MX\"><strong>RADIO BIO B\u00cdO<\/strong><u><\/u><u><\/u><\/span><\/p><p><span lang=\"ES-MX\"><a href=\"https:\/\/www.litoralpress.cl\/sitio\/RadioTV_Detalles.cshtml?LPKey=BPXYJ5GQF3UTK6VI4YISEZNYZCK7JBLP3DBPY5KRONZO646NHRYXROJCCPTNBMI4LVCJWW5CKWYZM\">Entrevista a Patricio Gonz\u00e1lez Colville, acad\u00e9mico del Centro de Investigaci\u00f3n y Transferencia en Riego y Agroclimatolog\u00eda.<\/a><u><\/u><u><\/u><\/span><\/p><p><span lang=\"ES-MX\"><u><\/u>\u00a0<u><\/u><\/span><\/p><p><span lang=\"ES-MX\"><strong>RADIO AGRICULTURA<\/strong><u><\/u><u><\/u><\/span><\/p><p><span lang=\"ES-MX\"><a href=\"https:\/\/www.litoralpress.cl\/sitio\/RadioTV_Detalles.cshtml?LPKey=W2QT36VRRPJ3EYINGQVP552YQUIVJYPFNOZWEIUJRGOF4RHKYCGPIONUJTHEOP5JZQNYNXKMQR63E\">Entrevista a Patricio Gonz\u00e1lez Colville, acad\u00e9mico del Centro de Investigaci\u00f3n y Transferencia en Riego y Agroclimatolog\u00eda (CITRA).<\/a><u><\/u><u><\/u><\/span><\/p><p><span lang=\"ES-MX\"><u><\/u>\u00a0<u><\/u><\/span><\/p><p><span lang=\"ES-MX\"><strong>EL L\u00cdDER<\/strong><u><\/u><u><\/u><\/span><\/p><p><span lang=\"ES-MX\"><a href=\"https:\/\/www.litoralpress.cl\/paginaconsultas\/Servicios_NClipSitio\/Get_Imagen_Nota.aspx?LPKey=UR3EKIGXOQGZNJY4XTOEICEP6MPOGYXVJOQTLHPVYMPBQV6ADMQRXDDAUFF4KWL6KNNLHB6BKUCMG\">El Litoral Central tendr\u00e1 un oto\u00f1o m\u00e1s c\u00e1lido y con m\u00e1s lluvias de lo normal. Se refiere Patricio Gonz\u00e1lez Colville, acad\u00e9mico del Centro de Investigaci\u00f3n y Transferencia en Riego y Agroclimatolog\u00eda (CITRA).<\/a><u><\/u><u><\/u><\/span><\/p><p><span lang=\"ES-MX\"><u><\/u>\u00a0<u><\/u><\/span><\/p><p><span lang=\"ES-MX\"><strong>CENTRALNOTICIA.CL<\/strong><u><\/u><u><\/u><\/span><\/p><p><span lang=\"ES-MX\"><a href=\"https:\/\/www.centralnoticia.cl\/noticias\/2023\/03\/18\/como-va-ser-el-fenomeno-de-la-nina-en-chile-esto-dicen-los-expertos\/178062\/\">\u00bfComo va a ser el fen\u00f3meno de la ni\u00f1a en Chile? Esto dicen los expertos. Se refiere Patricio Gonz\u00e1lez Colville, acad\u00e9mico del Centro de Investigaci\u00f3n y Transferencia en Riego y Agroclimatolog\u00eda.<\/a><u><\/u><u><\/u><\/span><\/p><p><span lang=\"ES-MX\"><u><\/u>\u00a0<u><\/u><\/span><\/p><p><span lang=\"ES-MX\"><b>EMOL.COM<u><\/u><u><\/u><\/b><\/span><\/p><p><a href=\"https:\/\/www.emol.com\/noticias\/Nacional\/2023\/03\/18\/1089703\/educacion-violencia-expertos-causas-soluciones.html\"><span lang=\"ES-MX\">Denuncias de maltrato a estudiantes crecieron 87%: Expertos abordan posibles causas y proponen ideas para hallar soluciones. Se refiere Nibaldo Benavides, director del Instituto de Investigaci\u00f3n y Desarrollo Educacional (IIDE).<\/span><\/a><\/p><p>\u00a0<\/p><p><span lang=\"ES-MX\"><b>LA PRENSA DE CURIC\u00d3<u><\/u><u><\/u><\/b><\/span><\/p><p><a href=\"https:\/\/www.litoralpress.cl\/paginaconsultas\/Servicios_NClipSitio\/Get_Imagen_Nota.aspx?LPKey=6TJTSRNQIFNXL5ZPMXXQO35MXPZHKIOYLM5LHJCXGBNTL75UK7MQODVHQ2VG24HZWORMJ2DQX6O3K\"><span lang=\"ES-MX\">41% de extranjeros realiza trabajos elementales de alto esfuerzo f\u00edsico y bajo nivel educacional. Se refiere Medardo Aguirre Gonz\u00e1lez, director del Centro Nacional de Estudios Migratorios (CENEM).<\/span><\/a><\/p><p><span lang=\"ES-MX\"><u><\/u>\u00a0<u><\/u><\/span><\/p><p><span lang=\"ES-MX\"><strong>EL LECTOR<\/strong><u><\/u><u><\/u><\/span><\/p><p><span lang=\"ES-MX\"><a href=\"https:\/\/www.litoralpress.cl\/paginaconsultas\/Servicios_NClipSitio\/Get_Imagen_Nota.aspx?LPKey=DB6T7SZ4FPWDURVND2TP53SZEJ4TIFVONUUKQXFKMKQFHYB6H4OBP22CZ6FXL3522QQCIQKGY7CWM\">Migraci\u00f3n y primer empleo: 41% de los extranjeros realiza trabajos elementales. Se refiere Medardo Aguirre Gonz\u00e1lez, director del Centro Nacional de Estudios Migratorios (CENEM).<\/a><u><\/u><u><\/u><\/span><\/p><p><span lang=\"ES-MX\"><u><\/u>\u00a0<u><\/u><\/span><\/p><p><span lang=\"ES-MX\"><strong>EL HERALDO<\/strong><u><\/u><u><\/u><\/span><\/p><p><a href=\"https:\/\/www.litoralpress.cl\/paginaconsultas\/Servicios_NClipSitio\/Get_Imagen_Nota.aspx?LPKey=4WU6FS2VOTZY3ZUXX3WB7OHVE2BOY4KLQ24XPOOJVYE5FEZCKCTOQBOVVJC3MDRLNDPQ7XNIW3RWK\"><span lang=\"ES-MX\">Estudio UTalca sobre migraci\u00f3n y primer empleo: 41% de los extranjeros realiza trabajos elementales.<\/span><span lang=\"ES-MX\">\u00a0<\/span><\/a><span lang=\"ES-MX\"><a href=\"https:\/\/www.litoralpress.cl\/paginaconsultas\/Servicios_NClipSitio\/Get_Imagen_Nota.aspx?LPKey=4WU6FS2VOTZY3ZUXX3WB7OHVE2BOY4KLQ24XPOOJVYE5FEZCKCTOQBOVVJC3MDRLNDPQ7XNIW3RWK\">Se menciona al Centro Nacional de Estudios Migratorios (CENEM).<\/a><u><\/u><u><\/u><\/span><\/p><p><span lang=\"ES-MX\"><u><\/u>\u00a0<u><\/u><\/span><\/p><p><span lang=\"ES-MX\"><strong>MEDIABANCO.COM<\/strong><u><\/u><u><\/u><\/span><\/p><p><span lang=\"ES-MX\"><a href=\"https:\/\/www.mediabanco.com\/migracion-y-primer-empleo-41-de-los-extranjeros-realiza-trabajos-elementales\/\">Migraci\u00f3n y primer empleo: 41% de los extranjeros realiza trabajos elementales. Se refiere Medardo Aguirre Gonz\u00e1lez, director del Centro Nacional de Estudios Migratorios (CENEM).<\/a><u><\/u><u><\/u><\/span><\/p><p><span lang=\"ES-MX\"><u><\/u>\u00a0<u><\/u><\/span><\/p><p><span lang=\"ES-MX\"><strong>SEPTIMAPAGINANOTICIAS.CL<\/strong><u><\/u><u><\/u><\/span><\/p><p><span lang=\"ES-MX\"><a href=\"https:\/\/www.septimapaginanoticias.cl\/migracion-y-primer-empleo-41-por-ciento-de-los-extranjeros-realiza-trabajos-elementales\">Migraci\u00f3n y primer empleo: 41% de los extranjeros realiza trabajos elementales. Se refiere Medardo Aguirre Gonz\u00e1lez, director del Centro Nacional de Estudios Migratorios (CENEM).<\/a><u><\/u><u><\/u><\/span><\/p><p><span lang=\"ES-MX\"><u><\/u>\u00a0<u><\/u><\/span><\/p><p><span lang=\"ES-MX\"><strong>G5NOTICIAS.CL<\/strong><u><\/u><u><\/u><\/span><\/p><p><span lang=\"ES-MX\"><a href=\"https:\/\/g5noticias.cl\/2023\/03\/19\/migracion-y-primer-empleo-41-de-los-extranjeros-realiza-trabajos-elementales\/\">Migraci\u00f3n y primer empleo: 41% de los extranjeros realiza trabajos elementales. Se refiere Medardo Aguirre Gonz\u00e1lez, director del Centro Nacional de Estudios Migratorios (CENEM).<\/a><u><\/u><u><\/u><\/span><\/p><p>\u00a0<\/p><p><span lang=\"ES-MX\"><u><\/u>\u00a0<u><\/u><\/span><\/p><p><span lang=\"ES-MX\"><b>EL HERALDO<u><\/u><u><\/u><\/b><\/span><\/p><p><span lang=\"ES-MX\"><a href=\"https:\/\/www.litoralpress.cl\/paginaconsultas\/Servicios_NClipSitio\/Get_Imagen_Nota.aspx?LPKey=BIEEJXPSTUSWNMGXCCSAVCPFN4IX2CMPHXAFUY65R5CKRY2CUVHETCRE474KBKUF7XNVHAJF73RNS\">Procurador de irlanda analiz\u00f3 experiencia constitucional de su pa\u00eds en conversatorio de la UTalca. Se refiere Gonzalo Aguilar, acad\u00e9mico del Centro de Estudios Constitucionales de Chile (CECOCH).<\/a><\/span><\/p><p>\u00a0<\/p><p><span lang=\"ES-MX\"><u><\/u>\u00a0<u><\/u><\/span><\/p><p><span lang=\"ES-MX\"><strong>EL LECTOR<\/strong><u><\/u><u><\/u><\/span><\/p><p><span lang=\"ES-MX\"><a href=\"https:\/\/www.litoralpress.cl\/paginaconsultas\/Servicios_NClipSitio\/Get_Imagen_Nota.aspx?LPKey=QBXGVOBFWIO5VRNYXXSIE74UAN5ZEGNFDJD4O7WNGZSZRRGGHNPFUJ673TEOFTTQMEYT2VVWGKWOY\">Procurador de Irlanda analiz\u00f3 experiencia constitucional de su pa\u00eds en conversatorio de la UTalca. Se refiere Gonzalo Aguilar, acad\u00e9mico del Centro de Estudios Constitucionales de Chile (CECOCH).<\/a><u><\/u><u><\/u><\/span><\/p><p><span lang=\"ES-MX\"><u><\/u>\u00a0<u><\/u><\/span><\/p><p><span lang=\"ES-MX\"><strong>LA PRENSA DE CURIC\u00d3<\/strong><u><\/u><u><\/u><\/span><\/p><p><span lang=\"ES-MX\"><a href=\"https:\/\/www.litoralpress.cl\/paginaconsultas\/Servicios_NClipSitio\/Get_Imagen_Pagina.aspx?LPKey=CNSI3V5FJUE3NQOZW2PNYQS673FUBXXRU4DYZFFFXFNQHDSW5SHA\">Ciudadanos irlandeses proponen reformas constitucionales en su pa\u00eds y no cobran sueldo. Se refiere Gonzalo Aguilar, acad\u00e9mico del Centro de Estudios Constitucionales de Chile (CECOCH).<\/a><u><\/u><u><\/u><\/span><\/p><p>\u00a0<\/p><p><span lang=\"ES-MX\"><strong>DIARIOELHERALDO.CL<\/strong><u><\/u><u><\/u><\/span><\/p><p><span lang=\"ES-MX\"><a href=\"https:\/\/www.diarioelheraldo.cl\/noticia\/procurador-de-irlanda-analizo-experiencia-constitucional-de-su-pais-en-conversatorio-de-la-utalca-\">Procurador de Irlanda analiz\u00f3 experiencia constitucional de su pa\u00eds en conversatorio de la UTalca. Se refiere Gonzalo Aguilar, acad\u00e9mico del Centro de Estudios Constitucionales de Chile (CECOCH).<\/a><u><\/u><u><\/u><\/span><\/p><p><span lang=\"ES-MX\"><u><\/u>\u00a0<u><\/u><\/span><\/p><p><span lang=\"ES-MX\"><b>EL LECTOR<u><\/u><u><\/u><\/b><\/span><\/p><p><a href=\"https:\/\/www.litoralpress.cl\/sitio\/Prensa_PaginaCompleta.cshtml?LPKey=OFGBR4MDWVT4RKFGUWWMZZYKDL4DQ3P56GQQ524U3EIXXPRSDWPA\"><span lang=\"ES-MX\">UTalca organiza \u201cJard\u00edn de estrellas&#8221; para celebrar el D\u00eda de la Astronom\u00eda. Se refieren Karin Saavedra Redlich, directora general de Vinculaci\u00f3n con el Medio y Javier Mu\u00f1oz Vidal, decano de Ingenier\u00eda.<\/span><\/a><\/p><p><span lang=\"ES-MX\"><u><\/u>\u00a0<u><\/u><\/span><\/p><p><span lang=\"ES-MX\"><strong>MEDIABANCO.COM<\/strong><u><\/u><u><\/u><\/span><\/p><p><span lang=\"ES-MX\"><a href=\"https:\/\/www.mediabanco.com\/utalca-organiza-jardin-de-estrellas-para-celebrar-el-dia-de-la-astronomia\/\">UTalca organiza \u201cJard\u00edn de estrellas\u201d para celebrar el D\u00eda de la Astronom\u00eda. Se refieren Karin Saavedra Redlich, directora general de Vinculaci\u00f3n con el Medio y Javier Mu\u00f1oz Vidal, decano de Ingenier\u00eda.<\/a><u><\/u><u><\/u><\/span><\/p><p><span lang=\"ES-MX\"><u><\/u>\u00a0<u><\/u><\/span><\/p><p><span lang=\"ES-MX\"><strong>DIARIOTALCA.CL<\/strong><u><\/u><u><\/u><\/span><\/p><p><span lang=\"ES-MX\"><a href=\"https:\/\/diariotalca.cl\/quiere-pasar-una-noche-entretenida-en-el-dia-de-la-astronomia-aqui-dato-clave\/\">\u00bfQuiere pasar una noche entretenida en el D\u00eda de la Astronom\u00eda? Aqu\u00ed dato clave. Se refiere Karin Saavedra Redlich, directora general de Vinculaci\u00f3n con el Medio.<\/a><u><\/u><u><\/u><\/span><\/p><p><span lang=\"ES-MX\"><u><\/u>\u00a0<u><\/u><\/span><\/p><p><span lang=\"ES-MX\"><strong>ELCENTRO.CL<\/strong><u><\/u><u><\/u><\/span><\/p><p><span lang=\"ES-MX\"><a href=\"https:\/\/elcentro.cl\/2023\/03\/17\/utalca-organiza-jardin-de-estrellas-para-celebrar-el-dia-de-la-astronomia\/\">UTalca organiza \u201cJard\u00edn de estrellas\u201d para celebrar el D\u00eda de la Astronom\u00eda. Se refieren Karin Saavedra Redlich, directora general de Vinculaci\u00f3n con el Medio y Javier Mu\u00f1oz Vidal, decano de Ingenier\u00eda.<\/a><u><\/u><u><\/u><\/span><\/p><p><span lang=\"ES-MX\"><u><\/u>\u00a0<u><\/u><\/span><\/p><p><span lang=\"ES-MX\"><strong>CAUQUENES.NET<\/strong><u><\/u><u><\/u><\/span><\/p><p><span lang=\"ES-MX\"><a href=\"https:\/\/cauquenesnet.cl\/2023\/03\/17\/utalca-organiza-jardin-de-estrellas-para-celebrar-el-dia-de-la-astronomia\/\">UTalca organiza \u00abJard\u00edn de estrellas\u00bb para celebrar el D\u00eda de la Astronom\u00eda. Se refieren Karin Saavedra Redlich, directora general de Vinculaci\u00f3n con el Medio y Javier Mu\u00f1oz Vidal, decano de Ingenier\u00eda.<\/a><u><\/u><u><\/u><\/span><\/p><p><span lang=\"ES-MX\"><u><\/u>\u00a0<u><\/u><\/span><\/p><p><span lang=\"ES-MX\"><b>MAULEHOY.CL<u><\/u><u><\/u><\/b><\/span><\/p><p><a href=\"https:\/\/maulehoy.cl\/2023\/03\/17\/universidad-de-talca-impartira-clases-de-robotica\/\"><span lang=\"ES-MX\">Universidad de Talca impartir\u00e1 clases de rob\u00f3tica. Se refiere Karin Saavedra, directora general de Vinculaci\u00f3n con el Medio.<\/span><\/a><\/p><p><span lang=\"ES-MX\"><u><\/u><b>\u00a0<\/b><u><\/u><\/span><\/p><p><span lang=\"ES-MX\"><b>ELTIPOGRAFO.CL<u><\/u><u><\/u><\/b><\/span><\/p><p><a href=\"https:\/\/eltipografo.cl\/2023\/03\/agregado-de-cooperacion-linguistica-resalta-participacion-de-san-fernando-en-festival-de-la-francofonia-2023\"><span lang=\"ES-MX\">Agregado de cooperaci\u00f3n ling\u00fc\u00edstica resalta participaci\u00f3n de San Fernando en Festival de la Francofon\u00eda 2023. Se menciona a la UTalca.<\/span><\/a><\/p><p><span lang=\"ES-MX\"><u><\/u>\u00a0<u><\/u><\/span><\/p><p><span lang=\"ES-MX\"><strong>DIARIOVIREGION.CL<\/strong><u><\/u><u><\/u><\/span><\/p><p><span lang=\"ES-MX\"><a href=\"https:\/\/www.diarioviregion.cl\/index.php\/noticias\/24579-agregado-de-cooperacion-lingueistica-resalta-participacion-de-san-fernando-en-festival-de-la-francofonia-2023\">Agregado de cooperaci\u00f3n ling\u00fc\u00edstica resalta participaci\u00f3n de san Fernando en Festival de la Francofon\u00eda 2023. Se menciona a la UTalca.<\/a><u><\/u><u><\/u><\/span><\/p><p><span lang=\"ES-MX\"><u><\/u>\u00a0<u><\/u><\/span><\/p><p><span lang=\"ES-MX\"><strong>LATRIBUNA.CL<\/strong><u><\/u><u><\/u><\/span><\/p><p><span lang=\"ES-MX\"><a href=\"https:\/\/www.latribuna.cl\/bienestar\/2023\/03\/17\/el-17-de-marzo-dia-mundial-del-sueno-conoces-las-consecuencias-de-un-mal-dormir.html\">El 17 de marzo D\u00eda Mundial del Sue\u00f1o: \u00bfConoce las consecuencias de un mal dormir? Se menciona un estudio de la Facultad de Psicolog\u00eda.<\/a><u><\/u><u><\/u><\/span><\/p><p><span lang=\"ES-MX\"><u><\/u><b>\u00a0<\/b><u><\/u><\/span><\/p><p><b><span lang=\"ES-MX\">RADIO BIO B\u00cdO<\/span><u><\/u><u><\/u><\/b><\/p><p><a href=\"https:\/\/www.litoralpress.cl\/sitio\/RadioTV_Detalles.cshtml?LPKey=HE3DYHV5N5SBWKHJLE5PFQJYVBP7OCPNEXNK4V7NJJFZGL3JXMJICG3FEHZA7FSSSGU7V52YMEE5O\"><span lang=\"ES-MX\">Crisis migratoria por las reconducciones abre un nuevo frente tras declaraciones de gobiernos de Venezuela y Bolivia. <\/span><span lang=\"ES-MX\">Se refiere Mauricio Morales Quiroga, director del Centro de An\u00e1lisis Pol\u00edtico (CAP).<\/span><\/a><\/p><p><span lang=\"ES-MX\"><u><\/u>\u00a0<u><\/u><\/span><\/p><p><span lang=\"ES-MX\"><strong>RADIO INFINITA<\/strong><u><\/u><u><\/u><\/span><\/p><p><span lang=\"ES-MX\"><a href=\"https:\/\/www.litoralpress.cl\/sitio\/RadioTV_Detalles.cshtml?LPKey=THZSQLUPGPRFAUSPGHM7TNVFZLYPF5PBJYAG6CW2ROUXORSGSMXKIA3A5RSWKQ5RAAA3QLW4LTHSK\">Comentario de Mauricio Morales Quiroga, director del Centro de An\u00e1lisis Pol\u00edtico (CAP).<\/a><u><\/u><u><\/u><\/span><\/p><p><span lang=\"ES-MX\"><u><\/u>\u00a0<u><\/u><\/span><\/p><p><span lang=\"ES-MX\"><strong>DIARIOELPULSO.CL<\/strong><u><\/u><u><\/u><\/span><\/p><p><span lang=\"ES-MX\"><a href=\"https:\/\/www.diarioelpulso.cl\/2023\/03\/19\/crisis-migratoria-cancilleria-prepara-dialogos-bilaterales-en-proxima-cumbre-iberoamericana\/\">Crisis migratoria: Canciller\u00eda prepara di\u00e1logos bilaterales en pr\u00f3xima cumbre Iberoamericana. Se refiere Mauricio Morales Quiroga, director del Centro de An\u00e1lisis Pol\u00edtico (CAP).<\/a><u><\/u><u><\/u><\/span><\/p><p><span lang=\"ES-MX\"><u><\/u>\u00a0<u><\/u><\/span><\/p><p><strong><span lang=\"ES-MX\">MEDIABANCO.COM<\/span><\/strong><\/p><p><span lang=\"ES-MX\"><a href=\"https:\/\/www.mediabanco.com\/universidad-de-talca-celebra-el-dia-mundial-de-la-poesia-con-cafe-literario\/\">Universidad de Talca celebra el D\u00eda Mundial de la Poes\u00eda con caf\u00e9 literario. Se refiere Marcela Albornoz Dachelet, directora de Extensi\u00f3n Cultural-Art\u00edstica.<\/a><\/span><\/p>\t\t\t\t\t\t<\/div>\n\t\t\t\t<\/div>\n\t\t\t\t\t<\/div>\n\t\t<\/div>\n\t\t\t\t\t\t\t<\/div>\n\t\t<\/section>\n\t\t\t\t\t\t<\/div>\n\t\t\t\t\t<\/div>\n\t\t","protected":false},"excerpt":{"rendered":"<p>CANAL CNN Minsal reconoci\u00f3 que la campa\u00f1a de vacunaci\u00f3n bivalente contra el Covid19 no ha sido exitosa. Se refiere Daniel Jim\u00e9nez Acu\u00f1a, director de Salud del Estudiante. \u00a0 LATERCERA.COM Con la llegada de El Ni\u00f1o \u201cneutro\u201d: \u00bfTendremos un invierno lluvioso? Se refiere Patricio Gonz\u00e1lez Colville, acad\u00e9mico del Centro de Investigaci\u00f3n y Transferencia en Riego y &hellip;<\/p>\n<p class=\"read-more\"> <a class=\"\" href=\"https:\/\/www.reportedeprensa.utalca.cl\/?p=6730\"> <span class=\"screen-reader-text\">20 de marzo de 2023<\/span> Read More &raquo;<\/a><\/p>\n","protected":false},"author":1,"featured_media":0,"comment_status":"closed","ping_status":"open","sticky":false,"template":"","format":"standard","meta":{"_monsterinsights_skip_tracking":false,"_monsterinsights_sitenote_active":false,"_monsterinsights_sitenote_note":"","_monsterinsights_sitenote_category":0},"categories":[31],"tags":[],"_links":{"self":[{"href":"https:\/\/www.reportedeprensa.utalca.cl\/index.php?rest_route=\/wp\/v2\/posts\/6730"}],"collection":[{"href":"https:\/\/www.reportedeprensa.utalca.cl\/index.php?rest_route=\/wp\/v2\/posts"}],"about":[{"href":"https:\/\/www.reportedeprensa.utalca.cl\/index.php?rest_route=\/wp\/v2\/types\/post"}],"author":[{"embeddable":true,"href":"https:\/\/www.reportedeprensa.utalca.cl\/index.php?rest_route=\/wp\/v2\/users\/1"}],"replies":[{"embeddable":true,"href":"https:\/\/www.reportedeprensa.utalca.cl\/index.php?rest_route=%2Fwp%2Fv2%2Fcomments&post=6730"}],"version-history":[{"count":4,"href":"https:\/\/www.reportedeprensa.utalca.cl\/index.php?rest_route=\/wp\/v2\/posts\/6730\/revisions"}],"predecessor-version":[{"id":6734,"href":"https:\/\/www.reportedeprensa.utalca.cl\/index.php?rest_route=\/wp\/v2\/posts\/6730\/revisions\/6734"}],"wp:attachment":[{"href":"https:\/\/www.reportedeprensa.utalca.cl\/index.php?rest_route=%2Fwp%2Fv2%2Fmedia&parent=6730"}],"wp:term":[{"taxonomy":"category","embeddable":true,"href":"https:\/\/www.reportedeprensa.utalca.cl\/index.php?rest_route=%2Fwp%2Fv2%2Fcategories&post=6730"},{"taxonomy":"post_tag","embeddable":true,"href":"https:\/\/www.reportedeprensa.utalca.cl\/index.php?rest_route=%2Fwp%2Fv2%2Ftags&post=6730"}],"curies":[{"name":"wp","href":"https:\/\/api.w.org\/{rel}","templated":true}]}}