{"id":6742,"date":"2023-03-21T09:27:30","date_gmt":"2023-03-21T12:27:30","guid":{"rendered":"https:\/\/www.reportedeprensa.utalca.cl\/?p=6742"},"modified":"2023-03-21T09:37:04","modified_gmt":"2023-03-21T12:37:04","slug":"21-de-marzo-de-2023","status":"publish","type":"post","link":"https:\/\/www.reportedeprensa.utalca.cl\/?p=6742","title":{"rendered":"21 de marzo de 2023"},"content":{"rendered":"\t\t<div data-elementor-type=\"wp-post\" data-elementor-id=\"6742\" class=\"elementor elementor-6742\" data-elementor-settings=\"[]\">\n\t\t\t\t\t\t\t<div class=\"elementor-section-wrap\">\n\t\t\t\t\t\t\t<section class=\"elementor-section elementor-top-section elementor-element elementor-element-2a4b4b83 elementor-section-boxed elementor-section-height-default elementor-section-height-default\" data-id=\"2a4b4b83\" data-element_type=\"section\">\n\t\t\t\t\t\t<div class=\"elementor-container elementor-column-gap-default\">\n\t\t\t\t\t<div class=\"elementor-column elementor-col-100 elementor-top-column elementor-element elementor-element-24a78540\" data-id=\"24a78540\" data-element_type=\"column\">\n\t\t\t<div class=\"elementor-widget-wrap elementor-element-populated\">\n\t\t\t\t\t\t\t\t<div class=\"elementor-element elementor-element-55b07e54 elementor-widget elementor-widget-text-editor\" data-id=\"55b07e54\" data-element_type=\"widget\" data-widget_type=\"text-editor.default\">\n\t\t\t\t<div class=\"elementor-widget-container\">\n\t\t\t\t\t\t\t\t<p style=\"font-weight: 400;\"><strong>ELMOSTRADOR.CL\u00a0<\/strong><\/p><p style=\"font-weight: 400;\"><a href=\"https:\/\/www.elmostrador.cl\/agenda-pais\/2023\/03\/20\/innovadora-tecnologia-produce-hortalizas-sin-suelos-con-minima-agua-y-durante-todo-el-ano\/\">Innovadora tecnolog\u00eda produce hortalizas sin suelos, con m\u00ednima agua y durante todo el a\u00f1o. Se refieren Gilda Carrasco Silva, acad\u00e9mica de la Facultad de Ciencias Agrarias y Fernando Fuentes Pe\u00f1ailillo, acad\u00e9mico del Instituto de Investigaci\u00f3n Interdisciplinaria.\u00a0<\/a><\/p><p style=\"font-weight: 400;\">\u00a0<\/p><p style=\"font-weight: 400;\"><strong>MEDIABANCO.COM\u00a0<\/strong><\/p><p style=\"font-weight: 400;\"><a href=\"https:\/\/www.mediabanco.com\/innovadora-tecnologia-produce-hortalizas-sin-suelos-con-minima-agua-y-durante-todo-el-ano\/\">Innovadora tecnolog\u00eda produce hortalizas sin suelos, con m\u00ednima agua y durante todo el a\u00f1o. Se refieren Gilda Carrasco Silva, acad\u00e9mica de la Facultad de Ciencias Agrarias y Fernando Fuentes Pe\u00f1ailillo, acad\u00e9mico del Instituto de Investigaci\u00f3n Interdisciplinaria.\u00a0<\/a><\/p><p style=\"font-weight: 400;\">\u00a0<\/p><p style=\"font-weight: 400;\"><strong>ELMAULEINFORMA.CL\u00a0<\/strong><\/p><p style=\"font-weight: 400;\"><a href=\"https:\/\/elmauleinforma.cl\/innovadora-tecnologia-produce-hortalizas-sin-suelos-con-minima-agua-y-durante-todo-el-ano%ef%bf%bc\/\">Innovadora tecnolog\u00eda produce hortalizas sin suelos, con m\u00ednima agua y durante todo el a\u00f1o. Se refieren Gilda Carrasco Silva, acad\u00e9mica de la Facultad de Ciencias Agrarias y Fernando Fuentes Pe\u00f1ailillo, acad\u00e9mico del Instituto de Investigaci\u00f3n Interdisciplinaria.\u00a0<\/a><\/p><p style=\"font-weight: 400;\">\u00a0<\/p><p style=\"font-weight: 400;\"><strong>REDMAULE.COM\u00a0<\/strong><\/p><p style=\"font-weight: 400;\"><a href=\"https:\/\/www.redmaule.com\/regional\/innovadora-tecnologia-produce-hortalizas-sin-suelos-con-minima-agua-y\">Innovadora tecnolog\u00eda produce hortalizas sin suelos, con m\u00ednima agua y durante todo el a\u00f1o. Se refieren Gilda Carrasco Silva, acad\u00e9mica de la Facultad de Ciencias Agrarias y Fernando Fuentes Pe\u00f1ailillo, acad\u00e9mico del Instituto de Investigaci\u00f3n Interdisciplinaria.\u00a0<\/a><\/p><p style=\"font-weight: 400;\">\u00a0<\/p><p style=\"font-weight: 400;\"><strong>REDTARAPACA.COM\u00a0<\/strong><\/p><p style=\"font-weight: 400;\"><a href=\"https:\/\/redtarapaca.com\/regional\/innovadora-tecnologia-produce-hortalizas-sin-suelos-con-minima-agua-y\">Innovadora tecnolog\u00eda produce hortalizas sin suelos, con m\u00ednima agua y durante todo el a\u00f1o. Se refieren Gilda Carrasco Silva, acad\u00e9mica de la Facultad de Ciencias Agrarias y Fernando Fuentes Pe\u00f1ailillo, acad\u00e9mico del Instituto de Investigaci\u00f3n Interdisciplinaria.\u00a0<\/a><\/p><p style=\"font-weight: 400;\">\u00a0<\/p><p style=\"font-weight: 400;\"><strong>REDARAUCANIA.COM\u00a0<\/strong><\/p><p style=\"font-weight: 400;\"><a href=\"https:\/\/www.redaraucania.com\/regional\/innovadora-tecnologia-produce-hortalizas-sin-suelos-con-minima-agua-y\">Innovadora tecnolog\u00eda produce hortalizas sin suelos, con m\u00ednima agua y durante todo el a\u00f1o. Se refieren Gilda Carrasco Silva, acad\u00e9mica de la Facultad de Ciencias Agrarias y Fernando Fuentes Pe\u00f1ailillo, acad\u00e9mico del Instituto de Investigaci\u00f3n Interdisciplinaria.\u00a0<\/a><\/p><p style=\"font-weight: 400;\">\u00a0<\/p><p style=\"font-weight: 400;\"><strong>REDATACAMA.COM\u00a0<\/strong><\/p><p style=\"font-weight: 400;\"><a href=\"https:\/\/www.redatacama.com\/regional\/innovadora-tecnologia-produce-hortalizas-sin-suelos-con-minima-agua-y\">Innovadora tecnolog\u00eda produce hortalizas sin suelos, con m\u00ednima agua y durante todo el a\u00f1o. Se refieren Gilda Carrasco Silva, acad\u00e9mica de la Facultad de Ciencias Agrarias y Fernando Fuentes Pe\u00f1ailillo, acad\u00e9mico del Instituto de Investigaci\u00f3n Interdisciplinaria.\u00a0<\/a><\/p><p style=\"font-weight: 400;\">\u00a0<\/p><p style=\"font-weight: 400;\"><strong>CANAL TVN\u00a0\u00a0<\/strong><\/p><p style=\"font-weight: 400;\"><a href=\"https:\/\/www.litoralpress.cl\/sitio\/RadioTV_Detalles.cshtml?LPKey=JALXQKHGSVCB55Z4EYSBMVSBZ4BUXVVJDXFFT7UH2DDX3XRDM3DZUP3UKC44KC73W623PS4RQGULQ\">Alarma gener\u00f3 explosi\u00f3n de una encomienda al interior de sucursal de Chilexpress en un mall de Curic\u00f3. Se refiere Yerko Moreno Simunovic, director del Centro Tecnol\u00f3gico de la Vid y el Vino (CTVV).\u00a0<\/a><\/p><p style=\"font-weight: 400;\"><strong>\u00a0<\/strong><\/p><p style=\"font-weight: 400;\"><strong>LA TERCERA\u00a0<\/strong><\/p><p style=\"font-weight: 400;\"><a href=\"https:\/\/www.litoralpress.cl\/sitio\/Prensa_PaginaCompleta.cshtml?LPKey=2XWP2HO7J64VVDTAJBDU3SFL6FCZ2IDG54QIWEC2ZJTYQVF3O7AA\">Qu\u00e9 significa la llegada de El Ni\u00f1o \u201cneutro\u201d a Chile. Se refiere Patricio Gonz\u00e1lez Colville, acad\u00e9mico del Centro de Investigaci\u00f3n y Transferencia en Riego y Agroclimatolog\u00eda (CITRA).\u00a0<\/a><\/p><p style=\"font-weight: 400;\"><strong>\u00a0<\/strong><\/p><p style=\"font-weight: 400;\"><strong>RADIO M\u00c1GICA\u00a0<\/strong><\/p><p style=\"font-weight: 400;\"><a href=\"https:\/\/www.litoralpress.cl\/sitio\/RadioTV_Detalles.cshtml?LPKey=NT5UN4GF5TVOXUZVRBOSISUOMA37ASHU2WWN2UTBO5BSS5HR5QNR7IOFR2ESDWHOYJHXLDGZFCGEM\">Contaminaci\u00f3n ambiental en R\u00edo Claro de Talca. Se refiere Mauricio Quiroz Jara, acad\u00e9mico del Instituto de Ciencias Biol\u00f3gicas.\u00a0<\/a><\/p><p style=\"font-weight: 400;\"><strong>\u00a0<\/strong><\/p><p style=\"font-weight: 400;\"><strong>PUBLIMETRO\u00a0<\/strong><\/p><p style=\"font-weight: 400;\"><a href=\"https:\/\/www.litoralpress.cl\/sitio\/Prensa_PaginaCompleta.cshtml?LPKey=BI6FAPVPVI7CATJHJUNWTJVIY2RWWJLWSSGWBA64PV7FJJXRENQA\">Indultados no necesariamente volver\u00edan a prisi\u00f3n si TC declara inconstitucionales los decretos. Se refiere Mar\u00eda Ignacia Sandoval Gallardo, acad\u00e9mica del Centro de Estudios Constitucionales de Chile (CECOCH).\u00a0<\/a><\/p><p style=\"font-weight: 400;\"><strong>\u00a0<\/strong><\/p><p style=\"font-weight: 400;\"><strong>TVMAULE.CL\u00a0<\/strong><\/p><p style=\"font-weight: 400;\"><a href=\"https:\/\/www.tvmaule.cl\/tsunami-27-f-estudio-revela-aumento-en-concentracion-de-metales-toxicos-en-moluscos\/\">Tsunami 27-F: estudio revela aumento en concentraci\u00f3n de metales t\u00f3xicos en moluscos. Se refiere Jaime Tapia Sanhueza, acad\u00e9mico del Instituto de Qu\u00edmica de Recursos Naturales.\u00a0<\/a>\u00a0\u00a0<\/p><p style=\"font-weight: 400;\"><strong>\u00a0<\/strong><\/p><p style=\"font-weight: 400;\"><strong>PORTALDELCAMPO.CL\u00a0<\/strong><\/p><p style=\"font-weight: 400;\"><a href=\"https:\/\/portaldelcampo.cl\/Noticias\/91794_FIA-lanza-su-Programa-SaviaLab-2023-para-potenciar-innovaciones-de-estudiantes-rurales-de-nueve-regiones.html\">FIA lanza su Programa SaviaLab 2023 para potenciar innovaciones de estudiantes rurales de nueve regiones. Se menciona la UTalca.\u00a0<\/a><\/p><p style=\"font-weight: 400;\"><strong>\u00a0<\/strong><\/p><p style=\"font-weight: 400;\"><strong>MUNDOAGROPECUARIO.CL\u00a0<\/strong><\/p><p style=\"font-weight: 400;\"><a href=\"https:\/\/www.mundoagropecuario.cl\/new\/fia-lanza-su-programa-savialab-2023-para-potenciar-innovaciones-de-estudiantes-rurales-de-nueve-regiones\/\">FIA lanza su Programa SaviaLab 2023 para potenciar innovaciones de estudiantes rurales de nueve regiones. Se menciona la UTalca.\u00a0<\/a><\/p><p style=\"font-weight: 400;\">\u00a0<\/p><p style=\"font-weight: 400;\"><strong>G5NOTICIAS.CL\u00a0<\/strong><\/p><p style=\"font-weight: 400;\"><a href=\"https:\/\/g5noticias.cl\/2023\/03\/20\/fia-lanza-su-programa-savialab-2023-para-potenciar-innovaciones-de-estudiantes-rurales-de-nueve-regiones\/\">FIA lanza su Programa SaviaLab 2023 para potenciar innovaciones de estudiantes rurales de nueve regiones. Se menciona la UTalca.\u00a0<\/a><\/p><p style=\"font-weight: 400;\">\u00a0<\/p><p style=\"font-weight: 400;\"><strong>CANAL ANTOFAGASTA TV\u00a0<\/strong><\/p><p style=\"font-weight: 400;\"><a href=\"https:\/\/www.litoralpress.cl\/sitio\/RadioTV_Detalles.cshtml?LPKey=DMDMFSAP6GSAJBOQ3Q63SM6NL3OROMPHA4CMLBWWV3DKZI5C7JENCHFGRYJBWJY3D5Z6S3AHPRKGG\">Se refiere Rodrigo Saens Navarrete, acad\u00e9mico de la Facultad de Econom\u00eda y Negocios (FEN).\u00a0<\/a><\/p><p style=\"font-weight: 400;\"><strong>\u00a0<\/strong><\/p><p style=\"font-weight: 400;\"><strong>RADIO INFINITA\u00a0<\/strong><\/p><p style=\"font-weight: 400;\"><a href=\"https:\/\/www.litoralpress.cl\/sitio\/RadioTV_Detalles.cshtml?LPKey=KP3DQOIJ4VPTBLJU4SKGPMAK6BWQQ4KLOKNMHTGX52XVRLEINGIT6XOZ7QSTWSSRBNSYK6IDKK2VS\">Comentario de Mauricio Morales Quiroga, director del Centro de An\u00e1lisis Pol\u00edtico (CAP).\u00a0<\/a><\/p><p style=\"font-weight: 400;\">\u00a0<\/p><p style=\"font-weight: 400;\"><strong>MEGANOTICIAS.CL\u00a0<\/strong><\/p><p style=\"font-weight: 400;\"><a href=\"https:\/\/www.meganoticias.cl\/nacional\/409009-mauricio-morales-cadem-encuesta-analisis-resultado-apruebo-dignidad-ha-muerto-19-03-2023.html\">Mauricio Morales y su an\u00e1lisis de los resultados de la encuesta Cadem: &#8220;Apruebo Dignidad ha muerto&#8221;. Se refiere Mauricio Morales Quiroga, director del Centro de An\u00e1lisis Pol\u00edtico (CAP).\u00a0<\/a><\/p><p style=\"font-weight: 400;\">\u00a0<\/p><p style=\"font-weight: 400;\"><strong>LA PRENSA DE CURICO\u00a0<\/strong><\/p><p style=\"font-weight: 400;\"><a href=\"https:\/\/www.litoralpress.cl\/paginaconsultas\/Servicios_NClipSitio\/Get_Imagen_Nota.aspx?LPKey=55W476JBUPOTWOPHGXCHSG3KOFWUZOZY6RJBRTUKQEATSFLBAI6RNHS6P6WX7HT7EFT76XLVA63RE\">An\u00e1lisis del primer a\u00f1o del gobierno. Se refiere Mario Herrera Mu\u00f1oz, acad\u00e9mico del Centro de An\u00e1lisis Pol\u00edtico (CAP).\u00a0<\/a><\/p><p style=\"font-weight: 400;\">\u00a0<\/p><p style=\"font-weight: 400;\"><strong>DIARIOTALCA.CL\u00a0<\/strong><\/p><p style=\"font-weight: 400;\"><a href=\"https:\/\/diariotalca.cl\/utalca-celebrara-el-dia-mundial-de-la-poesia-con-cafe-literario\/\">UTalca celebrar\u00e1 el D\u00eda Mundial de la Poes\u00eda con caf\u00e9 literario. Se refiere Marcela Albornoz Dachelet, directora de Extensi\u00f3n Cultural-Art\u00edstica y de la Editorial.\u00a0<\/a><\/p><p style=\"font-weight: 400;\">\u00a0<\/p><p style=\"font-weight: 400;\"><strong>ELMAULEINFORMA.CL\u00a0<\/strong><\/p><p style=\"font-weight: 400;\"><a href=\"https:\/\/elmauleinforma.cl\/universidad-de-talca-celebra-el-dia-mundial-de-la-poesia-con-cafe-literario\/\">Universidad de Talca celebra el D\u00eda Mundial de la Poes\u00eda con caf\u00e9 literario. Se refiere Marcela Albornoz Dachelet, directora de Extensi\u00f3n Cultural-Art\u00edstica y de la Editorial.\u00a0<\/a><\/p><p style=\"font-weight: 400;\">\u00a0<\/p><p style=\"font-weight: 400;\"><strong>ELMAULEINFORMA.CL\u00a0<\/strong><\/p><p style=\"font-weight: 400;\"><a href=\"https:\/\/elmauleinforma.cl\/artista-visual-virginia-alvarez-presenta-exposicion-desde-el-anonimato-en-centro-de-extension-de-la-utalca\/\">Artista visual Virginia \u00c1lvarez presenta exposici\u00f3n \u201cDesde el Anonimato\u201d en Centro de Extensi\u00f3n de la UTalca. Se menciona el Centro de Extensi\u00f3n de la instituci\u00f3n como lugar de exposici\u00f3n.\u00a0<\/a><\/p>\t\t\t\t\t\t<\/div>\n\t\t\t\t<\/div>\n\t\t\t\t\t<\/div>\n\t\t<\/div>\n\t\t\t\t\t\t\t<\/div>\n\t\t<\/section>\n\t\t\t\t\t\t<\/div>\n\t\t\t\t\t<\/div>\n\t\t","protected":false},"excerpt":{"rendered":"<p>ELMOSTRADOR.CL\u00a0 Innovadora tecnolog\u00eda produce hortalizas sin suelos, con m\u00ednima agua y durante todo el a\u00f1o. Se refieren Gilda Carrasco Silva, acad\u00e9mica de la Facultad de Ciencias Agrarias y Fernando Fuentes Pe\u00f1ailillo, acad\u00e9mico del Instituto de Investigaci\u00f3n Interdisciplinaria.\u00a0 \u00a0 MEDIABANCO.COM\u00a0 Innovadora tecnolog\u00eda produce hortalizas sin suelos, con m\u00ednima agua y durante todo el a\u00f1o. Se refieren &hellip;<\/p>\n<p class=\"read-more\"> <a class=\"\" href=\"https:\/\/www.reportedeprensa.utalca.cl\/?p=6742\"> <span class=\"screen-reader-text\">21 de marzo de 2023<\/span> Read More &raquo;<\/a><\/p>\n","protected":false},"author":1,"featured_media":0,"comment_status":"closed","ping_status":"open","sticky":false,"template":"","format":"standard","meta":{"_monsterinsights_skip_tracking":false,"_monsterinsights_sitenote_active":false,"_monsterinsights_sitenote_note":"","_monsterinsights_sitenote_category":0},"categories":[31],"tags":[],"_links":{"self":[{"href":"https:\/\/www.reportedeprensa.utalca.cl\/index.php?rest_route=\/wp\/v2\/posts\/6742"}],"collection":[{"href":"https:\/\/www.reportedeprensa.utalca.cl\/index.php?rest_route=\/wp\/v2\/posts"}],"about":[{"href":"https:\/\/www.reportedeprensa.utalca.cl\/index.php?rest_route=\/wp\/v2\/types\/post"}],"author":[{"embeddable":true,"href":"https:\/\/www.reportedeprensa.utalca.cl\/index.php?rest_route=\/wp\/v2\/users\/1"}],"replies":[{"embeddable":true,"href":"https:\/\/www.reportedeprensa.utalca.cl\/index.php?rest_route=%2Fwp%2Fv2%2Fcomments&post=6742"}],"version-history":[{"count":4,"href":"https:\/\/www.reportedeprensa.utalca.cl\/index.php?rest_route=\/wp\/v2\/posts\/6742\/revisions"}],"predecessor-version":[{"id":6746,"href":"https:\/\/www.reportedeprensa.utalca.cl\/index.php?rest_route=\/wp\/v2\/posts\/6742\/revisions\/6746"}],"wp:attachment":[{"href":"https:\/\/www.reportedeprensa.utalca.cl\/index.php?rest_route=%2Fwp%2Fv2%2Fmedia&parent=6742"}],"wp:term":[{"taxonomy":"category","embeddable":true,"href":"https:\/\/www.reportedeprensa.utalca.cl\/index.php?rest_route=%2Fwp%2Fv2%2Fcategories&post=6742"},{"taxonomy":"post_tag","embeddable":true,"href":"https:\/\/www.reportedeprensa.utalca.cl\/index.php?rest_route=%2Fwp%2Fv2%2Ftags&post=6742"}],"curies":[{"name":"wp","href":"https:\/\/api.w.org\/{rel}","templated":true}]}}