{"id":6754,"date":"2023-03-22T08:06:41","date_gmt":"2023-03-22T11:06:41","guid":{"rendered":"https:\/\/www.reportedeprensa.utalca.cl\/?p=6754"},"modified":"2023-03-22T10:37:10","modified_gmt":"2023-03-22T13:37:10","slug":"22-de-marzo-de-2023","status":"publish","type":"post","link":"https:\/\/www.reportedeprensa.utalca.cl\/?p=6754","title":{"rendered":"22 de marzo de 2023"},"content":{"rendered":"\t\t<div data-elementor-type=\"wp-post\" data-elementor-id=\"6754\" class=\"elementor elementor-6754\" data-elementor-settings=\"[]\">\n\t\t\t\t\t\t\t<div class=\"elementor-section-wrap\">\n\t\t\t\t\t\t\t<section class=\"elementor-section elementor-top-section elementor-element elementor-element-2a4b4b83 elementor-section-boxed elementor-section-height-default elementor-section-height-default\" data-id=\"2a4b4b83\" data-element_type=\"section\">\n\t\t\t\t\t\t<div class=\"elementor-container elementor-column-gap-default\">\n\t\t\t\t\t<div class=\"elementor-column elementor-col-100 elementor-top-column elementor-element elementor-element-24a78540\" data-id=\"24a78540\" data-element_type=\"column\">\n\t\t\t<div class=\"elementor-widget-wrap elementor-element-populated\">\n\t\t\t\t\t\t\t\t<div class=\"elementor-element elementor-element-55b07e54 elementor-widget elementor-widget-text-editor\" data-id=\"55b07e54\" data-element_type=\"widget\" data-widget_type=\"text-editor.default\">\n\t\t\t\t<div class=\"elementor-widget-container\">\n\t\t\t\t\t\t\t\t<p style=\"font-weight: 400;\"><strong>FUTURO360.COM\u00a0<\/strong><\/p><p style=\"font-weight: 400;\"><a href=\"https:\/\/www.futuro360.com\/desafiotierra\/andreina-garcia-chilena-mujeres-ciencia-2023_20230321\/\">\u201cCiencia con sentido\u201d: Andrea Barrera, la chilena reconocida como una de las \u201c25 mujeres en la ciencia 2023\u201d. Se refiere la acad\u00e9mica de la Facultad de Ciencias de la Salud.<\/a><\/p><p style=\"font-weight: 400;\"><strong>\u00a0<\/strong><\/p><p style=\"font-weight: 400;\"><strong>EL LECTOR\u00a0<\/strong><\/p><p style=\"font-weight: 400;\"><a href=\"https:\/\/www.litoralpress.cl\/paginaconsultas\/Servicios_NClipSitio\/Get_Imagen_Nota.aspx?LPKey=M7ABMEEY3INZTP44AKAOCCZBNWUVKVPOMQRENQIGYLKTHFJP5F5SW3CMANAR6RFR776OXFFSTWCVO\">Innovadora tecnolog\u00eda produce hortalizas sin suelos, con m\u00ednima agua y durante todo el a\u00f1o. Se refiere Gilda Carrasco Silva, acad\u00e9mica de la Facultad de Ciencias Agrarias.\u00a0<\/a><\/p><p style=\"font-weight: 400;\"><strong>\u00a0<\/strong><\/p><p style=\"font-weight: 400;\"><strong>REVISTA RED AGR\u00cdCOLA\u00a0<\/strong><\/p><p style=\"font-weight: 400;\"><a href=\"https:\/\/www.litoralpress.cl\/sitio\/Prensa_PaginaCompleta.cshtml?LPKey=KKCNEO2P345TXOS5D6LZUHYRMGCVTSZFH4Z4NWBIBBJCWZ7CVVXQ\">Acumulaci\u00f3n de calcio en la fruta: hechos y falacias. Se refiere Jos\u00e9 Antonio Yuri Solomon, director del Centro de Pom\u00e1ceas.\u00a0<\/a><\/p><p>\u00a0<\/p><p style=\"font-weight: 400;\"><strong>CANAL TVN RED MAULE\u00a0<\/strong><\/p><p style=\"font-weight: 400;\"><a href=\"https:\/\/www.litoralpress.cl\/sitio\/RadioTV_Detalles.cshtml?LPKey=NHZAEBOMCSDGF3UATJJPUGIKQXBB43QZZZ3TIOBJARQF4VMTJGL6VXDBOKJCR5ZTKOXAHTKXLFRSQ\">Curic\u00f3: Preocupaci\u00f3n por estallido de una encomienda al interior de mall. Se trataba de chicha. Se refiere Yerko Moreno Simunovic, director del Centro Tecnol\u00f3gico de la Vid y el Vino (CTVV).\u00a0<\/a><\/p><p style=\"font-weight: 400;\"><strong>\u00a0<\/strong><\/p><p style=\"font-weight: 400;\"><strong>CANAL MEGA\u00a0<\/strong><\/p><p style=\"font-weight: 400;\"><a href=\"https:\/\/www.litoralpress.cl\/sitio\/RadioTV_Detalles.cshtml?LPKey=I2FXZM2YNL3ZX67P7FFOULCOIK7M6VMORK7KJCXEBTUYFMPHCH2F3GE6AXZSDKKKBP2VBEGB2FNE6\">D\u00eda clave en el congreso para el autopr\u00e9stamo de fondos previsionales. Se refiere Mauricio Morales Quiroga, director del Centro de An\u00e1lisis Pol\u00edtico (CAP).\u00a0<\/a><\/p><p>\u00a0<\/p><p style=\"font-weight: 400;\"><strong>CANAL MEGA\u00a0<\/strong><\/p><p style=\"font-weight: 400;\"><a href=\"https:\/\/www.litoralpress.cl\/sitio\/RadioTV_Detalles.cshtml?LPKey=V2Y2WQ3YL3EGIRVUYBG5BJ5Z2LNVOUXM2MXWWICMWXGTXJNM6NPYIZHXK32L5ZYHAH3XBJGLG2KCU\">Hoy se vota el autopr\u00e9stamo. Se refiere Mauricio Morales Quiroga, director del Centro de An\u00e1lisis Pol\u00edtico (CAP).\u00a0<\/a><\/p><p>\u00a0<\/p><p style=\"font-weight: 400;\"><strong>CANAL MEGA\u00a0<\/strong><\/p><p style=\"font-weight: 400;\"><a href=\"https:\/\/www.litoralpress.cl\/sitio\/RadioTV_Detalles.cshtml?LPKey=VHIVHTUDRHCAEZPM5FFKLWM5T4CYBP7F6JYTTGUMX2EGO2FPCQBHAWSFH4OJQSJMTEL46DB6OZEVC\">Gobierno puso discusi\u00f3n inmediata al proyecto de autopr\u00e9stamo. Se refiere Mauricio Morales Quiroga, director del Centro de An\u00e1lisis Pol\u00edtico (CAP).\u00a0<\/a><\/p><p>\u00a0<\/p><p style=\"font-weight: 400;\"><strong>CANAL MEGA\u00a0<\/strong><\/p><p style=\"font-weight: 400;\"><a href=\"https:\/\/www.litoralpress.cl\/sitio\/RadioTV_Detalles.cshtml?LPKey=TRGFBRTNACQGA6TKM2VWXNWJAFAVICZBCN33SW2QG7DECH24PWIGZJ6ZPB6KILW3WDDOY4F7ZONHM\">Autopr\u00e9stamo tendr\u00e1 discusi\u00f3n inmediata en el Congreso. Se refiere Mauricio Morales Quiroga, director del Centro de An\u00e1lisis Pol\u00edtico (CAP).\u00a0<\/a><\/p><p>\u00a0<\/p><p style=\"font-weight: 400;\"><strong>RADIO INFINITA\u00a0<\/strong><\/p><p style=\"font-weight: 400;\"><a href=\"https:\/\/www.litoralpress.cl\/sitio\/RadioTV_Detalles.cshtml?LPKey=KP3DQOIJ4VPTBLJU4SKGPMAK6BWQQ4KLOKNMHTGX52XVRLEINGIT6XOZ7QSTWSSRBNSYK6IDKK2VS\">Comentario de Mauricio Morales Quiroga, director del Centro de An\u00e1lisis Pol\u00edtico (CAP).\u00a0<\/a><\/p><p>\u00a0<\/p><p style=\"font-weight: 400;\"><strong>EL MERCURIO DE VALPARA\u00cdSO\u00a0<\/strong><\/p><p style=\"font-weight: 400;\"><a href=\"https:\/\/www.litoralpress.cl\/sitio\/Prensa_PaginaCompleta.cshtml?LPKey=H3DJYZAUYPO7NBLMWTEVZ57XUI7J7B6ML7SQTF4UBUYFH3NBYMNA\">Ripamonti al alza y Sharp se ubica entre los peor evaluados. Se refiere Mauricio Morales Quiroga, director del Centro de An\u00e1lisis Pol\u00edtico (CAP).\u00a0<\/a><\/p><p>\u00a0<\/p><p style=\"font-weight: 400;\"><strong>ELDESCONCIERTO.CL\u00a0<\/strong><\/p><p style=\"font-weight: 400;\"><a href=\"https:\/\/www.eldesconcierto.cl\/reportajes\/2023\/03\/21\/el-nuevo-rostro-de-vlado-mirosevic-tres-analistas-explican-giro-en-su-discurso.html\">El nuevo rostro de Vlado Mirosevic: Tres analistas explican giro en su discurso. Se refiere Mauricio Morales Quiroga, director del Centro de An\u00e1lisis Pol\u00edtico (CAP).\u00a0<\/a><\/p><p>\u00a0<\/p><p style=\"font-weight: 400;\"><strong>DIARIOLAPRENSA.CL\u00a0<\/strong><\/p><p style=\"font-weight: 400;\"><a href=\"https:\/\/www.litoralpress.cl\/sitio\/Prensa_PaginaCompleta.cshtml?LPKey=PIOX2WEPKROFQMQ43MS73LO2V7Q3VFCY3X6KKVR6AC2AQVHBZL5A\">\u201cPopularidad de esta administraci\u00f3n est\u00e1 m\u00e1s mal de lo que se esperaba\u201d. Se refiere Mario Herrera Mu\u00f1oz, acad\u00e9mico del Centro de An\u00e1lisis Pol\u00edtico (CAP).\u00a0<\/a><\/p><p>\u00a0<\/p><p style=\"font-weight: 400;\"><strong>CATA.CL\u00a0<\/strong><\/p><p style=\"font-weight: 400;\"><a href=\"https:\/\/cata.cl\/con-mas-de-40-actividades-el-centro-de-astrofisica-cubrira-de-astronomia-el-pais\/\">Con m\u00e1s de 40 actividades el Centro de Astrof\u00edsica cubrir\u00e1 de astronom\u00eda el pa\u00eds. Se menciona el Jard\u00edn Bot\u00e1nico de la UTalca.\u00a0<\/a><\/p><p>\u00a0<\/p><p style=\"font-weight: 400;\"><strong>ELMOSTRADOR.CL\u00a0<\/strong><\/p><p style=\"font-weight: 400;\"><a href=\"https:\/\/www.elmostrador.cl\/cultura\/2023\/03\/21\/revista-nature-investigacion-de-chileno-de-ave-patagonica-es-reconocida-como-uno-de-los-100-informes-top-de-medio-ambiente-y-ecologia\/\">Revista Nature: investigaci\u00f3n de chileno sobre ave patag\u00f3nica es reconocida como uno de los 100 informes top de medio ambiente y ecolog\u00eda. Se menciona la UTalca.\u00a0<\/a><\/p><p style=\"font-weight: 400;\"><strong>\u00a0<\/strong><\/p><p style=\"font-weight: 400;\"><strong>EL L\u00cdDER\u00a0<\/strong><\/p><p style=\"font-weight: 400;\"><a href=\"https:\/\/www.litoralpress.cl\/sitio\/Prensa_PaginaCompleta.cshtml?LPKey=CAX6BK5IADI2H7E6KS2V5LBKJBXVLFMIVNXBFXRFZP5CGBIVKKZQ\">Pintor repasa su larga trayectoria desde su hogar en Cartagena. Se menciona donaci\u00f3n del pintor a UTalca.\u00a0<\/a><\/p><p style=\"font-weight: 400;\"><strong>\u00a0<\/strong><\/p><p style=\"font-weight: 400;\"><strong>TOURINNOVACION.CL\u00a0<\/strong><\/p><p style=\"font-weight: 400;\"><a href=\"https:\/\/www.tourinnovacion.cl\/agricultura\/fia-lanza-su-programa-savialab-2023-para-potenciar-innovaciones-de-estudiantes-rurales-de-nueve-regiones\/\">FIA lanza su Programa SaviaLab 2023 para potenciar innovaciones de estudiantes rurales de nueve regiones. Se menciona la UTalca.\u00a0<\/a><\/p>\t\t\t\t\t\t<\/div>\n\t\t\t\t<\/div>\n\t\t\t\t\t<\/div>\n\t\t<\/div>\n\t\t\t\t\t\t\t<\/div>\n\t\t<\/section>\n\t\t\t\t\t\t<\/div>\n\t\t\t\t\t<\/div>\n\t\t","protected":false},"excerpt":{"rendered":"<p>FUTURO360.COM\u00a0 \u201cCiencia con sentido\u201d: Andrea Barrera, la chilena reconocida como una de las \u201c25 mujeres en la ciencia 2023\u201d. Se refiere la acad\u00e9mica de la Facultad de Ciencias de la Salud. \u00a0 EL LECTOR\u00a0 Innovadora tecnolog\u00eda produce hortalizas sin suelos, con m\u00ednima agua y durante todo el a\u00f1o. Se refiere Gilda Carrasco Silva, acad\u00e9mica de &hellip;<\/p>\n<p class=\"read-more\"> <a class=\"\" href=\"https:\/\/www.reportedeprensa.utalca.cl\/?p=6754\"> <span class=\"screen-reader-text\">22 de marzo de 2023<\/span> Read More &raquo;<\/a><\/p>\n","protected":false},"author":1,"featured_media":0,"comment_status":"closed","ping_status":"open","sticky":false,"template":"","format":"standard","meta":{"_monsterinsights_skip_tracking":false,"_monsterinsights_sitenote_active":false,"_monsterinsights_sitenote_note":"","_monsterinsights_sitenote_category":0},"categories":[31],"tags":[],"_links":{"self":[{"href":"https:\/\/www.reportedeprensa.utalca.cl\/index.php?rest_route=\/wp\/v2\/posts\/6754"}],"collection":[{"href":"https:\/\/www.reportedeprensa.utalca.cl\/index.php?rest_route=\/wp\/v2\/posts"}],"about":[{"href":"https:\/\/www.reportedeprensa.utalca.cl\/index.php?rest_route=\/wp\/v2\/types\/post"}],"author":[{"embeddable":true,"href":"https:\/\/www.reportedeprensa.utalca.cl\/index.php?rest_route=\/wp\/v2\/users\/1"}],"replies":[{"embeddable":true,"href":"https:\/\/www.reportedeprensa.utalca.cl\/index.php?rest_route=%2Fwp%2Fv2%2Fcomments&post=6754"}],"version-history":[{"count":16,"href":"https:\/\/www.reportedeprensa.utalca.cl\/index.php?rest_route=\/wp\/v2\/posts\/6754\/revisions"}],"predecessor-version":[{"id":6785,"href":"https:\/\/www.reportedeprensa.utalca.cl\/index.php?rest_route=\/wp\/v2\/posts\/6754\/revisions\/6785"}],"wp:attachment":[{"href":"https:\/\/www.reportedeprensa.utalca.cl\/index.php?rest_route=%2Fwp%2Fv2%2Fmedia&parent=6754"}],"wp:term":[{"taxonomy":"category","embeddable":true,"href":"https:\/\/www.reportedeprensa.utalca.cl\/index.php?rest_route=%2Fwp%2Fv2%2Fcategories&post=6754"},{"taxonomy":"post_tag","embeddable":true,"href":"https:\/\/www.reportedeprensa.utalca.cl\/index.php?rest_route=%2Fwp%2Fv2%2Ftags&post=6754"}],"curies":[{"name":"wp","href":"https:\/\/api.w.org\/{rel}","templated":true}]}}