{"id":6792,"date":"2023-03-23T10:19:39","date_gmt":"2023-03-23T13:19:39","guid":{"rendered":"https:\/\/www.reportedeprensa.utalca.cl\/?p=6792"},"modified":"2023-03-23T10:25:02","modified_gmt":"2023-03-23T13:25:02","slug":"23-de-marzo-de-2023","status":"publish","type":"post","link":"https:\/\/www.reportedeprensa.utalca.cl\/?p=6792","title":{"rendered":"23 de marzo de 2023"},"content":{"rendered":"\t\t<div data-elementor-type=\"wp-post\" data-elementor-id=\"6792\" class=\"elementor elementor-6792\" data-elementor-settings=\"[]\">\n\t\t\t\t\t\t\t<div class=\"elementor-section-wrap\">\n\t\t\t\t\t\t\t<section class=\"elementor-section elementor-top-section elementor-element elementor-element-2a4b4b83 elementor-section-boxed elementor-section-height-default elementor-section-height-default\" data-id=\"2a4b4b83\" data-element_type=\"section\">\n\t\t\t\t\t\t<div class=\"elementor-container elementor-column-gap-default\">\n\t\t\t\t\t<div class=\"elementor-column elementor-col-100 elementor-top-column elementor-element elementor-element-24a78540\" data-id=\"24a78540\" data-element_type=\"column\">\n\t\t\t<div class=\"elementor-widget-wrap elementor-element-populated\">\n\t\t\t\t\t\t\t\t<div class=\"elementor-element elementor-element-55b07e54 elementor-widget elementor-widget-text-editor\" data-id=\"55b07e54\" data-element_type=\"widget\" data-widget_type=\"text-editor.default\">\n\t\t\t\t<div class=\"elementor-widget-container\">\n\t\t\t\t\t\t\t\t<p style=\"font-weight: 400;\"><strong>ELCIUDADANO.CL\u00a0<\/strong><\/p><p style=\"font-weight: 400;\"><a href=\"https:\/\/www.elciudadano.com\/chile\/innovadora-tecnologia-produce-hortalizas-sin-suelo-con-minima-agua-y-durante-todo-el-ano\/03\/21\/\">Innovadora tecnolog\u00eda produce hortalizas sin suelo, con m\u00ednima agua y durante todo el a\u00f1o. Se refieren Gilda Carrasco Silva, acad\u00e9mica de la Facultad de Ciencias Agrarias y Fernando Fuentes Pe\u00f1ailillo, acad\u00e9mico del Instituto de Investigaci\u00f3n Interdisciplinaria.\u00a0<\/a><\/p><p style=\"font-weight: 400;\">\u00a0<\/p><p style=\"font-weight: 400;\"><strong>ENLINEAMAULE.CL\u00a0<\/strong><\/p><p style=\"font-weight: 400;\"><a href=\"https:\/\/enlineamaule.cl\/archivo\/51932\">A trav\u00e9s de los \u201chuertos verticales hort\u00edcolas\u201d se busca reducir el consumo h\u00eddrico y evitar los quiebres de stock. Se refieren Gilda Carrasco Silva, acad\u00e9mica de la Facultad de Ciencias Agrarias y Fernando Fuentes Pe\u00f1ailillo, acad\u00e9mico del Instituto de Investigaci\u00f3n Interdisciplinaria.\u00a0<\/a><\/p><p style=\"font-weight: 400;\">\u00a0<\/p><p style=\"font-weight: 400;\"><strong>DIARIOSENRED.COM\u00a0<\/strong><\/p><p style=\"font-weight: 400;\"><a href=\"https:\/\/diariosenred.com\/regional\/innovadora-tecnologia-produce-hortalizas-sin-suelos-con-minima-agua-y\">Innovadora tecnolog\u00eda produce hortalizas sin suelos, con m\u00ednima agua y durante todo el a\u00f1o. Se refieren Gilda Carrasco Silva, acad\u00e9mica de la Facultad de Ciencias Agrarias y Fernando Fuentes Pe\u00f1ailillo, acad\u00e9mico del Instituto de Investigaci\u00f3n Interdisciplinaria.\u00a0<\/a><\/p><p style=\"font-weight: 400;\">\u00a0<\/p><p style=\"font-weight: 400;\"><strong>CIENCIAENCHILE.CL\u00a0<\/strong><\/p><p style=\"font-weight: 400;\"><a href=\"https:\/\/www.cienciaenchile.cl\/innovadora-tecnologia-produce-hortalizas-sin-suelos-con-minima-agua-y-durante-todo-el-ano\/\">Innovadora tecnolog\u00eda produce hortalizas sin suelos, con m\u00ednima agua y durante todo el a\u00f1o. Se refieren Gilda Carrasco Silva, acad\u00e9mica de la Facultad de Ciencias Agrarias y Fernando Fuentes Pe\u00f1ailillo, acad\u00e9mico del Instituto de Investigaci\u00f3n Interdisciplinaria.\u00a0<\/a><\/p><p style=\"font-weight: 400;\">\u00a0<\/p><p style=\"font-weight: 400;\"><strong>PUNTOLONTUE.CL\u00a0<\/strong><\/p><p style=\"font-weight: 400;\"><a href=\"https:\/\/puntolontue.cl\/?p=7564\">Innovadora tecnolog\u00eda produce hortalizas sin suelos con m\u00ednima agua y durante todo el a\u00f1o. Se refieren Gilda Carrasco Silva, acad\u00e9mica de la Facultad de Ciencias Agrarias y Fernando Fuentes Pe\u00f1ailillo, acad\u00e9mico del Instituto de Investigaci\u00f3n Interdisciplinaria.\u00a0<\/a><\/p><p style=\"font-weight: 400;\">\u00a0<\/p><p style=\"font-weight: 400;\"><strong>CANAL TVN RED MAULE\u00a0<\/strong><\/p><p style=\"font-weight: 400;\"><a href=\"https:\/\/www.litoralpress.cl\/sitio\/RadioTV_Detalles.cshtml?LPKey=TAKBPHAVRDNJAJDTGUNBDWN6SFMO5NPGC2TJZEC3KWJ2TAIP5MHUDKGQOCOMJBCY7YI4IEUVUPO2I\">Oto\u00f1o comienza con altas temperaturas. Se refiere Patricio Gonz\u00e1lez Colville, acad\u00e9mico del Centro de Investigaci\u00f3n y Transferencia en Riego y Agroclimatolog\u00eda (CITRA).\u00a0<\/a><\/p><p style=\"font-weight: 400;\"><strong>\u00a0<\/strong><\/p><p style=\"font-weight: 400;\"><strong>RADIO AMIGA\u00a0<\/strong><\/p><p style=\"font-weight: 400;\"><a href=\"https:\/\/www.litoralpress.cl\/sitio\/RadioTV_Detalles.cshtml?LPKey=KLIIBGB7LJXU3NLE2HI6MDP5J7LWY2OFPCKWFUUNSTRXCQ4MR7NRWRHL2HFMZ3SG5PWUZVZWDNX72\">Estudio sobre migrantes y el mercado laboral en Chile. Se refiere Medardo Aguirre Gonz\u00e1lez, director del Centro Nacional de Estudios Migratorios.\u00a0\u00a0<\/a><\/p><p style=\"font-weight: 400;\"><strong>\u00a0<\/strong><\/p><p style=\"font-weight: 400;\"><strong>ENLINEAMAULE.CL\u00a0<\/strong><\/p><p style=\"font-weight: 400;\"><a href=\"https:\/\/enlineamaule.cl\/archivo\/51951\">Trabajo de migrantes en Chile: en su primer empleo el 41% de los extranjeros realiza trabajos elementales.\u00a0Se refiere Medardo Aguirre Gonz\u00e1lez, director del Centro Nacional de Estudios Migratorios.\u00a0<\/a><\/p><p style=\"font-weight: 400;\">\u00a0<\/p><p style=\"font-weight: 400;\"><strong>PUNTOLONTUE.CL\u00a0<\/strong><\/p><p style=\"font-weight: 400;\"><a href=\"https:\/\/puntolontue.cl\/?p=7509\">UTalca organiza \u00abJard\u00edn de Estrellas\u00bb para celebrar el D\u00eda de la Astronom\u00eda. Se refieren Karin Saavedra Redlich, directora general de Vinculaci\u00f3n con el Medio y Javier Mu\u00f1oz Vidal, decano de Ingenier\u00eda.<\/a><\/p><p style=\"font-weight: 400;\"><strong>\u00a0<\/strong><\/p><p style=\"font-weight: 400;\"><strong>RADIO INFINITA\u00a0\u00a0<\/strong><\/p><p style=\"font-weight: 400;\"><a href=\"https:\/\/www.litoralpress.cl\/sitio\/RadioTV_Detalles.cshtml?LPKey=FSWNC3D4HOIGR7VHO73PHSNJ7OUPGN7CLIU35CR6BIJIYSWWZ2EBMFLD7S6B2Q7TVNWPN4MVFIHSE\">Comentario de Mauricio Morales Quiroga, director del Centro de An\u00e1lisis Pol\u00edtico (CAP).\u00a0<\/a><\/p><p style=\"font-weight: 400;\"><strong>\u00a0<\/strong><\/p><p style=\"font-weight: 400;\"><strong>DIARIO TALCA\u00a0<\/strong><\/p><p style=\"font-weight: 400;\"><a href=\"https:\/\/diariotalca.cl\/utalca-celebrara-el-dia-mundial-de-la-poesia-con-cafe-literario\/#respond\">UTalca celebrar\u00e1 el D\u00eda Mundial de la Poes\u00eda con caf\u00e9 literario. Se refiere Marcela Albornoz Dachelet, directora de Extensi\u00f3n Cultural-Art\u00edstica y de la Editorial.\u00a0<\/a><\/p><p style=\"font-weight: 400;\"><strong>\u00a0<\/strong><\/p><p style=\"font-weight: 400;\"><strong>ADPRENSA.CL\u00a0<\/strong><\/p><p style=\"font-weight: 400;\"><a href=\"https:\/\/www.adprensa.cl\/cronica\/fiscal-manuel-soto-fue-designado-como-fiscal-regional-s-en-magallanes\/\">Fiscal Manuel Soto fue designado como Fiscal Regional (s) en Magallanes. Se menciona la UTalca.\u00a0<\/a><\/p><p style=\"font-weight: 400;\">\u00a0<\/p><p style=\"font-weight: 400;\"><strong>RADIO PRESIDENTE IB\u00c1\u00d1EZ\u00a0<\/strong><\/p><p style=\"font-weight: 400;\"><a href=\"https:\/\/www.radiopresidenteibanez.cl\/web\/fiscal-manuel-soto-fue-designado-como-fiscal-regional-suplente-en-magallanes\/\">Fiscal Manuel Soto fue designado como Fiscal Regional suplente en Magallanes. Se menciona la instituci\u00f3n como centro de estudio superior de Soto.\u00a0<\/a><\/p><p style=\"font-weight: 400;\">\u00a0<\/p><p style=\"font-weight: 400;\"><strong>ITVPATAGONIA.CL\u00a0<\/strong><\/p><p style=\"font-weight: 400;\"><a href=\"https:\/\/www.itvpatagonia.com\/noticias\/regional\/21-03-2023\/manuel-soto-es-el-fiscal-regional-suplente-para-magallanes\/\">Manuel Soto es el Fiscal Regional suplente para Magallanes. Se menciona la UTalca.\u00a0<\/a><\/p><p style=\"font-weight: 400;\">\u00a0<\/p><p style=\"font-weight: 400;\"><strong>CANAL TVN RED MAULE\u00a0<\/strong><\/p><p style=\"font-weight: 400;\"><a href=\"https:\/\/www.litoralpress.cl\/sitio\/RadioTV_Detalles.cshtml?LPKey=7EPQMNIC4X2B4WYIWGYV3QPIX3XTFGFQWBGBEVYCJZCI43YPXTLVJ6WLZXGVHTFQIC5FPF4GG5IFC\">128 mil visitas tuvieron el balneario Machicura. Se menciona el Centro de Extensi\u00f3n Cultural.\u00a0<\/a><\/p><p style=\"font-weight: 400;\"><strong>\u00a0<\/strong><\/p><p style=\"font-weight: 400;\"><strong>EL L\u00cdDER\u00a0<\/strong><\/p><p style=\"font-weight: 400;\"><a href=\"https:\/\/www.litoralpress.cl\/sitio\/Prensa_PaginaCompleta.cshtml?LPKey=J5IE6NUYCM4Y76WQONYMFC6PLOVZJ74ILTZNJET2GBVLNOPHROIQ\">La desconocida Mar\u00eda Bichon: un liderazgo por descubrir. Se menciona la UTalca.\u00a0<\/a><\/p>\t\t\t\t\t\t<\/div>\n\t\t\t\t<\/div>\n\t\t\t\t\t<\/div>\n\t\t<\/div>\n\t\t\t\t\t\t\t<\/div>\n\t\t<\/section>\n\t\t\t\t\t\t<\/div>\n\t\t\t\t\t<\/div>\n\t\t","protected":false},"excerpt":{"rendered":"<p>ELCIUDADANO.CL\u00a0 Innovadora tecnolog\u00eda produce hortalizas sin suelo, con m\u00ednima agua y durante todo el a\u00f1o. Se refieren Gilda Carrasco Silva, acad\u00e9mica de la Facultad de Ciencias Agrarias y Fernando Fuentes Pe\u00f1ailillo, acad\u00e9mico del Instituto de Investigaci\u00f3n Interdisciplinaria.\u00a0 \u00a0 ENLINEAMAULE.CL\u00a0 A trav\u00e9s de los \u201chuertos verticales hort\u00edcolas\u201d se busca reducir el consumo h\u00eddrico y evitar los &hellip;<\/p>\n<p class=\"read-more\"> <a class=\"\" href=\"https:\/\/www.reportedeprensa.utalca.cl\/?p=6792\"> <span class=\"screen-reader-text\">23 de marzo de 2023<\/span> Read More &raquo;<\/a><\/p>\n","protected":false},"author":1,"featured_media":0,"comment_status":"closed","ping_status":"open","sticky":false,"template":"","format":"standard","meta":{"_monsterinsights_skip_tracking":false,"_monsterinsights_sitenote_active":false,"_monsterinsights_sitenote_note":"","_monsterinsights_sitenote_category":0},"categories":[31],"tags":[],"_links":{"self":[{"href":"https:\/\/www.reportedeprensa.utalca.cl\/index.php?rest_route=\/wp\/v2\/posts\/6792"}],"collection":[{"href":"https:\/\/www.reportedeprensa.utalca.cl\/index.php?rest_route=\/wp\/v2\/posts"}],"about":[{"href":"https:\/\/www.reportedeprensa.utalca.cl\/index.php?rest_route=\/wp\/v2\/types\/post"}],"author":[{"embeddable":true,"href":"https:\/\/www.reportedeprensa.utalca.cl\/index.php?rest_route=\/wp\/v2\/users\/1"}],"replies":[{"embeddable":true,"href":"https:\/\/www.reportedeprensa.utalca.cl\/index.php?rest_route=%2Fwp%2Fv2%2Fcomments&post=6792"}],"version-history":[{"count":4,"href":"https:\/\/www.reportedeprensa.utalca.cl\/index.php?rest_route=\/wp\/v2\/posts\/6792\/revisions"}],"predecessor-version":[{"id":6796,"href":"https:\/\/www.reportedeprensa.utalca.cl\/index.php?rest_route=\/wp\/v2\/posts\/6792\/revisions\/6796"}],"wp:attachment":[{"href":"https:\/\/www.reportedeprensa.utalca.cl\/index.php?rest_route=%2Fwp%2Fv2%2Fmedia&parent=6792"}],"wp:term":[{"taxonomy":"category","embeddable":true,"href":"https:\/\/www.reportedeprensa.utalca.cl\/index.php?rest_route=%2Fwp%2Fv2%2Fcategories&post=6792"},{"taxonomy":"post_tag","embeddable":true,"href":"https:\/\/www.reportedeprensa.utalca.cl\/index.php?rest_route=%2Fwp%2Fv2%2Ftags&post=6792"}],"curies":[{"name":"wp","href":"https:\/\/api.w.org\/{rel}","templated":true}]}}