{"id":6805,"date":"2023-03-24T15:52:03","date_gmt":"2023-03-24T18:52:03","guid":{"rendered":"https:\/\/www.reportedeprensa.utalca.cl\/?p=6805"},"modified":"2023-03-24T15:56:17","modified_gmt":"2023-03-24T18:56:17","slug":"24-de-marzo-de-2023","status":"publish","type":"post","link":"https:\/\/www.reportedeprensa.utalca.cl\/?p=6805","title":{"rendered":"24 de marzo de 2023"},"content":{"rendered":"\t\t<div data-elementor-type=\"wp-post\" data-elementor-id=\"6805\" class=\"elementor elementor-6805\" data-elementor-settings=\"[]\">\n\t\t\t\t\t\t\t<div class=\"elementor-section-wrap\">\n\t\t\t\t\t\t\t<section class=\"elementor-section elementor-top-section elementor-element elementor-element-2a4b4b83 elementor-section-boxed elementor-section-height-default elementor-section-height-default\" data-id=\"2a4b4b83\" data-element_type=\"section\">\n\t\t\t\t\t\t<div class=\"elementor-container elementor-column-gap-default\">\n\t\t\t\t\t<div class=\"elementor-column elementor-col-100 elementor-top-column elementor-element elementor-element-24a78540\" data-id=\"24a78540\" data-element_type=\"column\">\n\t\t\t<div class=\"elementor-widget-wrap elementor-element-populated\">\n\t\t\t\t\t\t\t\t<div class=\"elementor-element elementor-element-55b07e54 elementor-widget elementor-widget-text-editor\" data-id=\"55b07e54\" data-element_type=\"widget\" data-widget_type=\"text-editor.default\">\n\t\t\t\t<div class=\"elementor-widget-container\">\n\t\t\t\t\t\t\t\t<p style=\"font-weight: 400;\"><strong>MEDIABANCO.COM\u00a0<\/strong><\/p><p style=\"font-weight: 400;\"><a href=\"https:\/\/www.mediabanco.com\/aplicacion-movil-ubica-a-talca-como-el-primer-museo-abierto-del-maule\/\">Aplicaci\u00f3n m\u00f3vil ubica a Talca como el primer museo abierto del Maule. Se refiere V\u00edctor Letelier Lara, acad\u00e9mico de la Escuela de Arquitectura.\u00a0<\/a><\/p><p style=\"font-weight: 400;\">\u00a0<\/p><p style=\"font-weight: 400;\"><strong>CANAL CONTIVISI\u00d3N\u00a0<\/strong><\/p><p style=\"font-weight: 400;\"><a href=\"https:\/\/www.litoralpress.cl\/sitio\/RadioTV_Detalles.cshtml?LPKey=ZYLIHBLNHSSMGDL63W6F6EAXOP3SEKXVYBZQIMFMKSJMYOWA52QGDG4OZTSMARHJ2XG2QPVCUXJRO\">Talca: aplicaci\u00f3n permite conocer sitios de inter\u00e9s. V\u00edctor Letelier Lara, acad\u00e9mico de la Escuela Arquitectura.\u00a0<\/a><\/p><p style=\"font-weight: 400;\">\u00a0<\/p><p style=\"font-weight: 400;\"><strong>DIARIOTALCA.CL\u00a0<\/strong><\/p><p style=\"font-weight: 400;\"><a href=\"https:\/\/diariotalca.cl\/se-imagina-que-una-aplicacion-permita-ver-talca-como-un-museo-abierto\/\">\u00bfSe imagina que una aplicaci\u00f3n permita ver Talca como un museo abierto? Se refiere Andr\u00e9s Maraga\u00f1o Leveque, decano de la Facultad de Arquitectura.\u00a0<\/a><\/p><p style=\"font-weight: 400;\">\u00a0<\/p><p style=\"font-weight: 400;\"><strong>ELTIPOGRAFO.CL\u00a0<\/strong><\/p><p style=\"font-weight: 400;\"><a href=\"https:\/\/eltipografo.cl\/2023\/03\/innovadora-tecnologia-producen-hortalizas-sin-suelos-con-minima-agua-y-durante-todo-el-ano\">Innovadora tecnolog\u00eda: Producen hortalizas sin suelos, con m\u00ednima agua y durante todo el a\u00f1o. Se refieren Gilda Carrasco Silva, acad\u00e9mica de la Facultad de Ciencias Agrarias y Fernando Fuentes Pe\u00f1ailillo, acad\u00e9mico del Instituto de Investigaci\u00f3n Interdisciplinaria.\u00a0<\/a><\/p><p style=\"font-weight: 400;\">\u00a0<\/p><p style=\"font-weight: 400;\"><strong>RADIO GUAYAC\u00c1N\u00a0<\/strong><\/p><p style=\"font-weight: 400;\"><a href=\"https:\/\/www.litoralpress.cl\/sitio\/RadioTV_Detalles.cshtml?LPKey=G7SSINUVQRMUXODSIQRMAVESUTKVWMUDKAD64EHOWV3FZPEELCH2O6HBSGAUE6VDFGS55Y4YNXKVY\">Se refiere Fernando Fuentes Pe\u00f1ailillo, investigador del Instituto de Investigaci\u00f3n Interdisciplinaria de la UTalca.<\/a><\/p><p style=\"font-weight: 400;\">\u00a0<\/p><p style=\"font-weight: 400;\"><strong>Canal TVN\u00a0<\/strong><\/p><p style=\"font-weight: 400;\"><a href=\"https:\/\/www.litoralpress.cl\/sitio\/RadioTV_Detalles.cshtml?LPKey=VOYS47EDU2UC6W2PNB2KCIFDXVFXA5P3C7EE4B7H26JWQYPFAKLMH3F3TPVPFVCKGE4HTMFO3F3AO\">UC y Cadem realizaron encuesta respecto a Administraci\u00f3n de Fondos de Pensiones. Se refiere Andrea Betancourt Morales, acad\u00e9mica de la Facultad de Econom\u00eda y Negocios (FEN).\u00a0<\/a><\/p><p style=\"font-weight: 400;\">\u00a0<\/p><p style=\"font-weight: 400;\"><strong>CANAL TVN RED MAULE\u00a0<\/strong><\/p><p style=\"font-weight: 400;\"><a href=\"https:\/\/www.litoralpress.cl\/sitio\/RadioTV_Detalles.cshtml?LPKey=5YQXHQHDBVX7R2R4VGOLMXIQBQ5HJ2A5AC3Y2SPQUUMHCDG4HBLLNWO7SBY5GEUZNWR2FVHQKOKOC\">Buscan disminuir brecha de mujeres investigadoras. Se menciona la UTalca.\u00a0<\/a><\/p><p style=\"font-weight: 400;\">\u00a0<\/p><p style=\"font-weight: 400;\"><strong>RADIO BIOB\u00cdO\u00a0<\/strong><\/p><p style=\"font-weight: 400;\"><a href=\"https:\/\/www.litoralpress.cl\/sitio\/RadioTV_Detalles.cshtml?LPKey=YWUSC5DGPDXA72X63CYUAJDORAJYEVXN7P62WBHZRRMMNQ6WD6BNYB4NJ6TW2WLSBGJ76PBGMERBK\">CUT llama al Gobierno a acelerar el alza del sueldo m\u00ednimo a 500 mil pesos. Se refiere Rodrigo S\u00e1enz Navarrete, acad\u00e9mico de la Facultad de Econom\u00eda y Negocios (FEN).<\/a><\/p><p style=\"font-weight: 400;\">\u00a0<\/p><p style=\"font-weight: 400;\"><strong>CANAL MEGA\u00a0<\/strong><\/p><p style=\"font-weight: 400;\"><a href=\"https:\/\/www.litoralpress.cl\/sitio\/RadioTV_Detalles.cshtml?LPKey=DYBRJRSGVOH2BEQALRTDLJHAHH55H6R5UG5VZTQDTBIQ5IMNR6HCSJFC3DRFOIKHNCZ4MEABGIDXY\">Pol\u00e9micas y agresiones en el congreso. Se refiere Mauricio Morales Quiroga, director del Centro de An\u00e1lisis Pol\u00edtico (CAP).\u00a0<\/a><\/p><p style=\"font-weight: 400;\">\u00a0<\/p><p style=\"font-weight: 400;\"><strong>RADIO INFINITA\u00a0\u00a0\u00a0<\/strong><\/p><p style=\"font-weight: 400;\"><a href=\"https:\/\/www.litoralpress.cl\/sitio\/RadioTV_Detalles.cshtml?LPKey=BVALLFJFQP3M66ZPZT7QZ4JNPGM2KK375Z4TKZKMOHCUI4URMIEMYZQC2UETVXFA4YYLWHQWWPEGS\">Comentario de Mauricio Morales Quiroga, director del Centro de An\u00e1lisis Pol\u00edtico (CAP).\u00a0<\/a><\/p><p style=\"font-weight: 400;\">\u00a0<\/p><p style=\"font-weight: 400;\"><strong>RADIO INFINITA\u00a0<\/strong><\/p><p style=\"font-weight: 400;\"><a href=\"https:\/\/www.litoralpress.cl\/sitio\/RadioTV_Detalles.cshtml?LPKey=BVALLFJFQP3M66ZPZT7QZ4JNPGM2KK375Z4TKZKMOHCUI4URMIEMYZQC2UETVXFA4YYLWHQWWPEGS\">Comentario de Mauricio Morales Quiroga, director del Centro de An\u00e1lisis Pol\u00edtico (CAP).\u00a0<\/a><\/p><p style=\"font-weight: 400;\">\u00a0<\/p><p style=\"font-weight: 400;\"><strong>CANAL TVN RED MAULE\u00a0<\/strong><\/p><p style=\"font-weight: 400;\"><a href=\"https:\/\/www.litoralpress.cl\/sitio\/RadioTV_Detalles.cshtml?LPKey=R7XCMNROGV4GBIZNVJ2MGT46SKPDHYZWI4CVYEBYUUPJ64VG24XPY6H3VS4TDFO3R3GFKN6PQ2CDC\">Im\u00e1genes celebraci\u00f3n D\u00eda de la Astronom\u00eda en UTalca. Se menciona el \u201cJard\u00edn de Estrellas\u201d de la UTalca.\u00a0<\/a><\/p><p style=\"font-weight: 400;\">\u00a0<\/p><p style=\"font-weight: 400;\"><strong>LA PRENSA DE CURIC\u00d3\u00a0<\/strong><\/p><p style=\"font-weight: 400;\"><a href=\"https:\/\/www.litoralpress.cl\/paginaconsultas\/Servicios_NClipSitio\/Get_Imagen_Nota.aspx?LPKey=R5WGGZDLQYONDHBNEDZBI25LGZBX5TDLS6VTR77U7DKSYC2KZ4XZKEYEXDJHE2FIAPPP6VVNMMLPK\">Abren nuevas exposiciones de arte en espacios culturales de la UTalca. Se refiere Marcela Albornoz Dachelet, directora de Extensi\u00f3n Cultural-Art\u00edstica.\u00a0<\/a><\/p><p style=\"font-weight: 400;\">\u00a0<\/p><p style=\"font-weight: 400;\"><strong>ELCENTRO.CL\u00a0<\/strong><\/p><p style=\"font-weight: 400;\"><a href=\"https:\/\/elcentro.cl\/2023\/03\/23\/utalca-lanza-nueva-agenda-de-actividades-culturales-para-todos-los-maulinos\/\">UTalca lanza nueva agenda de actividades culturales para todos los maulinos. Se menciona el Centro de Extensi\u00f3n Cultural.\u00a0<\/a><\/p><p style=\"font-weight: 400;\">\u00a0<\/p><p style=\"font-weight: 400;\"><strong>CHILLANONLINE.CL\u00a0<\/strong><\/p><p style=\"font-weight: 400;\"><a href=\"https:\/\/www.chillanonline.cl\/V6\/abren-nuevas-exposiciones-de-arte-en-los-espacios-culturales-de-la-utalca\/\">Abren nuevas exposiciones de arte en los espacios culturales de la UTalca. Se refiere Marcela Albornoz Dachelet, directora de Extensi\u00f3n Cultural-Art\u00edstica.\u00a0\u00a0<\/a><\/p><p style=\"font-weight: 400;\">\u00a0<\/p><p style=\"font-weight: 400;\"><strong>PORTALEDUCA.CL\u00a0<\/strong><\/p><p style=\"font-weight: 400;\"><a href=\"https:\/\/portaleduca.cl\/fia-lanza-su-programa-savialab-2023-para-potenciar-innovaciones-de-estudiantes-rurales-de-nueve-regiones\/\">FIA lanza su Programa SaviaLab 2023 para potenciar innovaciones de estudiantes rurales de nueve regiones. Se menciona la UTalca.\u00a0<\/a><\/p>\t\t\t\t\t\t<\/div>\n\t\t\t\t<\/div>\n\t\t\t\t\t<\/div>\n\t\t<\/div>\n\t\t\t\t\t\t\t<\/div>\n\t\t<\/section>\n\t\t\t\t\t\t<\/div>\n\t\t\t\t\t<\/div>\n\t\t","protected":false},"excerpt":{"rendered":"<p>MEDIABANCO.COM\u00a0 Aplicaci\u00f3n m\u00f3vil ubica a Talca como el primer museo abierto del Maule. Se refiere V\u00edctor Letelier Lara, acad\u00e9mico de la Escuela de Arquitectura.\u00a0 \u00a0 CANAL CONTIVISI\u00d3N\u00a0 Talca: aplicaci\u00f3n permite conocer sitios de inter\u00e9s. V\u00edctor Letelier Lara, acad\u00e9mico de la Escuela Arquitectura.\u00a0 \u00a0 DIARIOTALCA.CL\u00a0 \u00bfSe imagina que una aplicaci\u00f3n permita ver Talca como un museo &hellip;<\/p>\n<p class=\"read-more\"> <a class=\"\" href=\"https:\/\/www.reportedeprensa.utalca.cl\/?p=6805\"> <span class=\"screen-reader-text\">24 de marzo de 2023<\/span> Read More &raquo;<\/a><\/p>\n","protected":false},"author":1,"featured_media":0,"comment_status":"closed","ping_status":"open","sticky":false,"template":"","format":"standard","meta":{"_monsterinsights_skip_tracking":false,"_monsterinsights_sitenote_active":false,"_monsterinsights_sitenote_note":"","_monsterinsights_sitenote_category":0},"categories":[31],"tags":[],"_links":{"self":[{"href":"https:\/\/www.reportedeprensa.utalca.cl\/index.php?rest_route=\/wp\/v2\/posts\/6805"}],"collection":[{"href":"https:\/\/www.reportedeprensa.utalca.cl\/index.php?rest_route=\/wp\/v2\/posts"}],"about":[{"href":"https:\/\/www.reportedeprensa.utalca.cl\/index.php?rest_route=\/wp\/v2\/types\/post"}],"author":[{"embeddable":true,"href":"https:\/\/www.reportedeprensa.utalca.cl\/index.php?rest_route=\/wp\/v2\/users\/1"}],"replies":[{"embeddable":true,"href":"https:\/\/www.reportedeprensa.utalca.cl\/index.php?rest_route=%2Fwp%2Fv2%2Fcomments&post=6805"}],"version-history":[{"count":4,"href":"https:\/\/www.reportedeprensa.utalca.cl\/index.php?rest_route=\/wp\/v2\/posts\/6805\/revisions"}],"predecessor-version":[{"id":6809,"href":"https:\/\/www.reportedeprensa.utalca.cl\/index.php?rest_route=\/wp\/v2\/posts\/6805\/revisions\/6809"}],"wp:attachment":[{"href":"https:\/\/www.reportedeprensa.utalca.cl\/index.php?rest_route=%2Fwp%2Fv2%2Fmedia&parent=6805"}],"wp:term":[{"taxonomy":"category","embeddable":true,"href":"https:\/\/www.reportedeprensa.utalca.cl\/index.php?rest_route=%2Fwp%2Fv2%2Fcategories&post=6805"},{"taxonomy":"post_tag","embeddable":true,"href":"https:\/\/www.reportedeprensa.utalca.cl\/index.php?rest_route=%2Fwp%2Fv2%2Ftags&post=6805"}],"curies":[{"name":"wp","href":"https:\/\/api.w.org\/{rel}","templated":true}]}}