{"id":6820,"date":"2023-03-27T14:37:57","date_gmt":"2023-03-27T17:37:57","guid":{"rendered":"https:\/\/www.reportedeprensa.utalca.cl\/?p=6820"},"modified":"2023-03-27T15:13:59","modified_gmt":"2023-03-27T18:13:59","slug":"27-de-marzo-de-2023","status":"publish","type":"post","link":"https:\/\/www.reportedeprensa.utalca.cl\/?p=6820","title":{"rendered":"27 de marzo de 2023"},"content":{"rendered":"\t\t<div data-elementor-type=\"wp-post\" data-elementor-id=\"6820\" class=\"elementor elementor-6820\" data-elementor-settings=\"[]\">\n\t\t\t\t\t\t\t<div class=\"elementor-section-wrap\">\n\t\t\t\t\t\t\t<section class=\"elementor-section elementor-top-section elementor-element elementor-element-2a4b4b83 elementor-section-boxed elementor-section-height-default elementor-section-height-default\" data-id=\"2a4b4b83\" data-element_type=\"section\">\n\t\t\t\t\t\t<div class=\"elementor-container elementor-column-gap-default\">\n\t\t\t\t\t<div class=\"elementor-column elementor-col-100 elementor-top-column elementor-element elementor-element-24a78540\" data-id=\"24a78540\" data-element_type=\"column\">\n\t\t\t<div class=\"elementor-widget-wrap elementor-element-populated\">\n\t\t\t\t\t\t\t\t<div class=\"elementor-element elementor-element-55b07e54 elementor-widget elementor-widget-text-editor\" data-id=\"55b07e54\" data-element_type=\"widget\" data-widget_type=\"text-editor.default\">\n\t\t\t\t<div class=\"elementor-widget-container\">\n\t\t\t\t\t\t\t\t<p style=\"font-weight: 400;\"><strong>EL LECTOR\u00a0<\/strong><\/p><p style=\"font-weight: 400;\"><a href=\"https:\/\/www.litoralpress.cl\/sitio\/Prensa_PaginaCompleta.cshtml?LPKey=WON6EEL4SLDQFDF76OVLFBULIPQJVIOWDYWJJNPZQZO5N6N3HDSA\">Aplicaci\u00f3n m\u00f3vil ubica a Talca como el primer museo abierto del Maule. Se refieren V\u00edctor Letelier Lara, acad\u00e9mico de la Escuela de Arquitectura y Andr\u00e9s Maraga\u00f1o Leveque, decano de la Facultad de Arquitectura, M\u00fasica y Dise\u00f1o.\u00a0<\/a><\/p><p>\u00a0<\/p><p style=\"font-weight: 400;\"><strong>LA PRENSA DE CURIC\u00d3\u00a0<\/strong><\/p><p style=\"font-weight: 400;\"><a href=\"https:\/\/www.litoralpress.cl\/sitio\/Prensa_PaginaCompleta.cshtml?LPKey=34CMRTFCEMJEWRRU7K3C4U62MIIUZRXI5DU2JQ53EA5PEZTUXTNA\">Talca cuenta con el primer museo abierto de la regi\u00f3n. Se refieren Andr\u00e9s Maraga\u00f1o Leveque, decano de la Facultad de Arquitectura, M\u00fasica y Dise\u00f1o y V\u00edctor Letelier Lara, acad\u00e9mico de la Escuela de Arquitectura.\u00a0<\/a><\/p><p>\u00a0<\/p><p style=\"font-weight: 400;\"><strong>DIARIOLAPRENSA.CL\u00a0<\/strong><\/p><p style=\"font-weight: 400;\"><a href=\"https:\/\/new.diariolaprensa.cl\/index.php\/2023\/03\/25\/talca-cuenta-con-el-primer-museo-abierto-de-la-region\/\">Talca cuenta con el primer museo abierto de la regi\u00f3n.\u00a0Se refieren Andr\u00e9s Maraga\u00f1o Leveque, decano de la Facultad de Arquitectura, M\u00fasica y Dise\u00f1o y V\u00edctor Letelier Lara, acad\u00e9mico de la Escuela de Arquitectura.\u00a0<\/a><\/p><p>\u00a0<\/p><p style=\"font-weight: 400;\"><strong>ELDIARIOSANTIAGO.CL\u00a0<\/strong><\/p><p style=\"font-weight: 400;\"><a href=\"https:\/\/eldiariosantiago.cl\/2023\/03\/24\/aplicacion-movil-ubica-a-talca-como-el-primer-museo-abierto-del-maule\/\">Aplicaci\u00f3n m\u00f3vil ubica a Talca como el primer museo abierto del Maule. Se refieren Andr\u00e9s Maraga\u00f1o Leveque, decano de la Facultad de Arquitectura, M\u00fasica y Dise\u00f1o y V\u00edctor Letelier Lara, acad\u00e9mico de la Escuela de Arquitectura.\u00a0<\/a><\/p><p>\u00a0<\/p><p style=\"font-weight: 400;\"><strong>CANAL 24 HORAS\u00a0<\/strong><\/p><p style=\"font-weight: 400;\"><a href=\"https:\/\/www.litoralpress.cl\/sitio\/RadioTV_Detalles.cshtml?LPKey=OVZMCSN5KANWNFXUHNQWOOB4G75FTRNRH525I6GTXIUKDALRY3VVMSRTQY7QX4RLOPY32XYHST7AY\">UC y Cadem realizaron encuesta respecto a administraci\u00f3n de fondos de pensiones. Se refiere Andrea Bentancor Cazenave, acad\u00e9mica de la Facultad de Econom\u00eda y Negocios (FEN).\u00a0<\/a><\/p><p>\u00a0<\/p><p style=\"font-weight: 400;\"><strong>CANAL 24 HORAS\u00a0<\/strong><\/p><p style=\"font-weight: 400;\"><a href=\"https:\/\/www.litoralpress.cl\/sitio\/RadioTV_Detalles.cshtml?LPKey=ULGHUMH2TWDSHEHK3FZNRVOYR5G2SORGQTYZX2DEZYPLU3Z6S3TQK6RJL27JZ4BWYH5J4ZJBDGWOW\">\u00bfQui\u00e9n le gustar\u00eda que administre sus fondos de pensiones? Se refiere Andrea Bentancor Cazenave, acad\u00e9mica de la Facultad de Econom\u00eda y Negocios (FEN).\u00a0<\/a><\/p><p style=\"font-weight: 400;\"><strong>\u00a0<\/strong><\/p><p style=\"font-weight: 400;\"><strong>CANAL TV5\u00a0<\/strong><\/p><p style=\"font-weight: 400;\"><a href=\"https:\/\/www.litoralpress.cl\/sitio\/RadioTV_Detalles.cshtml?LPKey=2TSESC5QAHS4FSZNKSM5AZY5HQJ57XAL634CQW37GYOFZGB7PAQTVDSEUXRCBHK3B36RIUA7QKSLS\">La inflaci\u00f3n sigue dando problemas a la econom\u00eda nacional y local. Se refiere Rodrigo S\u00e1enz Navarrete, acad\u00e9mico de la Facultad de Econom\u00eda y Negocios (FEN).\u00a0<\/a><\/p><p style=\"font-weight: 400;\"><strong>\u00a0<\/strong><\/p><p style=\"font-weight: 400;\"><strong>EL HERALDO\u00a0<\/strong><\/p><p style=\"font-weight: 400;\"><a href=\"https:\/\/www.litoralpress.cl\/paginaconsultas\/Servicios_NClipSitio\/Get_Imagen_Nota.aspx?LPKey=2KYN7PMCTQOBIO6VSR45CIPRCFP4AAJDHB6PU2FPFJ6S43KFHLEBD7ZKMWGSXN536GIQ53NLMZHLW\">UTalca y PDI invitan a seminario sobre ciberseguridad y transformaci\u00f3n digital. Se refiere Jorge Bozo, director de la Escuela de Ingenier\u00eda en Inform\u00e1tica Empresarial.\u00a0<\/a><\/p><p style=\"font-weight: 400;\"><strong>\u00a0<\/strong><\/p><p style=\"font-weight: 400;\"><strong>LA PRENSA DE CURIC\u00d3\u00a0<\/strong><\/p><p style=\"font-weight: 400;\"><a href=\"https:\/\/www.litoralpress.cl\/paginaconsultas\/Servicios_NClipSitio\/Get_Imagen_Nota.aspx?LPKey=FBXWAIOMA3W56KCOOXFY3WUEUTXAFGXLYCSRVBXZTMJ4ORI2SKJBQJTGSEKITZRFORTTV7HK7DZP6\">Organizan Seminario sobre Ciberseguridad y Transformaci\u00f3n. Se refiere Jorge Bozo, director de la Escuela de Ingenier\u00eda en Inform\u00e1tica Empresarial de la Facultad de Econom\u00eda y Negocios (FEN).\u00a0<\/a><\/p><p>\u00a0<\/p><p style=\"font-weight: 400;\"><strong>DIARIOELHERALDO.CL\u00a0<\/strong><\/p><p style=\"font-weight: 400;\"><a href=\"https:\/\/www.diarioelheraldo.cl\/noticia\/utalca-y-pdi-invitan-a-seminario-sobre-ciberseguridad-y-transformacion-digital\">UTalca y PDI invitan a seminario sobre ciberseguridad y transformaci\u00f3n digital. Se refiere Jorge Bozo, director de la Escuela de Ingenier\u00eda en Inform\u00e1tica Empresarial de la Facultad de Econom\u00eda y Negocios (FEN).\u00a0<\/a><\/p><p>\u00a0<\/p><p style=\"font-weight: 400;\"><strong>MAULEHOY.CL\u00a0<\/strong><\/p><p style=\"font-weight: 400;\"><a href=\"https:\/\/maulehoy.cl\/2023\/03\/24\/utalca-y-pdi-invitan-a-seminario-sobre-ciberseguridad-y-transformacion-digital\/\">UTalca y PDI invitan a seminario sobre Ciberseguridad y Transformaci\u00f3n Digital. Se refiere Jorge Bozo, director de la Escuela de Ingenier\u00eda en Inform\u00e1tica Empresarial de la Facultad de Econom\u00eda y Negocios (FEN).\u00a0<\/a><\/p><p>\u00a0<\/p><p style=\"font-weight: 400;\"><strong>DIARIOESTRATEGIA.CL\u00a0<\/strong><\/p><p style=\"font-weight: 400;\"><a href=\"https:\/\/www.diarioestrategia.cl\/texto-diario\/mostrar\/4227562\/empresas-construccion-quiebras\">Empresas de construcci\u00f3n y quiebras. Se menciona a la UTalca.\u00a0<\/a><\/p><p style=\"font-weight: 400;\"><strong>\u00a0<\/strong><\/p><p style=\"font-weight: 400;\"><strong>REDMAULE.COM\u00a0<\/strong><\/p><p style=\"font-weight: 400;\"><a href=\"https:\/\/www.redmaule.com\/regional\/academicas-e-investigadoras-participan-en-la-primera-mesa-de-ctci-del-maule\">Acad\u00e9micas e investigadoras participan en la primera Mesa de CTCI del Maule. Se refiere Karin Saavedra Redlich, directora general de Vinculaci\u00f3n con el Medio y directora del proyecto InEs de G\u00e9nero.\u00a0\u00a0<\/a><\/p><p>\u00a0<\/p><p style=\"font-weight: 400;\"><strong>REDLOSLAGOS.COM\u00a0<\/strong><\/p><p style=\"font-weight: 400;\"><a href=\"https:\/\/redloslagos.com\/regional\/academicas-e-investigadoras-participan-en-la-primera-mesa-de-ctci-del-maule\">Acad\u00e9micas e investigadoras participan en la primera Mesa de CTCI del Maule. Se refiere Karin Saavedra Redlich, directora general de Vinculaci\u00f3n con el Medio y directora del proyecto InEs de G\u00e9nero.\u00a0<\/a><\/p><p>\u00a0<\/p><p style=\"font-weight: 400;\"><strong>REDLOSRIOS.COM\u00a0<\/strong><\/p><p style=\"font-weight: 400;\"><a href=\"https:\/\/redlosrios.com\/regional\/academicas-e-investigadoras-participan-en-la-primera-mesa-de-ctci-del-maule\">Acad\u00e9micas e investigadoras participan en la primera Mesa de CTCI del Maule. Se refiere Karin Saavedra Redlich, directora general de Vinculaci\u00f3n con el Medio y directora del proyecto InEs de G\u00e9nero.\u00a0<\/a><\/p><p>\u00a0<\/p><p style=\"font-weight: 400;\"><strong>REDTARAPACA.COM\u00a0<\/strong><\/p><p style=\"font-weight: 400;\"><a href=\"https:\/\/redtarapaca.com\/regional\/academicas-e-investigadoras-participan-en-la-primera-mesa-de-ctci-del-maule\">Acad\u00e9micas e investigadoras participan en la primera Mesa de CTCI del Maule. Se refiere Karin Saavedra Redlich, directora general de Vinculaci\u00f3n con el Medio y directora del proyecto InEs de G\u00e9nero.\u00a0<\/a><\/p><p>\u00a0<\/p><p style=\"font-weight: 400;\"><strong>REDCOQUIMBO.COM\u00a0\u00a0<\/strong><\/p><p style=\"font-weight: 400;\"><a href=\"https:\/\/redcoquimbo.com\/regional\/academicas-e-investigadoras-participan-en-la-primera-mesa-de-ctci-del-maule\">Acad\u00e9micas e investigadoras participan en la primera Mesa de CTCI del Maule. Se refiere Karin Saavedra Redlich, directora general de Vinculaci\u00f3n con el Medio y directora del proyecto InEs de G\u00e9nero.\u00a0<\/a><\/p><p>\u00a0<\/p><p style=\"font-weight: 400;\"><strong>REDOHIGGINS.COM\u00a0<\/strong><\/p><p style=\"font-weight: 400;\"><a href=\"https:\/\/redohiggins.com\/regional\/academicas-e-investigadoras-participan-en-la-primera-mesa-de-ctci-del-maule\">Acad\u00e9micas e investigadoras participan en la primera Mesa de CTCI del Maule. Se refiere Karin Saavedra Redlich, directora general de Vinculaci\u00f3n con el Medio y directora del proyecto InEs de G\u00e9nero.\u00a0<\/a><\/p><p>\u00a0<\/p><p style=\"font-weight: 400;\"><strong>CAUQUENES.NET\u00a0<\/strong><\/p><p style=\"font-weight: 400;\"><a href=\"https:\/\/cauquenesnet.cl\/2023\/03\/25\/academicas-e-investigadoras-participan-en-la-primera-mesa-de-ctci-del-maule\/\">Acad\u00e9micas e investigadoras participan en la primera Mesa de CTCI del Maule. Se refiere Karin Saavedra Redlich, directora general de Vinculaci\u00f3n con el Medio y directora del proyecto InEs de G\u00e9nero.\u00a0<\/a><\/p><p>\u00a0<\/p><p style=\"font-weight: 400;\"><strong>REDATACAMA.COM\u00a0<\/strong><\/p><p style=\"font-weight: 400;\"><a href=\"https:\/\/www.redatacama.com\/regional\/academicas-e-investigadoras-participan-en-la-primera-mesa-de-ctci-del-maule\">Acad\u00e9micas e investigadoras participan en la primera Mesa de CTCI del Maule. Se refiere Karin Saavedra Redlich, directora general de Vinculaci\u00f3n con el Medio y directora del proyecto InEs de G\u00e9nero.\u00a0<\/a><\/p><p>\u00a0<\/p><p style=\"font-weight: 400;\"><strong>RADIOHOY.CL\u00a0<\/strong><\/p><p style=\"font-weight: 400;\"><a href=\"https:\/\/radiohoy.cl\/cifan-prepara-primera-capacitacion-del-ano-para-sus-ninos-y-jovenes-musicos\/\">CIFAN prepara primera capacitaci\u00f3n del a\u00f1o para sus ni\u00f1os y j\u00f3venes m\u00fasicos. Se menciona a Dorian Lamotte y Solange Navarrete Wallace, acad\u00e9micos de la escuela de Licenciatura en Interpretaci\u00f3n y Formaci\u00f3n Musical Especializada.\u00a0<\/a><\/p><p>\u00a0<\/p><p style=\"font-weight: 400;\"><strong>INFORMAALMINUTO.CL\u00a0<\/strong><\/p><p style=\"font-weight: 400;\"><a href=\"https:\/\/informaalminuto.cl\/cifan-valdivia-prepara-primera-capacitacion-del-ano-para-sus-ninos-y-jovenes-musicos\/\">CIFAN Valdivia prepara primera capacitaci\u00f3n del a\u00f1o para sus ni\u00f1os y j\u00f3venes m\u00fasicos. Se menciona a Dorian Lamotte y Solange Navarrete Wallace, acad\u00e9micos de la escuela de Licenciatura en Interpretaci\u00f3n y Formaci\u00f3n Musical Especializada.\u00a0<\/a><\/p><p>\u00a0<\/p><p style=\"font-weight: 400;\"><strong>CULTURAACOMPANADA.COM\u00a0<\/strong><\/p><p style=\"font-weight: 400;\"><a href=\"https:\/\/culturaacompanada.blogspot.com\/2023\/03\/cifan-prepara-primera-capacitacion-del.html\">CIFAN prepara primera capacitaci\u00f3n del a\u00f1o para sus ni\u00f1os y j\u00f3venes m\u00fasicos. Se menciona a Dorian Lamotte y Solange Navarrete Wallace, acad\u00e9micos de la escuela de Licenciatura en Interpretaci\u00f3n y Formaci\u00f3n Musical Especializada.\u00a0<\/a><\/p><p>\u00a0<\/p><p style=\"font-weight: 400;\"><strong>ARAUCANIACUENTA.CL\u00a0<\/strong><\/p><p style=\"font-weight: 400;\"><a href=\"https:\/\/www.araucaniacuenta.cl\/cifan-prepara-primera-capacitacion-del-ano-para-sus-ninos-y-jovenes-musicos\/\">CIFAN prepara primera capacitaci\u00f3n del a\u00f1o para sus ni\u00f1os y j\u00f3venes m\u00fasicos. Se menciona a Dorian Lamotte y Solange Navarrete Wallace, acad\u00e9micos de la escuela de Licenciatura en Interpretaci\u00f3n y Formaci\u00f3n Musical Especializada.\u00a0<\/a><\/p><p>\u00a0<\/p><p style=\"font-weight: 400;\"><strong>LA TERCERA\u00a0<\/strong><\/p><p style=\"font-weight: 400;\"><a href=\"https:\/\/www.litoralpress.cl\/sitio\/Prensa_PaginaCompleta.cshtml?LPKey=CU6UREQFP7ZAJ5GL3UEMWBOARB7GF7B2QYEAIUE47K7KVFTEBBFA\">\u00bfQu\u00e9 contenidos del programa de gobierno se deben revisar? Se refiere Mauricio Morales Quiroga, director del Centro de An\u00e1lisis Pol\u00edtico (CAP).\u00a0<\/a><\/p><p>\u00a0<\/p><p style=\"font-weight: 400;\"><strong>LA TERCERA\u00a0<\/strong><\/p><p style=\"font-weight: 400;\"><a href=\"https:\/\/www.litoralpress.cl\/sitio\/Prensa_PaginaCompleta.cshtml?LPKey=DAFIFULSUHGRSNV6NJJ5ZT2LWVFUKJBEYZNYA57GLXDZNOTHSKVA\">Realismo con renuncia: El inevitable y doloroso ajuste al programa social y econ\u00f3mico del gobierno. Se refiere Mauricio Morales Quiroga, director del Centro de An\u00e1lisis Pol\u00edtico (CAP).\u00a0<\/a><\/p><p>\u00a0<\/p><p style=\"font-weight: 400;\"><strong>LA SEGUNDA\u00a0<\/strong><\/p><p style=\"font-weight: 400;\"><a href=\"https:\/\/www.litoralpress.cl\/sitio\/Prensa_PaginaCompleta.cshtml?LPKey=TPY4DDU32MHE2BPR7COM4VCG34KG7DALOMKPJZECIRFU3S6562QA\">Las se\u00f1ales de que habr\u00e1 una alta participaci\u00f3n electoral, pero con mucho votante \u201ca la rastra\u201d. Se refiere Mauricio Morales Quiroga, director del Centro de An\u00e1lisis Pol\u00edtico (CAP).\u00a0<\/a><\/p><p>\u00a0<\/p><p style=\"font-weight: 400;\"><strong>EL MERCURIO DE VALPARA\u00cdSO\u00a0<\/strong><\/p><p style=\"font-weight: 400;\"><a href=\"https:\/\/www.litoralpress.cl\/paginaconsultas\/Servicios_NClipSitio\/Get_Imagen_Nota.aspx?LPKey=G6K74HZDQUKZXLTMHMV337453M557UUJT5H4FP5AZTE3GPG7Y3EIPKMFVFTXGJKSVLIXZGADPF2NY\">Analizan impacto del narcofuneral en la lista oficialista. Se refiere Mauricio Morales Quiroga, director del Centro de An\u00e1lisis Pol\u00edtico (CAP).\u00a0<\/a><\/p><p>\u00a0<\/p><p style=\"font-weight: 400;\"><strong>DIARIOTALCA.CL\u00a0<\/strong><\/p><p style=\"font-weight: 400;\"><a href=\"https:\/\/diariotalca.cl\/anuncian-nuevas-exposicones-de-arte-en-espacios-culturales-de-la-utalca\/\">Anuncian nuevas exposiciones de arte en espacios culturales de la UTalca. Se refiere Marcela Albornoz Dachelet, directora de Extensi\u00f3n Cultural-Art\u00edstica.\u00a0<\/a><\/p><p>\u00a0<\/p><p style=\"font-weight: 400;\"><strong>CAUQUENES.NET\u00a0<\/strong><\/p><p style=\"font-weight: 400;\"><a href=\"https:\/\/cauquenesnet.cl\/2023\/03\/25\/en-cauquenes-lipac-renovo-acuerdo-de-acceso-a-la-educacion-superior\/\">En #CAUQUENES lipac renov\u00f3 acuerdo de acceso a la educaci\u00f3n superior. Se menciona la UTalca.\u00a0<\/a><\/p>\t\t\t\t\t\t<\/div>\n\t\t\t\t<\/div>\n\t\t\t\t\t<\/div>\n\t\t<\/div>\n\t\t\t\t\t\t\t<\/div>\n\t\t<\/section>\n\t\t\t\t\t\t<\/div>\n\t\t\t\t\t<\/div>\n\t\t","protected":false},"excerpt":{"rendered":"<p>EL LECTOR\u00a0 Aplicaci\u00f3n m\u00f3vil ubica a Talca como el primer museo abierto del Maule. Se refieren V\u00edctor Letelier Lara, acad\u00e9mico de la Escuela de Arquitectura y Andr\u00e9s Maraga\u00f1o Leveque, decano de la Facultad de Arquitectura, M\u00fasica y Dise\u00f1o.\u00a0 \u00a0 LA PRENSA DE CURIC\u00d3\u00a0 Talca cuenta con el primer museo abierto de la regi\u00f3n. Se refieren &hellip;<\/p>\n<p class=\"read-more\"> <a class=\"\" href=\"https:\/\/www.reportedeprensa.utalca.cl\/?p=6820\"> <span class=\"screen-reader-text\">27 de marzo de 2023<\/span> Read More &raquo;<\/a><\/p>\n","protected":false},"author":1,"featured_media":0,"comment_status":"closed","ping_status":"open","sticky":false,"template":"","format":"standard","meta":{"_monsterinsights_skip_tracking":false,"_monsterinsights_sitenote_active":false,"_monsterinsights_sitenote_note":"","_monsterinsights_sitenote_category":0},"categories":[31],"tags":[],"_links":{"self":[{"href":"https:\/\/www.reportedeprensa.utalca.cl\/index.php?rest_route=\/wp\/v2\/posts\/6820"}],"collection":[{"href":"https:\/\/www.reportedeprensa.utalca.cl\/index.php?rest_route=\/wp\/v2\/posts"}],"about":[{"href":"https:\/\/www.reportedeprensa.utalca.cl\/index.php?rest_route=\/wp\/v2\/types\/post"}],"author":[{"embeddable":true,"href":"https:\/\/www.reportedeprensa.utalca.cl\/index.php?rest_route=\/wp\/v2\/users\/1"}],"replies":[{"embeddable":true,"href":"https:\/\/www.reportedeprensa.utalca.cl\/index.php?rest_route=%2Fwp%2Fv2%2Fcomments&post=6820"}],"version-history":[{"count":10,"href":"https:\/\/www.reportedeprensa.utalca.cl\/index.php?rest_route=\/wp\/v2\/posts\/6820\/revisions"}],"predecessor-version":[{"id":6837,"href":"https:\/\/www.reportedeprensa.utalca.cl\/index.php?rest_route=\/wp\/v2\/posts\/6820\/revisions\/6837"}],"wp:attachment":[{"href":"https:\/\/www.reportedeprensa.utalca.cl\/index.php?rest_route=%2Fwp%2Fv2%2Fmedia&parent=6820"}],"wp:term":[{"taxonomy":"category","embeddable":true,"href":"https:\/\/www.reportedeprensa.utalca.cl\/index.php?rest_route=%2Fwp%2Fv2%2Fcategories&post=6820"},{"taxonomy":"post_tag","embeddable":true,"href":"https:\/\/www.reportedeprensa.utalca.cl\/index.php?rest_route=%2Fwp%2Fv2%2Ftags&post=6820"}],"curies":[{"name":"wp","href":"https:\/\/api.w.org\/{rel}","templated":true}]}}