{"id":6844,"date":"2023-03-28T09:41:19","date_gmt":"2023-03-28T12:41:19","guid":{"rendered":"https:\/\/www.reportedeprensa.utalca.cl\/?p=6844"},"modified":"2023-03-28T09:46:55","modified_gmt":"2023-03-28T12:46:55","slug":"28-de-marzo-de-2023","status":"publish","type":"post","link":"https:\/\/www.reportedeprensa.utalca.cl\/?p=6844","title":{"rendered":"28 de marzo de 2023"},"content":{"rendered":"\t\t<div data-elementor-type=\"wp-post\" data-elementor-id=\"6844\" class=\"elementor elementor-6844\" data-elementor-settings=\"[]\">\n\t\t\t\t\t\t\t<div class=\"elementor-section-wrap\">\n\t\t\t\t\t\t\t<section class=\"elementor-section elementor-top-section elementor-element elementor-element-2a4b4b83 elementor-section-boxed elementor-section-height-default elementor-section-height-default\" data-id=\"2a4b4b83\" data-element_type=\"section\">\n\t\t\t\t\t\t<div class=\"elementor-container elementor-column-gap-default\">\n\t\t\t\t\t<div class=\"elementor-column elementor-col-100 elementor-top-column elementor-element elementor-element-24a78540\" data-id=\"24a78540\" data-element_type=\"column\">\n\t\t\t<div class=\"elementor-widget-wrap elementor-element-populated\">\n\t\t\t\t\t\t\t\t<div class=\"elementor-element elementor-element-55b07e54 elementor-widget elementor-widget-text-editor\" data-id=\"55b07e54\" data-element_type=\"widget\" data-widget_type=\"text-editor.default\">\n\t\t\t\t<div class=\"elementor-widget-container\">\n\t\t\t\t\t\t\t\t<p style=\"font-weight: 400;\"><strong>PUBLIMETRO\u00a0<\/strong><\/p><p style=\"font-weight: 400;\"><a href=\"https:\/\/www.litoralpress.cl\/sitio\/Prensa_PaginaCompleta.cshtml?LPKey=ZP665QVGS35IU4PZD6JZFFKBXE7MK3FZRU7DVEXAMHOOIDAVEJ5A\">El duro debut laboral de los migrantes en Chile: el 41% hace trabajos elementales. Se refiere Medardo Aguirre Gonz\u00e1lez, director del Centro Nacional de Estudios Migratorios.\u00a0<\/a><\/p><p style=\"font-weight: 400;\"><strong>\u00a0<\/strong><\/p><p style=\"font-weight: 400;\"><strong>PUBLIMETRO\u00a0<\/strong><\/p><p style=\"font-weight: 400;\"><a href=\"https:\/\/www.litoralpress.cl\/sitio\/Prensa_PaginaCompleta.cshtml?LPKey=72EAD6BZVHTSPRS5TLTDEEHTKIYZGG6KPCWRDDF6KXJBZ2SKMGKA\">Debate por la Reforma de Pensiones: experta sugiere cambiarles el nombre a las AFP. Se refiere Andrea Bentancor Cazenave, acad\u00e9mica de la Facultad de Econom\u00eda y Negocios (FEN).\u00a0<\/a><\/p><p style=\"font-weight: 400;\"><strong>\u00a0<\/strong><\/p><p style=\"font-weight: 400;\"><strong>EL LECTOR\u00a0<\/strong><\/p><p style=\"font-weight: 400;\"><a href=\"https:\/\/www.litoralpress.cl\/paginaconsultas\/Servicios_NClipSitio\/Get_Imagen_Nota.aspx?LPKey=VPW7AX62Z3C3HMWPF43M2IZSIFHAP66AZQ3RVK2UAU4P5KWZADVQSLXIYELQI7ZPDQCZDZZZMAUCG\">Acad\u00e9micas e investigadoras participan en la primera Mesa de CTCI del Maule.\u00a0\u00a0Se refiere Karin Saavedra Redlich, directora general de Vinculaci\u00f3n con el Medio y directora del proyecto InEs G\u00e9nero.\u00a0<\/a><\/p><p style=\"font-weight: 400;\">\u00a0<\/p><p style=\"font-weight: 400;\"><strong>EL HERALDO\u00a0<\/strong><\/p><p style=\"font-weight: 400;\"><a href=\"https:\/\/www.litoralpress.cl\/paginaconsultas\/Servicios_NClipSitio\/Get_Imagen_Nota.aspx?LPKey=ZVOQO5GZS6WHSCIRV3TV6RO57QJ7IVC2YG47RF3TJQMZMCZJUHJ2MFJNYJOIARAOOLP5JDJ56KOJE\">Conforman mesa de g\u00e9nero que busca disminuir brechas en el \u00e1mbito de las ciencias. Se menciona a la UTalca.\u00a0<\/a><\/p><p style=\"font-weight: 400;\">\u00a0<\/p><p style=\"font-weight: 400;\"><strong>LA PRENSA DE CURIC\u00d3\u00a0<\/strong><\/p><p style=\"font-weight: 400;\"><a href=\"https:\/\/www.litoralpress.cl\/sitio\/Prensa_PaginaCompleta.cshtml?LPKey=N6VI7EXLM2KGMGBNTWNDADN4ZPLRFYMRBZSDYOZLRGWH5ZBDKQCA\">Conforman mesa de g\u00e9nero que busca disminuir brechas en \u00e1mbito de ciencias. Se menciona a la UTalca.\u00a0<\/a><\/p><p style=\"font-weight: 400;\">\u00a0<\/p><p style=\"font-weight: 400;\"><strong>ENLINEAMAULE.CL\u00a0<\/strong><\/p><p style=\"font-weight: 400;\"><a href=\"https:\/\/enlineamaule.cl\/archivo\/51998\">El Maule cuenta con la primera mesa de ciencia, integrada por mujeres. Se menciona a la UTalca.\u00a0<\/a><\/p><p style=\"font-weight: 400;\">\u00a0<\/p><p style=\"font-weight: 400;\"><strong>AMERICA-RETAIL.COM\u00a0<\/strong><\/p><p style=\"font-weight: 400;\"><a href=\"https:\/\/www.america-retail.com\/opinion\/empresas-de-construccion-y-quiebras\/\">Empresas de construcci\u00f3n y quiebras. Se menciona estudio de la UTalca.\u00a0<\/a><\/p><p style=\"font-weight: 400;\"><strong>\u00a0<\/strong><\/p><p style=\"font-weight: 400;\"><strong>LA TERCERA\u00a0<\/strong><\/p><p style=\"font-weight: 400;\"><a href=\"https:\/\/www.litoralpress.cl\/sitio\/Prensa_PaginaCompleta.cshtml?LPKey=DAFIFULSUHGRSNV6NJJ5ZT2LWVFUKJBEYZNYA57GLXDZNOTHSKVA\">Realismo con renuncia: El inevitable y doloroso ajuste al programa social y econ\u00f3mico del gobierno. Se refiere Mauricio Morales Quiroga, director del Centro de An\u00e1lisis Pol\u00edtico (CAP).\u00a0<\/a><\/p><p style=\"font-weight: 400;\">\u00a0<\/p><p style=\"font-weight: 400;\"><strong>CANAL CNN CHILE\u00a0<\/strong><\/p><p style=\"font-weight: 400;\"><a href=\"https:\/\/www.litoralpress.cl\/sitio\/RadioTV_Detalles.cshtml?LPKey=VNDNJFCF6AT5QYDZBK4BHQY4YE45YCQFJUGCWYPW6DMLZQ3M6ODTDG6OHMLCBAD2KK6DSMLDXOLBY\">El Presidente Boric descart\u00f3 la idea de una moneda \u00fanica Latinoamericana. Se refiere Mauricio Morales Quiroga, director del Centro de An\u00e1lisis Pol\u00edtico (CAP).\u00a0<\/a><\/p><p style=\"font-weight: 400;\">\u00a0<\/p><p style=\"font-weight: 400;\"><strong>EMOL.COM\u00a0<\/strong><\/p><p style=\"font-weight: 400;\"><a href=\"https:\/\/www.emol.com\/noticias\/Nacional\/2023\/03\/26\/1090315\/campana-eleccion-consejeros-constitucionales.html\">\u201cFatiga constitucional y otras urgencias\u201d: analistas abordan por qu\u00e9 la campa\u00f1a de consejeros no prende. Se refiere Mauricio Morales Quiroga, director del Centro de An\u00e1lisis Pol\u00edtico (CAP).\u00a0<\/a><\/p><p style=\"font-weight: 400;\">\u00a0<\/p><p style=\"font-weight: 400;\"><strong>MEGANOTICIAS.CL\u00a0<\/strong><\/p><p style=\"font-weight: 400;\"><a href=\"https:\/\/www.meganoticias.cl\/nacional\/409725-mauricio-morales-cadem-encuesta-analisis-rodolfo-carter-la-florida-casas-narco-19-03-2023.html\">Mauricio Morales y su an\u00e1lisis de los resultados de la \u00faltima encuesta Cadem: &#8220;Se te apareci\u00f3 Rodolfo Carter&#8221;. Se refiere el director del Centro de An\u00e1lisis Pol\u00edtico (CAP).\u00a0<\/a><\/p><p style=\"font-weight: 400;\">\u00a0<\/p><p style=\"font-weight: 400;\"><strong>EL MERCURIO DE VALPARA\u00cdSO\u00a0<\/strong><\/p><p style=\"font-weight: 400;\"><a href=\"https:\/\/www.litoralpress.cl\/sitio\/Prensa_PaginaCompleta.cshtml?LPKey=OVMKNQZHILTL6O56CF66GLDBFWB53SD7UEGE7NWGOUO3YAL6PGRA\">\u201cLo que necesita el Presidente es que los ministros sectoriales encabecen las noticias\u201d. Se refiere Mario Herrera Mu\u00f1oz, acad\u00e9mico del Centro de An\u00e1lisis Pol\u00edtico (CAP).\u00a0<\/a><\/p><p style=\"font-weight: 400;\">\u00a0<\/p><p style=\"font-weight: 400;\"><strong>NOSTALGICA.CL\u00a0<\/strong><\/p><p style=\"font-weight: 400;\"><a href=\"https:\/\/www.nostalgica.cl\/fatiga-constitucional-y-otras-urgencias-analistas-abordan-por-que-la-campana-de-consejeros-no-prende\/\">\u201cFatiga constitucional y otras urgencias\u201d: analistas abordan por qu\u00e9 la campa\u00f1a de consejeros no prende. Se refiere Mauricio Morales Quiroga, director del Centro de An\u00e1lisis Pol\u00edtico (CAP).\u00a0<\/a><\/p><p style=\"font-weight: 400;\">\u00a0<\/p><p style=\"font-weight: 400;\"><strong>LA PRENSA DE CURIC\u00d3\u00a0<\/strong><\/p><p style=\"font-weight: 400;\"><a href=\"https:\/\/www.litoralpress.cl\/sitio\/Prensa_PaginaCompleta.cshtml?LPKey=6VOVELXCKKRZ5LN6TS6RPRJMORFKUVM3RJMCUIK77YBQODXWUZ7Q\">\u201cDesde el anonimato\u201d de Virginia \u00c1lvarez. Se refiere Marcela Albornoz Dachelet, directora de Extensi\u00f3n Cultural-Art\u00edstica.\u00a0<\/a><\/p><p style=\"font-weight: 400;\">\u00a0<\/p><p style=\"font-weight: 400;\"><strong>DIARIOLAPRENSA.COM\u00a0<\/strong><\/p><p style=\"font-weight: 400;\"><a href=\"https:\/\/new.diariolaprensa.cl\/index.php\/2023\/03\/27\/inauguran-exposicion-desde-el-anonimato-de-virginia-alvarez\/\">Inauguran exposici\u00f3n \u201cDesde el anonimato\u201d de Virginia \u00c1lvarez. Se refiere Marcela Albornoz Dachelet, directora de Extensi\u00f3n Cultural-Art\u00edstica.\u00a0<\/a><\/p><p style=\"font-weight: 400;\">\u00a0<\/p><p style=\"font-weight: 400;\"><strong>ENTREPRENERD.CL\u00a0<\/strong><\/p><p style=\"font-weight: 400;\"><a href=\"https:\/\/www.entreprenerd.cl\/agrifoodtech-de-chile-al-mundo-preparan-a-startups-regionales-en-temas-de-internacionalizacion-y-levantamiento-de-capital\/\">\u201cAgriFoodTech: de Chile al mundo\u201d: preparan a startups regionales en temas de internacionalizaci\u00f3n y levantamiento de capital. Se menciona la UTalca.\u00a0<\/a><\/p>\t\t\t\t\t\t<\/div>\n\t\t\t\t<\/div>\n\t\t\t\t\t<\/div>\n\t\t<\/div>\n\t\t\t\t\t\t\t<\/div>\n\t\t<\/section>\n\t\t\t\t\t\t<\/div>\n\t\t\t\t\t<\/div>\n\t\t","protected":false},"excerpt":{"rendered":"<p>PUBLIMETRO\u00a0 El duro debut laboral de los migrantes en Chile: el 41% hace trabajos elementales. Se refiere Medardo Aguirre Gonz\u00e1lez, director del Centro Nacional de Estudios Migratorios.\u00a0 \u00a0 PUBLIMETRO\u00a0 Debate por la Reforma de Pensiones: experta sugiere cambiarles el nombre a las AFP. Se refiere Andrea Bentancor Cazenave, acad\u00e9mica de la Facultad de Econom\u00eda y &hellip;<\/p>\n<p class=\"read-more\"> <a class=\"\" href=\"https:\/\/www.reportedeprensa.utalca.cl\/?p=6844\"> <span class=\"screen-reader-text\">28 de marzo de 2023<\/span> Read More &raquo;<\/a><\/p>\n","protected":false},"author":1,"featured_media":0,"comment_status":"closed","ping_status":"open","sticky":false,"template":"","format":"standard","meta":{"_monsterinsights_skip_tracking":false,"_monsterinsights_sitenote_active":false,"_monsterinsights_sitenote_note":"","_monsterinsights_sitenote_category":0},"categories":[31],"tags":[],"_links":{"self":[{"href":"https:\/\/www.reportedeprensa.utalca.cl\/index.php?rest_route=\/wp\/v2\/posts\/6844"}],"collection":[{"href":"https:\/\/www.reportedeprensa.utalca.cl\/index.php?rest_route=\/wp\/v2\/posts"}],"about":[{"href":"https:\/\/www.reportedeprensa.utalca.cl\/index.php?rest_route=\/wp\/v2\/types\/post"}],"author":[{"embeddable":true,"href":"https:\/\/www.reportedeprensa.utalca.cl\/index.php?rest_route=\/wp\/v2\/users\/1"}],"replies":[{"embeddable":true,"href":"https:\/\/www.reportedeprensa.utalca.cl\/index.php?rest_route=%2Fwp%2Fv2%2Fcomments&post=6844"}],"version-history":[{"count":4,"href":"https:\/\/www.reportedeprensa.utalca.cl\/index.php?rest_route=\/wp\/v2\/posts\/6844\/revisions"}],"predecessor-version":[{"id":6848,"href":"https:\/\/www.reportedeprensa.utalca.cl\/index.php?rest_route=\/wp\/v2\/posts\/6844\/revisions\/6848"}],"wp:attachment":[{"href":"https:\/\/www.reportedeprensa.utalca.cl\/index.php?rest_route=%2Fwp%2Fv2%2Fmedia&parent=6844"}],"wp:term":[{"taxonomy":"category","embeddable":true,"href":"https:\/\/www.reportedeprensa.utalca.cl\/index.php?rest_route=%2Fwp%2Fv2%2Fcategories&post=6844"},{"taxonomy":"post_tag","embeddable":true,"href":"https:\/\/www.reportedeprensa.utalca.cl\/index.php?rest_route=%2Fwp%2Fv2%2Ftags&post=6844"}],"curies":[{"name":"wp","href":"https:\/\/api.w.org\/{rel}","templated":true}]}}