{"id":6859,"date":"2023-03-29T08:26:21","date_gmt":"2023-03-29T11:26:21","guid":{"rendered":"https:\/\/www.reportedeprensa.utalca.cl\/?p=6859"},"modified":"2023-03-29T08:31:33","modified_gmt":"2023-03-29T11:31:33","slug":"29-de-marzo-de-2023","status":"publish","type":"post","link":"https:\/\/www.reportedeprensa.utalca.cl\/?p=6859","title":{"rendered":"29 de marzo de 2023"},"content":{"rendered":"\t\t<div data-elementor-type=\"wp-post\" data-elementor-id=\"6859\" class=\"elementor elementor-6859\" data-elementor-settings=\"[]\">\n\t\t\t\t\t\t\t<div class=\"elementor-section-wrap\">\n\t\t\t\t\t\t\t<section class=\"elementor-section elementor-top-section elementor-element elementor-element-2a4b4b83 elementor-section-boxed elementor-section-height-default elementor-section-height-default\" data-id=\"2a4b4b83\" data-element_type=\"section\">\n\t\t\t\t\t\t<div class=\"elementor-container elementor-column-gap-default\">\n\t\t\t\t\t<div class=\"elementor-column elementor-col-100 elementor-top-column elementor-element elementor-element-24a78540\" data-id=\"24a78540\" data-element_type=\"column\">\n\t\t\t<div class=\"elementor-widget-wrap elementor-element-populated\">\n\t\t\t\t\t\t\t\t<div class=\"elementor-element elementor-element-55b07e54 elementor-widget elementor-widget-text-editor\" data-id=\"55b07e54\" data-element_type=\"widget\" data-widget_type=\"text-editor.default\">\n\t\t\t\t<div class=\"elementor-widget-container\">\n\t\t\t\t\t\t\t\t<p style=\"font-weight: 400;\"><strong>MEDIABANCO.COM\u00a0<\/strong><\/p><p style=\"font-weight: 400;\"><a href=\"https:\/\/www.mediabanco.com\/embajadora-de-alemania-releva-el-rol-de-una-politica-exterior-feminista-para-avanzar-en-equidad\/\">Embajadora de Alemania releva el rol de una pol\u00edtica exterior feminista para avanzar en equidad. Se refiere Carlos Torres Fuchslocher, rector de la UTalca.\u00a0<\/a><\/p><p style=\"font-weight: 400;\">\u00a0<\/p><p style=\"font-weight: 400;\"><strong>ADPRENSA.CL\u00a0<\/strong><\/p><p style=\"font-weight: 400;\"><a href=\"https:\/\/www.adprensa.cl\/cronica\/embajadora-de-alemania-releva-el-rol-de-una-politica-exterior-feminista-para-avanzar-en-equidad\/\">Embajadora de Alemania releva el rol de una pol\u00edtica exterior feminista para avanzar en equidad. Se refiere Carlos Torres Fuchslocher, rector de la UTalca.\u00a0<\/a><\/p><p style=\"font-weight: 400;\"><strong>\u00a0<\/strong><\/p><p style=\"font-weight: 400;\"><strong>DIARIOTALCA.CL\u00a0<\/strong><\/p><p style=\"font-weight: 400;\"><a href=\"https:\/\/diariotalca.cl\/embajadora-de-alemania-expuso-sobre-politica-exterior-feminista-en-inauguracion-ano-academico-2023-de-utalca\/\">Embajadora de Alemania expuso sobre pol\u00edtica exterior feminista en inauguraci\u00f3n A\u00f1o Acad\u00e9mico 2023 de UTalca. Se refiere Carlos Torres Fuchslocher, rector de la UTalca.\u00a0<\/a><\/p><p style=\"font-weight: 400;\">\u00a0<\/p><p style=\"font-weight: 400;\"><strong>EL HERALDO\u00a0<\/strong><\/p><p style=\"font-weight: 400;\"><a href=\"https:\/\/www.litoralpress.cl\/sitio\/Prensa_PaginaCompleta.cshtml?LPKey=ZMZT53JA2TIZYSGBUPH3EM52KGMD3RK3BBGZX4CWWI3JREX7U3VA\">UTalca acogi\u00f3 la primera reuni\u00f3n de la Mesa de G\u00e9nero en Ciencia del Maule. Se refiere Karin Saavedra Redlich, directora general de Vinculaci\u00f3n con el Medio y directora del proyecto InEs G\u00e9nero.\u00a0<\/a><\/p><p style=\"font-weight: 400;\">\u00a0<\/p><p style=\"font-weight: 400;\"><strong>DIARIOELHERALDO.CL\u00a0<\/strong><\/p><p style=\"font-weight: 400;\"><a href=\"https:\/\/www.diarioelheraldo.cl\/noticia\/utalca-acogio-la-primera-reunion-de-la-mesa-de-genero-en-ciencia-del-maule-\">UTalca acogi\u00f3 la primera reuni\u00f3n de la Mesa de G\u00e9nero en Ciencia del Maule. Se refiere Karin Saavedra Redlich, directora general de Vinculaci\u00f3n con el Medio y Wendy Gonz\u00e1lez D\u00edaz, directora del Centro de Bioinform\u00e1tica y Simulaci\u00f3n Molecular.\u00a0\u00a0<\/a><\/p><p style=\"font-weight: 400;\">\u00a0<\/p><p style=\"font-weight: 400;\"><strong>TVMAULE.CL\u00a0<\/strong><\/p><p style=\"font-weight: 400;\"><a href=\"https:\/\/www.tvmaule.cl\/utalca-acogio-la-primera-reunion-de-la-mesa-de-genero-en-ciencia-del-maule\/\">UTalca acogi\u00f3 la primera reuni\u00f3n de la Mesa de G\u00e9nero en Ciencia del Maule. Se refieren Karin Saavedra Redlich, directora general de Vinculaci\u00f3n con el Medio y Wendy Gonz\u00e1lez D\u00edaz, directora del Centro de Bioinform\u00e1tica y Simulaci\u00f3n Molecular.\u00a0<\/a><\/p><p style=\"font-weight: 400;\">\u00a0<\/p><p style=\"font-weight: 400;\"><strong>ELCENTRO.CL\u00a0<\/strong><\/p><p style=\"font-weight: 400;\"><a href=\"https:\/\/elcentro.cl\/2023\/03\/28\/conozca-la-innovadora-agricultura-vertical-horticola\/\">Conozca la innovadora agricultura vertical hort\u00edcola. Se refieren Gilda Carrasco Silva, acad\u00e9mica de la Facultad de Ciencias Agrarias y Fernando Fuentes Pe\u00f1ailillo, acad\u00e9mico del Instituto de Investigaci\u00f3n Interdisciplinaria.\u00a0<\/a><\/p><p style=\"font-weight: 400;\">\u00a0<\/p><p style=\"font-weight: 400;\"><strong>EL LECTOR\u00a0<\/strong><\/p><p style=\"font-weight: 400;\"><a href=\"https:\/\/www.litoralpress.cl\/sitio\/Prensa_PaginaCompleta.cshtml?LPKey=FYTGTKVC3X2PWZ4APCBZP23A4NKFPXSBYF7C2VMIGVLPH7GCPKYA\">UTalca y PDI invitan a seminario sobre Ciberseguridad y Transformaci\u00f3n Digital. Se refiere Jorge Bozo, director de la Escuela de Ingenier\u00eda Inform\u00e1tica Empresarial de la Facultad de Econom\u00eda y Negocios (FEN).\u00a0<\/a><\/p><p style=\"font-weight: 400;\">\u00a0<\/p><p style=\"font-weight: 400;\"><strong>RADIO AMIGA\u00a0<\/strong><\/p><p style=\"font-weight: 400;\"><a href=\"https:\/\/www.litoralpress.cl\/sitio\/RadioTV_Detalles.cshtml?LPKey=RCYQLNIX3RHKQPB5JTQWKDLD47HAXUK7WESMRETBZDBWK6VP4J25JDTVTRWR57JHU55U5GUBA3KVG\">Seminario de ciberseguridad y transformaci\u00f3n digital organizado por la U de Talca y la PDI. Se refiere Jorge Bozo, director de la Escuela de Ingenier\u00eda Inform\u00e1tica Empresarial de la Facultad de Econom\u00eda y Negocios (FEN).\u00a0<\/a><\/p><p style=\"font-weight: 400;\">\u00a0<\/p><p style=\"font-weight: 400;\"><strong>DIARIO AUSTRAL REGI\u00d3N DE LOS R\u00cdOS\u00a0<\/strong><\/p><p style=\"font-weight: 400;\"><a href=\"https:\/\/www.litoralpress.cl\/sitio\/Prensa_PaginaCompleta.cshtml?LPKey=YCCJ5OV6B44QCIBLYDI6SXTE7RXVVXD3WEDYXGILFZQAJAN5GPZQ\">Orquesta Cifan alista primera capacitaci\u00f3n del a\u00f1o para sus ni\u00f1os y j\u00f3venes m\u00fasicos. Se menciona a Dorian Lamotte y Solange Navarrete Wallace, acad\u00e9micos de la escuela de Licenciatura en Interpretaci\u00f3n y Formaci\u00f3n Musical Especializada.\u00a0<\/a><\/p><p>\u00a0<\/p><p style=\"font-weight: 400;\"><strong>RADIO INFINITA\u00a0<\/strong><\/p><p style=\"font-weight: 400;\"><a href=\"https:\/\/www.litoralpress.cl\/sitio\/RadioTV_Detalles.cshtml?LPKey=QNTERIDS3IOJSNPMHC7Q42SNWFFTXOS5DSDJHJ646PKUTUQJUSADFIN5BXIOHOQFEPGWAHFDL2KZY\">Se refiere Mauricio Morales Quiroga, director del Centro de An\u00e1lisis Pol\u00edtico (CAP).\u00a0<\/a><\/p><p style=\"font-weight: 400;\"><strong>\u00a0<\/strong><\/p><p style=\"font-weight: 400;\"><strong>DIARIOSENRED.COM\u00a0<\/strong><\/p><p style=\"font-weight: 400;\"><a href=\"https:\/\/www.diariosenred.com\/nacional\/fatiga-electoral-seria-la-razon-del-bajo-interes-en-el-proceso\">Fatiga electoral ser\u00eda la raz\u00f3n del bajo inter\u00e9s en el proceso constituyente. Se refiere Mario Herrera Mu\u00f1oz, acad\u00e9mico del Centro de An\u00e1lisis Pol\u00edtico (CAP).\u00a0<\/a><\/p><p style=\"font-weight: 400;\">\u00a0<\/p><p style=\"font-weight: 400;\"><strong>ULTIMAHORA.CL\u00a0<\/strong><\/p><p style=\"font-weight: 400;\"><a href=\"https:\/\/www.ultimahora.cl\/fatiga-electoral-seria-la-razon-del-bajo-interes-en-el-proceso-constituyente\/\">Fatiga electoral ser\u00eda la raz\u00f3n del bajo inter\u00e9s en el proceso constituyente. Se refiere Mario Herrera Mu\u00f1oz, acad\u00e9mico del Centro de An\u00e1lisis Pol\u00edtico (CAP).\u00a0<\/a><\/p><p style=\"font-weight: 400;\">\u00a0<\/p><p style=\"font-weight: 400;\"><strong>REDMAULE.COM\u00a0<\/strong><\/p><p style=\"font-weight: 400;\"><a href=\"https:\/\/www.redmaule.com\/nacional\/fatiga-electoral-seria-la-razon-del-bajo-interes-en-el-proceso\">Fatiga electoral ser\u00eda la raz\u00f3n del bajo inter\u00e9s en el proceso constituyente. Se refiere Mario Herrera Mu\u00f1oz, acad\u00e9mico del Centro de An\u00e1lisis Pol\u00edtico (CAP).\u00a0<\/a><\/p><p style=\"font-weight: 400;\">\u00a0<\/p><p style=\"font-weight: 400;\"><strong>SEPTIMAPAGINANOTICIAS.CL\u00a0<\/strong><\/p><p style=\"font-weight: 400;\"><a href=\"https:\/\/www.septimapaginanoticias.cl\/fatiga-electoral-seria-la-razon-del-bajo-interes-en-el-proceso-constituyente\">Fatiga electoral ser\u00eda la raz\u00f3n del bajo inter\u00e9s en el proceso constituyente. Se refiere Mario Herrera Mu\u00f1oz, acad\u00e9mico del Centro de An\u00e1lisis Pol\u00edtico (CAP).\u00a0<\/a><\/p><p style=\"font-weight: 400;\">\u00a0<\/p><p style=\"font-weight: 400;\"><strong>ELCENTRO.CL\u00a0<\/strong><\/p><p style=\"font-weight: 400;\"><a href=\"https:\/\/elcentro.cl\/2023\/03\/28\/fatiga-electoral-seria-la-razon-del-bajo-interes-en-el-proceso-constituyente\/\">Fatiga electoral ser\u00eda la raz\u00f3n del bajo inter\u00e9s en el proceso constituyente. Se refiere Mario Herrera Mu\u00f1oz, acad\u00e9mico del Centro de An\u00e1lisis Pol\u00edtico (CAP).\u00a0<\/a><\/p><p style=\"font-weight: 400;\">\u00a0<\/p><p style=\"font-weight: 400;\"><strong>ELMAULEINFORMA.CL\u00a0<\/strong><\/p><p style=\"font-weight: 400;\"><a href=\"https:\/\/elmauleinforma.cl\/fatiga-electoral-seria-la-razon-del-bajo-interes-en-el-proceso-constituyente%ef%bf%bc\/\">Fatiga electoral ser\u00eda la raz\u00f3n del bajo inter\u00e9s en el proceso constituyente. Se refiere Mario Herrera Mu\u00f1oz, acad\u00e9mico del Centro de An\u00e1lisis Pol\u00edtico (CAP).\u00a0<\/a><\/p><p style=\"font-weight: 400;\">\u00a0<\/p><p style=\"font-weight: 400;\"><strong>G5NOTICIAS.CL\u00a0<\/strong><\/p><p style=\"font-weight: 400;\"><a href=\"https:\/\/g5noticias.cl\/2023\/03\/28\/fatiga-electoral-seria-la-razon-del-bajo-interes-en-el-proceso-constituyente\/\">Fatiga electoral ser\u00eda la raz\u00f3n del bajo inter\u00e9s en el proceso constituyente. Se refiere Mario Herrera Mu\u00f1oz, acad\u00e9mico del Centro de An\u00e1lisis Pol\u00edtico (CAP).\u00a0<\/a><\/p><p style=\"font-weight: 400;\">\u00a0<\/p><p style=\"font-weight: 400;\"><strong>ELTIPOGRAFO.CL\u00a0<\/strong><\/p><p style=\"font-weight: 400;\"><a href=\"https:\/\/eltipografo.cl\/2023\/03\/bajo-interes-en-el-proceso-constituyente-seria-por-fatiga-electoral\">Bajo inter\u00e9s en el proceso constituyente ser\u00eda por fatiga electoral. Se refiere Mario Herrera Mu\u00f1oz, acad\u00e9mico del Centro de An\u00e1lisis Pol\u00edtico (CAP).\u00a0<\/a><\/p><p style=\"font-weight: 400;\">\u00a0<\/p><p style=\"font-weight: 400;\"><strong>REDANTOFAGASTA.COM\u00a0<\/strong><\/p><p style=\"font-weight: 400;\"><a href=\"https:\/\/redantofagasta.com\/nacional\/fatiga-electoral-seria-la-razon-del-bajo-interes-en-el-proceso\">Fatiga electoral ser\u00eda la raz\u00f3n del bajo inter\u00e9s en el proceso constituyente. Se refiere Mario Herrera Mu\u00f1oz, acad\u00e9mico del Centro de An\u00e1lisis Pol\u00edtico (CAP).\u00a0<\/a><\/p><p style=\"font-weight: 400;\">\u00a0<\/p><p style=\"font-weight: 400;\"><strong>REDCOQUIMBO.COM\u00a0<\/strong><\/p><p style=\"font-weight: 400;\"><a href=\"https:\/\/www.redcoquimbo.com\/nacional\/fatiga-electoral-seria-la-razon-del-bajo-interes-en-el-proceso\">Fatiga electoral ser\u00eda la raz\u00f3n del bajo inter\u00e9s en el proceso constituyente. Se refiere Mario Herrera Mu\u00f1oz, acad\u00e9mico del Centro de An\u00e1lisis Pol\u00edtico (CAP).\u00a0<\/a><\/p><p style=\"font-weight: 400;\">\u00a0<\/p><p style=\"font-weight: 400;\"><strong>PODERYLIDERAZGO.CL\u00a0<\/strong><\/p><p style=\"font-weight: 400;\"><a href=\"https:\/\/www.poderyliderazgo.cl\/agrifoodtech-de-chile-al-mundo-preparara-a-startups-regionales-en-internacionalizacion-y-levantamiento-de-capital\/\">\u201cAgriFoodTech: de Chile al mundo\u201d preparar\u00e1 a startups regionales en internacionalizaci\u00f3n y levantamiento de capital. Se menciona la UTalca.\u00a0<\/a><\/p>\t\t\t\t\t\t<\/div>\n\t\t\t\t<\/div>\n\t\t\t\t\t<\/div>\n\t\t<\/div>\n\t\t\t\t\t\t\t<\/div>\n\t\t<\/section>\n\t\t\t\t\t\t<\/div>\n\t\t\t\t\t<\/div>\n\t\t","protected":false},"excerpt":{"rendered":"<p>MEDIABANCO.COM\u00a0 Embajadora de Alemania releva el rol de una pol\u00edtica exterior feminista para avanzar en equidad. Se refiere Carlos Torres Fuchslocher, rector de la UTalca.\u00a0 \u00a0 ADPRENSA.CL\u00a0 Embajadora de Alemania releva el rol de una pol\u00edtica exterior feminista para avanzar en equidad. Se refiere Carlos Torres Fuchslocher, rector de la UTalca.\u00a0 \u00a0 DIARIOTALCA.CL\u00a0 Embajadora de &hellip;<\/p>\n<p class=\"read-more\"> <a class=\"\" href=\"https:\/\/www.reportedeprensa.utalca.cl\/?p=6859\"> <span class=\"screen-reader-text\">29 de marzo de 2023<\/span> Read More &raquo;<\/a><\/p>\n","protected":false},"author":1,"featured_media":0,"comment_status":"closed","ping_status":"open","sticky":false,"template":"","format":"standard","meta":{"_monsterinsights_skip_tracking":false,"_monsterinsights_sitenote_active":false,"_monsterinsights_sitenote_note":"","_monsterinsights_sitenote_category":0},"categories":[31],"tags":[],"_links":{"self":[{"href":"https:\/\/www.reportedeprensa.utalca.cl\/index.php?rest_route=\/wp\/v2\/posts\/6859"}],"collection":[{"href":"https:\/\/www.reportedeprensa.utalca.cl\/index.php?rest_route=\/wp\/v2\/posts"}],"about":[{"href":"https:\/\/www.reportedeprensa.utalca.cl\/index.php?rest_route=\/wp\/v2\/types\/post"}],"author":[{"embeddable":true,"href":"https:\/\/www.reportedeprensa.utalca.cl\/index.php?rest_route=\/wp\/v2\/users\/1"}],"replies":[{"embeddable":true,"href":"https:\/\/www.reportedeprensa.utalca.cl\/index.php?rest_route=%2Fwp%2Fv2%2Fcomments&post=6859"}],"version-history":[{"count":4,"href":"https:\/\/www.reportedeprensa.utalca.cl\/index.php?rest_route=\/wp\/v2\/posts\/6859\/revisions"}],"predecessor-version":[{"id":6863,"href":"https:\/\/www.reportedeprensa.utalca.cl\/index.php?rest_route=\/wp\/v2\/posts\/6859\/revisions\/6863"}],"wp:attachment":[{"href":"https:\/\/www.reportedeprensa.utalca.cl\/index.php?rest_route=%2Fwp%2Fv2%2Fmedia&parent=6859"}],"wp:term":[{"taxonomy":"category","embeddable":true,"href":"https:\/\/www.reportedeprensa.utalca.cl\/index.php?rest_route=%2Fwp%2Fv2%2Fcategories&post=6859"},{"taxonomy":"post_tag","embeddable":true,"href":"https:\/\/www.reportedeprensa.utalca.cl\/index.php?rest_route=%2Fwp%2Fv2%2Ftags&post=6859"}],"curies":[{"name":"wp","href":"https:\/\/api.w.org\/{rel}","templated":true}]}}