{"id":6871,"date":"2023-03-30T08:12:59","date_gmt":"2023-03-30T11:12:59","guid":{"rendered":"https:\/\/www.reportedeprensa.utalca.cl\/?p=6871"},"modified":"2023-03-30T17:26:20","modified_gmt":"2023-03-30T20:26:20","slug":"30-de-marzo-de-2023","status":"publish","type":"post","link":"https:\/\/www.reportedeprensa.utalca.cl\/?p=6871","title":{"rendered":"30 de marzo de 2023"},"content":{"rendered":"\t\t<div data-elementor-type=\"wp-post\" data-elementor-id=\"6871\" class=\"elementor elementor-6871\" data-elementor-settings=\"[]\">\n\t\t\t\t\t\t\t<div class=\"elementor-section-wrap\">\n\t\t\t\t\t\t\t<section class=\"elementor-section elementor-top-section elementor-element elementor-element-2a4b4b83 elementor-section-boxed elementor-section-height-default elementor-section-height-default\" data-id=\"2a4b4b83\" data-element_type=\"section\">\n\t\t\t\t\t\t<div class=\"elementor-container elementor-column-gap-default\">\n\t\t\t\t\t<div class=\"elementor-column elementor-col-100 elementor-top-column elementor-element elementor-element-24a78540\" data-id=\"24a78540\" data-element_type=\"column\">\n\t\t\t<div class=\"elementor-widget-wrap elementor-element-populated\">\n\t\t\t\t\t\t\t\t<div class=\"elementor-element elementor-element-55b07e54 elementor-widget elementor-widget-text-editor\" data-id=\"55b07e54\" data-element_type=\"widget\" data-widget_type=\"text-editor.default\">\n\t\t\t\t<div class=\"elementor-widget-container\">\n\t\t\t\t\t\t\t\t<p style=\"font-weight: 400;\"><strong>LA PRENSA DE CURIC\u00d3\u00a0<\/strong><\/p><p style=\"font-weight: 400;\"><a href=\"https:\/\/www.litoralpress.cl\/sitio\/Prensa_PaginaCompleta.cshtml?LPKey=M6KXQ7GIVQJIZ33VESSJY2R4CWML3PFMUM6POU7D4VAVVTEG367A\">Embajadora de Alemania en Chile: &#8220;El feminismo no busca disminuir el rol de los hombres en la sociedad\u201d. Se refiere Carlos Torres Fuchslocher, rector de la UTalca.\u00a0<\/a><\/p><p>\u00a0<\/p><p style=\"font-weight: 400;\"><strong>DIARIOTALCA.CL\u00a0<\/strong><\/p><p style=\"font-weight: 400;\"><a href=\"https:\/\/diariotalca.cl\/embajadora-de-alemania-expuso-sobre-politica-exterior-feminista-en-inauguracion-ano-academico-2023-de-utalca\/\">Embajadora de Alemania expuso sobre pol\u00edtica exterior feminista en inauguraci\u00f3n A\u00f1o Acad\u00e9mico 2023 de UTalca. Se refiere Carlos Torres Fuchslocher, rector.\u00a0<\/a><\/p><p>\u00a0<\/p><p style=\"font-weight: 400;\"><strong>EL MERCURIO\u00a0<\/strong><\/p><p style=\"font-weight: 400;\"><a href=\"https:\/\/www.litoralpress.cl\/sitio\/Prensa_PaginaCompleta.cshtml?LPKey=NJY5FVKVW4G5WD72B2CNMLUGFIBGR2M4PMBADH3W5M5VBKSY5ZQA\">Log\u00edstica de servicio: Tan importante como la carga es el cliente que la env\u00eda. Se refiere Yerko Cort\u00e9s, acad\u00e9mico de la Faculta de Econom\u00eda y Negocios (FEN).\u00a0\u00a0<\/a><\/p><p style=\"font-weight: 400;\"><strong>\u00a0<\/strong><\/p><p style=\"font-weight: 400;\"><strong>EL CENTRO\u00a0<\/strong><\/p><p style=\"font-weight: 400;\"><a href=\"https:\/\/www.litoralpress.cl\/sitio\/RadioTV_Detalles.cshtml?LPKey=7IPZSKKI5HEPKP4XI5I4DREWWNOWZBLC2CTECOMDCCK6KNY2GMHYR7TU5OGZMT6ZYWEMHX6ROBH5C\">Huertos verticales. Se refiere Paula Manr\u00edquez Novoa, Vicerrectora de Pregrado y acad\u00e9mica de la Facultad de Ciencias Agrarias.\u00a0<\/a><\/p><p style=\"font-weight: 400;\"><strong>\u00a0<\/strong><\/p><p style=\"font-weight: 400;\"><strong>CANAL TVN\u00a0<\/strong><\/p><p style=\"font-weight: 400;\"><a href=\"https:\/\/www.litoralpress.cl\/sitio\/RadioTV_Detalles.cshtml?LPKey=WWFFJCRGS3HHAWN74GZI3XGIC4D7RTMXGQNN5MS3XMUEFO7IWE5INELCGEJ5XN35QI5RT73WOSFBU\">Detenida banda que creaba accesorios de armas a trav\u00e9s de impresora 3D. Se refiere Gonzalo Pincheira Orellana, director del Departamento de Tecnolog\u00edas Industriales de la Facultad de Ingenier\u00eda.\u00a0<\/a><\/p><p>\u00a0<\/p><p style=\"font-weight: 400;\"><strong>CANAL 24 HORAS\u00a0<\/strong><\/p><p style=\"font-weight: 400;\"><a href=\"https:\/\/www.litoralpress.cl\/sitio\/RadioTV_Detalles.cshtml?LPKey=WWFFJCRGS3HHAWN74GZI3XGIC4D7RTMXGQNN5MS3XMUEFO7IWE5INELCGEJ5XN35QI5RT73WOSFBU\">Detenida banda que creaba accesorios de armas a trav\u00e9s de impresora 3D. Se refiere Gonzalo Pincheira Orellana, director del Departamento de Tecnolog\u00edas Industriales de la Facultad de Ingenier\u00eda.\u00a0<\/a><\/p><p>\u00a0<\/p><p style=\"font-weight: 400;\"><strong>LA PRENSA DE CURIC\u00d3\u00a0<\/strong><\/p><p style=\"font-weight: 400;\"><a href=\"https:\/\/www.litoralpress.cl\/sitio\/Prensa_PaginaCompleta.cshtml?LPKey=4DB5Z7ON563YDJQACBOXBJUYVUD2GJNXDPT24XRLOTILTWFLW77A\">Primera mesa de g\u00e9nero relacionada a la ciencia se realiza en el Maule. Se refiere Karin Saavedra Redlich, directora general de Vinculaci\u00f3n con el Medio y directora del proyecto InEs G\u00e9nero.\u00a0<\/a><\/p><p>\u00a0<\/p><p style=\"font-weight: 400;\"><strong>RADIO AMIGA\u00a0<\/strong><\/p><p style=\"font-weight: 400;\"><a href=\"https:\/\/www.litoralpress.cl\/sitio\/RadioTV_Detalles.cshtml?LPKey=KPBE5OPV6U7BUDRNHQSGAVBB77HOZUKCICYLEGJOR2V34IYQQEGP7Y6VJ4OCR4WUGCKOS5N54PE2I\">Primera mesa de g\u00e9nero en pol\u00edtica nacional de ciencias, tecnolog\u00eda, conocimiento e innovaci\u00f3n en la U de Talca. Se refiere Karin Saavedra Redlich, directora general de Vinculaci\u00f3n con el Medio y directora del proyecto InEs G\u00e9nero.\u00a0<\/a><\/p><p>\u00a0<\/p><p style=\"font-weight: 400;\"><strong>CANAL TVN RED MAULE\u00a0<\/strong><\/p><p style=\"font-weight: 400;\"><a href=\"https:\/\/www.litoralpress.cl\/sitio\/RadioTV_Detalles.cshtml?LPKey=4R5ZWB3LOIW5OJOBQZ5EJQF64UW4JIO3KN527EYDIBII6OXUTF5HSCN7MDDU3NYGJSZZF3HIVNO7G\">Nueva estrategia regional 2042: centrar\u00e1n esfuerzos en seguridad, transporte y cultura. Se refiere Jorge Navarrete, acad\u00e9mico de la Facultad de Econom\u00eda y Negocios (FEN).\u00a0<\/a><\/p><p style=\"font-weight: 400;\"><strong>\u00a0<\/strong><\/p><p style=\"font-weight: 400;\"><strong>EL MERCURIO\u00a0<\/strong><\/p><p style=\"font-weight: 400;\"><a href=\"https:\/\/www.litoralpress.cl\/sitio\/Prensa_PaginaCompleta.cshtml?LPKey=IKJENUYFCP265LPLVA4PASVZPKIJBP3SPR2LEKAWSGQFBROLQYHA\">Boric, en medio de crisis de seguridad tras asesinato de carabinera: \u201cVale la pena reflexionar respecto a actuaciones pasadas\u201d. Se refiere Mauricio Morales Quiroga, director del Centro de An\u00e1lisis Pol\u00edtico (CAP).\u00a0<\/a><\/p><p>\u00a0<\/p><p style=\"font-weight: 400;\"><strong>RADIO INFINITA\u00a0<\/strong><\/p><p style=\"font-weight: 400;\"><a href=\"https:\/\/www.litoralpress.cl\/sitio\/RadioTV_Detalles.cshtml?LPKey=R6C5NBU7VTMLF4UFFXM5CBHOFDGACAN6CW3VHCTMNE3XTCE6FQRQYVLNWLTYCEWCCM5RT4VVIQZ32\">Se refiere Mauricio Morales Quiroga, director del Centro de An\u00e1lisis Pol\u00edtico (CAP).\u00a0<\/a><\/p><p>\u00a0<\/p><p style=\"font-weight: 400;\"><strong>EL HERALDO\u00a0<br \/><\/strong><\/p><p style=\"font-weight: 400;\"><a href=\"https:\/\/www.litoralpress.cl\/sitio\/Prensa_PaginaCompleta.cshtml?LPKey=F6DSEMQMRLQUSY5AEJ3VCZ3HLDLTCERPL6TN7JZDWDU766SJAFCA\">Fatiga electoral ser\u00eda la raz\u00f3n del bajo inter\u00e9s en el proceso constituyente. Se refiere Mario Herrera Mu\u00f1oz, acad\u00e9mico del Centro de An\u00e1lisis Pol\u00edtico (CAP).\u00a0<\/a><\/p><p>\u00a0<\/p><p style=\"font-weight: 400;\"><strong>EL LECTOR\u00a0<\/strong><\/p><p style=\"font-weight: 400;\"><a href=\"https:\/\/www.litoralpress.cl\/paginaconsultas\/Servicios_NClipSitio\/Get_Imagen_Nota.aspx?LPKey=Q762FCU3UFA7I5E7IS4J5AGFIGXM7CQPF62E3ZPZDAYVEKWWYUB6QUO44UL4FNQ5WMYRYHTPPJZJO\">Fatiga electoral ser\u00eda la raz\u00f3n del bajo inter\u00e9s en el proceso constituyente. Se refiere Mario Herrera Mu\u00f1oz, acad\u00e9mico del Centro de An\u00e1lisis Pol\u00edtico (CAP).\u00a0<\/a><\/p><p>\u00a0<\/p><p style=\"font-weight: 400;\"><strong>LA PRENSA DE CURIC\u00d3\u00a0<\/strong><\/p><p style=\"font-weight: 400;\"><a href=\"https:\/\/www.litoralpress.cl\/sitio\/Prensa_PaginaCompleta.cshtml?LPKey=5XVWA5LBERNJMY3HJ4VDD6ESSBZ5BLI3KTKFRHEAKCH4DB6PHW2A\">\u201cFatiga electoral\u201d ser\u00eda la raz\u00f3n del bajo inter\u00e9s en el proceso constituyente. Se refiere Mario Herrera Mu\u00f1oz, acad\u00e9mico del Centro de An\u00e1lisis Pol\u00edtico (CAP).\u00a0<\/a><\/p><p>\u00a0<\/p><p style=\"font-weight: 400;\"><strong>LANOTICIA.CL\u00a0<\/strong><\/p><p style=\"font-weight: 400;\"><a href=\"https:\/\/lanoticia.cl\/fatiga-electoral-seria-la-razon-del-bajo-interes-en-el-proceso-constituyente\/\">Fatiga electoral ser\u00eda la raz\u00f3n del bajo inter\u00e9s en el proceso constituyente. Se refiere Mario Herrera Mu\u00f1oz, acad\u00e9mico del Centro de An\u00e1lisis Pol\u00edtico (CAP).\u00a0<\/a><\/p><p>\u00a0<\/p><p style=\"font-weight: 400;\"><strong>ADPRENSA.CL\u00a0<\/strong><\/p><p style=\"font-weight: 400;\"><a href=\"https:\/\/www.adprensa.cl\/politica\/fatiga-electoral-seria-la-razon-del-bajo-interes-en-el-proceso-constituyente%ef%bf%bc\/\">Fatiga electoral ser\u00eda la raz\u00f3n del bajo inter\u00e9s en el proceso constituyente. Se refiere Mario Herrera Mu\u00f1oz, acad\u00e9mico del Centro de An\u00e1lisis Pol\u00edtico (CAP).\u00a0<\/a><\/p><p>\u00a0<\/p><p style=\"font-weight: 400;\"><strong>DIARIOELHERALDO.CL\u00a0<\/strong><\/p><p style=\"font-weight: 400;\"><a href=\"https:\/\/www.diarioelheraldo.cl\/noticia\/fatiga-electoral-seria-la-razon-del-bajo-interes-en-el-proceso-constituyente\">Fatiga electoral ser\u00eda la raz\u00f3n del bajo inter\u00e9s en el proceso constituyente. Se refiere Mario Herrera Mu\u00f1oz, acad\u00e9mico del Centro de An\u00e1lisis Pol\u00edtico (CAP).\u00a0<\/a><\/p><p>\u00a0<\/p><p style=\"font-weight: 400;\"><strong>REDVALPARAISO.COM\u00a0<\/strong><\/p><p style=\"font-weight: 400;\"><a href=\"https:\/\/www.redvalparaiso.com\/nacional\/fatiga-electoral-seria-la-razon-del-bajo-interes-en-el-proceso\">Fatiga electoral ser\u00eda la raz\u00f3n del bajo inter\u00e9s en el proceso constituyente. Se refiere Mario Herrera Mu\u00f1oz, acad\u00e9mico del Centro de An\u00e1lisis Pol\u00edtico (CAP).\u00a0<\/a><\/p><p>\u00a0<\/p><p style=\"font-weight: 400;\"><strong>REDOHIGGINS.COM\u00a0<\/strong><\/p><p style=\"font-weight: 400;\"><a href=\"https:\/\/www.redohiggins.com\/nacional\/fatiga-electoral-seria-la-razon-del-bajo-interes-en-el-proceso\">Fatiga electoral ser\u00eda la raz\u00f3n del bajo inter\u00e9s en el proceso constituyente. Se refiere Mario Herrera Mu\u00f1oz, acad\u00e9mico del Centro de An\u00e1lisis Pol\u00edtico (CAP).\u00a0<\/a><\/p><p>\u00a0<\/p><p style=\"font-weight: 400;\"><strong>REDBIOBIO.COM\u00a0<\/strong><\/p><p style=\"font-weight: 400;\"><a href=\"https:\/\/www.redbiobio.com\/nacional\/fatiga-electoral-seria-la-razon-del-bajo-interes-en-el-proceso\">Fatiga electoral ser\u00eda la raz\u00f3n del bajo inter\u00e9s en el proceso constituyente. Se refiere Mario Herrera Mu\u00f1oz, acad\u00e9mico del Centro de An\u00e1lisis Pol\u00edtico (CAP).\u00a0<\/a><\/p><p>\u00a0<\/p><p style=\"font-weight: 400;\"><strong>REDNUBLE.COM\u00a0<\/strong><\/p><p style=\"font-weight: 400;\"><a href=\"https:\/\/www.rednuble.com\/nacional\/fatiga-electoral-seria-la-razon-del-bajo-interes-en-el-proceso\">Fatiga electoral ser\u00eda la raz\u00f3n del bajo inter\u00e9s en el proceso constituyente. Se refiere Mario Herrera Mu\u00f1oz, acad\u00e9mico del Centro de An\u00e1lisis Pol\u00edtico (CAP).\u00a0<\/a><\/p><p>\u00a0<\/p><p style=\"font-weight: 400;\"><strong>LA PRENSA DE CURIC\u00d3\u00a0<\/strong><\/p><p style=\"font-weight: 400;\"><a href=\"https:\/\/www.litoralpress.cl\/sitio\/Prensa_PaginaCompleta.cshtml?LPKey=PH4ODWPICNFL5PZPMIE5RZXOUJRH7A2REJVRWGTODUBZX5FSI3SQ\">Ministro de Hacienda habl\u00f3 de pensiones en conversatorio realizado en Curic\u00f3. Se menciona el Centro de Extensi\u00f3n del campus Curic\u00f3.\u00a0<\/a><\/p><p style=\"font-weight: 400;\"><strong>\u00a0<\/strong><\/p><p style=\"font-weight: 400;\"><strong>LA PRENSA DE CURIC\u00d3\u00a0<\/strong><\/p><p style=\"font-weight: 400;\"><a href=\"https:\/\/www.litoralpress.cl\/paginaconsultas\/Servicios_NClipSitio\/Get_Imagen_Nota.aspx?LPKey=N6VQ2OAMQ7ZFK5JWMS2CTU7ZHGCVBEACFKNVESCRSXTGMYKCJANFJ4UKDBXOYVMZF3WFJBKI2QM22\">Nueva directora de Conaf Maule. Se menciona a la UTalca.\u00a0<\/a><\/p><p>\u00a0<\/p><p style=\"font-weight: 400;\"><strong>EL L\u00cdDER\u00a0<\/strong><\/p><p style=\"font-weight: 400;\"><a href=\"https:\/\/www.litoralpress.cl\/sitio\/Prensa_PaginaCompleta.cshtml?LPKey=NKYV4B3YC75NIX7VEGWUXHD4KDNEGF62DXSSUVOUSF3Y2TJPQBDA\">Ricardo Donoso, p\u00fablico y secreto: descifrando a un historiador valiente. Se menciona el Centro de Documentaci\u00f3n Patrimonial.\u00a0<\/a><\/p><p>\u00a0<\/p><p style=\"font-weight: 400;\"><strong>MUNDOAGRO.CL\u00a0<\/strong><\/p><p style=\"font-weight: 400;\"><a href=\"https:\/\/mundoagro.cl\/agrifoodtech-de-chile-al-mundo-preparara-a-startups-regionales%ef%bf%bc\/\">\u201cAgriFoodTech: de Chile al mundo\u201d preparar\u00e1 a startups regionales. Se menciona la UTalca.\u00a0<\/a><\/p>\t\t\t\t\t\t<\/div>\n\t\t\t\t<\/div>\n\t\t\t\t\t<\/div>\n\t\t<\/div>\n\t\t\t\t\t\t\t<\/div>\n\t\t<\/section>\n\t\t\t\t\t\t<\/div>\n\t\t\t\t\t<\/div>\n\t\t","protected":false},"excerpt":{"rendered":"<p>LA PRENSA DE CURIC\u00d3\u00a0 Embajadora de Alemania en Chile: &#8220;El feminismo no busca disminuir el rol de los hombres en la sociedad\u201d. Se refiere Carlos Torres Fuchslocher, rector de la UTalca.\u00a0 \u00a0 DIARIOTALCA.CL\u00a0 Embajadora de Alemania expuso sobre pol\u00edtica exterior feminista en inauguraci\u00f3n A\u00f1o Acad\u00e9mico 2023 de UTalca. Se refiere Carlos Torres Fuchslocher, rector.\u00a0 \u00a0 &hellip;<\/p>\n<p class=\"read-more\"> <a class=\"\" href=\"https:\/\/www.reportedeprensa.utalca.cl\/?p=6871\"> <span class=\"screen-reader-text\">30 de marzo de 2023<\/span> Read More &raquo;<\/a><\/p>\n","protected":false},"author":1,"featured_media":0,"comment_status":"closed","ping_status":"open","sticky":false,"template":"","format":"standard","meta":{"_monsterinsights_skip_tracking":false,"_monsterinsights_sitenote_active":false,"_monsterinsights_sitenote_note":"","_monsterinsights_sitenote_category":0},"categories":[31],"tags":[],"_links":{"self":[{"href":"https:\/\/www.reportedeprensa.utalca.cl\/index.php?rest_route=\/wp\/v2\/posts\/6871"}],"collection":[{"href":"https:\/\/www.reportedeprensa.utalca.cl\/index.php?rest_route=\/wp\/v2\/posts"}],"about":[{"href":"https:\/\/www.reportedeprensa.utalca.cl\/index.php?rest_route=\/wp\/v2\/types\/post"}],"author":[{"embeddable":true,"href":"https:\/\/www.reportedeprensa.utalca.cl\/index.php?rest_route=\/wp\/v2\/users\/1"}],"replies":[{"embeddable":true,"href":"https:\/\/www.reportedeprensa.utalca.cl\/index.php?rest_route=%2Fwp%2Fv2%2Fcomments&post=6871"}],"version-history":[{"count":10,"href":"https:\/\/www.reportedeprensa.utalca.cl\/index.php?rest_route=\/wp\/v2\/posts\/6871\/revisions"}],"predecessor-version":[{"id":6891,"href":"https:\/\/www.reportedeprensa.utalca.cl\/index.php?rest_route=\/wp\/v2\/posts\/6871\/revisions\/6891"}],"wp:attachment":[{"href":"https:\/\/www.reportedeprensa.utalca.cl\/index.php?rest_route=%2Fwp%2Fv2%2Fmedia&parent=6871"}],"wp:term":[{"taxonomy":"category","embeddable":true,"href":"https:\/\/www.reportedeprensa.utalca.cl\/index.php?rest_route=%2Fwp%2Fv2%2Fcategories&post=6871"},{"taxonomy":"post_tag","embeddable":true,"href":"https:\/\/www.reportedeprensa.utalca.cl\/index.php?rest_route=%2Fwp%2Fv2%2Ftags&post=6871"}],"curies":[{"name":"wp","href":"https:\/\/api.w.org\/{rel}","templated":true}]}}