{"id":6892,"date":"2023-03-31T08:01:58","date_gmt":"2023-03-31T11:01:58","guid":{"rendered":"https:\/\/www.reportedeprensa.utalca.cl\/?p=6892"},"modified":"2023-03-31T08:10:35","modified_gmt":"2023-03-31T11:10:35","slug":"31-de-marzo-de-2023","status":"publish","type":"post","link":"https:\/\/www.reportedeprensa.utalca.cl\/?p=6892","title":{"rendered":"31 de marzo de 2023"},"content":{"rendered":"\t\t<div data-elementor-type=\"wp-post\" data-elementor-id=\"6892\" class=\"elementor elementor-6892\" data-elementor-settings=\"[]\">\n\t\t\t\t\t\t\t<div class=\"elementor-section-wrap\">\n\t\t\t\t\t\t\t<section class=\"elementor-section elementor-top-section elementor-element elementor-element-2a4b4b83 elementor-section-boxed elementor-section-height-default elementor-section-height-default\" data-id=\"2a4b4b83\" data-element_type=\"section\">\n\t\t\t\t\t\t<div class=\"elementor-container elementor-column-gap-default\">\n\t\t\t\t\t<div class=\"elementor-column elementor-col-100 elementor-top-column elementor-element elementor-element-24a78540\" data-id=\"24a78540\" data-element_type=\"column\">\n\t\t\t<div class=\"elementor-widget-wrap elementor-element-populated\">\n\t\t\t\t\t\t\t\t<div class=\"elementor-element elementor-element-55b07e54 elementor-widget elementor-widget-text-editor\" data-id=\"55b07e54\" data-element_type=\"widget\" data-widget_type=\"text-editor.default\">\n\t\t\t\t<div class=\"elementor-widget-container\">\n\t\t\t\t\t\t\t\t<p style=\"font-weight: 400;\"><strong>MEDIABANCO.COM\u00a0<\/strong><\/p><p style=\"font-weight: 400;\"><a href=\"https:\/\/www.mediabanco.com\/estudiantes-de-la-utalca-apoyan-la-labor-educativa-en-el-sename\/\">Estudiantes de la UTalca apoyan la labor educativa en el Sename. Se refieren Marlene Guti\u00e9rrez Urz\u00faa, directora del Programa de Formaci\u00f3n Fundamental (PFF) y Nicol\u00e1s Saavedra P\u00e9rez, estudiante de la Escuela de Agronom\u00eda.\u00a0<\/a><\/p><p style=\"font-weight: 400;\"><strong>\u00a0<\/strong><\/p><p style=\"font-weight: 400;\"><strong>RADIO COOPERATIVA\u00a0<\/strong><\/p><p style=\"font-weight: 400;\"><a href=\"https:\/\/www.litoralpress.cl\/sitio\/RadioTV_Detalles.cshtml?LPKey=5AABQBJH4SNSJNVHOXVWYDQPW5BO7EFE6EYS7Z2POTZ24TT4GSQHNZZUHCVGW5LK6F62GHA4MGEIE\">Se conoce el primer contagiado de gripe aviar. Se refiere Erika Retamal Contreras, directora del Departamento de Salud P\u00fablica.\u00a0<\/a><\/p><p style=\"font-weight: 400;\">\u00a0<\/p><p style=\"font-weight: 400;\"><strong style=\"font-style: inherit;\">RADIO INNOVADORA\u00a0\u00a0<\/strong><\/p><p style=\"font-weight: 400;\"><a href=\"https:\/\/www.litoralpress.cl\/sitio\/RadioTV_Detalles.cshtml?LPKey=BIVWHGIA6IQ5YWI657CAW67ETKJTYG2VPZ7H3N7OWQ5GM7VVC436JMZBR4RYUNAQQZKFV2JV2JWRQ\">Entrevista a Patricio Gonz\u00e1lez Colville, acad\u00e9mico del Centro de Investigaci\u00f3n y Transferencia en Riego y Agroclimatolog\u00eda (CITRA).\u00a0<\/a><\/p><p>\u00a0<\/p><p style=\"font-weight: 400;\"><strong style=\"font-style: inherit;\">ENL\u00cdNEAMAULE.CL\u00a0<\/strong><\/p><p style=\"font-weight: 400;\"><a href=\"https:\/\/www.litoralpress.cl\/sitio\/RadioTV_Detalles.cshtml?LPKey=YUETJOFTOYNQHFO4ZV7VHE2OV673CBBLOCD3NZYM35CYU6GD2DNKIXZZG35FF2KLET2RHG4LMJBSK\">Inteligencia Artificial y sus riesgos. Se refiere C\u00e9sar Astudillo Hern\u00e1ndez, acad\u00e9mico de la Facultad de Ingenier\u00eda.\u00a0<\/a><\/p><p style=\"font-weight: 400;\"><strong>\u00a0<\/strong><\/p><p style=\"font-weight: 400;\"><strong>RADIO INFINITA\u00a0<\/strong><\/p><p style=\"font-weight: 400;\"><a href=\"https:\/\/www.litoralpress.cl\/sitio\/RadioTV_Detalles.cshtml?LPKey=LOJMJG4AH5UHHXHJLHSHOMTTDMGL6M5CCYH35D3W6GSJYC3OFJ7UOLKNMHWKPVUTMTZMZ6KRLC6NI\">Comentario de Mauricio Morales Quiroga, director del Centro de An\u00e1lisis Pol\u00edtico (CAP).\u00a0<\/a><\/p><p style=\"font-weight: 400;\"><strong>\u00a0<\/strong><\/p><p style=\"font-weight: 400;\"><strong>RADIO NUEVO MUNDO\u00a0<\/strong><\/p><p style=\"font-weight: 400;\"><a href=\"https:\/\/www.litoralpress.cl\/sitio\/RadioTV_Detalles.cshtml?LPKey=5QN7SORMSLAIDV3EW5IMB4TDU4IBWMPABI4PYP67HRWFYBAJJYTLBWJ3F4MUMCW73TDSQ6SVF2BTG\">Entrevista a Mario Herrera Mu\u00f1oz, acad\u00e9mico del Centro de An\u00e1lisis Pol\u00edtico (CAP).\u00a0<\/a><\/p><p style=\"font-weight: 400;\">\u00a0<\/p><p style=\"font-weight: 400;\"><strong>EMOL.COM\u00a0\u00a0\u00a0\u00a0\u00a0\u00a0<\/strong><\/p><p style=\"font-weight: 400;\"><a href=\"https:\/\/www.emol.com\/noticias\/Nacional\/2023\/03\/29\/1090708\/reflexion-presidente-por-carabineros.html\">\u00bfGesto adecuado o mea culpa pendiente?: Aproximaciones a la &#8220;reflexi\u00f3n&#8221; del Presidente por apoyo a Carabineros. Se refiere Mauricio Morales Quiroga, director del Centro de An\u00e1lisis Pol\u00edtico (CAP).\u00a0<\/a><\/p><p style=\"font-weight: 400;\">\u00a0<\/p><p style=\"font-weight: 400;\"><strong>MEDIABANCO.COM\u00a0<\/strong><\/p><p style=\"font-weight: 400;\"><a href=\"https:\/\/www.mediabanco.com\/fatiga-electoral-seria-la-razon-del-bajo-interes-en-el-proceso-constituyente\/\">Fatiga electoral ser\u00eda la raz\u00f3n del bajo inter\u00e9s en el proceso constituyente. Se refiere Mario Herrera Mu\u00f1oz, acad\u00e9mico del Centro de An\u00e1lisis Pol\u00edtico (CAP).\u00a0<\/a><\/p><p style=\"font-weight: 400;\">\u00a0<\/p><p style=\"font-weight: 400;\"><strong>DIARIOLAPRENSA.CL\u00a0<\/strong><\/p><p style=\"font-weight: 400;\"><a href=\"https:\/\/new.diariolaprensa.cl\/index.php\/2023\/03\/30\/fatiga-electoral-seria-la-razon-del-bajo-interes-en-el-proceso-constituyente\/\">\u201cFatiga electoral\u201d ser\u00eda la raz\u00f3n del bajo inter\u00e9s en el proceso constituyente. Se refiere Mario Herrera Mu\u00f1oz, acad\u00e9mico del Centro de An\u00e1lisis Pol\u00edtico (CAP).\u00a0\u00a0<\/a><\/p><p style=\"font-weight: 400;\">\u00a0<\/p><p style=\"font-weight: 400;\"><strong>RADIOTEMUCO.COM\u00a0<\/strong><\/p><p style=\"font-weight: 400;\"><a href=\"https:\/\/radiotemuco.com\/home\/universidades-de-la-frontera-del-bio-bio-y-de-talca-finalizan-segunda-etapa-de-proyecto-de-ingenieria-de-clase-mundial\/\">Universidades de la Frontera, del B\u00edo-B\u00edo y de Talca finalizan segunda etapa de proyecto de \u201cIngenier\u00eda de Clase Mundial\u201d.\u00a0\u00a0<\/a><\/p><p style=\"font-weight: 400;\"><strong>\u00a0<\/strong><\/p><p style=\"font-weight: 400;\"><strong>DIARIOLAPRENSA.CL\u00a0<\/strong><\/p><p style=\"font-weight: 400;\"><a href=\"https:\/\/new.diariolaprensa.cl\/index.php\/2023\/03\/30\/ministro-de-hacienda-hablo-de-pensiones-en-conversatorio-realizado-en-curico\/\">Ministro de Hacienda habl\u00f3 de pensiones en conversatorio realizado en Curic\u00f3. Se menciona el Centro de Extensi\u00f3n del Campus Curic\u00f3.\u00a0<\/a><\/p><p style=\"font-weight: 400;\"><strong>\u00a0<\/strong><\/p><p style=\"font-weight: 400;\"><strong>TOURINNOVACION.CL\u00a0<\/strong><\/p><p style=\"font-weight: 400;\"><a href=\"https:\/\/www.tourinnovacion.cl\/emprendimiento\/agrifoodtech-de-chile-al-mundo-preparara-a-startups-regionales-en-temas-de-internacionalizacion-y-levantamiento-de-capital\/\">FIA lanza su programa Savialab 2023 para potenciar innovaciones de estudiantes rurales de nueve regiones. Se menciona a la UTalca.\u00a0<\/a><\/p><p style=\"font-weight: 400;\">\u00a0<\/p><p style=\"font-weight: 400;\"><strong>TOURINNOVACION.CL\u00a0<\/strong><\/p><p style=\"font-weight: 400;\"><a href=\"https:\/\/www.tourinnovacion.cl\/emprendimiento\/agrifoodtech-de-chile-al-mundo-preparara-a-startups-regionales-en-temas-de-internacionalizacion-y-levantamiento-de-capital\/\">\u201cAgriFoodTech: de Chile al mundo\u201d preparar\u00e1 a startups regionales en temas de internacionalizaci\u00f3n y levantamiento de capital. Se menciona a la UTalca.\u00a0<\/a><\/p><p style=\"font-weight: 400;\">\u00a0<\/p><p style=\"font-weight: 400;\"><strong>CANAL TVN RED COQUIMBO\u00a0<\/strong><\/p><p style=\"font-weight: 400;\"><a href=\"https:\/\/www.litoralpress.cl\/sitio\/RadioTV_Detalles.cshtml?LPKey=F2FGSQUVEOCG5RWXJLTFROF37RDKZPB2AEIZRZNUSEY4VN4KO5V2FG7TQOBYRYRAC7FLPBRDWMALY\">Violinista italiano imparte clases magistrales en la ULS. Se refiere Andrea Larraguibel, estudiante de la Escuela de M\u00fasica.<\/a><\/p>\t\t\t\t\t\t<\/div>\n\t\t\t\t<\/div>\n\t\t\t\t\t<\/div>\n\t\t<\/div>\n\t\t\t\t\t\t\t<\/div>\n\t\t<\/section>\n\t\t\t\t\t\t<\/div>\n\t\t\t\t\t<\/div>\n\t\t","protected":false},"excerpt":{"rendered":"<p>MEDIABANCO.COM\u00a0 Estudiantes de la UTalca apoyan la labor educativa en el Sename. Se refieren Marlene Guti\u00e9rrez Urz\u00faa, directora del Programa de Formaci\u00f3n Fundamental (PFF) y Nicol\u00e1s Saavedra P\u00e9rez, estudiante de la Escuela de Agronom\u00eda.\u00a0 \u00a0 RADIO COOPERATIVA\u00a0 Se conoce el primer contagiado de gripe aviar. Se refiere Erika Retamal Contreras, directora del Departamento de Salud &hellip;<\/p>\n<p class=\"read-more\"> <a class=\"\" href=\"https:\/\/www.reportedeprensa.utalca.cl\/?p=6892\"> <span class=\"screen-reader-text\">31 de marzo de 2023<\/span> Read More &raquo;<\/a><\/p>\n","protected":false},"author":1,"featured_media":0,"comment_status":"closed","ping_status":"open","sticky":false,"template":"","format":"standard","meta":{"_monsterinsights_skip_tracking":false,"_monsterinsights_sitenote_active":false,"_monsterinsights_sitenote_note":"","_monsterinsights_sitenote_category":0},"categories":[31],"tags":[],"_links":{"self":[{"href":"https:\/\/www.reportedeprensa.utalca.cl\/index.php?rest_route=\/wp\/v2\/posts\/6892"}],"collection":[{"href":"https:\/\/www.reportedeprensa.utalca.cl\/index.php?rest_route=\/wp\/v2\/posts"}],"about":[{"href":"https:\/\/www.reportedeprensa.utalca.cl\/index.php?rest_route=\/wp\/v2\/types\/post"}],"author":[{"embeddable":true,"href":"https:\/\/www.reportedeprensa.utalca.cl\/index.php?rest_route=\/wp\/v2\/users\/1"}],"replies":[{"embeddable":true,"href":"https:\/\/www.reportedeprensa.utalca.cl\/index.php?rest_route=%2Fwp%2Fv2%2Fcomments&post=6892"}],"version-history":[{"count":4,"href":"https:\/\/www.reportedeprensa.utalca.cl\/index.php?rest_route=\/wp\/v2\/posts\/6892\/revisions"}],"predecessor-version":[{"id":6896,"href":"https:\/\/www.reportedeprensa.utalca.cl\/index.php?rest_route=\/wp\/v2\/posts\/6892\/revisions\/6896"}],"wp:attachment":[{"href":"https:\/\/www.reportedeprensa.utalca.cl\/index.php?rest_route=%2Fwp%2Fv2%2Fmedia&parent=6892"}],"wp:term":[{"taxonomy":"category","embeddable":true,"href":"https:\/\/www.reportedeprensa.utalca.cl\/index.php?rest_route=%2Fwp%2Fv2%2Fcategories&post=6892"},{"taxonomy":"post_tag","embeddable":true,"href":"https:\/\/www.reportedeprensa.utalca.cl\/index.php?rest_route=%2Fwp%2Fv2%2Ftags&post=6892"}],"curies":[{"name":"wp","href":"https:\/\/api.w.org\/{rel}","templated":true}]}}