{"id":6908,"date":"2023-04-03T15:35:38","date_gmt":"2023-04-03T18:35:38","guid":{"rendered":"https:\/\/www.reportedeprensa.utalca.cl\/?p=6908"},"modified":"2023-04-03T15:50:47","modified_gmt":"2023-04-03T18:50:47","slug":"03-de-abril-de-2023","status":"publish","type":"post","link":"https:\/\/www.reportedeprensa.utalca.cl\/?p=6908","title":{"rendered":"03 de abril de 2023"},"content":{"rendered":"\t\t<div data-elementor-type=\"wp-post\" data-elementor-id=\"6908\" class=\"elementor elementor-6908\" data-elementor-settings=\"[]\">\n\t\t\t\t\t\t\t<div class=\"elementor-section-wrap\">\n\t\t\t\t\t\t\t<section class=\"elementor-section elementor-top-section elementor-element elementor-element-2a4b4b83 elementor-section-boxed elementor-section-height-default elementor-section-height-default\" data-id=\"2a4b4b83\" data-element_type=\"section\">\n\t\t\t\t\t\t<div class=\"elementor-container elementor-column-gap-default\">\n\t\t\t\t\t<div class=\"elementor-column elementor-col-100 elementor-top-column elementor-element elementor-element-24a78540\" data-id=\"24a78540\" data-element_type=\"column\">\n\t\t\t<div class=\"elementor-widget-wrap elementor-element-populated\">\n\t\t\t\t\t\t\t\t<div class=\"elementor-element elementor-element-55b07e54 elementor-widget elementor-widget-text-editor\" data-id=\"55b07e54\" data-element_type=\"widget\" data-widget_type=\"text-editor.default\">\n\t\t\t\t<div class=\"elementor-widget-container\">\n\t\t\t\t\t\t\t\t<p style=\"font-weight: 400;\"><strong>ADPRENSA.CL\u00a0<\/strong><\/p><p style=\"font-weight: 400;\"><a href=\"https:\/\/www.adprensa.cl\/cronica\/macrofacultad-de-ingenieria-universidades-participantes-realizan-positivo-balance-de-emblematica-iniciativa\/\">MacroFacultad de Ingenier\u00eda: Universidades participantes realizan positivo balance de emblem\u00e1tica iniciativa. Se refiere Carlos Torres Fuchslocher, rector y Javier Mu\u00f1oz Vidal, decano de la Facultad de Ingenier\u00eda.\u00a0<\/a><\/p><p style=\"font-weight: 400;\">\u00a0<\/p><p style=\"font-weight: 400;\"><strong>MEDIABANCO.COM\u00a0<\/strong><\/p><p style=\"font-weight: 400;\"><a href=\"https:\/\/www.mediabanco.com\/macrofacultad-de-ingenieria-universidades-participantes-realizan-positivo-balance-de-emblematica-iniciativa\/\">MacroFacultad de Ingenier\u00eda: Universidades participantes realizan positivo balance de emblem\u00e1tica iniciativa. Se refiere Carlos Torres Fuchslocher, rector y Javier Mu\u00f1oz Vidal, decano de la Facultad de Ingenier\u00eda.\u00a0<\/a><\/p><p style=\"font-weight: 400;\">\u00a0<\/p><p style=\"font-weight: 400;\"><strong>LA PRENSA DE CURIC\u00d3\u00a0<\/strong><\/p><p style=\"font-weight: 400;\"><a href=\"https:\/\/www.litoralpress.cl\/paginaconsultas\/Servicios_NClipSitio\/Get_Imagen_Nota.aspx?LPKey=BUFSRLGVZVVNY7TEV4ZHNJSNWKTBBVL4VW3U6H2YSSJJK53JAGVL3KIBJMZRWH2ATDQ7TJKQED5W2\">Estudiantes apoyan al Sename. Se refieren Marlene Guti\u00e9rrez Urz\u00faa, directora del Programa de Formaci\u00f3n Fundamental (PFF) y Nicol\u00e1s Saavedra P\u00e9rez, estudiante de la Escuela de Agronom\u00eda.\u00a0<\/a><\/p><p style=\"font-weight: 400;\">\u00a0<\/p><p style=\"font-weight: 400;\"><strong>EL LECTOR\u00a0<\/strong><\/p><p style=\"font-weight: 400;\"><a href=\"https:\/\/www.litoralpress.cl\/sitio\/Prensa_PaginaCompleta.cshtml?LPKey=ITR35KAZI2LNPIFG265VVWYEATSJT2DPAGS3BFHAPDYDCEV3SODA\">Estudiantes de la UTalca apoyan la labor educativa en el Sename. Se refieren Marlene Guti\u00e9rrez Urz\u00faa, directora del Programa de Formaci\u00f3n Fundamental (PFF) y Nicol\u00e1s Saavedra P\u00e9rez, estudiante de la Escuela de Agronom\u00eda.\u00a0<\/a><\/p><p style=\"font-weight: 400;\">\u00a0<\/p><p style=\"font-weight: 400;\"><strong>ADPRENSA.CL\u00a0<\/strong><\/p><p style=\"font-weight: 400;\"><a href=\"https:\/\/www.adprensa.cl\/cronica\/estudiantes-de-la-utalca-apoyan-la-labor-educativa-en-el-sename%ef%bf%bc\/\">Estudiantes de la UTalca apoyan la labor educativa en el Sename. Se refieren Marlene Guti\u00e9rrez Urz\u00faa, directora del Programa de Formaci\u00f3n Fundamental (PFF) y Nicol\u00e1s Saavedra P\u00e9rez, estudiante de la Escuela de Agronom\u00eda.\u00a0<\/a><\/p><p style=\"font-weight: 400;\">\u00a0<\/p><p style=\"font-weight: 400;\"><strong>MAULEHOY.CL\u00a0<\/strong><\/p><p style=\"font-weight: 400;\"><a href=\"https:\/\/maulehoy.cl\/2023\/03\/31\/innovadora-tecnologia-produce-hortalizas-sin-suelos-con-minima-agua-y-durante-todo-el-ano\/\">Innovadora tecnolog\u00eda produce hortalizas sin suelos, con m\u00ednima agua y durante todo el a\u00f1o. Se refieren Gilda Carrasco Silva, acad\u00e9mica de la Facultad de Ciencias Agrarias y Fernando Fuentes Pe\u00f1ailillo, acad\u00e9mico del Instituto de Investigaci\u00f3n Interdisciplinaria.\u00a0<\/a><\/p><p style=\"font-weight: 400;\">\u00a0<\/p><p style=\"font-weight: 400;\"><strong>RADIO COOPERATIVA\u00a0<\/strong><\/p><p style=\"font-weight: 400;\"><a href=\"https:\/\/www.litoralpress.cl\/sitio\/RadioTV_Detalles.cshtml?LPKey=BZXN4ICHZUB2SZAQWLHFRVQK4BKRYIKB4CVY2JGAGZI3URKBGRMOFM2FMK47QR32K5APD5PQVJ66G\">Red se salud se encuentra preparada para detectar nuevos casos de gripe aviar. Se refiere Erika Retamal Contreras, directora del Departamento de Salud P\u00fablica.\u00a0<\/a><\/p><p style=\"font-weight: 400;\">\u00a0<\/p><p style=\"font-weight: 400;\"><strong>COOPERATIVA.CL\u00a0<\/strong><\/p><p style=\"font-weight: 400;\"><a href=\"https:\/\/www.cooperativa.cl\/noticias\/pais\/salud\/alertas-sanitarias\/minsal-asegura-que-no-se-espera-que-haya-brotes-de-influenza-aviar-en\/2023-03-30\/160217.html\">Minsal asegura que &#8220;no se espera que haya brotes&#8221; de influenza aviar en humanos. Se refiere Erika Retamal Contreras, directora del Departamento de Salud P\u00fablica.\u00a0<\/a><\/p><p style=\"font-weight: 400;\">\u00a0<\/p><p style=\"font-weight: 400;\"><strong>MARAY.CL\u00a0<\/strong><\/p><p style=\"font-weight: 400;\"><a href=\"https:\/\/www.maray.cl\/minsal-asegura-que-no-se-espera-que-haya-brotes-de-influenza-aviar-en-humanos\/\">Minsal asegura que \u00abno se espera que haya brotes\u00bb de influenza aviar en humanos. Se refiere Erika Retamal Contreras, directora del Departamento de Salud P\u00fablica.\u00a0<\/a><\/p><p style=\"font-weight: 400;\">\u00a0<\/p><p style=\"font-weight: 400;\"><strong>ELCIUDADANO.CL\u00a0<\/strong><\/p><p style=\"font-weight: 400;\"><a href=\"https:\/\/www.elciudadano.com\/chile\/lluvias-especialista-descarto-que-llegada-de-el-nino-termine-con-la-megasequia-en-chile\/03\/31\/\">Lluvias: Especialista descart\u00f3 que llegada de \u00abEl Ni\u00f1o\u00bb termine con la megasequ\u00eda en Chile. Se refiere Patricio Gonz\u00e1lez Colville, acad\u00e9mico del Centro de Investigaci\u00f3n y Transferencia en Riego y Agroclimatolog\u00eda (CITRA).\u00a0<\/a><\/p><p style=\"font-weight: 400;\">\u00a0<\/p><p style=\"font-weight: 400;\"><strong>MEDIABANCO.CL\u00a0<\/strong><\/p><p style=\"font-weight: 400;\"><a href=\"https:\/\/www.mediabanco.com\/especialista-descarto-que-fenomeno-climatico-el-nino-termine-con-la-megasequia-en-el-pais\/\">Especialista descart\u00f3 que fen\u00f3meno clim\u00e1tico \u201cEl Ni\u00f1o\u201d termine con la megasequ\u00eda en el pa\u00eds. Se refiere Patricio Gonz\u00e1lez Colville, acad\u00e9mico del Centro de Investigaci\u00f3n y Transferencia en Riego y Agroclimatolog\u00eda (CITRA).\u00a0<\/a><\/p><p style=\"font-weight: 400;\">\u00a0<\/p><p style=\"font-weight: 400;\"><strong>EL LECTOR\u00a0<\/strong><\/p><p style=\"font-weight: 400;\"><a href=\"https:\/\/www.litoralpress.cl\/sitio\/Prensa_Detalles.cshtml?LPKey=BQL3T5ITFRC4PB2XBTCK6QD5VKDK6OZ6LWBQBJQ26TNOIYRW7DWA\">Especialista descart\u00f3 que fen\u00f3meno clim\u00e1tico &#8220;El ni\u00f1o&#8221; termine con la megasequ\u00eda en el pa\u00eds. Se refiere Patricio Gonz\u00e1lez Colville, acad\u00e9mico del Centro de Investigaci\u00f3n y Transferencia en Riego y Agroclimatolog\u00eda (CITRA).\u00a0<\/a><\/p><p style=\"font-weight: 400;\">\u00a0<\/p><p style=\"font-weight: 400;\"><strong>LA PRENSA DE CURIC\u00d3\u00a0<\/strong><\/p><p style=\"font-weight: 400;\"><a href=\"https:\/\/www.litoralpress.cl\/sitio\/Prensa_Detalles.cshtml?LPKey=D3RQTNTZJGXH4PVJBFCPL2QJ4N4733WBFVXBAIGYOB2QDHNUH6NQ\">Acad\u00e9mico prev\u00e9 m\u00e1s lluvias con el fin de \u201cLa Ni\u00f1a\u201d. Se refiere Patricio Gonz\u00e1lez Colville, acad\u00e9mico del Centro de Investigaci\u00f3n y Transferencia en Riego y Agroclimatolog\u00eda (CITRA).\u00a0<\/a><\/p><p style=\"font-weight: 400;\">\u00a0<\/p><p style=\"font-weight: 400;\"><strong>DIARIOELHERALDO.CL\u00a0<\/strong><\/p><p style=\"font-weight: 400;\"><a href=\"https:\/\/www.diarioelheraldo.cl\/noticia\/especialista-descarto-que-fenomeno-climatico-el-nino-termine-con-la-megasequia-en-el-pais\">Especialista descart\u00f3 que fen\u00f3meno clim\u00e1tico \u201cEl Ni\u00f1o\u201d termine con la megasequ\u00eda en el pa\u00eds. Se refiere Patricio Gonz\u00e1lez Colville, acad\u00e9mico del Centro de Investigaci\u00f3n y Transferencia en Riego y Agroclimatolog\u00eda (CITRA).\u00a0<\/a><\/p><p style=\"font-weight: 400;\">\u00a0<\/p><p style=\"font-weight: 400;\"><strong>SEPTIMAPAGINANOTICIAS.CL\u00a0<\/strong><\/p><p style=\"font-weight: 400;\"><a href=\"https:\/\/www.septimapaginanoticias.cl\/especialista-descarto-que-fenomeno-climatico-el-nino-termine-con-la-megasequia-en-el-pais\">Especialista descart\u00f3 que fen\u00f3meno clim\u00e1tico \u201cEl Ni\u00f1o\u201d termine con la megasequ\u00eda en el pa\u00eds. Se refiere Patricio Gonz\u00e1lez Colville, acad\u00e9mico del Centro de Investigaci\u00f3n y Transferencia en Riego y Agroclimatolog\u00eda (CITRA).\u00a0<\/a><\/p><p style=\"font-weight: 400;\">\u00a0<\/p><p style=\"font-weight: 400;\"><strong>CANAL 24 HORAS\u00a0<\/strong><\/p><p style=\"font-weight: 400;\"><a href=\"https:\/\/www.litoralpress.cl\/sitio\/RadioTV_Detalles.cshtml?LPKey=A36DJFSDA6PWN6F6SDYLGLU2Q3XRMXLJAAI2HXYAUCPR2B6D4XSCSRHJW6GRUEEDQJHTALOC2NQPS\">La PDI desbarat\u00f3 una banda que realizaba armas gracias a impresiones 3D. Se refiere Gonzalo Pincheira Orellana, director del Departamento de Tecnolog\u00edas Industriales de la Facultad de Ingenier\u00eda.\u00a0<\/a><\/p><p style=\"font-weight: 400;\">\u00a0<\/p><p style=\"font-weight: 400;\"><strong>LA TERCERA\u00a0<\/strong><\/p><p style=\"font-weight: 400;\"><a href=\"https:\/\/www.litoralpress.cl\/sitio\/Prensa_Detalles.cshtml?LPKey=ZMDWDRWPXBPQAY6HLZ5XTWDBKH4V46ZVGWADAVY3FOCDC6ZV24YQ\">\u00bfNunca votan? \u00bfNunca pagan? El colapso que provocan las multas por no sufragar. Se refiere Mauricio Morales Quiroga, director del Centro de An\u00e1lisis Pol\u00edtico (CAP).\u00a0<\/a><\/p><p style=\"font-weight: 400;\">\u00a0<\/p><p style=\"font-weight: 400;\"><strong>CANAL MEGA PLUS\u00a0<\/strong><\/p><p style=\"font-weight: 400;\"><a href=\"https:\/\/www.litoralpress.cl\/sitio\/RadioTV_Detalles.cshtml?LPKey=OPQDH2ZH5BKBWYNFRVJO3A7IUPVUMA53PEYCPD3XVMU7OHBQVZAQ22WI3HVZ7ARO5UL55RZOUGSWC\">Comisi\u00f3n de expertos present\u00f3 iniciativa de norma que busca delimitar el sistema electoral. Se refiere Mauricio Morales Quiroga, director del Centro de An\u00e1lisis Pol\u00edtico (CAP).\u00a0<\/a><\/p><p style=\"font-weight: 400;\">\u00a0<\/p><p style=\"font-weight: 400;\"><strong>CANAL MEGA\u00a0<\/strong><\/p><p style=\"font-weight: 400;\"><a href=\"https:\/\/www.litoralpress.cl\/sitio\/RadioTV_Detalles.cshtml?LPKey=WCW4J5XQPJ6332LREGHU5NZJUSGZGGTA5RN3VOOIEC6GPDN3UEHD5S6XE3CWTL2IXM26SIF24FIAY\">Comisi\u00f3n de expertos present\u00f3 iniciativa de norma que busca delimitar el sistema electoral. Se refiere Mauricio Morales Quiroga, director del Centro de An\u00e1lisis Pol\u00edtico (CAP).\u00a0<\/a><\/p><p style=\"font-weight: 400;\">\u00a0\u00a0<\/p><p style=\"font-weight: 400;\"><strong>RADIO INFINITA\u00a0<\/strong><\/p><p style=\"font-weight: 400;\"><a href=\"https:\/\/www.litoralpress.cl\/sitio\/RadioTV_Detalles.cshtml?LPKey=3Q3DKCRI4WTCJSSH4FDG5CNCXR66QF6UQLBIG6GNIXLC54IUF3AJAJRNEHZS6HLKYWVSHRN2INWT4\">Comentario\u00a0de Mauricio Morales Quiroga, director\u00a0del Centro de An\u00e1lisis Pol\u00edtico (CAP).\u00a0<\/a><\/p><p style=\"font-weight: 400;\">\u00a0<\/p><p style=\"font-weight: 400;\"><strong>LATERCERA.COM\u00a0<\/strong><\/p><p style=\"font-weight: 400;\"><a href=\"https:\/\/www.latercera.com\/la-tercera-sabado\/noticia\/nunca-votan-nunca-pagan-el-colapso-que-provocan-las-multas-por-no-sufragar\/TKA7IQFOBBEHFFRS4QU45L3HKE\/\">\u00bfNunca votan? \u00bfNunca pagan? El colapso que provocan las multas por no sufragar. Se refiere Mauricio Morales Quiroga, director del Centro de An\u00e1lisis Pol\u00edtico (CAP).\u00a0<\/a><\/p><p style=\"font-weight: 400;\">\u00a0<\/p><p style=\"font-weight: 400;\"><strong>PAUTA.CL\u00a0<\/strong><\/p><p style=\"font-weight: 400;\"><a href=\"https:\/\/www.pauta.cl\/politica\/fijar-umbral-de-votacion-la-solucion-de-la-comision-experta-para-la\">Fijar umbral de votaci\u00f3n: la soluci\u00f3n de la Comisi\u00f3n Experta para la fragmentaci\u00f3n del Congreso. Se refiere Mauricio Morales Quiroga, director del Centro de An\u00e1lisis Pol\u00edtico (CAP).\u00a0<\/a><\/p><p style=\"font-weight: 400;\">\u00a0<\/p><p style=\"font-weight: 400;\"><strong>RADIOPOLAR.COM\u00a0<\/strong><\/p><p style=\"font-weight: 400;\"><a href=\"https:\/\/radiopolar.com\/fatiga-electoral-seria-la-razon-del-bajo-interes-en-el-proceso-constituyente\/\">Fatiga electoral ser\u00eda la raz\u00f3n del bajo inter\u00e9s en el proceso constituyente. Se refiere Mario Herrera Mu\u00f1oz, acad\u00e9mico del Centro de An\u00e1lisis Pol\u00edtico (CAP).\u00a0<\/a><\/p><p style=\"font-weight: 400;\">\u00a0<\/p><p style=\"font-weight: 400;\"><strong>ELMAULEINFORMA.CL\u00a0<\/strong><\/p><p style=\"font-weight: 400;\"><a href=\"https:\/\/elmauleinforma.cl\/talentoso-cantante-lirico-de-curepto-se-presenta-este-sabado-en-el-teatro-municipal-de-santiago\/\">Talentoso cantante l\u00edrico de Curepto se presenta este s\u00e1bado en el Teatro Municipal de Santiago. Se refiere estudiante de la Escuela de Medicina, Jos\u00e9 Mu\u00f1oz Albornoz.\u00a0<\/a><\/p><p style=\"font-weight: 400;\">\u00a0<\/p><p style=\"font-weight: 400;\"><strong>LA SEGUNDA\u00a0<\/strong><\/p><p style=\"font-weight: 400;\"><a href=\"https:\/\/www.litoralpress.cl\/paginaconsultas\/Servicios_NClipSitio\/Get_Imagen_Nota.aspx?LPKey=4C722QK7COH7KCJR5YA4IUM4HJ2BCR7GEZBSN5L2LNR63H7N2LDXPSZ6BLAA36AI6HWCNE72SOS4M\">Miguel Torres dictar\u00e1 charla a vi\u00f1ateros chilenos. Se menciona a la UTalca.\u00a0<\/a><\/p><p style=\"font-weight: 400;\">\u00a0<\/p><p style=\"font-weight: 400;\"><strong>DIARIOESTRATEGIA.CL\u00a0<\/strong><\/p><p style=\"font-weight: 400;\"><a href=\"https:\/\/www.diarioestrategia.cl\/texto-diario\/mostrar\/4237020\/sobre-empresas-gremio-constructivo-quiebras-chile\">Sobre las empresas del gremio constructivo y quiebras en Chile. Se menciona un an\u00e1lisis de la Facultad de Ingenier\u00eda.\u00a0<\/a><\/p>\t\t\t\t\t\t<\/div>\n\t\t\t\t<\/div>\n\t\t\t\t\t<\/div>\n\t\t<\/div>\n\t\t\t\t\t\t\t<\/div>\n\t\t<\/section>\n\t\t\t\t\t\t<\/div>\n\t\t\t\t\t<\/div>\n\t\t","protected":false},"excerpt":{"rendered":"<p>ADPRENSA.CL\u00a0 MacroFacultad de Ingenier\u00eda: Universidades participantes realizan positivo balance de emblem\u00e1tica iniciativa. Se refiere Carlos Torres Fuchslocher, rector y Javier Mu\u00f1oz Vidal, decano de la Facultad de Ingenier\u00eda.\u00a0 \u00a0 MEDIABANCO.COM\u00a0 MacroFacultad de Ingenier\u00eda: Universidades participantes realizan positivo balance de emblem\u00e1tica iniciativa. Se refiere Carlos Torres Fuchslocher, rector y Javier Mu\u00f1oz Vidal, decano de la Facultad &hellip;<\/p>\n<p class=\"read-more\"> <a class=\"\" href=\"https:\/\/www.reportedeprensa.utalca.cl\/?p=6908\"> <span class=\"screen-reader-text\">03 de abril de 2023<\/span> Read More &raquo;<\/a><\/p>\n","protected":false},"author":1,"featured_media":0,"comment_status":"closed","ping_status":"open","sticky":false,"template":"","format":"standard","meta":{"_monsterinsights_skip_tracking":false,"_monsterinsights_sitenote_active":false,"_monsterinsights_sitenote_note":"","_monsterinsights_sitenote_category":0},"categories":[32],"tags":[],"_links":{"self":[{"href":"https:\/\/www.reportedeprensa.utalca.cl\/index.php?rest_route=\/wp\/v2\/posts\/6908"}],"collection":[{"href":"https:\/\/www.reportedeprensa.utalca.cl\/index.php?rest_route=\/wp\/v2\/posts"}],"about":[{"href":"https:\/\/www.reportedeprensa.utalca.cl\/index.php?rest_route=\/wp\/v2\/types\/post"}],"author":[{"embeddable":true,"href":"https:\/\/www.reportedeprensa.utalca.cl\/index.php?rest_route=\/wp\/v2\/users\/1"}],"replies":[{"embeddable":true,"href":"https:\/\/www.reportedeprensa.utalca.cl\/index.php?rest_route=%2Fwp%2Fv2%2Fcomments&post=6908"}],"version-history":[{"count":4,"href":"https:\/\/www.reportedeprensa.utalca.cl\/index.php?rest_route=\/wp\/v2\/posts\/6908\/revisions"}],"predecessor-version":[{"id":6912,"href":"https:\/\/www.reportedeprensa.utalca.cl\/index.php?rest_route=\/wp\/v2\/posts\/6908\/revisions\/6912"}],"wp:attachment":[{"href":"https:\/\/www.reportedeprensa.utalca.cl\/index.php?rest_route=%2Fwp%2Fv2%2Fmedia&parent=6908"}],"wp:term":[{"taxonomy":"category","embeddable":true,"href":"https:\/\/www.reportedeprensa.utalca.cl\/index.php?rest_route=%2Fwp%2Fv2%2Fcategories&post=6908"},{"taxonomy":"post_tag","embeddable":true,"href":"https:\/\/www.reportedeprensa.utalca.cl\/index.php?rest_route=%2Fwp%2Fv2%2Ftags&post=6908"}],"curies":[{"name":"wp","href":"https:\/\/api.w.org\/{rel}","templated":true}]}}