{"id":6926,"date":"2023-04-04T15:44:03","date_gmt":"2023-04-04T18:44:03","guid":{"rendered":"https:\/\/www.reportedeprensa.utalca.cl\/?p=6926"},"modified":"2023-04-04T15:52:51","modified_gmt":"2023-04-04T18:52:51","slug":"04-de-abril-de-2023","status":"publish","type":"post","link":"https:\/\/www.reportedeprensa.utalca.cl\/?p=6926","title":{"rendered":"04 de abril de 2023"},"content":{"rendered":"\t\t<div data-elementor-type=\"wp-post\" data-elementor-id=\"6926\" class=\"elementor elementor-6926\" data-elementor-settings=\"[]\">\n\t\t\t\t\t\t\t<div class=\"elementor-section-wrap\">\n\t\t\t\t\t\t\t<section class=\"elementor-section elementor-top-section elementor-element elementor-element-2a4b4b83 elementor-section-boxed elementor-section-height-default elementor-section-height-default\" data-id=\"2a4b4b83\" data-element_type=\"section\">\n\t\t\t\t\t\t<div class=\"elementor-container elementor-column-gap-default\">\n\t\t\t\t\t<div class=\"elementor-column elementor-col-100 elementor-top-column elementor-element elementor-element-24a78540\" data-id=\"24a78540\" data-element_type=\"column\">\n\t\t\t<div class=\"elementor-widget-wrap elementor-element-populated\">\n\t\t\t\t\t\t\t\t<div class=\"elementor-element elementor-element-55b07e54 elementor-widget elementor-widget-text-editor\" data-id=\"55b07e54\" data-element_type=\"widget\" data-widget_type=\"text-editor.default\">\n\t\t\t\t<div class=\"elementor-widget-container\">\n\t\t\t\t\t\t\t\t<p style=\"font-weight: 400;\"><strong>EL LECTOR\u00a0<\/strong><\/p><p style=\"font-weight: 400;\"><a href=\"https:\/\/www.litoralpress.cl\/sitio\/Prensa_PaginaCompleta.cshtml?LPKey=LJWL33QWVFO4BLAQOQ3BJGOUTM5I647ZW77K5VOTW5IUIDPT334A\">MacroFacultad de Ingenier\u00eda: Universidades participantes realizan positivo balance de emblem\u00e1tica iniciativa. Se refiere Carlos Torres Fuchslocher, rector.\u00a0<\/a><\/p><p style=\"font-weight: 400;\"><strong>\u00a0<\/strong><\/p><p style=\"font-weight: 400;\"><strong>RADIOAGRICULTURA.CL\u00a0<\/strong><\/p><p style=\"font-weight: 400;\"><a href=\"https:\/\/www.radioagricultura.cl\/nacional\/2023\/04\/02\/dia-mundial-del-autismo-especialista-aborda-desafios-para-una-real-inclusion\/\">D\u00eda Mundial del Autismo: Especialista aborda desaf\u00edos para una real inclusi\u00f3n. Se refiere Jos\u00e9 Sazo \u00c1vila, acad\u00e9mico de la Escuela de Fonoaudiolog\u00eda.\u00a0<\/a><\/p><p style=\"font-weight: 400;\">\u00a0<\/p><p style=\"font-weight: 400;\"><strong>COOPERATIVA.CL\u00a0<\/strong><\/p><p style=\"font-weight: 400;\"><a href=\"https:\/\/www.cooperativa.cl\/noticias\/sociedad\/salud\/una-explicacion-sin-tabus-en-el-dia-mundial-de-concienciacion-sobre-el\/2023-04-02\/113956.html\">Una explicaci\u00f3n sin tab\u00fas en el D\u00eda Mundial de Concienciaci\u00f3n sobre el Autismo. Se refiere Jos\u00e9 Sazo \u00c1vila, acad\u00e9mico de la Escuela de Fonoaudiolog\u00eda.\u00a0<\/a><\/p><p style=\"font-weight: 400;\">\u00a0<\/p><p style=\"font-weight: 400;\"><strong>MEDIABANCO.COM\u00a0<\/strong><\/p><p style=\"font-weight: 400;\"><a href=\"https:\/\/www.mediabanco.com\/dia-del-autismo-aumenta-prevalencia-de-estos-trastornos-en-la-poblacion\/\">D\u00eda del Autismo: aumenta prevalencia de estos trastornos en la poblaci\u00f3n. Se refiere Jos\u00e9 Sazo \u00c1vila, acad\u00e9mico de la Escuela de Fonoaudiolog\u00eda.\u00a0<\/a><\/p><p style=\"font-weight: 400;\">\u00a0<\/p><p style=\"font-weight: 400;\"><strong>DIARIOTALCA.CL\u00a0<\/strong><\/p><p style=\"font-weight: 400;\"><a href=\"https:\/\/diariotalca.cl\/dia-del-autismo-aumenta-prevalencia-de-estos-trastornos-en-la-poblacion\/\">D\u00eda del Autismo: experto confirma aumento de prevalencia de estos trastornos. Se refiere Jos\u00e9 Sazo \u00c1vila, acad\u00e9mico de la Escuela de Fonoaudiolog\u00eda.\u00a0<\/a><\/p><p style=\"font-weight: 400;\">\u00a0<\/p><p style=\"font-weight: 400;\"><strong>G5NOTICIAS.CL\u00a0<\/strong><\/p><p style=\"font-weight: 400;\"><a href=\"https:\/\/g5noticias.cl\/2023\/04\/02\/dia-del-autismo-aumenta-prevalencia-de-estos-trastornos-en-la-poblacion\/\">D\u00eda del Autismo: aumenta prevalencia de estos trastornos en la poblaci\u00f3n. Se refiere Jos\u00e9 Sazo \u00c1vila, acad\u00e9mico de la Escuela de Fonoaudiolog\u00eda.<\/a>\u00a0<\/p><p style=\"font-weight: 400;\">\u00a0<\/p><p style=\"font-weight: 400;\"><strong>ADPRENSA.CL\u00a0<\/strong><\/p><p style=\"font-weight: 400;\"><a href=\"https:\/\/www.adprensa.cl\/cronica\/dia-del-autismo-aumenta-prevalencia-de-estos-trastornos-en-la-poblacion\/\">D\u00eda del Autismo: aumenta prevalencia de estos trastornos en la poblaci\u00f3n. Se refiere Jos\u00e9 Sazo \u00c1vila, acad\u00e9mico de la Escuela de Fonoaudiolog\u00eda.\u00a0<\/a><\/p><p style=\"font-weight: 400;\">\u00a0<\/p><p style=\"font-weight: 400;\"><strong>ELTIPOGRAFO.CL\u00a0<\/strong><\/p><p style=\"font-weight: 400;\"><a href=\"https:\/\/eltipografo.cl\/2023\/04\/dia-del-autismo-aumenta-prevalencia-de-estos-trastornos-en-la-poblacion\">D\u00eda del Autismo: aumenta prevalencia de estos trastornos en la poblaci\u00f3n. Se refiere Jos\u00e9 Sazo \u00c1vila, acad\u00e9mico de la Escuela de Fonoaudiolog\u00eda.\u00a0<\/a><\/p><p style=\"font-weight: 400;\">\u00a0<\/p><p style=\"font-weight: 400;\"><strong>EL L\u00cdDER\u00a0<\/strong><\/p><p style=\"font-weight: 400;\"><a href=\"https:\/\/www.litoralpress.cl\/sitio\/Prensa_PaginaCompleta.cshtml?LPKey=526OA4T3PGJJTQYYVM63QGP6YYMX4EMKUGW5TTIYHT3PE6BBNJ7A\">Contagios de covid-19 aumentaron en marzo y Minsal corrige cifra de muertes. Se refiere Daniel Jim\u00e9nez Acu\u00f1a, director de Salud del Estudiante.\u00a0<\/a><\/p><p style=\"font-weight: 400;\"><strong>\u00a0<\/strong><\/p><p style=\"font-weight: 400;\"><strong>CANAL TVN\u00a0<\/strong><\/p><p style=\"font-weight: 400;\"><a href=\"https:\/\/www.litoralpress.cl\/sitio\/RadioTV_Detalles.cshtml?LPKey=Q7M3KTGNHXULZAX2C3BVQ2LGMUNJFQSEQ455D3AU7QCRA2CUOAVFWSK3PV6IPMEIB3GI2VXZQNVHO\">El fen\u00f3meno de altas temperaturas en marzo: la sequ\u00eda. Entrevista a Patricio Gonz\u00e1lez Colville, acad\u00e9mico del Centro de Investigaci\u00f3n y Transferencia en Riego y Agroclimatolog\u00eda (CITRA).\u00a0<\/a><\/p><p style=\"font-weight: 400;\"><strong>\u00a0<\/strong><\/p><p style=\"font-weight: 400;\"><strong>24HORAS.CL\u00a0<\/strong><\/p><p style=\"font-weight: 400;\"><a href=\"https:\/\/www.24horas.cl\/programas\/manana-informativa\/academico-tras-altas-temperaturas-en-marzo\">Acad\u00e9mico tras altas temperaturas en marzo: &#8220;El cambio clim\u00e1tico va a traer veranos m\u00e1s c\u00e1lidos&#8221;. Se refiere Patricio Gonz\u00e1lez Colville, acad\u00e9mico del Centro de Investigaci\u00f3n y Transferencia en Riego y Agroclimatolog\u00eda (CITRA).\u00a0<\/a><\/p><p style=\"font-weight: 400;\">\u00a0<\/p><p style=\"font-weight: 400;\"><strong>DIARIOTALCA.CL\u00a0<\/strong><\/p><p style=\"font-weight: 400;\"><a href=\"https:\/\/diariotalca.cl\/descartan-que-fenomeno-climatico-el-nino-termine-con-la-megasequia\/\">Descartan que fen\u00f3meno clim\u00e1tico \u201cEl Ni\u00f1o\u201d termine con la megasequ\u00eda. Se refiere Patricio Gonz\u00e1lez Colville, acad\u00e9mico del Centro de Investigaci\u00f3n y Transferencia en Riego y Agroclimatolog\u00eda (CITRA).\u00a0<\/a><\/p><p style=\"font-weight: 400;\">\u00a0<\/p><p style=\"font-weight: 400;\"><strong>G5NOTICIAS.CL\u00a0<\/strong><\/p><p style=\"font-weight: 400;\"><a href=\"https:\/\/g5noticias.cl\/2023\/04\/03\/especialista-descarto-que-fenomeno-climatico-el-nino-termine-con-la-megasequia-en-el-pais\/\">Especialista descart\u00f3 que fen\u00f3meno clim\u00e1tico \u201cEl Ni\u00f1o\u201d termine con la megasequ\u00eda en el pa\u00eds. Se refiere Patricio Gonz\u00e1lez Colville, acad\u00e9mico del Centro de Investigaci\u00f3n y Transferencia en Riego y Agroclimatolog\u00eda (CITRA).\u00a0<\/a><\/p><p style=\"font-weight: 400;\">\u00a0<\/p><p style=\"font-weight: 400;\"><strong>ELMAULEINFORMA.CL\u00a0<\/strong><\/p><p style=\"font-weight: 400;\"><a href=\"https:\/\/elmauleinforma.cl\/agroclimatologo-descarto-que-fenomeno-climatico-el-nino-termine-con-la-megasequia\/\">Agroclimat\u00f3logo descart\u00f3 que fen\u00f3meno clim\u00e1tico \u201cEl Ni\u00f1o\u201d\u00a0termine con la megasequ\u00eda. Se refiere Patricio Gonz\u00e1lez Colville, acad\u00e9mico del Centro de Investigaci\u00f3n y Transferencia en Riego y Agroclimatolog\u00eda (CITRA).\u00a0<\/a><\/p><p style=\"font-weight: 400;\">\u00a0<\/p><p style=\"font-weight: 400;\"><strong>LA TERCERA\u00a0<\/strong><\/p><p style=\"font-weight: 400;\"><a href=\"https:\/\/www.litoralpress.cl\/paginaconsultas\/Servicios_NClipSitio\/Get_Imagen_Nota.aspx?LPKey=QAGJ2CAWSHQQS2KDMBICYVYLP3VDI6I5NHX5OJGSBRC5QZ2PY7ASWGZ5XCBC77ZU3O2ESGBVHILKO\">Populismo legislativo: una apuesta poco inteligente. Se refiere Diego Palomo V\u00e9lez, acad\u00e9mico de la Facultad de Ciencias Jur\u00eddicas y Sociales.\u00a0<\/a><\/p><p style=\"font-weight: 400;\">\u00a0<\/p><p style=\"font-weight: 400;\"><strong>LATERCERA.COM\u00a0<\/strong><\/p><p style=\"font-weight: 400;\"><a href=\"https:\/\/www.latercera.com\/opinion\/noticia\/populismo-legislativo-una-apuesta-poco-inteligente\/ZESLURKVZJHBVJINHRXLZNQ3SM\/\">Populismo legislativo: una apuesta poco inteligente. Se refiere Diego Palomo V\u00e9lez, acad\u00e9mico de la Facultad de Ciencias Jur\u00eddicas y Sociales.\u00a0<\/a><\/p><p style=\"font-weight: 400;\">\u00a0<\/p><p style=\"font-weight: 400;\"><strong>RADIO.UCHILE.CL\u00a0<\/strong><\/p><p style=\"font-weight: 400;\"><a href=\"https:\/\/radio.uchile.cl\/2022\/12\/25\/profesor-francisco-rivas-y-urgencia-de-una-politica-nacional-del-litio-hoy-es-cuando-los-precios-estan-altos\/\">Profesor Francisco Rivas y urgencia de una Pol\u00edtica Nacional del Litio: \u201cHoy es cuando los precios est\u00e1n altos\u201d. Se refiere el director de la Escuela de Ingenier\u00eda Civil de Minas.\u00a0<\/a><\/p><p style=\"font-weight: 400;\"><strong>\u00a0<\/strong><\/p><p style=\"font-weight: 400;\"><strong>EMOL.COM\u00a0<\/strong><\/p><p style=\"font-weight: 400;\"><a href=\"https:\/\/www.emol.com\/noticias\/Nacional\/2023\/04\/03\/1090988\/participacion-y-votos-blancosnulos.html\">Voto obligatorio y elecci\u00f3n de consejeros: Temor por el casi seguro aumento de blancos y nulos. Se refiere Mauricio Morales Quiroga, director del Centro de An\u00e1lisis Pol\u00edtico (CAP).\u00a0<\/a><\/p><p style=\"font-weight: 400;\">\u00a0<\/p><p style=\"font-weight: 400;\"><strong>MEGANOTICIAS.CL\u00a0<\/strong><\/p><p style=\"font-weight: 400;\"><a href=\"https:\/\/www.meganoticias.cl\/nacional\/410374-mauricio-morales-cadem-encuesta-analisis-gobierno-boric-seguridad-publica-carabineros-19-03-2023.html\">&#8220;Un infierno&#8221;: Mauricio Morales y su an\u00e1lisis de los resultados de la \u00faltima encuesta Cadem hacia el gobierno. Se refiere Mauricio Morales Quiroga, director del Centro de An\u00e1lisis Pol\u00edtico (CAP).\u00a0<\/a><\/p><p style=\"font-weight: 400;\">\u00a0<\/p><p style=\"font-weight: 400;\"><strong>EMOL.COM\u00a0<\/strong><\/p><p style=\"font-weight: 400;\"><a href=\"https:\/\/www.emol.com\/noticias\/Nacional\/2023\/03\/31\/1091005\/umbral-5-partidos-proceso-constituyente.html\">Umbral del 5%: a qu\u00e9 partidos afectar\u00eda m\u00e1s la idea de establecer un m\u00ednimo de votos para acceder al congreso. Se refiere Mauricio Morales Quiroga, director del Centro de An\u00e1lisis Pol\u00edtico (CAP).\u00a0<\/a><\/p><p style=\"font-weight: 400;\">\u00a0<\/p><p style=\"font-weight: 400;\"><strong>RADIONOSTALGICA.CL\u00a0<\/strong><\/p><p style=\"font-weight: 400;\"><a href=\"https:\/\/www.nostalgica.cl\/voto-obligatorio-y-eleccion-de-consejeros-temor-por-el-casi-seguro-aumento-de-blancos-y-nulos\/\">Voto obligatorio y elecci\u00f3n de consejeros: Temor por el casi seguro aumento de blancos y nulos. Se refiere Mauricio Morales Quiroga, director del Centro de An\u00e1lisis Pol\u00edtico (CAP).\u00a0<\/a><\/p><p style=\"font-weight: 400;\">\u00a0<\/p><p style=\"font-weight: 400;\"><strong>DIARIO AUSTRAL REGI\u00d3N DE LOS R\u00cdOS\u00a0<\/strong><\/p><p style=\"font-weight: 400;\"><a href=\"https:\/\/www.litoralpress.cl\/sitio\/Prensa_PaginaCompleta.cshtml?LPKey=ZKYX2JQKJ3L6GOUYKAXCIXEXTCLXQ4RD6FMQJGONK4VUNTUD6EXA\">Ni\u00f1os y j\u00f3venes m\u00fasicos realizaron concierto tras ciclo de clases magistrales. Se refieren Solange Navarrete Wallace y Dorian Lamotte, acad\u00e9micos de la escuela de Licenciatura en Interpretaci\u00f3n y Formaci\u00f3n Musical Especializada.\u00a0<\/a><\/p><p style=\"font-weight: 400;\">\u00a0<\/p><p style=\"font-weight: 400;\"><strong>DIARIO FINANCIERO\u00a0<\/strong><\/p><p style=\"font-weight: 400;\"><a href=\"https:\/\/www.litoralpress.cl\/sitio\/Prensa_PaginaCompleta.cshtml?LPKey=ICFBBPTEX5OHDJULCMA7PIKY4RTARHTHMJNVUL7N7KSNIHJY6L5A\">Los dibujos que Marcel dej\u00f3 en Talca. Se menciona la UTalca.\u00a0<\/a><\/p><p style=\"font-weight: 400;\">\u00a0<\/p><p style=\"font-weight: 400;\"><strong>LA PRENSA DE CURIC\u00d3\u00a0<\/strong><\/p><p style=\"font-weight: 400;\"><a href=\"https:\/\/www.litoralpress.cl\/sitio\/Prensa_PaginaCompleta.cshtml?LPKey=JXZ4RVMYBR2Y7OLFWUDSNDNH6FYGBU36BYAW7YDGMOBGGUL274MA\">La semana en im\u00e1genes. Se menciona la visita del Ministro de Hacienda, Mario Marcel al Centro de Extensi\u00f3n del Campus Curic\u00f3.\u00a0<\/a><\/p><p style=\"font-weight: 400;\"><strong>\u00a0<\/strong><\/p><p style=\"font-weight: 400;\"><strong>LA PRENSA DE CURIC\u00d3\u00a0<\/strong><\/p><p style=\"font-weight: 400;\"><a href=\"https:\/\/www.litoralpress.cl\/sitio\/Prensa_PaginaCompleta.cshtml?LPKey=ZUTCXGG2RIBN4CU7Y2BH7OOVZOBBSHLXTLYZLXCVRLRUHZCHFSFA\">El sue\u00f1o de don Emiliano podr\u00eda hacerse realidad. Se menciona el Campus Curic\u00f3 de la UTalca.\u00a0<\/a><\/p><p style=\"font-weight: 400;\">\u00a0<\/p><p style=\"font-weight: 400;\"><strong>ELDIARIOSANTIAGO.CL\u00a0<\/strong><\/p><p style=\"font-weight: 400;\"><a href=\"https:\/\/eldiariosantiago.cl\/2023\/04\/03\/consultor-especialista-en-ciberseguridad-de-itq-latam-tendra-destacada-participacion-en-seminario-organizado-por-universidad-de-talca-y-pdi\/\">Consultor especialista en ciberseguridad de ITQ latam tendr\u00e1 destacada participaci\u00f3n en seminario organizado por Universidad de Talca y PDI. Se menciona el Aula Magna del Edificio Espacio Bicentenario, lugar donde se llevar\u00e1 a cabo el encuentro.\u00a0<\/a><\/p>\t\t\t\t\t\t<\/div>\n\t\t\t\t<\/div>\n\t\t\t\t\t<\/div>\n\t\t<\/div>\n\t\t\t\t\t\t\t<\/div>\n\t\t<\/section>\n\t\t\t\t\t\t<\/div>\n\t\t\t\t\t<\/div>\n\t\t","protected":false},"excerpt":{"rendered":"<p>EL LECTOR\u00a0 MacroFacultad de Ingenier\u00eda: Universidades participantes realizan positivo balance de emblem\u00e1tica iniciativa. Se refiere Carlos Torres Fuchslocher, rector.\u00a0 \u00a0 RADIOAGRICULTURA.CL\u00a0 D\u00eda Mundial del Autismo: Especialista aborda desaf\u00edos para una real inclusi\u00f3n. Se refiere Jos\u00e9 Sazo \u00c1vila, acad\u00e9mico de la Escuela de Fonoaudiolog\u00eda.\u00a0 \u00a0 COOPERATIVA.CL\u00a0 Una explicaci\u00f3n sin tab\u00fas en el D\u00eda Mundial de Concienciaci\u00f3n &hellip;<\/p>\n<p class=\"read-more\"> <a class=\"\" href=\"https:\/\/www.reportedeprensa.utalca.cl\/?p=6926\"> <span class=\"screen-reader-text\">04 de abril de 2023<\/span> Read More &raquo;<\/a><\/p>\n","protected":false},"author":1,"featured_media":0,"comment_status":"closed","ping_status":"open","sticky":false,"template":"","format":"standard","meta":{"_monsterinsights_skip_tracking":false,"_monsterinsights_sitenote_active":false,"_monsterinsights_sitenote_note":"","_monsterinsights_sitenote_category":0},"categories":[32],"tags":[],"_links":{"self":[{"href":"https:\/\/www.reportedeprensa.utalca.cl\/index.php?rest_route=\/wp\/v2\/posts\/6926"}],"collection":[{"href":"https:\/\/www.reportedeprensa.utalca.cl\/index.php?rest_route=\/wp\/v2\/posts"}],"about":[{"href":"https:\/\/www.reportedeprensa.utalca.cl\/index.php?rest_route=\/wp\/v2\/types\/post"}],"author":[{"embeddable":true,"href":"https:\/\/www.reportedeprensa.utalca.cl\/index.php?rest_route=\/wp\/v2\/users\/1"}],"replies":[{"embeddable":true,"href":"https:\/\/www.reportedeprensa.utalca.cl\/index.php?rest_route=%2Fwp%2Fv2%2Fcomments&post=6926"}],"version-history":[{"count":4,"href":"https:\/\/www.reportedeprensa.utalca.cl\/index.php?rest_route=\/wp\/v2\/posts\/6926\/revisions"}],"predecessor-version":[{"id":6930,"href":"https:\/\/www.reportedeprensa.utalca.cl\/index.php?rest_route=\/wp\/v2\/posts\/6926\/revisions\/6930"}],"wp:attachment":[{"href":"https:\/\/www.reportedeprensa.utalca.cl\/index.php?rest_route=%2Fwp%2Fv2%2Fmedia&parent=6926"}],"wp:term":[{"taxonomy":"category","embeddable":true,"href":"https:\/\/www.reportedeprensa.utalca.cl\/index.php?rest_route=%2Fwp%2Fv2%2Fcategories&post=6926"},{"taxonomy":"post_tag","embeddable":true,"href":"https:\/\/www.reportedeprensa.utalca.cl\/index.php?rest_route=%2Fwp%2Fv2%2Ftags&post=6926"}],"curies":[{"name":"wp","href":"https:\/\/api.w.org\/{rel}","templated":true}]}}