{"id":6953,"date":"2023-04-06T10:54:35","date_gmt":"2023-04-06T13:54:35","guid":{"rendered":"https:\/\/www.reportedeprensa.utalca.cl\/?p=6953"},"modified":"2023-04-06T10:59:31","modified_gmt":"2023-04-06T13:59:31","slug":"06-de-abril-de-2023","status":"publish","type":"post","link":"https:\/\/www.reportedeprensa.utalca.cl\/?p=6953","title":{"rendered":"06 de abril de 2023"},"content":{"rendered":"\t\t<div data-elementor-type=\"wp-post\" data-elementor-id=\"6953\" class=\"elementor elementor-6953\" data-elementor-settings=\"[]\">\n\t\t\t\t\t\t\t<div class=\"elementor-section-wrap\">\n\t\t\t\t\t\t\t<section class=\"elementor-section elementor-top-section elementor-element elementor-element-2a4b4b83 elementor-section-boxed elementor-section-height-default elementor-section-height-default\" data-id=\"2a4b4b83\" data-element_type=\"section\">\n\t\t\t\t\t\t<div class=\"elementor-container elementor-column-gap-default\">\n\t\t\t\t\t<div class=\"elementor-column elementor-col-100 elementor-top-column elementor-element elementor-element-24a78540\" data-id=\"24a78540\" data-element_type=\"column\">\n\t\t\t<div class=\"elementor-widget-wrap elementor-element-populated\">\n\t\t\t\t\t\t\t\t<div class=\"elementor-element elementor-element-55b07e54 elementor-widget elementor-widget-text-editor\" data-id=\"55b07e54\" data-element_type=\"widget\" data-widget_type=\"text-editor.default\">\n\t\t\t\t<div class=\"elementor-widget-container\">\n\t\t\t\t\t\t\t\t<p style=\"font-weight: 400;\"><strong>CIENCIAENCHILE.CL\u00a0<\/strong><\/p><p style=\"font-weight: 400;\"><a href=\"https:\/\/www.cienciaenchile.cl\/academicos-as-utalca-estudian-frutas-chilenas-para-producir-alternativas-farmacologicas\/\">Acad\u00e9micos\/as UTalca estudian frutas chilenas para producir alternativas farmacol\u00f3gicas. Se refiere Mar\u00eda Alejandra Moya Le\u00f3n, investigadora del Instituto de Ciencias Biol\u00f3gicas (ICB).\u00a0<\/a><\/p><p style=\"font-weight: 400;\"><strong>\u00a0<\/strong><\/p><p style=\"font-weight: 400;\"><strong>ADPRENSA.CL\u00a0<\/strong><\/p><p style=\"font-weight: 400;\"><a href=\"https:\/\/www.adprensa.cl\/cronica\/analizan-avances-y-desafios-de-la-salud-digital\/\">Analizan avances y desaf\u00edos de la salud digital. Se refiere Valeska Gatica Rojas, acad\u00e9mica del Departamento de Ciencias del Movimiento Humano.\u00a0<\/a><\/p><p style=\"font-weight: 400;\">\u00a0<\/p><p style=\"font-weight: 400;\"><strong>MEDIABANCO.COM\u00a0<\/strong><\/p><p style=\"font-weight: 400;\"><a href=\"https:\/\/www.mediabanco.com\/analizan-avances-y-desafios-de-la-salud-digital\/\">Analizan avances y desaf\u00edos de la salud digital. Se refiere Valeska Gatica Rojas, acad\u00e9mica del Departamento de Ciencias del Movimiento Humano.\u00a0<\/a><\/p><p style=\"font-weight: 400;\">\u00a0<\/p><p style=\"font-weight: 400;\"><strong>RADIO INICIA<br \/><\/strong><\/p><p style=\"font-weight: 400;\"><a href=\"https:\/\/www.litoralpress.cl\/sitio\/RadioTV_Detalles.cshtml?LPKey=Z5KKQ77ATRDDNOSFZLBAPCO4KDE4NAJHY6TJ6YMESGJF533NR7BWXUEUM4PKST5PRUVUYVRXH3UWY\">Orientaciones para comprar productos del mar. Entrevista a Paula Contreras Rebolledo, acad\u00e9mica de la Escuela de Nutrici\u00f3n y Diet\u00e9tica.<\/a><\/p><p style=\"font-weight: 400;\">\u00a0<\/p><p style=\"font-weight: 400;\"><strong>LA PRENSA DE CURIC\u00d3\u00a0<\/strong><\/p><p style=\"font-weight: 400;\"><a href=\"https:\/\/www.litoralpress.cl\/sitio\/Prensa_PaginaCompleta.cshtml?LPKey=K7F2X5YKLDI3NR2Y6W4PJQ7PLYWIPEWIA4O7XFARPAGRXS37AQQA\">Nutricionista orienta para comprar productos del mar. Se refiere Paula Contreras Rebolledo, acad\u00e9mica de la Escuela de Nutrici\u00f3n y Diet\u00e9tica.<\/a><\/p><p style=\"font-weight: 400;\">\u00a0<\/p><p style=\"font-weight: 400;\"><strong>LAVOZENLINEA.CL\u00a0<\/strong><\/p><p style=\"font-weight: 400;\"><a href=\"https:\/\/lavozenlinea.cl\/2023\/04\/nutricionista-explica-en-que-debemos-fijarnos-al-comprar-productos-del-mar\/\">Nutricionista explica en qu\u00e9 debemos fijarnos al comprar productos del mar. Se refiere Paula Contreras Rebolledo, acad\u00e9mica de la Escuela de Nutrici\u00f3n y Diet\u00e9tica.\u00a0<\/a><\/p><p style=\"font-weight: 400;\">\u00a0<\/p><p style=\"font-weight: 400;\"><strong>ELDIARIODELAARAUCANIA.CL\u00a0<\/strong><\/p><p style=\"font-weight: 400;\"><a href=\"https:\/\/eldiariodelaaraucania.cl\/2023\/04\/05\/nutricionista-explica-en-que-debemos-fijarnos-al-comprar-productos-del-mar\/\">Nutricionista explica en qu\u00e9 debemos fijarnos al comprar productos del mar. Se refiere Paula Contreras Rebolledo, acad\u00e9mica de la Escuela de Nutrici\u00f3n y Diet\u00e9tica.\u00a0<\/a><\/p><p style=\"font-weight: 400;\">\u00a0<\/p><p style=\"font-weight: 400;\"><strong>ELDIARIOSANTIAGO.CL\u00a0<\/strong><\/p><p style=\"font-weight: 400;\"><a href=\"https:\/\/eldiariosantiago.cl\/2023\/04\/05\/nutricionista-explica-en-que-debemos-fijarnos-al-comprar-productos-del-mar\/\">Nutricionista explica en qu\u00e9 debemos fijarnos al comprar productos del mar. Se refiere Paula Contreras Rebolledo, acad\u00e9mica de la Escuela de Nutrici\u00f3n y Diet\u00e9tica.\u00a0<\/a><\/p><p style=\"font-weight: 400;\">\u00a0<\/p><p style=\"font-weight: 400;\"><strong>DIARIOTALCA.CL\u00a0<\/strong><\/p><p style=\"font-weight: 400;\"><a href=\"https:\/\/diariotalca.cl\/descartan-que-fenomeno-climatico-el-nino-termine-con-la-megasequia\/#respond\">Descartan que fen\u00f3meno clim\u00e1tico \u201cEl Ni\u00f1o\u201d termine con la megasequ\u00eda. Se refiere Patricio Gonz\u00e1lez Colville, acad\u00e9mico del Centro de Investigaci\u00f3n y Transferencia en Riego y Agroclimatolog\u00eda (CITRA).\u00a0<\/a><\/p><p style=\"font-weight: 400;\"><strong>\u00a0<\/strong><\/p><p style=\"font-weight: 400;\"><strong>BIOBIOCHILE.CL\u00a0<\/strong><\/p><p style=\"font-weight: 400;\"><a href=\"https:\/\/www.biobiochile.cl\/noticias\/nacional\/chile\/2023\/04\/04\/la-carta-urgente-que-boric-invito-a-leer-previo-a-votacion-de-ley-nain-retamal-en-el-senado.shtml\">La &#8220;carta urgente&#8221; que Boric invit\u00f3 a leer previo a votaci\u00f3n de Ley Na\u00edn-Retamal en el Senado. Se menciona a Ra\u00fal Carnevali Rodr\u00edguez; Gloria Mancilla Ibacache y Osvaldo Artaza Varela, acad\u00e9micos de la Facultad de Ciencias Jur\u00eddicas y Sociales.\u00a0<\/a><\/p><p style=\"font-weight: 400;\">\u00a0<\/p><p style=\"font-weight: 400;\"><strong>CANAL MEGA\u00a0<\/strong><\/p><p style=\"font-weight: 400;\"><a href=\"https:\/\/www.litoralpress.cl\/sitio\/RadioTV_Detalles.cshtml?LPKey=KVD4AU57JVSZOB6YTV6NYU65T3XE35TU6BWRCZVLC35S5QDUTD3GUXE4NSAN57NXZTWJBGKWMWKGQ\">Apoyos un\u00e1nimes en el comit\u00e9 experto para la nueva carta magna. Se refiere Mauricio Morales Quiroga, director del Centro de An\u00e1lisis Pol\u00edtico (CAP).\u00a0<\/a><\/p><p style=\"font-weight: 400;\">\u00a0<\/p><p style=\"font-weight: 400;\"><strong>RADIO INFINITA\u00a0<\/strong><\/p><p style=\"font-weight: 400;\"><a href=\"https:\/\/www.litoralpress.cl\/sitio\/RadioTV_Detalles.cshtml?LPKey=UAOOBPPA7AYRERLINTYVVEZLDTCC2EBU3IGBRTS6UPIFKAV6QPF33NX44CZJ4TOJWZI454YIJ7HAM\">Lo que faltaba. Comentario de Mauricio Morales Quiroga, director del Centro de An\u00e1lisis Pol\u00edtico (CAP).\u00a0<\/a><\/p><p style=\"font-weight: 400;\">\u00a0<\/p><p style=\"font-weight: 400;\"><strong>ELMOSTRADOR.CL\u00a0<\/strong><\/p><p style=\"font-weight: 400;\"><a href=\"https:\/\/www.elmostrador.cl\/noticias\/pais\/2023\/04\/05\/comision-experta-declara-la-guerra-a-los-partidos-con-pocos-militantes-y-a-independientes-que-aparecen-poselecciones\/\">Comisi\u00f3n Experta declara la guerra a los partidos con pocos militantes y a independientes que aparecen poselecciones. Se refiere Mauricio Morales Quiroga, director del Centro de An\u00e1lisis Pol\u00edtico (CAP).\u00a0<\/a><\/p><p style=\"font-weight: 400;\">\u00a0<\/p><p style=\"font-weight: 400;\"><strong>EMOL.COM\u00a0<\/strong><\/p><p style=\"font-weight: 400;\"><a href=\"https:\/\/www.emol.com\/noticias\/Nacional\/2023\/04\/05\/1091340\/debate-carabineros-criticas-frente-amplio.html\">Flagelantes versus no flagelantes: el FA ante los cuestionamientos por sus cr\u00edticas pasadas a Carabineros. Se refiere Mauricio Morales Quiroga, director del Centro de An\u00e1lisis Pol\u00edtico (CAP).\u00a0<\/a><\/p><p style=\"font-weight: 400;\">\u00a0<\/p><p style=\"font-weight: 400;\"><strong>CHILEOCIO.CL\u00a0<\/strong><\/p><p style=\"font-weight: 400;\"><a href=\"https:\/\/chileocio.cl\/comision-experta-declara-la-guerra-a-los-partidos-con-pocos-militantes-y-a-independientes-que-aparecen-poselecciones\/\">Comisi\u00f3n Experta declara la guerra a los partidos con pocos militantes y a independientes que aparecen poselecciones. Se refiere Mauricio Morales Quiroga, director del Centro de An\u00e1lisis Pol\u00edtico (CAP).<\/a>\u00a0<\/p><p style=\"font-weight: 400;\">\u00a0<\/p><p style=\"font-weight: 400;\"><strong>NINAFM.CL\u00a0<\/strong><\/p><p style=\"font-weight: 400;\"><a href=\"https:\/\/ninafm.cl\/2023\/04\/05\/comision-experta-declara-la-guerra-a-los-partidos-con-pocos-militantes-y-a-independientes-que-aparecen-poselecciones\/\">Comisi\u00f3n Experta declara la guerra a los partidos con pocos militantes y a independientes que aparecen poselecciones. Se refiere Mauricio Morales Quiroga, director del Centro de An\u00e1lisis Pol\u00edtico (CAP).\u00a0<\/a><\/p><p style=\"font-weight: 400;\">\u00a0<\/p><p style=\"font-weight: 400;\"><strong>TIROALBLANCO.CL\u00a0<\/strong><\/p><p style=\"font-weight: 400;\"><a href=\"http:\/\/tiroalblanco.cl\/muestraf.php?not=89486&amp;do=muestra\">\u00a1Desaparecer\u00e1n partidos peque\u00f1os e independientes! Se refiere Mauricio Morales Quiroga, director del Centro de An\u00e1lisis Pol\u00edtico (CAP).\u00a0<\/a><\/p><p style=\"font-weight: 400;\">\u00a0<\/p><p style=\"font-weight: 400;\"><strong>RADIO GUAYAC\u00c1N\u00a0<\/strong><\/p><p style=\"font-weight: 400;\"><a href=\"https:\/\/www.litoralpress.cl\/sitio\/RadioTV_Detalles.cshtml?LPKey=XDBRAYZUDF23E2TKOPOJMWVLMDYR7AR7TVSJSHACAJRXJSSMMCGW6G6SA4KIQ5KHELFVRIRPULLIQ\">Entrevista a Fabi\u00e1n Soto Belmar, acad\u00e9mico del Centro de An\u00e1lisis Pol\u00edtico (CAP).\u00a0<\/a><\/p><p style=\"font-weight: 400;\">\u00a0<\/p><p style=\"font-weight: 400;\"><strong>REVISTA ELECTRICIDAD\u00a0<\/strong><\/p><p style=\"font-weight: 400;\"><a href=\"https:\/\/www.litoralpress.cl\/sitio\/Prensa_PaginaCompleta.cshtml?LPKey=VHPK3D4YJZMQSJCTUWC4VVMU32VBVWL34H7CJNWV43K6Z56DZCZA\">Pobreza energ\u00e9tica y contaminaci\u00f3n local. Se mencionan a Carlos Villalobos, Carlos Ch\u00e1vez y Adolfo Uribe de la Facultad de Econom\u00eda y Negocios (FEN).\u00a0\u00a0<\/a><\/p><p style=\"font-weight: 400;\"><strong>\u00a0<\/strong><\/p><p style=\"font-weight: 400;\"><strong>RENGOENLANOTICIA.CL\u00a0<\/strong><\/p><p style=\"font-weight: 400;\"><a href=\"http:\/\/www.rengoenlanoticia.cl\/not\/2023\/04\/05\/lanzan-programa-de-informacion-agroclimatica-y-practicas-regenerativas-frente-al-cambio-climatico\/\">Lanzan programa de informaci\u00f3n agroclim\u00e1tica y pr\u00e1cticas regenerativas frente al cambio clim\u00e1tico. Se menciona a la UTalca.\u00a0<\/a><\/p><p style=\"font-weight: 400;\">\u00a0<\/p><p style=\"font-weight: 400;\"><strong>APROXIMACIONALFUTURO.COM\u00a0<\/strong><\/p><p style=\"font-weight: 400;\"><a href=\"https:\/\/aproximacionalfuturo.wordpress.com\/2023\/04\/05\/informacion-agroclimatica-y-regeneracion-frente-al-cambio-climatico-seran-apoyados-por-corfo\/\">Informaci\u00f3n agroclim\u00e1tica y regeneraci\u00f3n frente al cambio clim\u00e1tico ser\u00e1n apoyados por Corfo. Se menciona a la UTalca.\u00a0\u00a0<\/a><\/p><p style=\"font-weight: 400;\">\u00a0<\/p><p style=\"font-weight: 400;\"><strong>ELTIPOGRAFO.CL\u00a0<\/strong><\/p><p style=\"font-weight: 400;\"><a href=\"https:\/\/eltipografo.cl\/2023\/04\/lanzan-programa-de-informacion-agroclimatica-y-practicas-regenerativas-frente-al-cambio-climatico\">Lanzan programa de informaci\u00f3n agroclim\u00e1tica y pr\u00e1cticas regenerativas frente al cambio clim\u00e1tico. Se menciona a la UTalca.\u00a0<\/a><\/p><p style=\"font-weight: 400;\">\u00a0<\/p><p style=\"font-weight: 400;\"><strong>ELCACHAPOAL.CL\u00a0<\/strong><\/p><p style=\"font-weight: 400;\"><a href=\"https:\/\/elcachapoal.cl\/2023\/04\/05\/lanzan-programa-de-informacion-agroclimatica-y-practicas-regenerativas-frente-al-cambio-climatico\/\">Lanzan programa de informaci\u00f3n agroclim\u00e1tica y pr\u00e1cticas regenerativas frente al cambio clim\u00e1tico. Se menciona a la UTalca.<\/a><\/p>\t\t\t\t\t\t<\/div>\n\t\t\t\t<\/div>\n\t\t\t\t\t<\/div>\n\t\t<\/div>\n\t\t\t\t\t\t\t<\/div>\n\t\t<\/section>\n\t\t\t\t\t\t<\/div>\n\t\t\t\t\t<\/div>\n\t\t","protected":false},"excerpt":{"rendered":"<p>CIENCIAENCHILE.CL\u00a0 Acad\u00e9micos\/as UTalca estudian frutas chilenas para producir alternativas farmacol\u00f3gicas. Se refiere Mar\u00eda Alejandra Moya Le\u00f3n, investigadora del Instituto de Ciencias Biol\u00f3gicas (ICB).\u00a0 \u00a0 ADPRENSA.CL\u00a0 Analizan avances y desaf\u00edos de la salud digital. Se refiere Valeska Gatica Rojas, acad\u00e9mica del Departamento de Ciencias del Movimiento Humano.\u00a0 \u00a0 MEDIABANCO.COM\u00a0 Analizan avances y desaf\u00edos de la salud &hellip;<\/p>\n<p class=\"read-more\"> <a class=\"\" href=\"https:\/\/www.reportedeprensa.utalca.cl\/?p=6953\"> <span class=\"screen-reader-text\">06 de abril de 2023<\/span> Read More &raquo;<\/a><\/p>\n","protected":false},"author":1,"featured_media":0,"comment_status":"closed","ping_status":"open","sticky":false,"template":"","format":"standard","meta":{"_monsterinsights_skip_tracking":false,"_monsterinsights_sitenote_active":false,"_monsterinsights_sitenote_note":"","_monsterinsights_sitenote_category":0},"categories":[32],"tags":[],"_links":{"self":[{"href":"https:\/\/www.reportedeprensa.utalca.cl\/index.php?rest_route=\/wp\/v2\/posts\/6953"}],"collection":[{"href":"https:\/\/www.reportedeprensa.utalca.cl\/index.php?rest_route=\/wp\/v2\/posts"}],"about":[{"href":"https:\/\/www.reportedeprensa.utalca.cl\/index.php?rest_route=\/wp\/v2\/types\/post"}],"author":[{"embeddable":true,"href":"https:\/\/www.reportedeprensa.utalca.cl\/index.php?rest_route=\/wp\/v2\/users\/1"}],"replies":[{"embeddable":true,"href":"https:\/\/www.reportedeprensa.utalca.cl\/index.php?rest_route=%2Fwp%2Fv2%2Fcomments&post=6953"}],"version-history":[{"count":4,"href":"https:\/\/www.reportedeprensa.utalca.cl\/index.php?rest_route=\/wp\/v2\/posts\/6953\/revisions"}],"predecessor-version":[{"id":6957,"href":"https:\/\/www.reportedeprensa.utalca.cl\/index.php?rest_route=\/wp\/v2\/posts\/6953\/revisions\/6957"}],"wp:attachment":[{"href":"https:\/\/www.reportedeprensa.utalca.cl\/index.php?rest_route=%2Fwp%2Fv2%2Fmedia&parent=6953"}],"wp:term":[{"taxonomy":"category","embeddable":true,"href":"https:\/\/www.reportedeprensa.utalca.cl\/index.php?rest_route=%2Fwp%2Fv2%2Fcategories&post=6953"},{"taxonomy":"post_tag","embeddable":true,"href":"https:\/\/www.reportedeprensa.utalca.cl\/index.php?rest_route=%2Fwp%2Fv2%2Ftags&post=6953"}],"curies":[{"name":"wp","href":"https:\/\/api.w.org\/{rel}","templated":true}]}}