{"id":6968,"date":"2023-04-10T15:52:49","date_gmt":"2023-04-10T18:52:49","guid":{"rendered":"https:\/\/www.reportedeprensa.utalca.cl\/?p=6968"},"modified":"2023-04-10T16:00:22","modified_gmt":"2023-04-10T19:00:22","slug":"10-de-abril-de-2023","status":"publish","type":"post","link":"https:\/\/www.reportedeprensa.utalca.cl\/?p=6968","title":{"rendered":"10 de abril de 2023"},"content":{"rendered":"\t\t<div data-elementor-type=\"wp-post\" data-elementor-id=\"6968\" class=\"elementor elementor-6968\" data-elementor-settings=\"[]\">\n\t\t\t\t\t\t\t<div class=\"elementor-section-wrap\">\n\t\t\t\t\t\t\t<section class=\"elementor-section elementor-top-section elementor-element elementor-element-2a4b4b83 elementor-section-boxed elementor-section-height-default elementor-section-height-default\" data-id=\"2a4b4b83\" data-element_type=\"section\">\n\t\t\t\t\t\t<div class=\"elementor-container elementor-column-gap-default\">\n\t\t\t\t\t<div class=\"elementor-column elementor-col-100 elementor-top-column elementor-element elementor-element-24a78540\" data-id=\"24a78540\" data-element_type=\"column\">\n\t\t\t<div class=\"elementor-widget-wrap elementor-element-populated\">\n\t\t\t\t\t\t\t\t<div class=\"elementor-element elementor-element-55b07e54 elementor-widget elementor-widget-text-editor\" data-id=\"55b07e54\" data-element_type=\"widget\" data-widget_type=\"text-editor.default\">\n\t\t\t\t<div class=\"elementor-widget-container\">\n\t\t\t\t\t\t\t\t<p style=\"font-weight: 400;\"><strong>LA PRENSA DE CURIC\u00d3\u00a0<\/strong><\/p><p style=\"font-weight: 400;\"><a href=\"https:\/\/www.litoralpress.cl\/paginaconsultas\/Servicios_NClipSitio\/Get_Imagen_Nota.aspx?LPKey=HPQR5WRPIGT5UY2NWJ2BZPUVBKJBY7U4UAUC3PHRRJMTQ23NEG4FF5W2IG6M5CPNG257XU4E7JY3C\">Aumenta prevalencia del autismo en la poblaci\u00f3n a nivel nacional. Se refiere Jos\u00e9 Sazo \u00c1vila, acad\u00e9mico de la Escuela de Fonoaudiolog\u00eda.\u00a0<\/a><\/p><p style=\"font-weight: 400;\">\u00a0<\/p><p style=\"font-weight: 400;\"><strong>EL LECTOR\u00a0<\/strong><\/p><p style=\"font-weight: 400;\"><a href=\"https:\/\/www.litoralpress.cl\/sitio\/Prensa_PaginaCompleta.cshtml?LPKey=KRLJGGZIDMK7IPXW7OLBZ7FFUFVLRXG2STHM2BNT7ZV4HFBPMF3Q\">Agrupaci\u00f3n TEA realiz\u00f3 jornada de difusi\u00f3n y actualizaci\u00f3n del trastorno del espectro autista. Se refiere Carlos Gonz\u00e1lez Herrera, acad\u00e9mico de la Escuela de Fonoaudiolog\u00eda.\u00a0<\/a><\/p><p style=\"font-weight: 400;\">\u00a0<\/p><p style=\"font-weight: 400;\"><strong>LANOTICIA.CL\u00a0<\/strong><\/p><p style=\"font-weight: 400;\"><a href=\"https:\/\/lanoticia.cl\/agrupacion-tea-realizo-jornada-de-difusion-y-actualizacion-del-trastorno-del-espectro-autista\/\">Agrupaci\u00f3n TEA realiz\u00f3 jornada de difusi\u00f3n y actualizaci\u00f3n del Trastorno del Espectro Autista. Se refiere Carlos Gonz\u00e1lez Herrera, acad\u00e9mico de la Escuela de Fonoaudiolog\u00eda.\u00a0<\/a><\/p><p style=\"font-weight: 400;\">\u00a0<\/p><p style=\"font-weight: 400;\"><strong>RADIO COOPERATIVA\u00a0<\/strong><\/p><p style=\"font-weight: 400;\"><a href=\"https:\/\/www.litoralpress.cl\/sitio\/RadioTV_Detalles.cshtml?LPKey=TNRSFFPAHFKWH33VYM7R2PHPOJEBQIFBSOK7Q5Z7FTQWZTCDH6KXEP5IMPFABHVBGZ6AEC7X5NBNM\">Entregan recomendaciones para el consumo de mariscos. Se refiere Paula Contreras Rebolledo, acad\u00e9mica de la Escuela de Nutrici\u00f3n y Diet\u00e9tica.<\/a>\u00a0<\/p><p style=\"font-weight: 400;\"><strong>\u00a0<\/strong><\/p><p style=\"font-weight: 400;\"><strong>ELMOSTRADOR.CL\u00a0<\/strong><\/p><p style=\"font-weight: 400;\"><a href=\"https:\/\/www.elmostrador.cl\/revista-jengibre\/2023\/04\/06\/semana-santa-en-que-debemos-fijarnos-al-comprar-productos-del-mar\/\">Semana Santa: \u00bfEn qu\u00e9 debemos fijarnos al comprar productos del mar? Se refiere Paula Contreras Rebolledo, acad\u00e9mica de la Escuela de Nutrici\u00f3n y Diet\u00e9tica.\u00a0\u00a0<\/a><\/p><p style=\"font-weight: 400;\"><strong>\u00a0<\/strong><\/p><p style=\"font-weight: 400;\"><strong>RADIO COOPERATIVA\u00a0<\/strong><\/p><p style=\"font-weight: 400;\"><a href=\"https:\/\/www.litoralpress.cl\/sitio\/RadioTV_Detalles.cshtml?LPKey=IWWMP4UPQGQQN6CNPHFYNFIYXI2VMLH47QSCGGDQ6CHVP43DP7K2AMLIQBGTKVK2UMWZURPNYJGPG\">Cuidados en el consumo de mariscos y pescados. Se refiere Paula Contreras Rebolledo, acad\u00e9mica de la Escuela de Nutrici\u00f3n y Diet\u00e9tica.\u00a0\u00a0<\/a><\/p><p style=\"font-weight: 400;\">\u00a0<\/p><p style=\"font-weight: 400;\"><strong>COOPERATIVA.CL\u00a0<\/strong><\/p><p style=\"font-weight: 400;\"><a href=\"https:\/\/www.cooperativa.cl\/noticias\/pais\/salud\/fin-de-semana-santo-autoridades-llaman-al-autocuidado-por-expansion-de\/2023-04-07\/160336.html\">Fin de semana santo: Autoridades llaman al autocuidado por expansi\u00f3n de la gripe aviar. Se refiere Paula Contreras Rebolledo, acad\u00e9mica de la Escuela de Nutrici\u00f3n y Diet\u00e9tica.\u00a0<\/a><\/p><p style=\"font-weight: 400;\">\u00a0<\/p><p style=\"font-weight: 400;\"><strong>G5NOTICIAS.CL\u00a0<\/strong><\/p><p style=\"font-weight: 400;\"><a href=\"https:\/\/g5noticias.cl\/2023\/04\/07\/nutricionista-explica-en-que-debemos-fijarnos-al-comprar-productos-del-mar\/\">Nutricionista explica en qu\u00e9 debemos fijarnos al comprar productos del mar. Se refiere Paula Contreras Rebolledo, acad\u00e9mica de la Escuela de Nutrici\u00f3n y Diet\u00e9tica.\u00a0<\/a><\/p><p style=\"font-weight: 400;\">\u00a0<\/p><p style=\"font-weight: 400;\"><strong>NINAFM.CL\u00a0<\/strong><\/p><p style=\"font-weight: 400;\"><a href=\"https:\/\/ninafm.cl\/2023\/04\/06\/semana-santa-en-que-debemos-fijarnos-al-comprar-productos-del-mar\/\">Semana Santa: \u00bfEn qu\u00e9 debemos fijarnos al comprar productos del mar? Se refiere Paula Contreras Rebolledo, acad\u00e9mica de la Escuela de Nutrici\u00f3n y Diet\u00e9tica.\u00a0<\/a><\/p><p style=\"font-weight: 400;\"><strong>\u00a0<\/strong><\/p><p style=\"font-weight: 400;\"><strong>DIARIOTALCA.CL\u00a0<\/strong><\/p><p style=\"font-weight: 400;\"><a href=\"https:\/\/diariotalca.cl\/va-a-comprar-pescados-y-mariscos-para-semana-santa-aqui-recomendaciones\/#respond\">\u00bfVa a comprar pescados y mariscos para Semana Santa? Aqu\u00ed recomendaciones. Se refiere Paula Contreras Rebolledo, acad\u00e9mica de la Escuela de Nutrici\u00f3n y Diet\u00e9tica.\u00a0<\/a><\/p><p style=\"font-weight: 400;\"><strong>\u00a0<\/strong><\/p><p style=\"font-weight: 400;\"><strong>RADIO GUAYAC\u00c1N\u00a0<\/strong><\/p><p style=\"font-weight: 400;\"><a href=\"https:\/\/www.litoralpress.cl\/sitio\/RadioTV_Detalles.cshtml?LPKey=RE2KTC4PMZVSXYOPC3KCCGAWUSNJRNYFES6TDK6TY34LTS6I2CAFAIUKD6FEVZIBJX6DV4C47YZD4\">Entrevista a Erika Retamal, directora del Departamento de Salud P\u00fablica.\u00a0<\/a><\/p><p style=\"font-weight: 400;\"><strong>\u00a0<\/strong><\/p><p style=\"font-weight: 400;\"><strong>ELMOSTRADOR.CL\u00a0<\/strong><\/p><p style=\"font-weight: 400;\"><a href=\"https:\/\/www.elmostrador.cl\/noticias\/opinion\/2023\/04\/06\/mas-alla-de-la-logica-populista-penal-del-sistema-de-penas-sustitutivas-la-falta-de-tribunales-de-ejecucion-y-otras-yerbas\/\">M\u00e1s all\u00e1 de la l\u00f3gica populista penal: del sistema de penas sustitutivas, la falta de tribunales de ejecuci\u00f3n y otras yerbas. Se refiere Diego Palomo V\u00e9lez, acad\u00e9mico de la Facultad de Ciencias Jur\u00eddicas y Sociales.\u00a0<\/a><\/p><p style=\"font-weight: 400;\"><strong>\u00a0<\/strong><\/p><p style=\"font-weight: 400;\"><strong>ADPRENSA.CL\u00a0<\/strong><\/p><p style=\"font-weight: 400;\"><a href=\"https:\/\/www.adprensa.cl\/cronica\/alta-demanda-en-atenciones-de-salud-podria-significar-mas-tiempo-de-espera-para-las-personas-mayores\/\">Alta demanda en atenciones de salud podr\u00eda significar m\u00e1s tiempo de espera para las personas mayores. Se refiere Miguel Bustamante Ubilla, acad\u00e9mico de la Facultad de Econom\u00eda y Negocios (FEN).\u00a0<\/a><\/p><p style=\"font-weight: 400;\"><strong>\u00a0<\/strong><\/p><p style=\"font-weight: 400;\"><strong>ELMAULEINFORMA.CL\u00a0<\/strong><\/p><p style=\"font-weight: 400;\"><a href=\"https:\/\/elmauleinforma.cl\/alta-demanda-en-atenciones-de-salud-podria-significar-mas-tiempo-de-espera-para-las-personas-mayores\/\">Alta demanda en atenciones de salud podr\u00eda significar m\u00e1s tiempo de espera para las personas mayores. Se refiere Miguel Bustamante Ubilla, acad\u00e9mico de la Facultad de Econom\u00eda y Negocios (FEN).\u00a0<\/a><\/p><p style=\"font-weight: 400;\">\u00a0<\/p><p style=\"font-weight: 400;\"><strong>MEDIABANCO.COM\u00a0<\/strong><\/p><p style=\"font-weight: 400;\"><a href=\"https:\/\/www.mediabanco.com\/proyecto-acerca-la-astronomia-de-forma-ludica-e-inclusiva-a-los-maulinos\/\">Proyecto acerca la astronom\u00eda de forma l\u00fadica e inclusiva a los maulinos. Se refiere Daniela Olave, acad\u00e9mica de la Facultad de Ingenier\u00eda.\u00a0<\/a><\/p><p style=\"font-weight: 400;\">\u00a0<\/p><p style=\"font-weight: 400;\"><strong>ELMAULEINFORMA.CL\u00a0<\/strong><\/p><p style=\"font-weight: 400;\"><a href=\"https:\/\/elmauleinforma.cl\/proyecto-acerca-la-astronomia-de-forma-ludica-e-inclusiva-a-los-maulinos\/\">Proyecto acerca la astronom\u00eda de forma l\u00fadica e inclusiva a los maulinos. Se refiere Daniela Olave, acad\u00e9mica de la Facultad de Ingenier\u00eda.\u00a0<\/a><\/p><p style=\"font-weight: 400;\"><strong>\u00a0<\/strong><\/p><p style=\"font-weight: 400;\"><strong>CANAL CONTIVISION\u00a0<\/strong><\/p><p style=\"font-weight: 400;\"><a href=\"https:\/\/www.litoralpress.cl\/sitio\/RadioTV_Detalles.cshtml?LPKey=TNKYHDMIKCOMFADHPPGI3EPCHWG7VSELOBMRR36DQLRPYCFX44O3CSWERL6QQQUENXSGTIW4BHSPC\">La nueva planificaci\u00f3n de Cultura en la comuna. Se menciona Solange Navarrete Wallace, acad\u00e9mica de la escuela de Licenciatura en Interpretaci\u00f3n y Formaci\u00f3n Musical Especializada.\u00a0<\/a><\/p><p style=\"font-weight: 400;\"><strong>\u00a0<\/strong><\/p><p style=\"font-weight: 400;\"><strong>ADPRENSA.CL\u00a0<\/strong><\/p><p style=\"font-weight: 400;\"><a href=\"https:\/\/www.adprensa.cl\/cronica\/experto-entrega-recomendaciones-para-evitar-delito-de-media-dropping%ef%bf%bc\/\">Experto entrega recomendaciones para evitar delito de \u201cmedia dropping\u201d. Se refiere Rodrigo Bustamante Gonz\u00e1lez, jefe de Seguridad Digital.\u00a0<\/a><\/p><p style=\"font-weight: 400;\"><strong>\u00a0<\/strong><\/p><p style=\"font-weight: 400;\"><strong>EL LECTOR\u00a0<\/strong><\/p><p style=\"font-weight: 400;\"><a href=\"https:\/\/www.litoralpress.cl\/sitio\/Prensa_PaginaCompleta.cshtml?LPKey=FHP2SJB3KX5WDRQYHBYPW3GIIBEFXZQ3JXWP5NOWXVY4GB7XVK5Q\">Experto entrega recomendaciones para evitar delito de \u201cmedia dropping\u201d. Se refiere Rodrigo Bustamante Gonz\u00e1lez, jefe de Seguridad Digital de la Instituci\u00f3n.\u00a0<\/a><\/p><p style=\"font-weight: 400;\"><strong>\u00a0<\/strong><\/p><p style=\"font-weight: 400;\"><strong>SEPTIMAPAGINANOTICIAS.CL\u00a0<\/strong><\/p><p style=\"font-weight: 400;\"><a href=\"https:\/\/www.septimapaginanoticias.cl\/experto-entrega-recomendaciones-para-evitar-delito-de-media-dropping\">Experto entrega recomendaciones para evitar delito de \u201cmedia dropping\u201d. Se refiere Rodrigo Bustamante Gonz\u00e1lez, jefe de Seguridad Digital de la Instituci\u00f3n.\u00a0<\/a><\/p><p style=\"font-weight: 400;\"><strong>\u00a0<\/strong><\/p><p style=\"font-weight: 400;\"><strong>ELMAULEINFORMA.CL\u00a0<\/strong><\/p><p style=\"font-weight: 400;\"><a href=\"https:\/\/elmauleinforma.cl\/experto-entrega-recomendaciones-para-evitar-delito-de-media-dropping\/\">Experto entrega recomendaciones para evitar delito de \u201cmedia dropping\u201d. Se refiere Rodrigo Bustamante Gonz\u00e1lez, jefe de Seguridad Digital de la Instituci\u00f3n.\u00a0<\/a><\/p><p style=\"font-weight: 400;\"><strong>\u00a0<\/strong><\/p><p style=\"font-weight: 400;\"><strong>LA SEGUNDA\u00a0<\/strong><\/p><p style=\"font-weight: 400;\"><a href=\"https:\/\/www.litoralpress.cl\/sitio\/Prensa_PaginaCompleta.cshtml?LPKey=RTG4XAMZA6UKZMDW533EV6BBNDRCNSZ67DZPN5HUKUFXE276OSZA\">Los cambios que exigen en las redes sociales. Se refiere Mauricio Morales Quiroga, director del Centro de An\u00e1lisis Pol\u00edtico (CAP).\u00a0<\/a><\/p><p style=\"font-weight: 400;\">\u00a0<\/p><p style=\"font-weight: 400;\"><strong>RADIO INFINITA\u00a0<\/strong><\/p><p style=\"font-weight: 400;\"><a href=\"https:\/\/www.litoralpress.cl\/sitio\/RadioTV_Detalles.cshtml?LPKey=42YGDOYHHXUWNP2WNXVINZ74EQC5R7G2UYWKZ2V4O3S6SOFRQHETWUNJJTOI2AYSK63YKSBM2SGUM\">Comentario de Mauricio Morales Quiroga, director del Centro de An\u00e1lisis Pol\u00edtico (CAP).\u00a0<\/a><\/p><p style=\"font-weight: 400;\">\u00a0<\/p><p style=\"font-weight: 400;\"><strong>RADIO INFINITA\u00a0<\/strong><\/p><p style=\"font-weight: 400;\"><a href=\"https:\/\/www.litoralpress.cl\/sitio\/RadioTV_Detalles.cshtml?LPKey=MZXGUZOQT2VVRYSFXZCDIXEZAX5DJOVKO76QWLEC5LSI36ZJJ3P2SDQM5RNRPGMJ5QPINMHWAXQLM\">Comentario de Mauricio Morales Quiroga, director del Centro de An\u00e1lisis Pol\u00edtico (CAP).\u00a0<\/a><\/p><p style=\"font-weight: 400;\"><strong>\u00a0<\/strong><\/p><p style=\"font-weight: 400;\"><strong>DIARIO CONCEPCI\u00d3N\u00a0<\/strong><\/p><p style=\"font-weight: 400;\"><a href=\"https:\/\/www.litoralpress.cl\/sitio\/Prensa_PaginaCompleta.cshtml?LPKey=MQ2ZRXL66SPSAYYFM6VGPUUTP7YW3U4OZ5BPEQXKR3OHG6BG3EDA\">Cient\u00edficos del Biob\u00edo trabajan en el mayor muestreo a los cinco r\u00edos que est\u00e1n en la Patagonia Norte. Se menciona a la UTalca.\u00a0<\/a><\/p><p style=\"font-weight: 400;\"><strong>\u00a0<\/strong><\/p><p style=\"font-weight: 400;\"><strong>DIARIOCONCEPCI\u00d3N.CL\u00a0<\/strong><\/p><p style=\"font-weight: 400;\"><a href=\"https:\/\/www.diarioconcepcion.cl\/ciencia-y-sociedad\/2023\/04\/06\/cientificos-del-biobio-trabajan-en-el-mayor-muestreo-a-los-cinco-rios-que-estan-en-la-patagonia-norte.html\">Cient\u00edficos del Biob\u00edo trabajan en el mayor muestreo a los cinco r\u00edos que est\u00e1n en la Patagonia norte. Se mencionan cient\u00edficos de la UTalca.\u00a0<\/a><\/p><p style=\"font-weight: 400;\"><strong>\u00a0<\/strong><\/p><p style=\"font-weight: 400;\"><strong>EL LECTOR\u00a0<\/strong><\/p><p style=\"font-weight: 400;\"><a href=\"https:\/\/www.litoralpress.cl\/paginaconsultas\/Servicios_NClipSitio\/Get_Imagen_Nota.aspx?LPKey=GFVD3FWVUVCOONLIKFXSEPV7WZ3IRMGLW5CICEKFCMZJFJFTLYHDQYAMOCQHTCNPFL2CM2657XFQU\">Lanzan programa de informaci\u00f3n agroclim\u00e1tica y pr\u00e1cticas regenerativas frente al cambio clim\u00e1tico. Se menciona a la UTalca.\u00a0<\/a><\/p><p style=\"font-weight: 400;\"><strong>\u00a0<\/strong><\/p><p style=\"font-weight: 400;\"><strong>DIARIO VI REGI\u00d3N\u00a0<\/strong><\/p><p style=\"font-weight: 400;\"><a href=\"https:\/\/www.litoralpress.cl\/sitio\/Prensa_PaginaCompleta.cshtml?LPKey=XWAEML2WKJH7BM7G3JWM2CUAMANIH4XN5LUT4IQLBVSBSWF2P3VA\">Agroclim\u00e1tica y pr\u00e1cticas regenerativas frente al cambio clim\u00e1tico. Se menciona a la UTalca.\u00a0<\/a><\/p><p style=\"font-weight: 400;\"><strong>\u00a0<\/strong><\/p><p style=\"font-weight: 400;\"><strong>DIARIOVIREGION.CL\u00a0<\/strong><\/p><p style=\"font-weight: 400;\"><a href=\"https:\/\/www.diarioviregion.cl\/index.php\/noticias\/24790-lanzan-programa-de-informacion-agroclimatica-y-practicas-regenerativas-frente-al-cambio-climatico\">Lanzan programa de informaci\u00f3n agroclim\u00e1tica y pr\u00e1cticas regenerativas frente al cambio clim\u00e1tico. Se menciona la UTalca.\u00a0<\/a><\/p><p style=\"font-weight: 400;\"><strong>\u00a0<\/strong><\/p><p style=\"font-weight: 400;\"><strong>PRESERVAR.CL\u00a0<\/strong><\/p><p style=\"font-weight: 400;\"><a href=\"https:\/\/www.preservar.cl\/lanzan-programa-para-fortalecer-la-gestion-de-las-empresas-agricolas-frente-al-cambio-climatico\/\">Lanzan programa para fortalecer la gesti\u00f3n de las empresas agr\u00edcolas frente al cambio clim\u00e1tico. Se menciona a la UTalca.\u00a0<\/a><\/p><p style=\"font-weight: 400;\">\u00a0<\/p><p style=\"font-weight: 400;\"><strong>BEETHOVENFM.CL\u00a0<\/strong><\/p><p style=\"font-weight: 400;\"><a href=\"https:\/\/www.beethovenfm.cl\/evento\/ana-catalina-vicuna-en-sala-gasco-habito-infinito\/\">Ana Catalina Vicu\u00f1a en Sala Gasco: H\u00e1bito Infinito. Se menciona a la UTalca.\u00a0<\/a><\/p>\t\t\t\t\t\t<\/div>\n\t\t\t\t<\/div>\n\t\t\t\t\t<\/div>\n\t\t<\/div>\n\t\t\t\t\t\t\t<\/div>\n\t\t<\/section>\n\t\t\t\t\t\t<\/div>\n\t\t\t\t\t<\/div>\n\t\t","protected":false},"excerpt":{"rendered":"<p>LA PRENSA DE CURIC\u00d3\u00a0 Aumenta prevalencia del autismo en la poblaci\u00f3n a nivel nacional. Se refiere Jos\u00e9 Sazo \u00c1vila, acad\u00e9mico de la Escuela de Fonoaudiolog\u00eda.\u00a0 \u00a0 EL LECTOR\u00a0 Agrupaci\u00f3n TEA realiz\u00f3 jornada de difusi\u00f3n y actualizaci\u00f3n del trastorno del espectro autista. Se refiere Carlos Gonz\u00e1lez Herrera, acad\u00e9mico de la Escuela de Fonoaudiolog\u00eda.\u00a0 \u00a0 LANOTICIA.CL\u00a0 Agrupaci\u00f3n &hellip;<\/p>\n<p class=\"read-more\"> <a class=\"\" href=\"https:\/\/www.reportedeprensa.utalca.cl\/?p=6968\"> <span class=\"screen-reader-text\">10 de abril de 2023<\/span> Read More &raquo;<\/a><\/p>\n","protected":false},"author":1,"featured_media":0,"comment_status":"closed","ping_status":"open","sticky":false,"template":"","format":"standard","meta":{"_monsterinsights_skip_tracking":false,"_monsterinsights_sitenote_active":false,"_monsterinsights_sitenote_note":"","_monsterinsights_sitenote_category":0},"categories":[32],"tags":[],"_links":{"self":[{"href":"https:\/\/www.reportedeprensa.utalca.cl\/index.php?rest_route=\/wp\/v2\/posts\/6968"}],"collection":[{"href":"https:\/\/www.reportedeprensa.utalca.cl\/index.php?rest_route=\/wp\/v2\/posts"}],"about":[{"href":"https:\/\/www.reportedeprensa.utalca.cl\/index.php?rest_route=\/wp\/v2\/types\/post"}],"author":[{"embeddable":true,"href":"https:\/\/www.reportedeprensa.utalca.cl\/index.php?rest_route=\/wp\/v2\/users\/1"}],"replies":[{"embeddable":true,"href":"https:\/\/www.reportedeprensa.utalca.cl\/index.php?rest_route=%2Fwp%2Fv2%2Fcomments&post=6968"}],"version-history":[{"count":4,"href":"https:\/\/www.reportedeprensa.utalca.cl\/index.php?rest_route=\/wp\/v2\/posts\/6968\/revisions"}],"predecessor-version":[{"id":6972,"href":"https:\/\/www.reportedeprensa.utalca.cl\/index.php?rest_route=\/wp\/v2\/posts\/6968\/revisions\/6972"}],"wp:attachment":[{"href":"https:\/\/www.reportedeprensa.utalca.cl\/index.php?rest_route=%2Fwp%2Fv2%2Fmedia&parent=6968"}],"wp:term":[{"taxonomy":"category","embeddable":true,"href":"https:\/\/www.reportedeprensa.utalca.cl\/index.php?rest_route=%2Fwp%2Fv2%2Fcategories&post=6968"},{"taxonomy":"post_tag","embeddable":true,"href":"https:\/\/www.reportedeprensa.utalca.cl\/index.php?rest_route=%2Fwp%2Fv2%2Ftags&post=6968"}],"curies":[{"name":"wp","href":"https:\/\/api.w.org\/{rel}","templated":true}]}}