{"id":6981,"date":"2023-04-11T14:22:01","date_gmt":"2023-04-11T17:22:01","guid":{"rendered":"https:\/\/www.reportedeprensa.utalca.cl\/?p=6981"},"modified":"2023-04-11T14:28:12","modified_gmt":"2023-04-11T17:28:12","slug":"11-de-abril-de-2023","status":"publish","type":"post","link":"https:\/\/www.reportedeprensa.utalca.cl\/?p=6981","title":{"rendered":"11 de abril de 2023"},"content":{"rendered":"\t\t<div data-elementor-type=\"wp-post\" data-elementor-id=\"6981\" class=\"elementor elementor-6981\" data-elementor-settings=\"[]\">\n\t\t\t\t\t\t\t<div class=\"elementor-section-wrap\">\n\t\t\t\t\t\t\t<section class=\"elementor-section elementor-top-section elementor-element elementor-element-2a4b4b83 elementor-section-boxed elementor-section-height-default elementor-section-height-default\" data-id=\"2a4b4b83\" data-element_type=\"section\">\n\t\t\t\t\t\t<div class=\"elementor-container elementor-column-gap-default\">\n\t\t\t\t\t<div class=\"elementor-column elementor-col-100 elementor-top-column elementor-element elementor-element-24a78540\" data-id=\"24a78540\" data-element_type=\"column\">\n\t\t\t<div class=\"elementor-widget-wrap elementor-element-populated\">\n\t\t\t\t\t\t\t\t<div class=\"elementor-element elementor-element-55b07e54 elementor-widget elementor-widget-text-editor\" data-id=\"55b07e54\" data-element_type=\"widget\" data-widget_type=\"text-editor.default\">\n\t\t\t\t<div class=\"elementor-widget-container\">\n\t\t\t\t\t\t\t\t<p style=\"font-weight: 400;\"><strong>CANAL 30 TV\u00a0<\/strong><\/p><p style=\"font-weight: 400;\"><a href=\"https:\/\/www.litoralpress.cl\/sitio\/RadioTV_Detalles.cshtml?LPKey=NVOSQ2SCB7S56KIX275GX3PSES35RTYS32ND67AC7XH7RQW2JRZT2ZKTC5L7S7HWZ7GSPBLQNV3H4\">Brechas de g\u00e9nero en ciencias. Se refiere Karin Saavedra Redlich, directora general de Vinculaci\u00f3n con el Medio.\u00a0<\/a><\/p><p style=\"font-weight: 400;\"><strong>\u00a0<\/strong><\/p><p style=\"font-weight: 400;\"><strong>PUBLIMETRO\u00a0<\/strong><\/p><p style=\"font-weight: 400;\"><a href=\"https:\/\/www.litoralpress.cl\/sitio\/Prensa_PaginaCompleta.cshtml?LPKey=47QUFYGBPL7PAXK5HZDN6AVQKL57Q7MTFBOAQ3NVX4JO5FVFQUQA\">Anuncian m\u00e1s lluvias este a\u00f1o, pero seguir\u00e1 la megasequ\u00eda. Se refiere Patricio Gonz\u00e1lez Colville, acad\u00e9mico del Centro de Investigaci\u00f3n y Transferencia en Riego y Agroclimatolog\u00eda (CITRA).\u00a0<\/a><\/p><p style=\"font-weight: 400;\">\u00a0<\/p><p style=\"font-weight: 400;\"><strong>G5NOTICIAS.CL\u00a0<\/strong><\/p><p style=\"font-weight: 400;\"><a href=\"https:\/\/g5noticias.cl\/2023\/04\/09\/analizan-avances-y-desafios-de-la-salud-digital\/\">Analizan avances y desaf\u00edos de la salud digital. Se refiere Valeska Gatica Rojas, acad\u00e9mica de la Facultad de Ciencias de la Salud y directora del Centro de Telerrehabilitaci\u00f3n y Neurociencias del Movimiento Humano (CTTN) de la Instituci\u00f3n.\u00a0<\/a><\/p><p style=\"font-weight: 400;\"><strong>\u00a0<\/strong><\/p><p style=\"font-weight: 400;\"><strong>EL L\u00cdDER\u00a0<\/strong><\/p><p style=\"font-weight: 400;\"><a href=\"https:\/\/www.litoralpress.cl\/sitio\/Prensa_PaginaCompleta.cshtml?LPKey=W5UTXW55MCI2NAEOCNQJ7AKG7H3DZBOTJLJDIAM64CXCJXKMD6ZA\">Aumenta circulaci\u00f3n de virus respiratorios y se mantienen bajas tasas de vacunaci\u00f3n. Se refiere Erika Retamal Contreras, directora del Departamento de Salud P\u00fablica y Mar\u00eda Ester Mu\u00f1oz S\u00e1nchez, acad\u00e9mica de la Escuela de Enfermer\u00eda.\u00a0<\/a><\/p><p style=\"font-weight: 400;\">\u00a0<\/p><p style=\"font-weight: 400;\"><strong>EL MERCURIO\u00a0<\/strong><\/p><p style=\"font-weight: 400;\"><a href=\"https:\/\/www.litoralpress.cl\/paginaconsultas\/Servicios_NClipSitio\/Get_Imagen_Nota.aspx?LPKey=DFO4VBOODJNKYWOOACFZ6ESDWYFAEQA3K466XMOM7K4EED26MLFTWAELGMRJMH5DULUGUXEORYOHA\">Diez regiones tienen sobrepoblaci\u00f3n en sus c\u00e1rceles y otras dos est\u00e1n al l\u00edmite de su capacidad. Se refiere Ra\u00fal Carnevali Rodr\u00edguez, acad\u00e9mico de la Facultad de Ciencias Jur\u00eddicas y Sociales.\u00a0<\/a><\/p><p style=\"font-weight: 400;\"><strong>\u00a0<\/strong><\/p><p style=\"font-weight: 400;\"><strong>CANAL 30 TV\u00a0<\/strong><\/p><p style=\"font-weight: 400;\"><a href=\"https:\/\/www.litoralpress.cl\/sitio\/RadioTV_Detalles.cshtml?LPKey=X3HSCUXH4ZTO3BJXBZCDHR4D3AHI4PADBTEEL3IDXW7WG5HGFONUQMGB2JTSGGKMBFDPALRAPOQ4S\">Talca como museo abierto. Se refieren Andr\u00e9s Maraga\u00f1o Leveque, decano de la Facultad de Arquitectura, M\u00fasica y Dise\u00f1o y V\u00edctor Letelier Lara, acad\u00e9mico de la Escuela de Arquitectura.\u00a0<\/a><\/p><p style=\"font-weight: 400;\">\u00a0<\/p><p style=\"font-weight: 400;\"><strong>DIARIOTALCA.CL\u00a0<\/strong><\/p><p style=\"font-weight: 400;\"><a href=\"https:\/\/diariotalca.cl\/necesita-ayuda-para-la-operacion-renta-2023-aqui-dato-clave\/\">\u00bfNecesita ayuda para la Operaci\u00f3n Renta 2023? Aqu\u00ed dato clave. Se refiere Gu\u00edsela Osses Valderrama, acad\u00e9mica de la Facultad de Econom\u00eda y Negocios (FEN).\u00a0<\/a><\/p><p style=\"font-weight: 400;\">\u00a0<\/p><p style=\"font-weight: 400;\"><strong>MEDIABANCO.COM\u00a0<\/strong><\/p><p style=\"font-weight: 400;\"><a href=\"https:\/\/www.mediabanco.com\/operacion-renta-estudiantes-de-la-utalca-ayudan-a-contribuyentes-en-proceso-de-declaracion\/\">Operaci\u00f3n Renta: Estudiantes de la UTalca ayudan a contribuyentes en proceso de declaraci\u00f3n. Se refiere Guisela Osses Valderrama, acad\u00e9mica de la Facultad de Econom\u00eda y Negocios (FEN).\u00a0<\/a><\/p><p style=\"font-weight: 400;\">\u00a0<\/p><p style=\"font-weight: 400;\"><strong>ADPRENSA.CL\u00a0<\/strong><\/p><p style=\"font-weight: 400;\"><a href=\"https:\/\/www.adprensa.cl\/actividades-academicas\/operacion-renta-estudiantes-de-la-utalca-ayudan-a-contribuyentes-en-proceso-de-declaracion\/\">Operaci\u00f3n Renta: Estudiantes de la UTalca ayudan a contribuyentes en proceso de declaraci\u00f3n. Se refiere Guisela Osses Valderrama, acad\u00e9mica de la Facultad de Econom\u00eda y Negocios (FEN).\u00a0<\/a><\/p><p style=\"font-weight: 400;\">\u00a0<\/p><p style=\"font-weight: 400;\"><strong>DIARIOSENRED.COM\u00a0<\/strong><\/p><p style=\"font-weight: 400;\"><a href=\"https:\/\/www.diariosenred.com\/regional\/operacion-renta-estudiantes-de-la-utalca-ayudan-a-contribuyentes-en\">Operaci\u00f3n Renta: Estudiantes de la UTalca ayudan a contribuyentes en proceso de declaraci\u00f3n. Se refiere Guisela Osses Valderrama, acad\u00e9mica de la Facultad de Econom\u00eda y Negocios (FEN).\u00a0<\/a><\/p><p style=\"font-weight: 400;\">\u00a0<\/p><p style=\"font-weight: 400;\"><strong>CHOCALE.CL\u00a0<\/strong><\/p><p style=\"font-weight: 400;\"><a href=\"https:\/\/chocale.cl\/2023\/04\/operacion-renta-2023-universitarios-ofreceran-ayuda-gratuita-a-contribuyentes-de-talca\/\">Operaci\u00f3n Renta: Estudiantes de la UTalca ayudan a contribuyentes en proceso de declaraci\u00f3n. Se refiere Guisela Osses Valderrama, acad\u00e9mica de la Facultad de Econom\u00eda y Negocios (FEN).\u00a0<\/a><\/p><p style=\"font-weight: 400;\">\u00a0<\/p><p style=\"font-weight: 400;\"><strong>REDMAULE.COM\u00a0<\/strong><\/p><p style=\"font-weight: 400;\"><a href=\"https:\/\/www.redmaule.com\/regional\/operacion-renta-estudiantes-de-la-utalca-ayudan-a-contribuyentes-en\">Operaci\u00f3n Renta: Estudiantes de la UTalca ayudan a contribuyentes en proceso de declaraci\u00f3n. Se refiere Guisela Osses Valderrama, acad\u00e9mica de la Facultad de Econom\u00eda y Negocios (FEN).\u00a0<\/a><\/p><p style=\"font-weight: 400;\">\u00a0<\/p><p style=\"font-weight: 400;\"><strong>REDBIOBIO.COM\u00a0<\/strong><\/p><p style=\"font-weight: 400;\"><a href=\"https:\/\/redbiobio.com\/regional\/operacion-renta-estudiantes-de-la-utalca-ayudan-a-contribuyentes-en\">Operaci\u00f3n Renta: Estudiantes de la UTalca ayudan a contribuyentes en proceso de declaraci\u00f3n. Se refiere Guisela Osses Valderrama, acad\u00e9mica de la Facultad de Econom\u00eda y Negocios (FEN).\u00a0<\/a><\/p><p style=\"font-weight: 400;\">\u00a0<\/p><p style=\"font-weight: 400;\"><strong>ELMAULEINFORMA.CL\u00a0<\/strong><\/p><p style=\"font-weight: 400;\"><a href=\"https:\/\/elmauleinforma.cl\/operacion-renta-estudiantes-de-la-utalca-ayudan-a-contribuyentes-en-proceso-de-declaracion\/\">Operaci\u00f3n Renta: Estudiantes de la UTalca ayudan a contribuyentes en proceso de declaraci\u00f3n. Se refiere Gu\u00edsela Osses Valderrama, acad\u00e9mica de la Facultad de Econom\u00eda y Negocios (FEN).\u00a0<\/a><\/p><p style=\"font-weight: 400;\">\u00a0<\/p><p style=\"font-weight: 400;\"><strong>CAUQUENES.NET\u00a0<\/strong><\/p><p style=\"font-weight: 400;\"><a href=\"https:\/\/cauquenesnet.cl\/2023\/04\/10\/operacion-renta-estudiantes-de-la-utalca-ayudan-a-contribuyentes-en-proceso-de-declaracion\/\">Operaci\u00f3n renta: estudiantes de la UTalca ayudan a contribuyentes en proceso de declaraci\u00f3n. Se refiere Gu\u00edsela Osses Valderrama, acad\u00e9mica de la Facultad de Econom\u00eda y Negocios (FEN).\u00a0<\/a><\/p><p style=\"font-weight: 400;\">\u00a0<\/p><p style=\"font-weight: 400;\"><strong>EL LECTOR\u00a0<\/strong><\/p><p style=\"font-weight: 400;\"><a href=\"https:\/\/www.litoralpress.cl\/paginaconsultas\/Servicios_NClipSitio\/Get_Imagen_Pagina.aspx?LPKey=Z3USGIWSFH57NK4IZKK3XDEQRXLPK54ACO3GWUXNPF22KT2X3IPA\">Proyecto acerca la astronom\u00eda de forma l\u00fadica e inclusiva a los maulinos. Se refiere Daniela Olave, acad\u00e9mica de la Facultad de Ingenier\u00eda.\u00a0<\/a><\/p><p style=\"font-weight: 400;\">\u00a0<\/p><p style=\"font-weight: 400;\"><strong>LA PRENSA DE CURIC\u00d3\u00a0<\/strong><\/p><p style=\"font-weight: 400;\"><a href=\"https:\/\/www.litoralpress.cl\/paginaconsultas\/Servicios_NClipSitio\/Get_Imagen_Nota.aspx?LPKey=YAXT3U7QEN63NPJQ64QJSJHDAE3JMVTXTYT4TA6AOYJVS57WT7OSQQ6WYZN26GSLKIXBZVVB6Q73E\">Acercan la astronom\u00eda de forma l\u00fadica e Inclusiva a los maulinos. Se refiere Daniela Olave, acad\u00e9mica de la Facultad de Ingenier\u00eda.\u00a0<\/a><\/p><p style=\"font-weight: 400;\">\u00a0<\/p><p style=\"font-weight: 400;\"><strong>DIARIOTALCA.CL\u00a0<\/strong><\/p><p style=\"font-weight: 400;\"><a href=\"https:\/\/diariotalca.cl\/sabe-que-son-las-estafas-media-dropping-experto-detalla-como-prevenir\/\">\u00bfSabe qu\u00e9 son las estafas \u00abmedia dropping\u201d? Experto detalla c\u00f3mo prevenir. Se refiere Rodrigo Bustamante Gonz\u00e1lez, jefe de Seguridad Digital de la Universidad de Talca.\u00a0<\/a><\/p><p style=\"font-weight: 400;\">\u00a0<\/p><p style=\"font-weight: 400;\"><strong>G5NOTICIAS.CL\u00a0<\/strong><\/p><p style=\"font-weight: 400;\"><a href=\"https:\/\/g5noticias.cl\/2023\/04\/09\/experto-entrega-recomendaciones-para-evitar-delito-de-media-dropping\/\">Experto entrega recomendaciones para evitar delito de \u201cmedia dropping\u201d. Se refiere Rodrigo Bustamante Gonz\u00e1lez, jefe de Seguridad Digital de la Universidad de Talca.\u00a0<\/a><\/p><p style=\"font-weight: 400;\">\u00a0<\/p><p style=\"font-weight: 400;\"><strong>MEGANOTICIAS.CL\u00a0<\/strong><\/p><p style=\"font-weight: 400;\"><a href=\"https:\/\/www.meganoticias.cl\/nacional\/411016-mauricio-morales-cadem-encuesta-analisis-presidente-boric-apruebo-dignidad-pintura-de-guerra-09-07-2023.html\">Mauricio Morales analiz\u00f3 la \u00faltima Cadem en relaci\u00f3n al Presidente Boric y Apruebo Dignidad: &#8220;Con pintura de guerra&#8221;. Se refiere Mauricio Morales Quiroga, director del Centro de An\u00e1lisis Pol\u00edtico (CAP).\u00a0<\/a><\/p><p style=\"font-weight: 400;\">\u00a0<\/p><p style=\"font-weight: 400;\"><strong>EL DIVISADERO\u00a0<\/strong><\/p><p style=\"font-weight: 400;\"><a href=\"https:\/\/www.litoralpress.cl\/sitio\/Prensa_PaginaCompleta.cshtml?LPKey=3DZB246SHR2NLBDLUMARBFFN36KJXK2WGALWPQTQ2V3FW27GWRLA\">Proyecto cient\u00edfico-comunitario: Realizan el muestreo m\u00e1s grande a r\u00edos de la Patagonia. Se menciona UTalca.\u00a0<\/a><\/p>\t\t\t\t\t\t<\/div>\n\t\t\t\t<\/div>\n\t\t\t\t\t<\/div>\n\t\t<\/div>\n\t\t\t\t\t\t\t<\/div>\n\t\t<\/section>\n\t\t\t\t\t\t<\/div>\n\t\t\t\t\t<\/div>\n\t\t","protected":false},"excerpt":{"rendered":"<p>CANAL 30 TV\u00a0 Brechas de g\u00e9nero en ciencias. Se refiere Karin Saavedra Redlich, directora general de Vinculaci\u00f3n con el Medio.\u00a0 \u00a0 PUBLIMETRO\u00a0 Anuncian m\u00e1s lluvias este a\u00f1o, pero seguir\u00e1 la megasequ\u00eda. Se refiere Patricio Gonz\u00e1lez Colville, acad\u00e9mico del Centro de Investigaci\u00f3n y Transferencia en Riego y Agroclimatolog\u00eda (CITRA).\u00a0 \u00a0 G5NOTICIAS.CL\u00a0 Analizan avances y desaf\u00edos de &hellip;<\/p>\n<p class=\"read-more\"> <a class=\"\" href=\"https:\/\/www.reportedeprensa.utalca.cl\/?p=6981\"> <span class=\"screen-reader-text\">11 de abril de 2023<\/span> Read More &raquo;<\/a><\/p>\n","protected":false},"author":1,"featured_media":0,"comment_status":"closed","ping_status":"open","sticky":false,"template":"","format":"standard","meta":{"_monsterinsights_skip_tracking":false,"_monsterinsights_sitenote_active":false,"_monsterinsights_sitenote_note":"","_monsterinsights_sitenote_category":0},"categories":[32],"tags":[],"_links":{"self":[{"href":"https:\/\/www.reportedeprensa.utalca.cl\/index.php?rest_route=\/wp\/v2\/posts\/6981"}],"collection":[{"href":"https:\/\/www.reportedeprensa.utalca.cl\/index.php?rest_route=\/wp\/v2\/posts"}],"about":[{"href":"https:\/\/www.reportedeprensa.utalca.cl\/index.php?rest_route=\/wp\/v2\/types\/post"}],"author":[{"embeddable":true,"href":"https:\/\/www.reportedeprensa.utalca.cl\/index.php?rest_route=\/wp\/v2\/users\/1"}],"replies":[{"embeddable":true,"href":"https:\/\/www.reportedeprensa.utalca.cl\/index.php?rest_route=%2Fwp%2Fv2%2Fcomments&post=6981"}],"version-history":[{"count":4,"href":"https:\/\/www.reportedeprensa.utalca.cl\/index.php?rest_route=\/wp\/v2\/posts\/6981\/revisions"}],"predecessor-version":[{"id":6985,"href":"https:\/\/www.reportedeprensa.utalca.cl\/index.php?rest_route=\/wp\/v2\/posts\/6981\/revisions\/6985"}],"wp:attachment":[{"href":"https:\/\/www.reportedeprensa.utalca.cl\/index.php?rest_route=%2Fwp%2Fv2%2Fmedia&parent=6981"}],"wp:term":[{"taxonomy":"category","embeddable":true,"href":"https:\/\/www.reportedeprensa.utalca.cl\/index.php?rest_route=%2Fwp%2Fv2%2Fcategories&post=6981"},{"taxonomy":"post_tag","embeddable":true,"href":"https:\/\/www.reportedeprensa.utalca.cl\/index.php?rest_route=%2Fwp%2Fv2%2Ftags&post=6981"}],"curies":[{"name":"wp","href":"https:\/\/api.w.org\/{rel}","templated":true}]}}