{"id":6993,"date":"2023-04-14T09:01:51","date_gmt":"2023-04-14T12:01:51","guid":{"rendered":"https:\/\/www.reportedeprensa.utalca.cl\/?p=6993"},"modified":"2023-04-16T22:04:19","modified_gmt":"2023-04-17T01:04:19","slug":"12-de-abril-de-2023","status":"publish","type":"post","link":"https:\/\/www.reportedeprensa.utalca.cl\/?p=6993","title":{"rendered":"12 de abril de 2023"},"content":{"rendered":"\t\t<div data-elementor-type=\"wp-post\" data-elementor-id=\"6993\" class=\"elementor elementor-6993\" data-elementor-settings=\"[]\">\n\t\t\t\t\t\t\t<div class=\"elementor-section-wrap\">\n\t\t\t\t\t\t\t<section class=\"elementor-section elementor-top-section elementor-element elementor-element-2a4b4b83 elementor-section-boxed elementor-section-height-default elementor-section-height-default\" data-id=\"2a4b4b83\" data-element_type=\"section\">\n\t\t\t\t\t\t<div class=\"elementor-container elementor-column-gap-default\">\n\t\t\t\t\t<div class=\"elementor-column elementor-col-100 elementor-top-column elementor-element elementor-element-24a78540\" data-id=\"24a78540\" data-element_type=\"column\">\n\t\t\t<div class=\"elementor-widget-wrap elementor-element-populated\">\n\t\t\t\t\t\t\t\t<div class=\"elementor-element elementor-element-55b07e54 elementor-widget elementor-widget-text-editor\" data-id=\"55b07e54\" data-element_type=\"widget\" data-widget_type=\"text-editor.default\">\n\t\t\t\t<div class=\"elementor-widget-container\">\n\t\t\t\t\t\t\t\t<p><strong>LATERCERA.COM<\/strong><\/p><p><a href=\"https:\/\/www.latercera.com\/laboratoriodecontenidos\/noticia\/como-afectara-a-nuestro-clima-el-aumento-en-las-temperaturas-del-oceano\/F72W33Y73BAWVIRJ5DSPSS4YXA\/\">\u00bfC\u00f3mo afectar\u00e1 a nuestro clima el aumento en las temperaturas del oc\u00e9ano? Se refiere Patricio Gonz\u00e1lez Colville, acad\u00e9mico del Centro de Investigaci\u00f3n y Transferencia en Riego y Agroclimatolog\u00eda (CITRA).<\/a><\/p><p>\u00a0<\/p><p><strong>RADIO AMIGA<\/strong><\/p><p><a href=\"https:\/\/www.litoralpress.cl\/sitio\/RadioTV_Detalles.cshtml?LPKey=VM6B7K3WAIMFNUWFYFWHFGNFESL4J3TVN2HNGRU4Z5IN4WBC45XMADWOOFG5FSJS6LKAG4UXAOHEU\">&#8220;Huertos sustentables&#8221; se denomina proyecto de estudiantes de la Escuela de Agronom\u00eda U Talca. Se refiere Marlene Guti\u00e9rrez Urzua, directora del Programa de Formaci\u00f3n Fundamental y Nicol\u00e1s Saavedra, estudiante de la Escuela de Agronom\u00eda.<\/a><\/p><p>\u00a0<\/p><p><strong>EL HERALDO<\/strong><\/p><p><a href=\"https:\/\/www.litoralpress.cl\/paginaconsultas\/Servicios_NClipSitio\/Get_Imagen_Nota.aspx?LPKey=22LOHPWTGFU7OQ43AFYZSDHHLO3TBLDYYO7AWQBLQ52CG7LGPSPFSYS3TY3NKM6K6BU655M6BWAMC\">Operaci\u00f3n Renta: Estudiantes de la UTalca ayudan a contribuyentes en proceso de declaraci\u00f3n. Se refiere Guisela Osses Valderrama, acad\u00e9mica de la Facultad de Econom\u00eda y Negocios (FEN).<\/a><\/p><p>\u00a0<\/p><p><strong>LA PRENSA DE CURIC\u00d3<\/strong><\/p><p><a href=\"https:\/\/www.litoralpress.cl\/paginaconsultas\/Servicios_NClipSitio\/Get_Imagen_Nota.aspx?LPKey=5C4CWXSSYAYCYLKRU4VQDMQGBQBBVM5EXLWVHSSKI3R2Q4NJW2ZFSUXIVGZKUSGSKCY7XWS2OXAOQ\">Estudiantes de la UTalca asesoran a contribuyentes en declaraci\u00f3n de Renta. Se refiere Guisela Osses Valderrama, acad\u00e9mica de la Facultad de Econom\u00eda y Negocios (FEN).<\/a><\/p><p>\u00a0<\/p><p><strong>DIARIOELHERALDO.CL<\/strong><\/p><p><a href=\"https:\/\/www.diarioelheraldo.cl\/noticia\/operacion-renta-estudiantes-de-la-utalca-ayudan-a-contribuyentes-en-proceso-de-declaracion-\">Operaci\u00f3n Renta: Estudiantes de la UTalca ayudan a contribuyentes en proceso de declaraci\u00f3n. Se refiere Guisela Osses Valderrama, acad\u00e9mica de la Facultad de Econom\u00eda y Negocios (FEN).<\/a><\/p><p>\u00a0<\/p><p><strong>ELCENTRO.CL<\/strong><\/p><p><a href=\"https:\/\/elcentro.cl\/2023\/04\/10\/inflacion-y-reajustes-mezquinos\/\">Inflaci\u00f3n y reajustes mezquinos. Se refiere Arcadio Cerda Urrutia, acad\u00e9mico de la Facultad Econom\u00eda y Negocios (FEN).<\/a><\/p><p>\u00a0<\/p><p><strong>ADPRENSA.CL<\/strong><\/p><p><a href=\"https:\/\/www.adprensa.cl\/actividades-academicas\/proyecto-de-las-40-horas-especialista-cuestiona-flexibilidad-de-nueva-normativa%ef%bf%bc\/\">Proyecto de las 40 horas: especialista cuestiona flexibilidad de nueva normativa. Se refiere Irene Rojas Mi\u00f1o, acad\u00e9mica y directora del Centro de Estudios de Derecho del Trabajo y de la Seguridad Social (CENTRASS).<\/a><\/p><p>\u00a0<\/p><p><strong>MEDIABANCO.COM<\/strong><\/p><p><a href=\"https:\/\/www.mediabanco.com\/proyecto-de-las-40-horas-especialista-cuestiona-flexibilidad-de-nueva-normativa\/\">Proyecto de las 40 horas: especialista cuestiona flexibilidad de nueva normativa. Se refiere Irene Rojas Mi\u00f1o, acad\u00e9mica y directora del Centro de Estudios de Derecho del Trabajo y de la Seguridad Social (CENTRASS).<\/a><\/p><p>\u00a0<\/p><p><strong>ELMAULEINFORMA.CL<\/strong><\/p><p><a href=\"https:\/\/elmauleinforma.cl\/proyecto-de-las-40-horas-especialista-cuestiona-flexibilidad-de-nueva-normativa%ef%bf%bc\/\">Proyecto de las 40 horas: especialista cuestiona flexibilidad de nueva normativa. Se refiere Irene Rojas Mi\u00f1o, acad\u00e9mica y directora del Centro de Estudios de Derecho del Trabajo y de la Seguridad Social (CENTRASS).<\/a><\/p><p>\u00a0<\/p><p><strong>G5NOTICIAS.CL<\/strong><\/p><p><a href=\"https:\/\/g5noticias.cl\/2023\/04\/11\/proyecto-de-las-40-horas-especialista-cuestiona-flexibilidad-de-nueva-normativa\/\">Proyecto de las 40 horas: especialista cuestiona flexibilidad de nueva normativa. Se refiere Irene Rojas Mi\u00f1o, acad\u00e9mica y directora del Centro de Estudios de Derecho del Trabajo y de la Seguridad Social (CENTRASS).<\/a><\/p><p>\u00a0<\/p><p><strong>EL CENTRO<\/strong><\/p><p><a href=\"https:\/\/www.litoralpress.cl\/sitio\/Prensa_PaginaCompleta.cshtml?LPKey=MY7UG6YTKTI6NUTKZD6LHJWAK5N4R76S3QX5BJA67UJIS2ULFOSQ\">El rol de los medios de comunicaci\u00f3n en el populismo penal. Se refiere Diego Palomo V\u00e9lez, acad\u00e9mico de la Facultad de Ciencias Jur\u00eddicas y Sociales.<\/a><\/p><p>\u00a0<\/p><p><strong>LA SEGUNDA<\/strong><\/p><p><a href=\"https:\/\/www.litoralpress.cl\/sitio\/Prensa_PaginaCompleta.cshtml?LPKey=5S3XGZPTQFZRVI2QNPNKGHKESJ74FZZ6Z6A5YJCAL4LXZ6KZQK3A\">Choque FA-Toh\u00e1 por seguridad llega a La Moneda: Le piden liderazgo y coordinaci\u00f3n. Se refiere Mauricio Morales Quiroga, director del Centro de An\u00e1lisis Pol\u00edtico (CAP).<\/a><\/p><p>\u00a0<\/p><p><strong>RADIO INFINITA<\/strong><\/p><p><a href=\"https:\/\/www.litoralpress.cl\/sitio\/RadioTV_Detalles.cshtml?LPKey=HCTHY7IRW53MDJ7V2MAYNFW7URZSFV5QGQWKKIKTPKE6DMT57GERBXAVE3FP6SACFH7D55RW7PKWW\">Comentario de Mauricio Morales Quiroga, director del Centro de An\u00e1lisis Pol\u00edtico (CAP).<\/a><\/p><p>\u00a0<\/p><p><strong>EMOL.COM<\/strong><\/p><p><a href=\"https:\/\/www.emol.com\/noticias\/Nacional\/2023\/04\/10\/1091772\/analisis-franja-electoral-consejeros.html\">Una franja con mucho de hoy y poco de futuro: Expertos desmenuzan los puntos altos y bajos del espacio televisivo. Se refiere Mauricio Morales Quiroga, director del Centro de An\u00e1lisis Pol\u00edtico (CAP).<\/a><\/p><p>\u00a0<\/p><p><strong>ELMOSTRADOR.CL<\/strong><\/p><p><a href=\"https:\/\/www.elmostrador.cl\/noticias\/pais\/2023\/04\/11\/libres-sentido-comun-fuerza-de-la-muchedumbre-y-nuevo-tiempo-los-partidos-en-formacion-que-buscan-sumarse-al-fragmentado-paisaje-politico\/\">Libres, Sentido Com\u00fan, Fuerza de la Muchedumbre y Nuevo Tiempo: los partidos en formaci\u00f3n que buscan sumarse al fragmentado paisaje pol\u00edtico. Se refiere Mauricio Morales Quiroga, director del Centro de An\u00e1lisis Pol\u00edtico (CAP).<\/a><\/p><p>\u00a0<\/p><p><strong>CHILEOCIO.CL<\/strong><\/p><p><a href=\"https:\/\/chileocio.cl\/libres-sentido-comun-fuerza-muchedumbre-y-nuevo-tiempo-los-partidos-en-formacion-que-buscan-sumarse-al-fragmentado-paisaje-politico\/#afk\">Libres, Sentido Com\u00fan, Fuerza Muchedumbre y Nuevo Tiempo: los partidos en formaci\u00f3n que buscan sumarse al fragmentado paisaje pol\u00edtico. Se refiere Mauricio Morales Quiroga, director del Centro de An\u00e1lisis Pol\u00edtico (CAP).<\/a><\/p><p>\u00a0<\/p><p><strong>NINAFM.CL<\/strong><\/p><p><a href=\"https:\/\/ninafm.cl\/2023\/04\/11\/libres-sentido-comun-fuerza-muchedumbre-y-nuevo-tiempo-los-partidos-en-formacion-que-buscan-sumarse-al-fragmentado-paisaje-politico\/\">Libres, Sentido Com\u00fan, Fuerza Muchedumbre y Nuevo Tiempo: los partidos en formaci\u00f3n que buscan sumarse al fragmentado paisaje pol\u00edtico. Se refiere Mauricio Morales Quiroga, director del Centro de An\u00e1lisis Pol\u00edtico (CAP).<\/a><\/p><p>\u00a0<\/p><p><strong>PAUTA.CL<\/strong><\/p><p><a href=\"https:\/\/www.pauta.cl\/politica\/las-primeras-propuestas-de-la-comision-experta-para-el-sistema-politico\">Las primeras propuestas de la Comisi\u00f3n Experta para el sistema pol\u00edtico. Se refiere Mauricio Morales Quiroga, director del Centro de An\u00e1lisis Pol\u00edtico (CAP).<\/a><\/p><p>\u00a0<\/p><p><strong>ELURBANORURAL.CL<\/strong><\/p><p><a href=\"http:\/\/elurbanorural.cl\/lanzan-programa-de-informacion-agroclimatica-y-practicas-regenerativas-frente-al-cambio-climatico\/\">Lanzan programa de informaci\u00f3n agroclim\u00e1tica y pr\u00e1cticas regenerativas frente al cambio clim\u00e1tico. Se menciona a la UTalca.<\/a><\/p><p>\u00a0<\/p><p><strong>VI.CL<\/strong><\/p><p><a href=\"https:\/\/www.vi.cl\/index.php?option=com_content&amp;view=article&amp;id=17761:2023-04-11-02-04-43&amp;catid=10:arte-cultura&amp;Itemid=156\">Vive el \u201cFestival Internacional Wine &amp; Poetry Colchagua 2023\u201d en su primera versi\u00f3n. Se menciona a la UTalca.<\/a><\/p><p>\u00a0<\/p><p><strong>DIARIOELMARINO.CL<\/strong><\/p><p><a href=\"http:\/\/www.diarioelmarino.cl\/2023\/04\/11\/colchagua-se-prepara-para-el-primer-festival-internacional-de-poesia-wine-poetry-colchagua-2023\/\">Colchagua se prepara para el Primer Festival Internacional de Poes\u00eda \u201cWine &amp; Poetry Colchagua 2023\u201d. Se menciona a la UTalca.<\/a><\/p><p>\u00a0<\/p>\t\t\t\t\t\t<\/div>\n\t\t\t\t<\/div>\n\t\t\t\t\t<\/div>\n\t\t<\/div>\n\t\t\t\t\t\t\t<\/div>\n\t\t<\/section>\n\t\t\t\t\t\t<\/div>\n\t\t\t\t\t<\/div>\n\t\t","protected":false},"excerpt":{"rendered":"<p>LATERCERA.COM \u00bfC\u00f3mo afectar\u00e1 a nuestro clima el aumento en las temperaturas del oc\u00e9ano? Se refiere Patricio Gonz\u00e1lez Colville, acad\u00e9mico del Centro de Investigaci\u00f3n y Transferencia en Riego y Agroclimatolog\u00eda (CITRA). \u00a0 RADIO AMIGA &#8220;Huertos sustentables&#8221; se denomina proyecto de estudiantes de la Escuela de Agronom\u00eda U Talca. Se refiere Marlene Guti\u00e9rrez Urzua, directora del Programa &hellip;<\/p>\n<p class=\"read-more\"> <a class=\"\" href=\"https:\/\/www.reportedeprensa.utalca.cl\/?p=6993\"> <span class=\"screen-reader-text\">12 de abril de 2023<\/span> Read More &raquo;<\/a><\/p>\n","protected":false},"author":1,"featured_media":0,"comment_status":"closed","ping_status":"open","sticky":false,"template":"","format":"standard","meta":{"_monsterinsights_skip_tracking":false,"_monsterinsights_sitenote_active":false,"_monsterinsights_sitenote_note":"","_monsterinsights_sitenote_category":0},"categories":[32],"tags":[],"_links":{"self":[{"href":"https:\/\/www.reportedeprensa.utalca.cl\/index.php?rest_route=\/wp\/v2\/posts\/6993"}],"collection":[{"href":"https:\/\/www.reportedeprensa.utalca.cl\/index.php?rest_route=\/wp\/v2\/posts"}],"about":[{"href":"https:\/\/www.reportedeprensa.utalca.cl\/index.php?rest_route=\/wp\/v2\/types\/post"}],"author":[{"embeddable":true,"href":"https:\/\/www.reportedeprensa.utalca.cl\/index.php?rest_route=\/wp\/v2\/users\/1"}],"replies":[{"embeddable":true,"href":"https:\/\/www.reportedeprensa.utalca.cl\/index.php?rest_route=%2Fwp%2Fv2%2Fcomments&post=6993"}],"version-history":[{"count":4,"href":"https:\/\/www.reportedeprensa.utalca.cl\/index.php?rest_route=\/wp\/v2\/posts\/6993\/revisions"}],"predecessor-version":[{"id":7011,"href":"https:\/\/www.reportedeprensa.utalca.cl\/index.php?rest_route=\/wp\/v2\/posts\/6993\/revisions\/7011"}],"wp:attachment":[{"href":"https:\/\/www.reportedeprensa.utalca.cl\/index.php?rest_route=%2Fwp%2Fv2%2Fmedia&parent=6993"}],"wp:term":[{"taxonomy":"category","embeddable":true,"href":"https:\/\/www.reportedeprensa.utalca.cl\/index.php?rest_route=%2Fwp%2Fv2%2Fcategories&post=6993"},{"taxonomy":"post_tag","embeddable":true,"href":"https:\/\/www.reportedeprensa.utalca.cl\/index.php?rest_route=%2Fwp%2Fv2%2Ftags&post=6993"}],"curies":[{"name":"wp","href":"https:\/\/api.w.org\/{rel}","templated":true}]}}