{"id":6995,"date":"2023-04-14T09:02:11","date_gmt":"2023-04-14T12:02:11","guid":{"rendered":"https:\/\/www.reportedeprensa.utalca.cl\/?p=6995"},"modified":"2023-04-16T22:19:11","modified_gmt":"2023-04-17T01:19:11","slug":"13-de-abril-de-2023","status":"publish","type":"post","link":"https:\/\/www.reportedeprensa.utalca.cl\/?p=6995","title":{"rendered":"13 de abril de 2023"},"content":{"rendered":"\t\t<div data-elementor-type=\"wp-post\" data-elementor-id=\"6995\" class=\"elementor elementor-6995\" data-elementor-settings=\"[]\">\n\t\t\t\t\t\t\t<div class=\"elementor-section-wrap\">\n\t\t\t\t\t\t\t<section class=\"elementor-section elementor-top-section elementor-element elementor-element-2a4b4b83 elementor-section-boxed elementor-section-height-default elementor-section-height-default\" data-id=\"2a4b4b83\" data-element_type=\"section\">\n\t\t\t\t\t\t<div class=\"elementor-container elementor-column-gap-default\">\n\t\t\t\t\t<div class=\"elementor-column elementor-col-100 elementor-top-column elementor-element elementor-element-24a78540\" data-id=\"24a78540\" data-element_type=\"column\">\n\t\t\t<div class=\"elementor-widget-wrap elementor-element-populated\">\n\t\t\t\t\t\t\t\t<div class=\"elementor-element elementor-element-55b07e54 elementor-widget elementor-widget-text-editor\" data-id=\"55b07e54\" data-element_type=\"widget\" data-widget_type=\"text-editor.default\">\n\t\t\t\t<div class=\"elementor-widget-container\">\n\t\t\t\t\t\t\t\t<p><strong>RADIO SONAR<\/strong><\/p><p><a href=\"https:\/\/www.litoralpress.cl\/sitio\/RadioTV_Detalles.cshtml?LPKey=OXSOGFHGIVGFZM4WVDRO33RFZVU47NXIAX7TJTYRPUZF2WAHATGO6UAPFKSZR4ZGZM4GG2FEDO7Y2\">Temperaturas r\u00e9cord del mar y Fen\u00f3meno del Ni\u00f1o. Se refiere Patricio Gonz\u00e1lez Colville, acad\u00e9mico del Centro de Investigaci\u00f3n y Transferencia en Riego y Agroclimatolog\u00eda (CITRA).<\/a><\/p><p>\u00a0<\/p><p><strong>RADIO COOPERATIVA<\/strong><\/p><p><a href=\"https:\/\/www.litoralpress.cl\/sitio\/RadioTV_Detalles.cshtml?LPKey=AZUKZBABBMIXDJGAEZQUWKS2SJDT5J6UNQC463CZ3HMO5FCJN7M5HTF64XNYZ2LKUW4TXNLKL5FQU\">Fen\u00f3meno de El Ni\u00f1o. Se refiere Patricio Gonz\u00e1lez Colville, acad\u00e9mico del Centro de Investigaci\u00f3n y Transferencia en Riego y Agroclimatolog\u00eda (CITRA).<\/a><\/p><p>\u00a0<\/p><p><strong>CANAL 13<\/strong><\/p><p><a href=\"https:\/\/www.litoralpress.cl\/sitio\/RadioTV_Detalles.cshtml?LPKey=FPFXADFXFUQUZ4V4E2ZMUPISXIEVDY4T23WHSDW5OVTSYONYE2BB2K6LEKESNFCE447OOU44BERR2\">A mediados de este a\u00f1o se instalar\u00e1 el Fen\u00f3meno del Ni\u00f1o. Se menciona a Patricio Gonz\u00e1lez Colville, acad\u00e9mico del Centro de Investigaci\u00f3n y Transferencia en Riego y Agroclimatolog\u00eda (CITRA).<\/a><\/p><p>\u00a0<\/p><p><strong>CANAL 16 LAUTARO TV<\/strong><\/p><p><a href=\"https:\/\/www.litoralpress.cl\/sitio\/RadioTV_Detalles.cshtml?LPKey=F2ZLL6V6TTJP3QYWGLUKLBB4D7ZLUYPSWIXJ33OXP3II7VH6CZT7DBPV7MGIBTHZMLQ4X4EJOGILG\">Entrevista a Patricio Gonz\u00e1lez Colville, acad\u00e9mico del Centro de Investigaci\u00f3n y Transferencia en Riego y Agroclimatolog\u00eda (CITRA).<\/a><\/p><p>\u00a0<\/p><p><strong>EL MERCURIO<\/strong><\/p><p><a href=\"https:\/\/www.litoralpress.cl\/paginaconsultas\/Servicios_NClipSitio\/Get_Imagen_Nota.aspx?LPKey=AG4XURDY6NXEWUE2I4KW623DPRMTXYFT7GRFX4ITMCLYGZOG36KNECTCQRXGFWZQRQT7H4NOK5IGW\">Populismo procesal. Se refiere Diego Palomo V\u00e9lez, acad\u00e9mico de la Facultad de Ciencias Jur\u00eddicas.<\/a><\/p><p>\u00a0<\/p><p><strong>ELMOSTRADOR.CL<\/strong><\/p><p><a href=\"https:\/\/www.elmostrador.cl\/noticias\/opinion\/2023\/04\/12\/necesidad-de-una-reforma-a-la-justicia-civil\/\">Necesidad de una reforma a la justicia civil. Se refiere Diego Palomo V\u00e9lez, acad\u00e9mico de la Facultad de Ciencias Jur\u00eddicas y Sociales.\u00a0<\/a><\/p><p>\u00a0<\/p><p><strong>PUBLIMETRO<\/strong><\/p><p><a href=\"https:\/\/www.litoralpress.cl\/paginaconsultas\/Servicios_NClipSitio\/Get_Imagen_Nota.aspx?LPKey=7ILHHHNZ24XGFBIZC6KNG65JMARIEO3VAL2L3MIV6O3ANCLHHX5D35MTRJPUYGGOASLQDX6RVT5Y4\">Los desaf\u00edos que van a enfrentar las empresas. Se refiere Irene Rojas Mi\u00f1o, acad\u00e9mica y directora del Centro de Estudios de Derecho del Trabajo y de la Seguridad Social (CENTRASS).<\/a><\/p><p>\u00a0<\/p><p><strong>LA PRENSA DE CURIC\u00d3<\/strong><\/p><p><a href=\"https:\/\/www.litoralpress.cl\/sitio\/Prensa_PaginaCompleta.cshtml?LPKey=NUUGEB2OCF32P2UTOX6E44EXYXCVBFQ3PNNDJWXV4OEAX2VDMQKA\">C\u00e1mara de Diputados vota favorablemente proyecto de ley que reduce jornada laboral. Se refiere Irene Rojas Mi\u00f1o, acad\u00e9mica y directora del Centro de Estudios de Derecho del Trabajo y de la Seguridad Social (CENTRASS).<\/a><\/p><p>\u00a0<\/p><p><strong>ELDIARIOARAUCANIA.CL<\/strong><\/p><p><a href=\"https:\/\/eldiariodelaaraucania.cl\/2023\/04\/12\/proyecto-de-las-40-horas-especialista-cuestiona-flexibilidad-de-nueva-normativa\/\">Proyecto de las 40 horas: especialista cuestiona flexibilidad de nueva normativa. Se refiere Irene Rojas Mi\u00f1o, acad\u00e9mica y directora del Centro de Estudios de Derecho del Trabajo y de la Seguridad Social (CENTRASS).<\/a><\/p><p>\u00a0<\/p><p><strong>ELDIARIOSANTIAGO.CL<\/strong><\/p><p><a href=\"https:\/\/eldiariosantiago.cl\/2023\/04\/12\/proyecto-de-las-40-horas-especialista-cuestiona-flexibilidad-de-nueva-normativa\/\">Proyecto de las 40 horas: especialista cuestiona flexibilidad de nueva normativa. Se refiere Irene Rojas Mi\u00f1o, acad\u00e9mica y directora del Centro de Estudios de Derecho del Trabajo y de la Seguridad Social (CENTRASS).<\/a><\/p><p>\u00a0<\/p><p><strong>LAVOZENLINEA.CL<\/strong><\/p><p><a href=\"https:\/\/lavozenlinea.cl\/2023\/04\/proyecto-de-las-40-horas-especialista-cuestiona-flexibilidad-de-nueva-normativa\/\">Proyecto de las 40 horas: especialista cuestiona flexibilidad de nueva normativa. Se refiere Irene Rojas Mi\u00f1o, acad\u00e9mica y directora del Centro de Estudios de Derecho del Trabajo y de la Seguridad Social (CENTRASS).<\/a><\/p><p>\u00a0<\/p><p><strong>RADIO.UCHILE.CL<\/strong><\/p><p><a href=\"https:\/\/radio.uchile.cl\/2023\/04\/11\/proyecto-que-regula-uso-de-la-fuerza-enfrenta-dificil-escenario-en-el-parlamento-diputados-opositores-lo-calificaron-de-gatillo-imposible\/\">Proyecto que regula uso de la fuerza enfrenta dif\u00edcil escenario en el Parlamento: Diputados opositores lo calificaron de \u201cgatillo imposible\u201d. Se refiere Jorge Cabrera Guirao, acad\u00e9mico de la Facultad de Ciencias Jur\u00eddicas y Sociales.<\/a><\/p><p>\u00a0<\/p><p><strong>LA SEGUNDA<\/strong><\/p><p><a href=\"https:\/\/www.litoralpress.cl\/sitio\/Prensa_PaginaCompleta.cshtml?LPKey=RUYFLWJEQ3J2J72FPQY6B2LN73CYD5SF552R47HDAYTISHRRMPBQ\">40 horas: La receta con que la ministra Jara logr\u00f3 el primer gran triunfo de Boric. Se refiere Mauricio Morales Quiroga, director del Centro de An\u00e1lisis Pol\u00edtico (CAP).\u00a0<\/a><\/p><p>\u00a0<\/p><p><strong>RADIO INFINITA <\/strong><\/p><p><a href=\"https:\/\/www.litoralpress.cl\/sitio\/RadioTV_Detalles.cshtml?LPKey=T42SMG4YETWBAQS6UDA2H2NMDUM6VX64P57W4FO45V26WYEMLMLHYSE3VJP3TVOID6DBTYDLG3RLG\">Comentario de Mauricio Morales Quiroga, director del Centro de An\u00e1lisis Pol\u00edtico (CAP).<\/a><\/p><p>\u00a0<\/p><p><strong>EL MERCURIO DE VALPARA\u00cdSO<\/strong><\/p><p><a href=\"https:\/\/www.litoralpress.cl\/sitio\/Prensa_PaginaCompleta.cshtml?LPKey=B3AGNXFV7ZKEI3VYUMTI4NI6O5QBFJRFHHX6MMODWLZVELQRTIBA\">Seis partidos clave en la regi\u00f3n en riesgo por norma constitucional. Se refiere Mauricio Morales Quiroga, director del Centro de An\u00e1lisis Pol\u00edtico (CAP).<\/a><\/p><p>\u00a0<\/p><p><strong>ENESTRADO.COM<\/strong><\/p><p><a href=\"https:\/\/enestrado.com\/facultad-de-derecho-u-finis-terrae-presenta-libro-derecho-sanitario-de-las-personas-mayores-una-mirada-desde-los-derechos-humanos\/\">Facultad de Derecho U. Finis Terrae presenta libro \u00abDerecho sanitario de las personas mayores. Una mirada desde los derechos humanos\u00bb. Se menciona a Carolina Riveros Ferrada, acad\u00e9mica de la Facultad de Ciencias Jur\u00eddicas y Sociales.<\/a><\/p><p>\u00a0<\/p><p><strong>TVMAULE.CL<\/strong><\/p><p><a href=\"https:\/\/www.tvmaule.cl\/universitarios-emprendedores-conozcamos-los-paseos-educativos-de-mascotas-y-la-belleza-de-los-lazos-y-monos-para-el-pelo\/\">Universitarios emprendedores: conozcamos los paseos educativos de mascotas y la belleza de los lazos y mo\u00f1os para el pelo. Se refieren los estudiantes Aquiles Cereceda Sani y Claudia Becerra Aliste.<\/a><\/p><p>\u00a0<\/p><p><strong>LAVOZDELAREGION.CL\u00a0\u00a0\u00a0\u00a0\u00a0\u00a0\u00a0\u00a0\u00a0\u00a0 <\/strong><\/p><p><a href=\"https:\/\/lavozdelaregion.cl\/index.php\/6425-festival-internacional-de-poesia-wine-poetry-colchagua-2023\">Festival Internacional de Poes\u00eda Wine &amp; Poetry Colchagua 2023. Se menciona el Campus Santa Cruz de la Universidad.<\/a><\/p><p>\u00a0<\/p><p><strong>PORTALINNOVA.CL<\/strong><\/p><p><a href=\"https:\/\/portalinnova.cl\/especialista-en-ciberseguridad-de-itq-latam-dara-charla-en-seminario-de-la-u-de-talca\/\">Especialista en ciberseguridad de ITQ Latam dar\u00e1 charla en seminario de la U. de Talca.<\/a><\/p><p>\u00a0<\/p><p><strong>DIARIOVIREGION.CL<\/strong><\/p><p><a href=\"https:\/\/www.diarioviregion.cl\/index.php\/noticias\/24835-festival-internacional-de-poesia-wine-poetry-colchagua-2023\">Festival Internacional de Poes\u00eda Wine &amp; Poetry Colchagua 2023. Se menciona el Campus Santa Cruz de la Universidad.<\/a><\/p><p>\u00a0<\/p>\t\t\t\t\t\t<\/div>\n\t\t\t\t<\/div>\n\t\t\t\t\t<\/div>\n\t\t<\/div>\n\t\t\t\t\t\t\t<\/div>\n\t\t<\/section>\n\t\t\t\t\t\t<\/div>\n\t\t\t\t\t<\/div>\n\t\t","protected":false},"excerpt":{"rendered":"<p>RADIO SONAR Temperaturas r\u00e9cord del mar y Fen\u00f3meno del Ni\u00f1o. Se refiere Patricio Gonz\u00e1lez Colville, acad\u00e9mico del Centro de Investigaci\u00f3n y Transferencia en Riego y Agroclimatolog\u00eda (CITRA). \u00a0 RADIO COOPERATIVA Fen\u00f3meno de El Ni\u00f1o. Se refiere Patricio Gonz\u00e1lez Colville, acad\u00e9mico del Centro de Investigaci\u00f3n y Transferencia en Riego y Agroclimatolog\u00eda (CITRA). \u00a0 CANAL 13 A &hellip;<\/p>\n<p class=\"read-more\"> <a class=\"\" href=\"https:\/\/www.reportedeprensa.utalca.cl\/?p=6995\"> <span class=\"screen-reader-text\">13 de abril de 2023<\/span> Read More &raquo;<\/a><\/p>\n","protected":false},"author":1,"featured_media":0,"comment_status":"closed","ping_status":"open","sticky":false,"template":"","format":"standard","meta":{"_monsterinsights_skip_tracking":false,"_monsterinsights_sitenote_active":false,"_monsterinsights_sitenote_note":"","_monsterinsights_sitenote_category":0},"categories":[32],"tags":[],"_links":{"self":[{"href":"https:\/\/www.reportedeprensa.utalca.cl\/index.php?rest_route=\/wp\/v2\/posts\/6995"}],"collection":[{"href":"https:\/\/www.reportedeprensa.utalca.cl\/index.php?rest_route=\/wp\/v2\/posts"}],"about":[{"href":"https:\/\/www.reportedeprensa.utalca.cl\/index.php?rest_route=\/wp\/v2\/types\/post"}],"author":[{"embeddable":true,"href":"https:\/\/www.reportedeprensa.utalca.cl\/index.php?rest_route=\/wp\/v2\/users\/1"}],"replies":[{"embeddable":true,"href":"https:\/\/www.reportedeprensa.utalca.cl\/index.php?rest_route=%2Fwp%2Fv2%2Fcomments&post=6995"}],"version-history":[{"count":4,"href":"https:\/\/www.reportedeprensa.utalca.cl\/index.php?rest_route=\/wp\/v2\/posts\/6995\/revisions"}],"predecessor-version":[{"id":7014,"href":"https:\/\/www.reportedeprensa.utalca.cl\/index.php?rest_route=\/wp\/v2\/posts\/6995\/revisions\/7014"}],"wp:attachment":[{"href":"https:\/\/www.reportedeprensa.utalca.cl\/index.php?rest_route=%2Fwp%2Fv2%2Fmedia&parent=6995"}],"wp:term":[{"taxonomy":"category","embeddable":true,"href":"https:\/\/www.reportedeprensa.utalca.cl\/index.php?rest_route=%2Fwp%2Fv2%2Fcategories&post=6995"},{"taxonomy":"post_tag","embeddable":true,"href":"https:\/\/www.reportedeprensa.utalca.cl\/index.php?rest_route=%2Fwp%2Fv2%2Ftags&post=6995"}],"curies":[{"name":"wp","href":"https:\/\/api.w.org\/{rel}","templated":true}]}}