{"id":6997,"date":"2023-04-14T09:02:25","date_gmt":"2023-04-14T12:02:25","guid":{"rendered":"https:\/\/www.reportedeprensa.utalca.cl\/?p=6997"},"modified":"2023-04-14T09:26:57","modified_gmt":"2023-04-14T12:26:57","slug":"14-de-abril-de-2023","status":"publish","type":"post","link":"https:\/\/www.reportedeprensa.utalca.cl\/?p=6997","title":{"rendered":"14 de abril de 2023"},"content":{"rendered":"\t\t<div data-elementor-type=\"wp-post\" data-elementor-id=\"6997\" class=\"elementor elementor-6997\" data-elementor-settings=\"[]\">\n\t\t\t\t\t\t\t<div class=\"elementor-section-wrap\">\n\t\t\t\t\t\t\t<section class=\"elementor-section elementor-top-section elementor-element elementor-element-2a4b4b83 elementor-section-boxed elementor-section-height-default elementor-section-height-default\" data-id=\"2a4b4b83\" data-element_type=\"section\">\n\t\t\t\t\t\t<div class=\"elementor-container elementor-column-gap-default\">\n\t\t\t\t\t<div class=\"elementor-column elementor-col-100 elementor-top-column elementor-element elementor-element-24a78540\" data-id=\"24a78540\" data-element_type=\"column\">\n\t\t\t<div class=\"elementor-widget-wrap elementor-element-populated\">\n\t\t\t\t\t\t\t\t<div class=\"elementor-element elementor-element-55b07e54 elementor-widget elementor-widget-text-editor\" data-id=\"55b07e54\" data-element_type=\"widget\" data-widget_type=\"text-editor.default\">\n\t\t\t\t<div class=\"elementor-widget-container\">\n\t\t\t\t\t\t\t\t<p style=\"font-weight: 400;\"><strong>CANAL TVN RED MAULE\u00a0<\/strong><\/p><p style=\"font-weight: 400;\"><a href=\"https:\/\/www.litoralpress.cl\/sitio\/RadioTV_Detalles.cshtml?LPKey=3QN4V3XUGGJLNHNLGBFQHGKKVWCB4DOKTZK262242BITKBXWNDPWKETWQNPKXSLKHSQALY4KAVUTS\">Regi\u00f3n del Maule tendr\u00e1 brigada en ciberseguridad. Se refiere Carlos Torres Fuchslocher, rector.\u00a0<\/a><\/p><p style=\"font-weight: 400;\">\u00a0<\/p><p style=\"font-weight: 400;\"><strong>CANAL CONTIVISION\u00a0<\/strong><\/p><p style=\"font-weight: 400;\"><a href=\"https:\/\/www.litoralpress.cl\/sitio\/RadioTV_Detalles.cshtml?LPKey=B325VWAM2FNZFYRIEPBZVTXNWKPGJR3TO7GEEHWRFBHDUMPNWK5DGFMPMPML2PECOIITA743IX5RI\">Talca: Organizan seminario para abordar desaf\u00edos en ciberseguridad. Se refiere Carlos Torres Fuchslocher, rector.\u00a0<\/a><\/p><p style=\"font-weight: 400;\">\u00a0<\/p><p style=\"font-weight: 400;\"><strong>EL MERCURIO\u00a0<\/strong><\/p><p style=\"font-weight: 400;\"><a href=\"https:\/\/www.litoralpress.cl\/sitio\/Prensa_PaginaCompleta.cshtml?LPKey=YLIKUWKFEBZSZ6IBPTQ5WIIPULJ6TWO3XGDLC2X46VBIBGKNCZJA\">Cient\u00edficos cultivan hortalizas reduciendo hasta en 95% el uso de agua. Se refieren Gilda Carrasco Silva, acad\u00e9mica de la Facultad de Ciencias Agrarias y Fernando Fuentes Pe\u00f1ailillo, acad\u00e9mico del Instituto de Investigaci\u00f3n Interdisciplinaria.\u00a0<\/a><\/p><p style=\"font-weight: 400;\"><strong>\u00a0<\/strong><\/p><p style=\"font-weight: 400;\"><strong>DIARIO EL C\u00d3NDOR\u00a0<\/strong><\/p><p style=\"font-weight: 400;\"><a href=\"https:\/\/www.litoralpress.cl\/paginaconsultas\/Servicios_NClipSitio\/Get_Imagen_Nota.aspx?LPKey=TYAH3RCYKMCARHY2RZE64WXACU6WIJOYLHDBSCH3PFKSRBA6WW2MLBTRWZBSV5TNY5Y5ISYKFH54O\">Especialista descart\u00f3 que fen\u00f3meno clim\u00e1tico \u201cEl Ni\u00f1o\u201d termine con la megasequ\u00eda en el pa\u00eds. Se refiere Patricio Gonz\u00e1lez Colville, acad\u00e9mico del Centro de Investigaci\u00f3n y Transferencia en Riego y Agroclimatolog\u00eda (CITRA).\u00a0<\/a><\/p><p style=\"font-weight: 400;\">\u00a0<\/p><p style=\"font-weight: 400;\"><strong>MEDIABANCO.COM\u00a0<\/strong><\/p><p style=\"font-weight: 400;\"><a href=\"https:\/\/www.mediabanco.com\/descubren-sintoma-que-permite-detectar-el-parkinson-de-manera-precoz\/\">Descubren s\u00edntoma que permite detectar el Parkinson de manera precoz. Se refiere Ezequiel Plaza Taucare, acad\u00e9mico de la Escuela de Fonoaudiolog\u00eda.\u00a0<\/a><\/p><p style=\"font-weight: 400;\"><strong>\u00a0<\/strong><\/p><p style=\"font-weight: 400;\"><strong>ELMERCURIOLEGAL.CL\u00a0<\/strong><\/p><p style=\"font-weight: 400;\"><a href=\"https:\/\/www.litoralpress.cl\/sitio\/MediosOnline_Imagen.cshtml?lpkey=VFR73GX26GDZG7ZICSBE4WC5KEYGVZOKC7RFW7IX34FBTXHUNV6CODX2U7L5K6QXUNFMR7DTQHI3E\">La industria acad\u00e9mica en derecho: \u00bfcu\u00e1ndo se perdi\u00f3 el rumbo? Se refiere Diego Palomo V\u00e9lez, acad\u00e9mico de la Facultad de Ciencias Jur\u00eddicas y Sociales.<\/a><\/p><p style=\"font-weight: 400;\">\u00a0<\/p><p style=\"font-weight: 400;\"><strong>LA DISCUSI\u00d3N\u00a0<\/strong><\/p><p style=\"font-weight: 400;\"><a href=\"https:\/\/www.litoralpress.cl\/sitio\/Prensa_PaginaCompleta.cshtml?LPKey=OCDF3CNKNWUTL752RPRVLOA2SPMYJ732WST2F6XWM7YGCOLVXX3Q\">Necesidad de una reforma a la justicia civil. Se refiere Diego Palomo V\u00e9lez, acad\u00e9mico de la Facultad de Ciencias Jur\u00eddicas y Sociales.\u00a0<\/a><\/p><p style=\"font-weight: 400;\">\u00a0<\/p><p style=\"font-weight: 400;\"><strong>LADISCUSION.CL\u00a0<\/strong><\/p><p style=\"font-weight: 400;\"><a href=\"https:\/\/www.ladiscusion.cl\/necesidad-de-una-reforma-a-la-justicia-civil\/\">Necesidad de una reforma a la justicia civil. Se refiere Diego Palomo V\u00e9lez, acad\u00e9mico de la Facultad de Ciencias Jur\u00eddicas y Sociales.\u00a0<\/a><\/p><p style=\"font-weight: 400;\">\u00a0<\/p><p style=\"font-weight: 400;\"><strong>ELCIUDADANO.COM\u00a0<\/strong><\/p><p style=\"font-weight: 400;\"><a href=\"https:\/\/www.elciudadano.com\/chile\/es-retroceder-en-la-historia-100-anos-academica-experta-en-derecho-del-trabajo-cuestiono-flexibilidad-laboral-contenida-en-las-40-horas\/04\/12\/\">\u00abEs retroceder en la historia 100 a\u00f1os\u00bb: Acad\u00e9mica experta en derecho del trabajo cuestion\u00f3 flexibilidad laboral contenida en las \u00ab40 horas\u00bb. Se refiere Irene Rojas Mi\u00f1o, directora del Centro de Estudios de Derecho del Trabajo y de la Seguridad Social (Centrass).\u00a0<\/a><\/p><p style=\"font-weight: 400;\"><strong>\u00a0<\/strong><\/p><p style=\"font-weight: 400;\"><strong>RADIO UNIVERSIDAD DE CHILE\u00a0<\/strong><\/p><p style=\"font-weight: 400;\"><a href=\"https:\/\/www.litoralpress.cl\/sitio\/RadioTV_Detalles.cshtml?LPKey=EJOXEX43DW45M2P24QBVULFUHYYEPBQRG4VAZ7ALILCAB245V7J7WSICXZBHY5CPXSBRSHB4C4HQK\">Con cr\u00edticas desde la oposici\u00f3n comenz\u00f3 discusi\u00f3n del proyecto de ley de reglas de uso de la fuerza. Se refiere Jorge Cabrera Guirao, acad\u00e9mico de la Facultad de Ciencias Jur\u00eddicas y Sociales.\u00a0<\/a><\/p><p style=\"font-weight: 400;\">\u00a0<\/p><p style=\"font-weight: 400;\"><strong>CANAL CNN CHILE\u00a0<\/strong><\/p><p style=\"font-weight: 400;\"><a href=\"https:\/\/www.litoralpress.cl\/sitio\/RadioTV_Detalles.cshtml?LPKey=EJBWNSJQXYXBFKOXWSAKVJVB4BU2DA5B24KJOOH27APSL6CY6IPMR7FSEXFRIPEI3YODECXYHC4GQ\">Nueva Constituci\u00f3n: comisi\u00f3n experta analiza cambios al sistema electoral. Se refiere Mauricio Morales Quiroga, director del Centro de An\u00e1lisis Pol\u00edtico (CAP).\u00a0<\/a><\/p><p style=\"font-weight: 400;\"><span style=\"font-weight: 400;\">\u00a0<\/span><\/p><p style=\"font-weight: 400;\"><strong>RADIO INFINITA\u00a0\u00a0<\/strong><\/p><p style=\"font-weight: 400;\"><a href=\"https:\/\/www.litoralpress.cl\/sitio\/RadioTV_Detalles.cshtml?LPKey=GZMPSD6FINV2MIB3FYNH4NUWA3TWGR7WRPTWD5ESC5YHWKHMBRM4I6SIOPWUWYZAR2BDOSIVPXAE6\">Comentario de Mauricio Morales Quiroga, director del Centro de An\u00e1lisis Pol\u00edtico (CAP).\u00a0<\/a><\/p><p style=\"font-weight: 400;\">\u00a0<\/p><p style=\"font-weight: 400;\"><strong>CANAL TVN RED MAULE\u00a0<\/strong><\/p><p style=\"font-weight: 400;\"><a href=\"https:\/\/www.litoralpress.cl\/sitio\/RadioTV_Detalles.cshtml?LPKey=73JY5WFE4H3FPPRR3N4IX4VNBZXZI5VWFEQFRND6UJO6HGFAMFDADHZVQBTGB3GS6NNBBRYVVJ3PM\">El 7 de mayo se escogen a cinco concejeros constitucionales. Se refiere Mario Herrera Mu\u00f1oz, acad\u00e9mico del Centro de An\u00e1lisis Pol\u00edtico (CAP).\u00a0<\/a><\/p><p style=\"font-weight: 400;\">\u00a0<\/p><p style=\"font-weight: 400;\"><strong>CANAL TVN RED MAULE\u00a0<\/strong><\/p><p style=\"font-weight: 400;\"><a href=\"https:\/\/www.litoralpress.cl\/sitio\/RadioTV_Detalles.cshtml?LPKey=ZFGS5SCHZUCQA6JHBDG33PRVEORRE62HBHBIDU4EBYEI4H3ZAWABBFZKVIZ4TQS234FJXAYE3YUGC\">Universidad de Talca da asesor\u00eda gratis por Operaci\u00f3n Renta.\u00a0<\/a><\/p><p style=\"font-weight: 400;\">\u00a0<\/p><p style=\"font-weight: 400;\"><strong>EL HERALDO AUSTRAL\u00a0<\/strong><\/p><p style=\"font-weight: 400;\"><a href=\"https:\/\/www.litoralpress.cl\/sitio\/Prensa_PaginaCompleta.cshtml?LPKey=EBBFVJBHMF2NBODBMVXKC4OMHTA3E3P7AQXQTFABERCYVTJ3RNKA\">Proyecto cient\u00edfico-comunitario realiza el muestreo m\u00e1s grande a r\u00edos de la Patagonia. Se menciona la UTalca, como entidad que participa del proyecto.\u00a0<\/a><\/p><p style=\"font-weight: 400;\">\u00a0<\/p><p style=\"font-weight: 400;\"><strong>DIARIOELPULSO.CL\u00a0<\/strong><\/p><p style=\"font-weight: 400;\"><a href=\"https:\/\/www.diarioelpulso.cl\/2023\/04\/13\/pti-agroterritorio-propone-alternativas-para-el-manejo-de-bosque-nativo-en-el-secano-interior-de-la-region-de-ohiggins\/\">PTI AgroTerritorio propone alternativas para el manejo de bosque nativo en el secano interior de la Regi\u00f3n de O\u2019Higgins. Se menciona la UTalca.\u00a0<\/a><\/p><p style=\"font-weight: 400;\">\u00a0<\/p><p style=\"font-weight: 400;\"><strong>APROXIMACIONALFUTURO.COM\u00a0<\/strong><\/p><p style=\"font-weight: 400;\"><a href=\"https:\/\/aproximacionalfuturo.wordpress.com\/2023\/04\/13\/proponen-alternativas-para-manejar-bosque-nativo-en-secano-interior-de-region-de-ohiggins\/\">Proponen alternativas para manejar bosque nativo en secano interior de Regi\u00f3n de O\u2019Higgins. Se menciona a la UTalca.\u00a0<\/a><\/p><p style=\"font-weight: 400;\">\u00a0<\/p><p style=\"font-weight: 400;\"><strong>CANAL MEGA\u00a0<\/strong><\/p><p style=\"font-weight: 400;\"><a href=\"https:\/\/www.litoralpress.cl\/sitio\/RadioTV_Detalles.cshtml?LPKey=LBKBZ6QFSC25W5IVRPJO2T5L6XVB7VS4TXV2JBQGKTUFILKQYXUGNHUROT4KEXRU33P43V3UTMESK\">Universidad de Talca cierra de forma preventiva uno de sus campus por sospecha de gripe aviar en aves.\u00a0\u00a0<\/a><\/p><p style=\"font-weight: 400;\">\u00a0<\/p><p style=\"font-weight: 400;\"><strong>RADIO BIOB\u00cdO\u00a0\u00a0<\/strong><\/p><p style=\"font-weight: 400;\"><a href=\"https:\/\/www.litoralpress.cl\/sitio\/RadioTV_Detalles.cshtml?LPKey=3XAI74HFPP77VTRMUIJNEYMEIZIPOIALRMSMRJOVSVDVZMH26TEWJXLNFS56WYKQ3HA6VUK5UFYYG\">Universidad de Talca informa cierre preventivo de Campus Talca por posible caso de gripe aviar.\u00a0\u00a0<\/a><\/p><p style=\"font-weight: 400;\">\u00a0<\/p><p style=\"font-weight: 400;\"><strong>RADIO AGRICULTURA\u00a0<\/strong><\/p><p><a href=\"https:\/\/www.litoralpress.cl\/sitio\/RadioTV_Detalles.cshtml?LPKey=LCGEKJEVKZEBNGAC3RQC4XRZI5YVDE5PLAKWWI253K6XXJKBYV6ZNQGONMNONVBMPBMREBSLCF4Z2\">U. de Talca comunica cierre preventivo de campus por posible caso de gripe aviar.<\/a><\/p><p style=\"font-weight: 400;\">\u00a0<\/p><p style=\"font-weight: 400;\"><strong>RADIO ADN\u00a0<\/strong><\/p><p style=\"font-weight: 400;\"><a href=\"https:\/\/www.litoralpress.cl\/sitio\/RadioTV_Detalles.cshtml?LPKey=CCOZCUO4QL34FGXKR56Q34ALVBEQDYTPJZ3G2UXIDJKFTO7PG2HKVBFAOMRMO7KG32ICMXE6DRGBY\">La Universidad de Talca inform\u00f3 el cierre preventivo de su campus debido a un posible caso de gripe aviar.\u00a0\u00a0<\/a><\/p><p style=\"font-weight: 400;\">\u00a0<\/p><p style=\"font-weight: 400;\"><strong>RADIO AMIGA\u00a0<\/strong><\/p><p style=\"font-weight: 400;\"><a href=\"https:\/\/www.litoralpress.cl\/sitio\/RadioTV_Detalles.cshtml?LPKey=26XZWRW3DSV4YR66M2TUEOKN446Q3HKIG4HBMS335ATCAZVYQHXO6E6WRMCWS4N5FTNSVIBHXRUEI\">Universidad de Talca cerrar\u00e1 hasta el domingo el Campus Talca debido a posible caso de Gripe Aviar.\u00a0\u00a0<\/a><\/p><p style=\"font-weight: 400;\">\u00a0<\/p><p style=\"font-weight: 400;\"><strong>BIOBIOCHILE.CL\u00a0<\/strong><\/p><p style=\"font-weight: 400;\"><a href=\"https:\/\/www.biobiochile.cl\/noticias\/nacional\/region-del-maule\/2023\/04\/13\/universidad-de-talca-cierra-de-forma-preventiva-ante-posible-caso-de-gripe-aviar.shtml\">Universidad de Talca cierra de forma preventiva ante posible caso de Gripe Aviar.\u00a0\u00a0<\/a><\/p><p style=\"font-weight: 400;\">\u00a0<\/p><p style=\"font-weight: 400;\"><strong>CNNCHILE.COM\u00a0<\/strong><\/p><p style=\"font-weight: 400;\"><a href=\"https:\/\/www.cnnchile.com\/pais\/universidad-talca-cierra-preventiva-posible-caso-gripe-aviar_20230413\/\">Universidad de Talca cierra preventivamente por posible caso de gripe aviar.\u00a0\u00a0<\/a><\/p><p style=\"font-weight: 400;\">\u00a0<\/p><p style=\"font-weight: 400;\"><strong>ELDESCONCIERTO.CL\u00a0<\/strong><\/p><p style=\"font-weight: 400;\"><a href=\"https:\/\/www.eldesconcierto.cl\/nacional\/2023\/04\/13\/universidad-de-talca-cierra-campus-por-sospechas-de-presencia-de-gripe-aviar.html\">Universidad de Talca cierra su campus por sospechas de presencia de gripe aviar.\u00a0\u00a0<\/a><\/p><p style=\"font-weight: 400;\">\u00a0<\/p><p style=\"font-weight: 400;\"><strong>LATERCERA.COM\u00a0<\/strong><\/p><p style=\"font-weight: 400;\"><a href=\"https:\/\/www.latercera.com\/nacional\/noticia\/universidad-de-talca-cierra-campus-en-forma-preventiva-por-posible-caso-de-gripe-aviar\/2KCS2EFLTZFOJFGI7JE2H5VACQ\/\">Universidad de Talca cierra campus en forma preventiva por posible caso de gripe aviar.\u00a0\u00a0<\/a><\/p><p style=\"font-weight: 400;\">\u00a0<\/p><p style=\"font-weight: 400;\"><strong>ELMOSTRADOR.CL\u00a0<\/strong><\/p><p style=\"font-weight: 400;\"><a href=\"https:\/\/www.elmostrador.cl\/dia\/2023\/04\/13\/universidad-de-talca-cierra-preventivamente-campus-por-posible-caso-de-gripe-aviar\/\">Universidad de Talca cierra preventivamente campus por posible caso de gripe aviar.\u00a0\u00a0<\/a><\/p><p style=\"font-weight: 400;\">\u00a0<\/p><p style=\"font-weight: 400;\"><strong>LACUARTA.COM\u00a0<\/strong><\/p><p style=\"font-weight: 400;\"><a href=\"https:\/\/www.lacuarta.com\/cronica\/noticia\/alerta-sanitaria-cierran-campus-de-universidad-de-talca-por-posible-brote-de-gripe-aviar\/FUFOLKMHT5CCLCYB7MKUQFDGZY\/\">Alerta sanitaria: cierran campus de Universidad de Talca por posible brote de gripe aviar.\u00a0\u00a0<\/a><\/p><p style=\"font-weight: 400;\">\u00a0<\/p><p style=\"font-weight: 400;\"><strong>MEGANOTICIAS.CL\u00a0<\/strong><\/p><p style=\"font-weight: 400;\"><a href=\"https:\/\/www.meganoticias.cl\/nacional\/411380-universidad-de-talca-cierra-de-forma-preventiva-uno-de-sus-campus-por-sospecha-de-gripe-aviar-en-aves.html\">Universidad de Talca cierra de forma preventiva uno de sus campus por sospecha de gripe aviar en aves.\u00a0\u00a0<\/a><\/p><p style=\"font-weight: 400;\">\u00a0<\/p><p style=\"font-weight: 400;\"><strong>LAHORA.CL\u00a0<\/strong><\/p><p style=\"font-weight: 400;\"><a href=\"https:\/\/lahora.cl\/cronica\/2023\/04\/13\/universidad-de-talca-cierra-ante-posible-caso-de-gripe-aviar\/\">Universidad de Talca cierra preventivamente ante posible caso de gripe aviar.\u00a0\u00a0<\/a><\/p><p style=\"font-weight: 400;\">\u00a0<\/p><p style=\"font-weight: 400;\"><strong>PUBLIMETRO.CL\u00a0<\/strong><\/p><p style=\"font-weight: 400;\"><a href=\"https:\/\/www.publimetro.cl\/noticias\/2023\/04\/13\/universidad-de-talca-cerro-su-campus-central-ante-posible-brote-de-gripe-aviar\/\">Universidad de Talca cerr\u00f3 su campus central ante posible brote de gripe aviar.\u00a0\u00a0<\/a><\/p><p style=\"font-weight: 400;\">\u00a0<\/p><p style=\"font-weight: 400;\"><strong>ATENTOS.CL\u00a0<\/strong><\/p><p style=\"font-weight: 400;\"><a href=\"https:\/\/www.atentos.cl\/%ef%b8%8fcierran-de-forma-preventiva-el-campus-de-la-universidad-de-talca-por-posible-caso-de-gripe-aviar\/\">Cierran de forma preventiva el Campus de la Universidad de Talca por posible caso de gripe aviar.\u00a0\u00a0<\/a><\/p><p style=\"font-weight: 400;\">\u00a0<\/p><p style=\"font-weight: 400;\"><strong>ELCENTRO.CL\u00a0<\/strong><\/p><p style=\"font-weight: 400;\"><a href=\"https:\/\/elcentro.cl\/2023\/04\/13\/utalca-emite-declaracion-publica-por-posible-influenza-aviar-en-jardin-botanico\/\">UTalca emite declaraci\u00f3n p\u00fablica por posible Influenza Aviar en Jard\u00edn Bot\u00e1nico.\u00a0\u00a0<\/a><\/p><p style=\"font-weight: 400;\">\u00a0<\/p><p style=\"font-weight: 400;\"><strong>DIARIOTALCA.CL\u00a0<\/strong><\/p><p style=\"font-weight: 400;\"><a href=\"https:\/\/diariotalca.cl\/anuncian-cierre-temporal-del-campus-lircay-utalca-por-sospecha-de-aves-contagiadas-con-influenza-aviar\/\">Anuncian cierre temporal del Campus Talca de la UTalca por sospecha de aves contagiadas con Influenza Aviar.\u00a0\u00a0<\/a><\/p><p style=\"font-weight: 400;\">\u00a0<\/p><p style=\"font-weight: 400;\"><strong>ELMAULEINFORMA.CL\u00a0<\/strong><\/p><p style=\"font-weight: 400;\"><a href=\"https:\/\/elmauleinforma.cl\/universidad-cierra-de-forma-preventiva-el-campus-talca\/\">Universidad cierra de forma preventiva el Campus Talca.\u00a0\u00a0<\/a><\/p><p style=\"font-weight: 400;\">\u00a0<\/p><p style=\"font-weight: 400;\"><strong>RADIOAGRICULTURA.CL\u00a0<\/strong><\/p><p style=\"font-weight: 400;\"><a href=\"https:\/\/www.radioagricultura.cl\/nacional\/2023\/04\/13\/universidad-de-talca-cierra-su-campus-por-posible-caso-de-gripe-aviar\/\">Universidad de Talca cierra su campus por posible caso de gripe aviar.\u00a0\u00a0<\/a><\/p><p style=\"font-weight: 400;\">\u00a0<\/p><p style=\"font-weight: 400;\"><strong>DIARIOSENRED.COM\u00a0<\/strong><\/p><p style=\"font-weight: 400;\"><a href=\"https:\/\/www.diariosenred.com\/regional\/universidad-de-talca-cierra-de-manera-preventiva-por-posible-caso-de\">Universidad de Talca cierra de manera preventiva por posible caso de Gripe Aviar.\u00a0\u00a0<\/a><\/p><p style=\"font-weight: 400;\">\u00a0<\/p><p style=\"font-weight: 400;\"><strong>ELDESCONCIERTO.CL\u00a0<\/strong><\/p><p style=\"font-weight: 400;\"><a href=\"https:\/\/www.eldesconcierto.cl\/nacional\/2023\/04\/13\/universidad-de-talca-cierra-su-campus-por-sospechas-de-presencia-de-gripe-aviar.html\">Universidad de Talca cierra su campus por sospechas de presencia de gripe aviar.\u00a0\u00a0<\/a><\/p><p style=\"font-weight: 400;\">\u00a0<\/p><p style=\"font-weight: 400;\"><strong>EPICENTROCHILE.COM\u00a0<\/strong><\/p><p style=\"font-weight: 400;\"><a href=\"https:\/\/www.epicentrochile.com\/2023\/04\/13\/de-manera-preventiva-universidad-de-talca-cierra-sus-puertas-ante-posible-caso-de-gripe-aviar\/\">De manera preventiva: Universidad de Talca cierra sus puertas ante posible caso de gripe aviar.\u00a0\u00a0<\/a><\/p><p style=\"font-weight: 400;\">\u00a0<\/p><p style=\"font-weight: 400;\"><strong>REDMAULE.COM\u00a0<\/strong><\/p><p style=\"font-weight: 400;\"><a href=\"https:\/\/www.redmaule.com\/regional\/universidad-de-talca-cierra-de-manera-preventiva-por-posible-caso-de\">Universidad de Talca cierra de manera preventiva por posible caso de Gripe Aviar.\u00a0\u00a0<\/a><\/p><p style=\"font-weight: 400;\">\u00a0<\/p><p style=\"font-weight: 400;\"><strong>ELTIPOGRAFO.CL\u00a0<\/strong><\/p><p style=\"font-weight: 400;\"><a href=\"https:\/\/eltipografo.cl\/2023\/04\/cierran-campus-universitario-por-gripe-aviar\">Cierran campus universitario por gripe aviar. Se menciona comunicado de prensa compartido por la Instituci\u00f3n como fuente.\u00a0<\/a><\/p><p style=\"font-weight: 400;\">\u00a0<\/p><p style=\"font-weight: 400;\"><strong>SOYCHILE.CL\u00a0<\/strong><\/p><p style=\"font-weight: 400;\"><a href=\"https:\/\/www.soychile.cl\/concepcion\/sociedad\/2023\/04\/13\/807535\/universidad-de-talca-influenza-aviar.html\">La Universidad de Talca cerr\u00f3 su campus de manera preventiva ante posible caso de gripe aviar.\u00a0\u00a0<\/a><\/p><p style=\"font-weight: 400;\">\u00a0<\/p><p style=\"font-weight: 400;\"><strong>FUTURO360.COM\u00a0<\/strong><\/p><p style=\"font-weight: 400;\"><a href=\"https:\/\/www.futuro360.com\/ciencia-en-ti\/universidad-talca-cierra-posible-caso-gripe-aviar_20230413\/\">Universidad de Talca: Cierran de forma preventiva por posible caso de gripe aviar.\u00a0\u00a0<\/a><\/p><p style=\"font-weight: 400;\">\u00a0<\/p><p style=\"font-weight: 400;\"><strong>ELAMAULE.CL\u00a0<\/strong><\/p><p style=\"font-weight: 400;\"><a href=\"https:\/\/www.elamaule.cl\/noticia\/educacion\/universidad-de-talca-cierra-campus-y-suspende-clases-por-sospecha-de-gripe-aviar\">Universidad de Talca cierra campus y suspende clases por sospecha de Gripe Aviar.\u00a0\u00a0<\/a><\/p><p style=\"font-weight: 400;\">\u00a0<\/p><p style=\"font-weight: 400;\"><strong>GAMBA.CL\u00a0<\/strong><\/p><p style=\"font-weight: 400;\"><a href=\"https:\/\/www.gamba.cl\/2023\/04\/universidad-de-talca-cerro-de-manera-preventiva-ante-posible-caso-de-gripe-aviar\/\">Universidad de Talca cerr\u00f3 de manera preventiva ante posible caso de Gripe Aviar.\u00a0\u00a0<\/a><\/p>\t\t\t\t\t\t<\/div>\n\t\t\t\t<\/div>\n\t\t\t\t\t<\/div>\n\t\t<\/div>\n\t\t\t\t\t\t\t<\/div>\n\t\t<\/section>\n\t\t\t\t\t\t<\/div>\n\t\t\t\t\t<\/div>\n\t\t","protected":false},"excerpt":{"rendered":"<p>CANAL TVN RED MAULE\u00a0 Regi\u00f3n del Maule tendr\u00e1 brigada en ciberseguridad. Se refiere Carlos Torres Fuchslocher, rector.\u00a0 \u00a0 CANAL CONTIVISION\u00a0 Talca: Organizan seminario para abordar desaf\u00edos en ciberseguridad. Se refiere Carlos Torres Fuchslocher, rector.\u00a0 \u00a0 EL MERCURIO\u00a0 Cient\u00edficos cultivan hortalizas reduciendo hasta en 95% el uso de agua. Se refieren Gilda Carrasco Silva, acad\u00e9mica de &hellip;<\/p>\n<p class=\"read-more\"> <a class=\"\" href=\"https:\/\/www.reportedeprensa.utalca.cl\/?p=6997\"> <span class=\"screen-reader-text\">14 de abril de 2023<\/span> Read More &raquo;<\/a><\/p>\n","protected":false},"author":1,"featured_media":0,"comment_status":"closed","ping_status":"open","sticky":false,"template":"","format":"standard","meta":{"_monsterinsights_skip_tracking":false,"_monsterinsights_sitenote_active":false,"_monsterinsights_sitenote_note":"","_monsterinsights_sitenote_category":0},"categories":[32],"tags":[],"_links":{"self":[{"href":"https:\/\/www.reportedeprensa.utalca.cl\/index.php?rest_route=\/wp\/v2\/posts\/6997"}],"collection":[{"href":"https:\/\/www.reportedeprensa.utalca.cl\/index.php?rest_route=\/wp\/v2\/posts"}],"about":[{"href":"https:\/\/www.reportedeprensa.utalca.cl\/index.php?rest_route=\/wp\/v2\/types\/post"}],"author":[{"embeddable":true,"href":"https:\/\/www.reportedeprensa.utalca.cl\/index.php?rest_route=\/wp\/v2\/users\/1"}],"replies":[{"embeddable":true,"href":"https:\/\/www.reportedeprensa.utalca.cl\/index.php?rest_route=%2Fwp%2Fv2%2Fcomments&post=6997"}],"version-history":[{"count":4,"href":"https:\/\/www.reportedeprensa.utalca.cl\/index.php?rest_route=\/wp\/v2\/posts\/6997\/revisions"}],"predecessor-version":[{"id":7001,"href":"https:\/\/www.reportedeprensa.utalca.cl\/index.php?rest_route=\/wp\/v2\/posts\/6997\/revisions\/7001"}],"wp:attachment":[{"href":"https:\/\/www.reportedeprensa.utalca.cl\/index.php?rest_route=%2Fwp%2Fv2%2Fmedia&parent=6997"}],"wp:term":[{"taxonomy":"category","embeddable":true,"href":"https:\/\/www.reportedeprensa.utalca.cl\/index.php?rest_route=%2Fwp%2Fv2%2Fcategories&post=6997"},{"taxonomy":"post_tag","embeddable":true,"href":"https:\/\/www.reportedeprensa.utalca.cl\/index.php?rest_route=%2Fwp%2Fv2%2Ftags&post=6997"}],"curies":[{"name":"wp","href":"https:\/\/api.w.org\/{rel}","templated":true}]}}