{"id":7018,"date":"2023-04-17T13:47:40","date_gmt":"2023-04-17T16:47:40","guid":{"rendered":"https:\/\/www.reportedeprensa.utalca.cl\/?p=7018"},"modified":"2023-04-17T14:03:22","modified_gmt":"2023-04-17T17:03:22","slug":"17-de-abril-de-2023","status":"publish","type":"post","link":"https:\/\/www.reportedeprensa.utalca.cl\/?p=7018","title":{"rendered":"17 de abril de 2023"},"content":{"rendered":"\t\t<div data-elementor-type=\"wp-post\" data-elementor-id=\"7018\" class=\"elementor elementor-7018\" data-elementor-settings=\"[]\">\n\t\t\t\t\t\t\t<div class=\"elementor-section-wrap\">\n\t\t\t\t\t\t\t<section class=\"elementor-section elementor-top-section elementor-element elementor-element-2a4b4b83 elementor-section-boxed elementor-section-height-default elementor-section-height-default\" data-id=\"2a4b4b83\" data-element_type=\"section\">\n\t\t\t\t\t\t<div class=\"elementor-container elementor-column-gap-default\">\n\t\t\t\t\t<div class=\"elementor-column elementor-col-100 elementor-top-column elementor-element elementor-element-24a78540\" data-id=\"24a78540\" data-element_type=\"column\">\n\t\t\t<div class=\"elementor-widget-wrap elementor-element-populated\">\n\t\t\t\t\t\t\t\t<div class=\"elementor-element elementor-element-55b07e54 elementor-widget elementor-widget-text-editor\" data-id=\"55b07e54\" data-element_type=\"widget\" data-widget_type=\"text-editor.default\">\n\t\t\t\t<div class=\"elementor-widget-container\">\n\t\t\t\t\t\t\t\t<p style=\"font-weight: 400;\"><strong>EL MERCURIO\u00a0<\/strong><\/p><p style=\"font-weight: 400;\"><a href=\"https:\/\/www.litoralpress.cl\/sitio\/Prensa_PaginaCompleta.cshtml?LPKey=BM4LMPQZQWPWUNESUQKMZJJZ4EODYJXG4XCPOXT73KSS4J3SMTSA\">Samanta Schweblin: \u201cLas mujeres nos merecemos los espacios por los que hemos trabajado\u201d.\u00a0\u00a0<\/a><\/p><p>\u00a0<\/p><p style=\"font-weight: 400;\"><strong>LAS \u00daLTIMAS NOTICIAS\u00a0<\/strong><\/p><p style=\"font-weight: 400;\"><a href=\"https:\/\/www.litoralpress.cl\/sitio\/Prensa_PaginaCompleta.cshtml?LPKey=N4W37IL5IINDXZU7NDEETVCG4OEBP74LXHBMTWIOJ3M5W2MI56SQ\">Cu\u00e1nto ganan los kinesi\u00f3logos seg\u00fan su universidad de egreso. Se menciona a la UTalca.\u00a0<\/a><\/p><p>\u00a0<\/p><p style=\"font-weight: 400;\"><strong>TRENDTIC.CL\u00a0<\/strong><\/p><p style=\"font-weight: 400;\"><a href=\"https:\/\/www.trendtic.cl\/2023\/04\/fen-utalca-y-pdi-analizan-avances-y-desafios-en-ciberseguridad\/\">FEN-UTalca y PDI analizan avances y desaf\u00edos en ciberseguridad. Se refieren Carlos Torres Fuchslocher, rector y\u00a0C\u00e9sar\u00a0Astudillo\u00a0Hern\u00e1ndez, acad\u00e9mico de la Facultad de Ingenier\u00eda.<strong>\u00a0<\/strong><\/a><\/p><p>\u00a0<\/p><p style=\"font-weight: 400;\"><strong>LA PRENSA DE CURIC\u00d3\u00a0<\/strong><\/p><p style=\"font-weight: 400;\"><a href=\"https:\/\/www.litoralpress.cl\/paginaconsultas\/Servicios_NClipSitio\/Get_Imagen_Nota.aspx?LPKey=YFZXI32SOL4HSTWKZQXSIWLT2UT4LDK7YZUB7QJRFM3CYRPKE7O46BPCL6KG7PFFYUII7KUIN7RHW\">Estudio revela s\u00edntoma para detectar Parkinson precoz. Se refiere Ezequiel Plaza Taucare, acad\u00e9mico de la Escuela de Fonoaudiolog\u00eda.\u00a0<\/a><\/p><p>\u00a0<\/p><p style=\"font-weight: 400;\"><strong>CIENCIAENCHILE.CL\u00a0<\/strong><\/p><p style=\"font-weight: 400;\"><a href=\"https:\/\/www.cienciaenchile.cl\/investigacion-descubre-sintoma-que-detecta-parkinson-de-manera-precoz\/\">Investigaci\u00f3n descubre s\u00edntoma que detecta Parkinson de manera precoz.\u00a0\u00a0Se refiere Ezequiel Plaza Taucare, acad\u00e9mico de la Escuela de Fonoaudiolog\u00eda.\u00a0<\/a><\/p><p>\u00a0<\/p><p style=\"font-weight: 400;\"><strong>SEPTIMAPAGINANOTICIAS.CL\u00a0<\/strong><\/p><p style=\"font-weight: 400;\"><a href=\"https:\/\/www.septimapaginanoticias.cl\/descubren-sintoma-que-permite-detectar-el-parkinson-de-manera-precoz\">Descubren s\u00edntoma que permite detectar el Parkinson de manera precoz. Se refiere Ezequiel Plaza Taucare, acad\u00e9mico de la Escuela de Fonoaudiolog\u00eda.\u00a0<\/a><\/p><p>\u00a0<\/p><p style=\"font-weight: 400;\"><strong>ELMAULEINFORMA.CL\u00a0<\/strong><\/p><p style=\"font-weight: 400;\"><a href=\"https:\/\/elmauleinforma.cl\/descubren-sintoma-que-permite-detectar-el-parkinson-de-manera-precoz\/\">Descubren s\u00edntoma que permite detectar el Parkinson de manera precoz. Se refiere Ezequiel Plaza Taucare, acad\u00e9mico de la Escuela de Fonoaudiolog\u00eda.\u00a0<\/a><\/p><p>\u00a0<\/p><p style=\"font-weight: 400;\"><strong>LANOTICIA.CL\u00a0<\/strong><\/p><p style=\"font-weight: 400;\"><a href=\"https:\/\/lanoticia.cl\/descubren-sintoma-que-permite-detectar-el-parkinson-de-manera-precoz\/\">Descubren s\u00edntoma que permite detectar el Parkinson de manera precoz. Se refiere Ezequiel Plaza Taucare, acad\u00e9mico de la Escuela de Fonoaudiolog\u00eda.\u00a0<\/a><\/p><p>\u00a0<\/p><p style=\"font-weight: 400;\"><strong>RADIO BIOB\u00cdO (VALPARA\u00cdSO)\u00a0<\/strong><\/p><p style=\"font-weight: 400;\"><a href=\"https:\/\/www.litoralpress.cl\/sitio\/RadioTV_Detalles.cshtml?LPKey=B7333HKOYIO6B47Q3NXOZTB7NJJWVRFLL7R6N3AFEEC2L7XGU2OTU5PKRMW3O43UJL7WQ3UGCOQDO\">Con preocupantes cifras h\u00eddricas la Regi\u00f3n de Valpara\u00edso espera el Fen\u00f3meno del Ni\u00f1o. Se refiere Patricio Gonz\u00e1lez Colville, acad\u00e9mico del Centro de Investigaci\u00f3n y Transferencia en Riego y Agroclimatolog\u00eda (CITRA).\u00a0<\/a><\/p><p>\u00a0<\/p><p style=\"font-weight: 400;\"><strong>CANAL CHV\u00a0<\/strong><\/p><p style=\"font-weight: 400;\"><a href=\"https:\/\/www.litoralpress.cl\/sitio\/RadioTV_Detalles.cshtml?LPKey=JRLMH6D4RT4G6PEJPGRUGMQFEVNPROZF24VE2B2DLP3NYTBALJFF56SL2KDUDGNZBFGSZZMRJP5LQ\">\u00c1spero debate por apoyo a la ley de uso de la fuerza. Se refiere Jorge Cabrera Guirao, acad\u00e9mico de la Facultad de Ciencias Jur\u00eddicas y Sociales.\u00a0<\/a><\/p><p>\u00a0<\/p><p style=\"font-weight: 400;\"><strong>DIARIOFINANCIERO.CL\u00a0<\/strong><\/p><p style=\"font-weight: 400;\"><a href=\"https:\/\/www.df.cl\/economia-y-politica\/pais\/el-costo-anual-de-la-delincuencia-en-chile-alcanzaria-hasta-unos-us-9\">El costo anual de la delincuencia en Chile alcanzar\u00eda hasta unos US$9 mil millones. Se refiere Rodrigo Saens Navarrete, acad\u00e9mico de la Facultad de Econom\u00eda y Negocios (FEN).<\/a><\/p><p>\u00a0<\/p><p style=\"font-weight: 400;\"><strong>DIARIO FINANCIERO\u00a0<\/strong><\/p><p style=\"font-weight: 400;\"><a href=\"https:\/\/www.litoralpress.cl\/sitio\/Prensa_PaginaCompleta.cshtml?LPKey=OWZ6GCH2E4YFIURIAXNQV675JFIM3SYLMRVACHR7GXZMDZH2VYLQ\">El costo anual de la delincuencia en Chile alcanzar\u00eda hasta unos US$ 9 mil millones. Se refiere Rodrigo\u00a0Saens\u00a0Navarrete, acad\u00e9mico de la Facultad de Econom\u00eda y Negocios (FEN).\u00a0<\/a><\/p><p>\u00a0<\/p><p style=\"font-weight: 400;\"><strong>RADIO AMIGA\u00a0<\/strong><\/p><p style=\"font-weight: 400;\"><a href=\"https:\/\/www.litoralpress.cl\/sitio\/RadioTV_Detalles.cshtml?LPKey=JNK6YLWI4AVDBKP5HDLQIHWDPC7RAVXFWRMHTK5UNI2DAEBHXKBKERNDCWZDFLHFHCBL6BWB6JOO4\">Cr\u00edticas a la flexibilizaci\u00f3n de la ley de las 40 horas laborales. Se refiere Irene Rojas Mi\u00f1o, directora del Centro de Estudios de Derecho del Trabajo y de la Seguridad Social (Centrass).\u00a0<\/a><\/p><p>\u00a0<\/p><p style=\"font-weight: 400;\"><strong>ELCENTRO.CL\u00a0<\/strong><\/p><p style=\"font-weight: 400;\"><a href=\"https:\/\/elcentro.cl\/2023\/04\/14\/populismo-procesal\/\">Populismo procesal. Se refiere Diego Palomo V\u00e9lez, acad\u00e9mico de la Facultad de Ciencias Jur\u00eddicas y Sociales.\u00a0<\/a><\/p><p>\u00a0<\/p><p style=\"font-weight: 400;\"><strong>RADIO INFINITA\u00a0<\/strong><\/p><p style=\"font-weight: 400;\"><a href=\"https:\/\/www.litoralpress.cl\/sitio\/RadioTV_Detalles.cshtml?LPKey=MUHNGFUBL4AHP7RSLL7ZXEUOT2OBI6A4PWF3VGO67RYJ4BJIUGZRBYHQGYLXUHXPHNUIRWS6KASUG\">Comentario de Mauricio Morales Quiroga, director del Centro de An\u00e1lisis Pol\u00edtico (CAP). Parte 1.\u00a0<\/a><\/p><p>\u00a0<\/p><p style=\"font-weight: 400;\"><strong>RADIO INFINITA\u00a0\u00a0<\/strong><\/p><p style=\"font-weight: 400;\"><a href=\"https:\/\/www.litoralpress.cl\/sitio\/RadioTV_Detalles.cshtml?LPKey=JK6M5AGEJRXPH6H3LFL63O4ULPYFDIU4MYTJT76HH6JUJVPZ746IHAYYL4CDZT4QFAXBHYWRLT7QU\">Comentario de Mauricio Morales Quiroga, director del Centro de An\u00e1lisis Pol\u00edtico (CAP). Parte 2.\u00a0<\/a><\/p><p>\u00a0<\/p><p style=\"font-weight: 400;\"><strong>NINAFM.CL\u00a0<\/strong><\/p><p style=\"font-weight: 400;\"><a href=\"https:\/\/ninafm.cl\/2023\/04\/13\/libres-sentido-comun-fuerza-de-la-muchedumbre-y-nuevo-tiempo-los-partidos-en-formacion-que-buscan-sumarse-al-fragmentado-paisaje-politico-2\/\">Libres, Sentido Com\u00fan, Fuerza de la Muchedumbre y Nuevo Tiempo: los partidos en formaci\u00f3n que buscan sumarse al fragmentado paisaje pol\u00edtico. Se refiere Mauricio Morales Quiroga, director del Centro de An\u00e1lisis Pol\u00edtico (CAP).\u00a0<\/a><\/p><p>\u00a0<\/p><p style=\"font-weight: 400;\"><strong>EL MERCURIO\u00a0\u00a0<\/strong><\/p><p style=\"font-weight: 400;\"><a href=\"https:\/\/www.litoralpress.cl\/sitio\/Prensa_PaginaCompleta.cshtml?LPKey=UH2R5UUA2RDNB4JHXR2GMWG4MNVDYOJBEH5YYB5AUWBOS5KRI42Q\">Universidad cierra de forma preventiva campus ante posible caso de gripe aviar.\u00a0<\/a><\/p><p>\u00a0<\/p><p style=\"font-weight: 400;\"><strong>LAS \u00daLTIMAS NOTICIAS<\/strong>\u00a0<\/p><p style=\"font-weight: 400;\"><a href=\"https:\/\/www.litoralpress.cl\/sitio\/Prensa_PaginaCompleta.cshtml?LPKey=KM6XN7MYBAN2UV7UH5CPXEBOLO3SSA5AKXYRZV3UX6LMMDTOQ3AQ\">Cierran campus de U. De Talca por posible gripe aviar.\u00a0<\/a><\/p><p>\u00a0<\/p><p style=\"font-weight: 400;\"><strong>RADIO COOPERATIVA\u00a0<\/strong><\/p><p style=\"font-weight: 400;\"><a href=\"https:\/\/www.litoralpress.cl\/sitio\/RadioTV_Detalles.cshtml?LPKey=VUKYAO2W7HWHXV5ASYRNSMZAZFQFPEQFML6QYNEEDAEPSB4RHIGDUARAC6MDQR272AO23ZT5YTRZK\">Universidad de Talca activ\u00f3 medidas preventivas por brote de gripe aviar.\u00a0<\/a><\/p><p>\u00a0<\/p><p style=\"font-weight: 400;\"><strong>CANAL 24 HORAS\u00a0<\/strong><\/p><p style=\"font-weight: 400;\"><a href=\"https:\/\/www.litoralpress.cl\/sitio\/RadioTV_Detalles.cshtml?LPKey=JBGFDUGTM7GRD4BNOY3NTO3WQ3L3NEDNBIUIZDI3UYGA2A3KE2RHZEC3FZZ4XKGHEBN2IETR6OCWW\">Universidad de Talca suspendi\u00f3 actividad en sede por eventual caso de gripe aviar en aves. Se refiere Erika Retamal Contreras, directora del Departamento de Salud P\u00fablica.\u00a0<\/a><\/p><p>\u00a0<\/p><p style=\"font-weight: 400;\"><strong>CANAL T13 EN VIVO\u00a0<\/strong><\/p><p style=\"font-weight: 400;\"><a href=\"https:\/\/www.litoralpress.cl\/sitio\/RadioTV_Detalles.cshtml?LPKey=2YEV5ISDFQDBAHBNCF5IXRFTBM32WYUMXRMIBQKFMUN526KHLJZLJIVLVD6CGUDDWATLEGJAD2VFY\">La Universidad de Talca cerr\u00f3 preventivamente por un presunto caso de gripe Aviar. Se menciona la Casa de Estudios.\u00a0<\/a><\/p><p>\u00a0<\/p><p style=\"font-weight: 400;\"><strong>CANAL 13\u00a0<\/strong><\/p><p><a href=\"https:\/\/www.litoralpress.cl\/sitio\/RadioTV_Detalles.cshtml?LPKey=ZW3EJO7DHRFTZSZ27DLAWJVKWSIJH4XSY7M55N5UVEZYPEABD6GJOHTFLB6QTU5F6CEGG7GNON4HK\">U. de Talca cierra de manera preventiva su Campus de avenida Lircay por un posible caso de gripe aviar.<\/a><\/p><p>\u00a0<\/p><p style=\"font-weight: 400;\"><strong>RADIO TELE13\u00a0<\/strong><\/p><p style=\"font-weight: 400;\"><a href=\"https:\/\/www.litoralpress.cl\/sitio\/RadioTV_Detalles.cshtml?LPKey=HRY2HBN7MNLABWNEYTXMOYYUEIY6OIXSR3HRXWYIWTV6F3M32LMT6JQYSIY4UCP5YZNPMEW7IIOLS\">Universidad de Talca anunci\u00f3 el cierre de uno sus campus por un posible caso de gripe aviar.\u00a0\u00a0<\/a><\/p><p>\u00a0<\/p><p style=\"font-weight: 400;\"><strong>ADPRENSA.CL\u00a0<\/strong><\/p><p style=\"font-weight: 400;\"><a href=\"https:\/\/www.adprensa.cl\/cronica\/universidad-cierra-de-forma-preventiva-el-campus-talca\/\">Universidad cierra de forma preventiva el Campus Talca.\u00a0<\/a><\/p><p>\u00a0<\/p><p style=\"font-weight: 400;\"><strong>COOPERATIVA.CL\u00a0<\/strong><\/p><p style=\"font-weight: 400;\"><a href=\"https:\/\/www.cooperativa.cl\/noticias\/pais\/salud\/alertas-sanitarias\/por-sospecha-de-gripe-aviar-universidad-de-talca-cerro-su-campus-y\/2023-04-13\/171114.html\">Por sospecha de gripe aviar: Universidad de Talca cerr\u00f3 su campus y suspendi\u00f3 actividades.<\/a>\u00a0\u00a0<\/p><p>\u00a0<\/p><p style=\"font-weight: 400;\"><strong>CHVNOTICIAS.CL\u00a0<\/strong><\/p><p style=\"font-weight: 400;\"><a href=\"https:\/\/www.chvnoticias.cl\/nacional\/universidad-de-talca-suspende-actividades-posible-caso-gripe-aviar_20230413\/\">Universidad de Talca cerr\u00f3 su campus y suspendi\u00f3 actividades por posible caso de gripe aviar.\u00a0<\/a><\/p><p>\u00a0<\/p><p style=\"font-weight: 400;\"><strong>RADIO AMIGA\u00a0<\/strong><\/p><p style=\"font-weight: 400;\"><a href=\"https:\/\/www.litoralpress.cl\/sitio\/RadioTV_Detalles.cshtml?LPKey=WHXWNV5TDBSBG2ZYVQUYFRRVNMMPXIRWPDEWHH6W5FOWV3UF6SUG4V2CQXILHVYKDR463NU4VRT7Y\">Campus U Talca cierra por posible brote de gripe aviar.\u00a0<\/a><\/p><p>\u00a0<\/p><p style=\"font-weight: 400;\"><strong>RADIO RANCAGUA\u00a0<\/strong><\/p><p style=\"font-weight: 400;\"><a href=\"https:\/\/www.litoralpress.cl\/sitio\/RadioTV_Detalles.cshtml?LPKey=2ZYCFJO3NG6ICAERMPKXRIWM6G5OXAQNT2LRRST6GNNM7T53LOA2LIAL27GR4HUCKYHHYOC6NEQIC\">Cierran un campus de la U de Talca por posible caso de gripe aviar.\u00a0\u00a0<\/a><\/p><p>\u00a0<\/p><p style=\"font-weight: 400;\"><strong>COOPERATIVA.CL\u00a0<\/strong><\/p><p style=\"font-weight: 400;\"><a href=\"https:\/\/www.cooperativa.cl\/noticias\/pais\/region-del-biobio\/ordenan-sacrificar-a-205-000-aves-en-florida-region-del-biobio-por\/2023-04-13\/200049.html\">Ordenan sacrificar a 205.000 aves en Florida, Regi\u00f3n del Biob\u00edo, por gripe aviar.\u00a0\u00a0Se menciona el cierre de la UTalca como informaci\u00f3n extra.\u00a0<\/a><\/p><p>\u00a0<\/p><p style=\"font-weight: 400;\"><strong>RADIO RANCAGUA\u00a0<\/strong><\/p><p style=\"font-weight: 400;\"><a href=\"https:\/\/www.litoralpress.cl\/sitio\/RadioTV_Detalles.cshtml?LPKey=NSNWPZUD2ABQRDY2BQ22GISERUWIYW6LU2CPF4HX7ALPEC2U4T6IA77O2TKRRDH2T67WIBSWKTSXK\">Ordenan sacrificar 205 mil aves en la regi\u00f3n del Biob\u00edo por gripe aviar. Se menciona el cierre de la UTalca como informaci\u00f3n extra.\u00a0<\/a><\/p><p>\u00a0<\/p><p style=\"font-weight: 400;\"><strong>LANACION.CL\u00a0<\/strong><\/p><p style=\"font-weight: 400;\"><a href=\"https:\/\/www.lanacion.cl\/universidad-de-talca-cerro-su-campus-ante-posibles-casos-de-gripe-aviar-en-aves-encontradas\/\">Universidad de Talca cerr\u00f3 su Campus ante posibles casos de gripe aviar en aves encontradas.\u00a0<\/a>\u00a0<\/p><p>\u00a0<\/p><p style=\"font-weight: 400;\"><strong>RADIOACTIVA.CL\u00a0<\/strong><\/p><p style=\"font-weight: 400;\"><a href=\"https:\/\/www.radioactiva.cl\/2023\/04\/universidad-de-talca-cerro-sus-puertas-ante-posible-caso-de-gripe-aviar\/\">Universidad de Talca cerr\u00f3 sus puertas ante posible caso de gripe aviar.\u00a0\u00a0<\/a><\/p><p>\u00a0<\/p><p style=\"font-weight: 400;\"><strong>RADIOMARAY.CL\u00a0<\/strong><\/p><p style=\"font-weight: 400;\"><a href=\"https:\/\/www.maray.cl\/por-sospecha-de-gripe-aviar-universidad-de-talca-cerro-su-campus-y-suspendio-actividades\/\">Por sospecha de gripe aviar: Universidad de Talca cerr\u00f3 su campus y suspendi\u00f3 actividades.\u00a0<\/a><\/p><p>\u00a0<\/p><p style=\"font-weight: 400;\"><strong>ELDINAMO.CL\u00a0<\/strong><\/p><p><a href=\"https:\/\/www.eldinamo.cl\/educacion\/2023\/04\/13\/u-de-talca-ordena-cierre-preventivo-de-sede-por-sospecha-de-gripe-aviar\/\">U. de Talca ordena cierre preventivo de sede por sospecha de gripe aviar.<\/a><\/p><p>\u00a0<\/p><p style=\"font-weight: 400;\"><strong>DIARIOELDIA.CL\u00a0<\/strong><\/p><p style=\"font-weight: 400;\"><a href=\"https:\/\/www.diarioeldia.cl\/pais\/2023\/4\/13\/universidad-cierra-campus-por-sospechas-de-aves-con-gripe-aviar-100641.html\">Universidad cierra campus por sospechas de aves con gripe aviar.\u00a0\u00a0<\/a><\/p><p>\u00a0<\/p><p style=\"font-weight: 400;\"><strong>DIARIOELHERALDO.CL\u00a0<\/strong><\/p><p style=\"font-weight: 400;\"><a href=\"https:\/\/www.diarioelheraldo.cl\/noticia\/universidad-de-talca-cierra-campus-en-forma-preventiva-ante-posible-caso-de-gripe-aviar\">Universidad de Talca cierra Campus en forma preventiva ante posible caso de Gripe Aviar.\u00a0\u00a0<\/a><\/p><p>\u00a0<\/p><p style=\"font-weight: 400;\"><strong>ELDIARIODEMAULE.CL\u00a0<\/strong><\/p><p style=\"font-weight: 400;\"><a href=\"https:\/\/eldiariodemaule.cl\/universidad-de-talca-cierra-su-campus-talca\/\">Universidad de Talca cierra su Campus Talca.\u00a0<\/a><\/p><p>\u00a0<\/p><p style=\"font-weight: 400;\"><strong>24HORAS.CL\u00a0<\/strong><\/p><p style=\"font-weight: 400;\"><a href=\"https:\/\/www.24horas.cl\/programas\/manana-informativa\/academica-de-la-utalca-por-posible-brote-de-gripe-aviar\">Acad\u00e9mica de la UTalca por posible brote de gripe aviar: &#8220;Se han seguido las medidas preventivas&#8221;. Se refiere Erika Retamal Contreras, directora del Departamento de Salud P\u00fablica.\u00a0<\/a><\/p><p>\u00a0<\/p><p style=\"font-weight: 400;\"><strong>ADNRADIO.CL\u00a0<\/strong><\/p><p style=\"font-weight: 400;\"><a href=\"https:\/\/www.adnradio.cl\/nacional\/2023\/04\/14\/gripe-aviar-en-la-universidad-de-talca-sag-se-encuentra-a-la-espera-de-los-resultados-de-las-muestras.html\">Gripe aviar en la Universidad de Talca: SAG se encuentra a la espera de los resultados de las muestras.\u00a0<\/a><\/p><p>\u00a0<\/p><p style=\"font-weight: 400;\"><strong>EL HERALDO\u00a0<\/strong><\/p><p style=\"font-weight: 400;\"><a href=\"https:\/\/www.litoralpress.cl\/paginaconsultas\/Servicios_NClipSitio\/Get_Imagen_Nota.aspx?LPKey=P3W363YF3CUCME42EYLQXJMQ22OXBX2NQUNH2HEDKVC6FO4BROGCJUYIE6LXEV4A24RV5DBDGODKO\">Universidad de Talca cierra Campus en forma preventiva ante posible caso de Gripe Aviar.\u00a0<\/a><\/p><p>\u00a0<\/p><p style=\"font-weight: 400;\"><strong>EL LECTOR\u00a0<\/strong><\/p><p style=\"font-weight: 400;\"><a href=\"https:\/\/www.litoralpress.cl\/paginaconsultas\/Servicios_NClipSitio\/Get_Imagen_Nota.aspx?LPKey=GRB3ZCSCQMD2J6RY22NCLVQOJ6SQLDQVYIBAZTKCOEMHNYTRO5NGGRSIULL57YCO5OUMX5G4GFV22\">Universidad cierra de forma preventiva el Campus Talca.\u00a0<\/a><\/p><p>\u00a0<\/p><p style=\"font-weight: 400;\"><strong>LA PRENSA DE CURIC\u00d3\u00a0<\/strong><\/p><p style=\"font-weight: 400;\"><a href=\"https:\/\/www.litoralpress.cl\/paginaconsultas\/Servicios_NClipSitio\/Get_Imagen_Nota.aspx?LPKey=FL6IDK2SPAOS52CGWGLARVDOHBWIFWZY4JGN6X4XJNJRSPFTIXTARXUIRV7AIC3XDNSDS2UHCC7RM\">Cierran campus de la UTalca por posible caso de Gripe Aviar.\u00a0<\/a><\/p><p>\u00a0<\/p><p style=\"font-weight: 400;\"><strong>ELPERIODISTA.CL\u00a0<\/strong><\/p><p style=\"font-weight: 400;\"><a href=\"https:\/\/www.elperiodista.cl\/2023\/04\/universidad-de-talca-cierra-campus-temporalmente-por-posible-brote-de-gripe-aviar\/\">Universidad de Talca cierra campus temporalmente por posible brote de gripe aviar.\u00a0\u00a0<\/a><\/p><p>\u00a0<\/p><p style=\"font-weight: 400;\"><strong>CRONICADIGITAL.CL\u00a0<\/strong><\/p><p style=\"font-weight: 400;\"><a href=\"https:\/\/www.cronicadigital.cl\/2023\/04\/14\/detectan-nuevos-brotes-de-gripe-aviar-en-chile\/\">Detectan nuevos brotes de gripe aviar en Chile.\u00a0<\/a><a href=\"https:\/\/www.cronicadigital.cl\/2023\/04\/14\/detectan-nuevos-brotes-de-gripe-aviar-en-chile\/\">\u00a0<\/a><\/p><p style=\"font-weight: 400;\"><a href=\"https:\/\/www.cronicadigital.cl\/2023\/04\/14\/detectan-nuevos-brotes-de-gripe-aviar-en-chile\/\">\u00a0<\/a><\/p><p style=\"font-weight: 400;\"><strong>ELCIUDADANO.COM\u00a0<\/strong><\/p><p style=\"font-weight: 400;\"><a href=\"https:\/\/www.elciudadano.com\/actualidad\/universidad-de-talca-suspende-actividades-por-sospechas-de-gripe-aviar\/04\/14\/\">Universidad de Talca suspende actividades por sospechas de gripe aviar.\u00a0<\/a><\/p><p>\u00a0<\/p><p style=\"font-weight: 400;\"><strong>DIARIOMAYOR.CL\u00a0<\/strong><\/p><p style=\"font-weight: 400;\"><a href=\"https:\/\/diariomayor.cl\/ciencia-um\/expertos-de-chile-y-canada-compartiran-su-experiencia-para-el-desarrollo-de-tecnologias-biomedicas-en-universidades.html\">Expertos de Chile y Canad\u00e1 compartir\u00e1n su experiencia para el desarrollo de tecnolog\u00edas biom\u00e9dicas en universidades. Se menciona a la UTalca.\u00a0<\/a><\/p><p>\u00a0<\/p><p style=\"font-weight: 400;\"><strong>EL RANCAG\u00dcINO\u00a0<\/strong><\/p><p style=\"font-weight: 400;\"><a href=\"https:\/\/www.litoralpress.cl\/sitio\/Prensa_PaginaCompleta.cshtml?LPKey=EW4LRDFFXJLOBKEELSJRIBD6GKUWCMEJ4VG2RZBY5ZIP5IYXK2XA\">PTI AgroTerritorio propone alternativas para el manejo de bosque nativo en el secano interior de la Regi\u00f3n de O&#8217;Higgins. Se menciona la UTalca.\u00a0<\/a><\/p><p>\u00a0<\/p><p style=\"font-weight: 400;\"><strong>ELURBANORURAL.CL\u00a0<\/strong><\/p><p style=\"font-weight: 400;\"><a href=\"http:\/\/elurbanorural.cl\/pti-agroterritorio-propone-alternativas-para-el-manejo-de-bosque-nativo-en-el-secano-interior-de-la-region-de-ohiggins\/\">PTI AgroTerritorio propone alternativas para el manejo de bosque nativo en el secano interior de la Regi\u00f3n de O\u2019Higgins. Se menciona la UTalca.\u00a0\u00a0<\/a><\/p><p>\u00a0<\/p><p style=\"font-weight: 400;\"><strong>EHA.CL\u00a0<\/strong><\/p><p style=\"font-weight: 400;\"><a href=\"https:\/\/www.eha.cl\/noticia\/regional\/proyecto-cientifico-comunitario-realiza-el-muestreo-mas-grande-a-rios-de-la-patagonia\">Proyecto cient\u00edfico-comunitario realiza el muestreo m\u00e1s grande a r\u00edos de la Patagonia. Se menciona la UTalca como participante del proyecto.\u00a0<\/a><\/p><p>\u00a0<\/p><p style=\"font-weight: 400;\"><strong>RENGOENLANOTICIA.CL\u00a0<\/strong><\/p><p style=\"font-weight: 400;\"><a href=\"http:\/\/www.rengoenlanoticia.cl\/not\/2023\/04\/14\/pti-agroterritorio-propone-alternativas-para-el-manejo-de-bosque-nativo-en-el-secano-interior-de-la-region-de-ohiggins\/\">PTI AgroTerritorio propone alternativas para el manejo de bosque nativo en el secano interior de la Regi\u00f3n de O\u2019Higgins. Se menciona la UTalca.\u00a0<\/a><\/p><p>\u00a0<\/p><p style=\"font-weight: 400;\"><strong>PODERYLIDERAZGO.CL\u00a0<\/strong><\/p><p style=\"font-weight: 400;\"><a href=\"https:\/\/www.poderyliderazgo.cl\/region-de-ohiggins-pti-agroterritorio-propone-alternativas-para-el-manejo-de-bosque-nativo-en-el-secano-interior\/\">PTI AgroTerritorio propone alternativas para el manejo de bosque nativo en el secano interior. Se menciona a la UTalca.\u00a0<\/a><\/p><p>\u00a0<\/p><p style=\"font-weight: 400;\"><strong>ELCACHAPOAL.CL\u00a0<\/strong><\/p><p style=\"font-weight: 400;\"><a href=\"https:\/\/elcachapoal.cl\/2023\/04\/13\/pti-agroterritorio-propone-alternativas-para-el-manejo-de-bosque-nativo-en-el-secano-interior-de-la-region-de-ohiggins\/\">PTI AgroTerritorio propone alternativas para el manejo de bosque nativo en el secano interior de la Regi\u00f3n de O\u2019Higgins. Se menciona a la UTalca.\u00a0<\/a><\/p><p>\u00a0<\/p><p style=\"font-weight: 400;\"><strong>LA PRENSA DE CURIC\u00d3\u00a0<\/strong><\/p><p style=\"font-weight: 400;\"><a href=\"https:\/\/www.litoralpress.cl\/sitio\/Prensa_PaginaCompleta.cshtml?LPKey=S56U56W5L3O3GL7X6RFQOOO6B7AWXI2PJWLK2GZ2SQA4IJLDNTXQ\">Regresan las exposiciones a la UTalca.<\/a><\/p>\t\t\t\t\t\t<\/div>\n\t\t\t\t<\/div>\n\t\t\t\t\t<\/div>\n\t\t<\/div>\n\t\t\t\t\t\t\t<\/div>\n\t\t<\/section>\n\t\t\t\t\t\t<\/div>\n\t\t\t\t\t<\/div>\n\t\t","protected":false},"excerpt":{"rendered":"<p>EL MERCURIO\u00a0 Samanta Schweblin: \u201cLas mujeres nos merecemos los espacios por los que hemos trabajado\u201d.\u00a0\u00a0 \u00a0 LAS \u00daLTIMAS NOTICIAS\u00a0 Cu\u00e1nto ganan los kinesi\u00f3logos seg\u00fan su universidad de egreso. Se menciona a la UTalca.\u00a0 \u00a0 TRENDTIC.CL\u00a0 FEN-UTalca y PDI analizan avances y desaf\u00edos en ciberseguridad. Se refieren Carlos Torres Fuchslocher, rector y\u00a0C\u00e9sar\u00a0Astudillo\u00a0Hern\u00e1ndez, acad\u00e9mico de la Facultad &hellip;<\/p>\n<p class=\"read-more\"> <a class=\"\" href=\"https:\/\/www.reportedeprensa.utalca.cl\/?p=7018\"> <span class=\"screen-reader-text\">17 de abril de 2023<\/span> Read More &raquo;<\/a><\/p>\n","protected":false},"author":1,"featured_media":0,"comment_status":"closed","ping_status":"open","sticky":false,"template":"","format":"standard","meta":{"_monsterinsights_skip_tracking":false,"_monsterinsights_sitenote_active":false,"_monsterinsights_sitenote_note":"","_monsterinsights_sitenote_category":0},"categories":[32],"tags":[],"_links":{"self":[{"href":"https:\/\/www.reportedeprensa.utalca.cl\/index.php?rest_route=\/wp\/v2\/posts\/7018"}],"collection":[{"href":"https:\/\/www.reportedeprensa.utalca.cl\/index.php?rest_route=\/wp\/v2\/posts"}],"about":[{"href":"https:\/\/www.reportedeprensa.utalca.cl\/index.php?rest_route=\/wp\/v2\/types\/post"}],"author":[{"embeddable":true,"href":"https:\/\/www.reportedeprensa.utalca.cl\/index.php?rest_route=\/wp\/v2\/users\/1"}],"replies":[{"embeddable":true,"href":"https:\/\/www.reportedeprensa.utalca.cl\/index.php?rest_route=%2Fwp%2Fv2%2Fcomments&post=7018"}],"version-history":[{"count":4,"href":"https:\/\/www.reportedeprensa.utalca.cl\/index.php?rest_route=\/wp\/v2\/posts\/7018\/revisions"}],"predecessor-version":[{"id":7022,"href":"https:\/\/www.reportedeprensa.utalca.cl\/index.php?rest_route=\/wp\/v2\/posts\/7018\/revisions\/7022"}],"wp:attachment":[{"href":"https:\/\/www.reportedeprensa.utalca.cl\/index.php?rest_route=%2Fwp%2Fv2%2Fmedia&parent=7018"}],"wp:term":[{"taxonomy":"category","embeddable":true,"href":"https:\/\/www.reportedeprensa.utalca.cl\/index.php?rest_route=%2Fwp%2Fv2%2Fcategories&post=7018"},{"taxonomy":"post_tag","embeddable":true,"href":"https:\/\/www.reportedeprensa.utalca.cl\/index.php?rest_route=%2Fwp%2Fv2%2Ftags&post=7018"}],"curies":[{"name":"wp","href":"https:\/\/api.w.org\/{rel}","templated":true}]}}