{"id":7030,"date":"2023-04-18T09:49:19","date_gmt":"2023-04-18T12:49:19","guid":{"rendered":"https:\/\/www.reportedeprensa.utalca.cl\/?p=7030"},"modified":"2023-04-18T12:25:59","modified_gmt":"2023-04-18T15:25:59","slug":"18-de-abril-de-2023","status":"publish","type":"post","link":"https:\/\/www.reportedeprensa.utalca.cl\/?p=7030","title":{"rendered":"18 de abril de 2023"},"content":{"rendered":"\t\t<div data-elementor-type=\"wp-post\" data-elementor-id=\"7030\" class=\"elementor elementor-7030\" data-elementor-settings=\"[]\">\n\t\t\t\t\t\t\t<div class=\"elementor-section-wrap\">\n\t\t\t\t\t\t\t<section class=\"elementor-section elementor-top-section elementor-element elementor-element-2a4b4b83 elementor-section-boxed elementor-section-height-default elementor-section-height-default\" data-id=\"2a4b4b83\" data-element_type=\"section\">\n\t\t\t\t\t\t<div class=\"elementor-container elementor-column-gap-default\">\n\t\t\t\t\t<div class=\"elementor-column elementor-col-100 elementor-top-column elementor-element elementor-element-24a78540\" data-id=\"24a78540\" data-element_type=\"column\">\n\t\t\t<div class=\"elementor-widget-wrap elementor-element-populated\">\n\t\t\t\t\t\t\t\t<div class=\"elementor-element elementor-element-55b07e54 elementor-widget elementor-widget-text-editor\" data-id=\"55b07e54\" data-element_type=\"widget\" data-widget_type=\"text-editor.default\">\n\t\t\t\t<div class=\"elementor-widget-container\">\n\t\t\t\t\t\t\t\t<p style=\"font-weight: 400;\"><strong>EL MERCURIO\u00a0\u00a0<\/strong><\/p><p style=\"font-weight: 400;\"><a href=\"https:\/\/www.litoralpress.cl\/sitio\/Prensa_PaginaCompleta.cshtml?LPKey=O3CH4FFQVZXEVE5BI4GPIDDJCNWIKWTAOMSXXVSKQDIEPE37LQGQ\">Los primeros dos a\u00f1os de universidad son claves para definir la trayectoria posterior. Se refiere Isidora Leyton, estudiante de la Escuela de Auditor\u00eda e Ingenier\u00eda en Control de Gesti\u00f3n.\u00a0<\/a><\/p><p style=\"font-weight: 400;\">\u00a0<\/p><p style=\"font-weight: 400;\"><strong>ADPRENSA.CL\u00a0<\/strong><\/p><p style=\"font-weight: 400;\"><a href=\"https:\/\/www.adprensa.cl\/cronica\/encuentro-analizo-avances-y-desafios-de-la-ciberseguridad-en-chile\/\">Encuentro analiz\u00f3 avances y desaf\u00edos de la ciberseguridad en Chile. Se refieren Carlos Torres Fuchslocher, rector y C\u00e9sar Astudillo Hern\u00e1ndez, acad\u00e9mico de la Facultad de Ingenier\u00eda.\u00a0<\/a><\/p><p style=\"font-weight: 400;\"><strong>\u00a0<\/strong><\/p><p style=\"font-weight: 400;\"><strong>MEDIABANCO.COM\u00a0<\/strong><\/p><p style=\"font-weight: 400;\"><a href=\"https:\/\/www.mediabanco.com\/encuentro-analizo-avances-y-desafios-de-la-ciberseguridad-en-chile\/\">Encuentro analiz\u00f3 avances y desaf\u00edos de la ciberseguridad en Chile. Se refieren Carlos Torres Fuchslocher, rector y C\u00e9sar Astudillo Hern\u00e1ndez, acad\u00e9mico de la Facultad de Ingenier\u00eda.\u00a0<\/a><\/p><p style=\"font-weight: 400;\">\u00a0<\/p><p style=\"font-weight: 400;\"><strong>LA\u00a0PRENSA\u00a0DE CURIC\u00d3\u00a0<\/strong><\/p><p style=\"font-weight: 400;\"><a href=\"https:\/\/www.litoralpress.cl\/sitio\/Prensa_PaginaCompleta.cshtml?LPKey=2M67S6LG65QAHTCAKGZP6XWOQHAJP3AKK57EOQPQBMYX2K3DNZMQ\">Abordan los avances y desaf\u00edos de la ciberseguridad y transformaci\u00f3n digital. Se refieren Carlos Torres Fuchslocher, rector y C\u00e9sar Astudillo Hern\u00e1ndez, acad\u00e9mico de la Facultad de Ingenier\u00eda.\u00a0<\/a><\/p><p style=\"font-weight: 400;\">\u00a0<\/p><p style=\"font-weight: 400;\"><strong>G5NOTICIAS.CL\u00a0<\/strong><\/p><p style=\"font-weight: 400;\"><a href=\"https:\/\/g5noticias.cl\/2023\/04\/16\/encuentro-analizo-avances-y-desafios-de-la-ciberseguridad-en-chile\/\">Encuentro analiz\u00f3 avances y desaf\u00edos de la ciberseguridad en Chile. Se refieren Carlos Torres Fuchslocher, rector y C\u00e9sar Astudillo Hern\u00e1ndez, acad\u00e9mico de la Facultad de Ingenier\u00eda.\u00a0<\/a><\/p><p style=\"font-weight: 400;\">\u00a0<\/p><p style=\"font-weight: 400;\"><strong>CANAL TVR\u00a0<\/strong><\/p><p style=\"font-weight: 400;\"><a href=\"https:\/\/www.litoralpress.cl\/sitio\/RadioTV_Detalles.cshtml?LPKey=CX2QJQVZ4SAWY7J5QLODM7ESQHIFVBHD2HOMKEM4JKGWBR47FCBEHTTRJXKJFHRZJABGNYN644YES\">En el Maule la Agrupaci\u00f3n TEA San Javier organiz\u00f3 una jornada donde profesionales de U de Talca entregaron herramientas para capacitar a profesores y familias. Se refiere Jos\u00e9 Sazo \u00c1vila, acad\u00e9mico de la Escuela de Fonoaudiolog\u00eda.\u00a0\u00a0<\/a><\/p><p style=\"font-weight: 400;\">\u00a0<\/p><p style=\"font-weight: 400;\"><strong>RADIOPOLAR.CL\u00a0<\/strong><\/p><p style=\"font-weight: 400;\"><a href=\"https:\/\/radiopolar.com\/descubren-sintoma-que-permite-detectar-el-parkinson-de-manera-precoz\/\">Descubren s\u00edntoma que permite detectar el Parkinson de manera precoz. Se refiere Ezequiel Plaza Taucare, acad\u00e9mico de la Escuela de Fonoaudiolog\u00eda.\u00a0<\/a><\/p><p style=\"font-weight: 400;\">\u00a0<\/p><p style=\"font-weight: 400;\"><strong>CANAL CNN CHILE\u00a0<\/strong><\/p><p style=\"font-weight: 400;\"><a href=\"https:\/\/www.litoralpress.cl\/sitio\/RadioTV_Detalles.cshtml?LPKey=X34QJRT53WZWHP5SLGZKAG4QC3T4HYENRLWTM3AM72T7DLXYRL4BU7A4HMO4VUGJUM5TDT3QCBVIA\">El Gobierno ya promulg\u00f3 la ley que reduce la jornada laboral a 40 horas semanales. Se menciona a la UTalca.\u00a0<\/a><\/p><p style=\"font-weight: 400;\">\u00a0<\/p><p style=\"font-weight: 400;\"><strong>G5NOTICIAS.CL\u00a0<\/strong><\/p><p style=\"font-weight: 400;\"><a href=\"https:\/\/g5noticias.cl\/2023\/04\/14\/empresa-chilena-publica-capacitaciones-gratuitas-sobre-responsabilidad-penal-de-las-empresas\/\">Empresa chilena publica capacitaciones gratuitas sobre responsabilidad penal de las empresas. Se menciona el Centro de Estudios de Derecho Penal.\u00a0<\/a><\/p><p style=\"font-weight: 400;\"><strong>\u00a0<\/strong><\/p><p style=\"font-weight: 400;\"><strong>ELCENTRO.CL\u00a0<\/strong><\/p><p style=\"font-weight: 400;\"><a href=\"https:\/\/elcentro.cl\/2023\/04\/16\/ideologia-y-su-relacion-con-las-reformas-a-la-justicia\/\">Ideolog\u00eda y su relaci\u00f3n con las reformas a la justicia. Se refiere Diego Palomo V\u00e9lez, acad\u00e9mico de la Facultad de Ciencias Jur\u00eddicas y Sociales.\u00a0<\/a><\/p><p style=\"font-weight: 400;\"><strong>\u00a0<\/strong><\/p><p style=\"font-weight: 400;\"><strong>LAS \u00daLTIMAS NOTICIAS\u00a0<\/strong><\/p><p style=\"font-weight: 400;\"><a href=\"https:\/\/www.litoralpress.cl\/sitio\/Prensa_PaginaCompleta.cshtml?LPKey=WHNTUVHZ6TGNVTR5GBPJY5BZUJGB6CZRVGRIKE67I37OZKKXX5DQ\">\u201cSi hay un efecto sist\u00e9mico de la actividad delictual en la econom\u00eda\u201d. Se refiere Rodrigo Saens Navarrete, acad\u00e9mico de la Facultad de Econom\u00eda y Negocios (FEN).\u00a0<\/a><\/p><p style=\"font-weight: 400;\">\u00a0<\/p><p style=\"font-weight: 400;\"><strong>EXANTE.CL\u00a0<\/strong><\/p><p style=\"font-weight: 400;\"><a href=\"https:\/\/www.ex-ante.cl\/el-estado-debe-encender-todas-las-alarmas-frente-al-crimen-organizado-y-actuar-por-sergio-munoz-riveros\/\">El Estado debe encender todas las alarmas frente al crimen organizado y actuar. Se menciona a Rodrigo Saens Navarrete, acad\u00e9mico de la Facultad de Econom\u00eda y Negocios (FEN).\u00a0<\/a><\/p><p style=\"font-weight: 400;\">\u00a0<\/p><p style=\"font-weight: 400;\"><strong>ELCENTRO.CL\u00a0<\/strong><\/p><p style=\"font-weight: 400;\"><a href=\"https:\/\/elcentro.cl\/2023\/04\/16\/moviendonos-hacia-las-40-horas-laborales\/\">Movi\u00e9ndonos hacia las 40 horas laborales. Se refiere Arcadio Cerda Urrutia, acad\u00e9mico de la Facultad Econom\u00eda y Negocios (FEN).\u00a0<\/a><\/p><p style=\"font-weight: 400;\"><strong>\u00a0<\/strong><\/p><p style=\"font-weight: 400;\"><strong>EL MERCURIO\u00a0<\/strong><\/p><p style=\"font-weight: 400;\"><a href=\"https:\/\/www.litoralpress.cl\/sitio\/Prensa_PaginaCompleta.cshtml?LPKey=Q3E4VB6TWVVRLN5G6ENMZUDPIOZTKFYDH7YM5RQYEJAIGATK4SKQ\">LAS OFERTAS DE LA CAMPA\u00d1A: mucha contingencia, poca Constituci\u00f3n. Se refiere Mauricio Morales Quiroga, director del Centro de An\u00e1lisis Pol\u00edtico (CAP).\u00a0<\/a><\/p><p style=\"font-weight: 400;\">\u00a0<\/p><p style=\"font-weight: 400;\"><strong>MEGANOTICIAS.CL\u00a0<\/strong><\/p><p style=\"font-weight: 400;\"><a href=\"https:\/\/www.meganoticias.cl\/nacional\/411611-mauricio-morales-analisis-cadem-encuesta-trabajo-ministra-del-interior-carolina-toha-09-07-2023.html\">Columna de Mauricio Morales: &#8220;Santa Toh\u00e1&#8221;. Se refiere Mauricio Morales Quiroga, director del Centro de An\u00e1lisis Pol\u00edtico (CAP).\u00a0<\/a><\/p><p style=\"font-weight: 400;\">\u00a0<\/p><p style=\"font-weight: 400;\"><strong>LA\u00a0PRENSA\u00a0DE CURIC\u00d3\u00a0<\/strong><\/p><p style=\"font-weight: 400;\"><a href=\"https:\/\/www.litoralpress.cl\/sitio\/Prensa_PaginaCompleta.cshtml?LPKey=TEFAOZ5SHL3KJKEWNIXGL6WVZAGUYF2YIJJIFPWP6LYGJFDE2QFQ\">\u201cLa delincuencia no se soluciona solo con una agenda legislativa coyuntural sobre el tema\u201d. Se refiere Mario Herrera Mu\u00f1oz, acad\u00e9mico del Centro de An\u00e1lisis Pol\u00edtico (CAP).\u00a0<\/a><\/p><p style=\"font-weight: 400;\">\u00a0<\/p><p style=\"font-weight: 400;\"><strong>DIARIO FINANCIERO\u00a0<\/strong><\/p><p style=\"font-weight: 400;\"><a href=\"https:\/\/www.litoralpress.cl\/sitio\/Prensa_PaginaCompleta.cshtml?LPKey=UK7VTTD3FYSS2NCQH5AHJ6GWN56K3U65I3PNYXEEMOL2Q4AJYZ2A\">Corfo adjudic\u00f3 Instituto Chileno de Tecnolog\u00edas Limpias a Asdit donde participan 11 universidades. Se menciona a la UTalca.\u00a0\u00a0<\/a><\/p><p style=\"font-weight: 400;\">\u00a0<\/p><p style=\"font-weight: 400;\"><strong>DFMAS.DF.CL\u00a0<\/strong><\/p><p style=\"font-weight: 400;\"><a href=\"https:\/\/dfmas.df.cl\/df-mas\/personaje\/wolf-von-appen-en-modo-vinatero-cuando-compre-terranoble-realmente\">Wolf von Appen en modo vi\u00f1atero: &#8220;Le hemos tomado mucho cari\u00f1o a este negocio&#8221;. Se menciona a la UTalca como entidad participativa en proyecto regional para producir espumante.\u00a0<\/a><\/p><p style=\"font-weight: 400;\">\u00a0<\/p><p style=\"font-weight: 400;\"><strong>RADIOBEETHOVEN.CL\u00a0<\/strong><\/p><p style=\"font-weight: 400;\"><a href=\"https:\/\/www.beethovenfm.cl\/recomendado\/carmen-luisa-letelier-habla-del-legado-de-alfonso-letelier-y-de-un-nuevo-estrenod-e-su-padre-cada-vez-que-se-toca-una-obra-de-una-persona-la-persona-revive\/\">Carmen Luisa Letelier habla del legado y de un nuevo estreno de Alfonso Letelier: &#8220;Cada vez que se toca una obra de una persona, la persona revive&#8221;. Se menciona al Centro de Documentaci\u00f3n Patrimonial.\u00a0<\/a><\/p><p style=\"font-weight: 400;\">\u00a0<\/p><p style=\"font-weight: 400;\"><strong>LA TERCERA\u00a0<\/strong><\/p><p style=\"font-weight: 400;\"><a href=\"https:\/\/www.litoralpress.cl\/paginaconsultas\/Servicios_NClipSitio\/Get_Imagen_Nota.aspx?LPKey=2HI5N4OT4I4UFPM2WPEXUKI6RKBOIFBKYFHWJ4BTSC4HYK3JIV2X2VLARUEWEB4OGZ5LJHEQEUQVQ\">Servicio Agr\u00edcola y Ganadero confirma caso de gripe aviar en Jard\u00edn Bot\u00e1nico de la Universidad de Talca.\u00a0<\/a><\/p><p style=\"font-weight: 400;\">\u00a0<\/p><p style=\"font-weight: 400;\"><strong>EL LECTOR\u00a0<\/strong><\/p><p style=\"font-weight: 400;\"><a href=\"https:\/\/www.litoralpress.cl\/sitio\/Prensa_PaginaCompleta.cshtml?LPKey=2FBFFYAZRBNTKLHM5U5L5HP5E7NL7ESYYMUUINSZIIJ46PEOHJZQ\">SAG confirma positividad en aves de Jard\u00edn Bot\u00e1nico de Universidad de Talca.\u00a0\u00a0<\/a><\/p><p style=\"font-weight: 400;\">\u00a0<\/p><p style=\"font-weight: 400;\"><strong>LA\u00a0PRENSA\u00a0DE CURIC\u00d3\u00a0<\/strong><\/p><p style=\"font-weight: 400;\"><a href=\"https:\/\/www.litoralpress.cl\/paginaconsultas\/Servicios_NClipSitio\/Get_Imagen_Nota.aspx?LPKey=SUOQ5YHN4XPOZLFCRSSMFYZE3PTTW26EWX3IFYJQHALJNT6CBDST25A6IGDDV4OXAO6KVPP3BOWGS\">SAG confirma casos positivos de gripe aviar en muerte de aves en jard\u00edn bot\u00e1nico de la UTalca.\u00a0<\/a><\/p><p style=\"font-weight: 400;\">\u00a0<\/p><p style=\"font-weight: 400;\"><strong>RADIO COOPERATIVA\u00a0<\/strong><\/p><p style=\"font-weight: 400;\"><a href=\"https:\/\/www.litoralpress.cl\/sitio\/RadioTV_Detalles.cshtml?LPKey=UA4FIPYXAV5E2UOXWRV2BTR3MTH3ZBH5IE5KQFLW6Y7B624ESQ5VPG5ILJWPPQKC4WRX6RAWE3N4Q\">La Universidad de Talca inform\u00f3 que las muestras extra\u00eddas de aves que habitan el Jard\u00edn Bot\u00e1nico arrojaron positivo para el virus de la Gripe Aviar.\u00a0\u00a0<\/a><\/p><p style=\"font-weight: 400;\">\u00a0<\/p><p style=\"font-weight: 400;\"><strong>ELDESCONCIERTO.CL\u00a0<\/strong><\/p><p style=\"font-weight: 400;\"><a href=\"https:\/\/www.eldesconcierto.cl\/nacional\/2023\/04\/14\/posible-gripe-aviar-en-universidad-de-talca-sag-da-detalles-sobre-mortandad-de-especies.html\">Posible gripe aviar en Universidad de Talca: SAG da detalles sobre mortandad de especies.\u00a0<\/a><\/p><p style=\"font-weight: 400;\">\u00a0<\/p><p style=\"font-weight: 400;\"><strong>RADIOADN.CL\u00a0<\/strong><\/p><p style=\"font-weight: 400;\"><a href=\"https:\/\/www.litoralpress.cl\/sitio\/RadioTV_Detalles.cshtml?LPKey=SKCNL4PFCRGTB24D2PMWAUEAFXANPZF3BEUCJBFIGHYL3H6MPTZD3SAZUQQZTMMLZFD6CC3FWJRIC\">Maule: la U Talca suspende actividades en su Jard\u00edn Bot\u00e1nico por posible presencia de Gripe Aviar.\u00a0<\/a><\/p><p style=\"font-weight: 400;\">\u00a0<\/p><p style=\"font-weight: 400;\"><strong>CANAL 13\u00a0<\/strong><\/p><p style=\"font-weight: 400;\"><a href=\"https:\/\/www.litoralpress.cl\/sitio\/RadioTV_Detalles.cshtml?LPKey=DCTNLCFBPZKLWJGYN7KFN3ZDC3UE436NBPWPIVDOSM3Y7SRR3E56RIL2K53ZPP3S6OHBZY2JW7M46\">SAG confirma aves con gripe Aviar en U de Talca.\u00a0\u00a0<\/a><\/p><p style=\"font-weight: 400;\">\u00a0<\/p><p style=\"font-weight: 400;\"><strong>ADNRADIO.CL\u00a0<\/strong><\/p><p style=\"font-weight: 400;\"><a href=\"https:\/\/www.adnradio.cl\/nacional\/2023\/04\/15\/influenza-aviar-sag-confirma-casos-en-aves-del-jardin-botanico-de-la-universidad-de-talca.html\">Influenza aviar: SAG confirma casos en aves del Jard\u00edn Bot\u00e1nico de la Universidad de Talca.\u00a0<\/a><\/p><p style=\"font-weight: 400;\">\u00a0<\/p><p style=\"font-weight: 400;\"><strong>DIARIOTALCA.CL\u00a0<\/strong><\/p><p style=\"font-weight: 400;\"><a href=\"https:\/\/diariotalca.cl\/utalca-confirma-que-retomara-clases-en-campus-lircay-tras-casos-de-aves-con-influenza-aviar\/\">UTalca confirma que retomar\u00e1 clases en Campus Lircay tras casos de aves con Influenza Aviar.\u00a0<\/a><\/p><p style=\"font-weight: 400;\">\u00a0<\/p><p style=\"font-weight: 400;\"><strong>RADIOBIOBIO.CL\u00a0<\/strong><\/p><p style=\"font-weight: 400;\"><a href=\"https:\/\/www.biobiochile.cl\/noticias\/nacional\/region-del-maule\/2023\/04\/15\/gripe-aviar-sag-confirma-positividad-en-aves-de-jardin-botanico-de-universidad-de-talca.shtml\">Gripe aviar: SAG confirma positividad en aves de Jard\u00edn Bot\u00e1nico de Universidad de Talca.\u00a0<\/a><\/p><p style=\"font-weight: 400;\">\u00a0<\/p><p style=\"font-weight: 400;\"><strong>CANAL13.CL\u00a0<\/strong><\/p><p style=\"font-weight: 400;\"><a href=\"https:\/\/www.t13.cl\/noticia\/nacional\/sag-confirma-positividad-gripe-aviar-aves-universidad-talca-15-4-2023\">SAG confirma positividad de gripe aviar en aves de Universidad de Talca.\u00a0<\/a><\/p><p style=\"font-weight: 400;\">\u00a0<\/p><p style=\"font-weight: 400;\"><strong>RADIOAGRICULTURA.CL\u00a0<\/strong><\/p><p style=\"font-weight: 400;\"><a href=\"https:\/\/www.radioagricultura.cl\/nacional\/2023\/04\/15\/sag-confirmo-casos-de-gripe-aviar-en-jardin-botanico-de-la-universidad-de-talca\/\">SAG confirm\u00f3 casos de gripe aviar en Jard\u00edn Bot\u00e1nico de la Universidad de Talca.\u00a0<\/a><\/p><p style=\"font-weight: 400;\">\u00a0<\/p><p style=\"font-weight: 400;\"><strong>LACUARTA.CL\u00a0<\/strong><\/p><p style=\"font-weight: 400;\"><a href=\"https:\/\/www.lacuarta.com\/cronica\/noticia\/sag-confirma-casos-positivos-de-gripe-aviar-en-aves-del-jardin-botanico-de-la-universidad-de-talca\/QEYUVRQVNVA7XJEQ4HILQMDDDA\/\">SAG confirma casos positivos de gripe aviar en aves del Jard\u00edn Bot\u00e1nico de la Universidad de Talca.\u00a0<\/a><\/p><p style=\"font-weight: 400;\">\u00a0<\/p><p style=\"font-weight: 400;\"><strong>PUBLIMETRO.CL\u00a0<\/strong><\/p><p style=\"font-weight: 400;\"><a href=\"https:\/\/www.publimetro.cl\/noticias\/2023\/04\/15\/sag-confirma-positividad-de-gripe-aviar-en-aves-del-jardin-botanico-de-la-u-de-talca\/\">SAG confirma positividad de gripe aviar en aves del Jard\u00edn Bot\u00e1nico de la U. de Talca\u00a0<\/a><\/p><p style=\"font-weight: 400;\">\u00a0<\/p><p style=\"font-weight: 400;\"><strong>RADIOACTIVA.CL\u00a0<\/strong><\/p><p style=\"font-weight: 400;\"><a href=\"https:\/\/www.radioactiva.cl\/2023\/04\/gripe-aviar-sag-confirma-brote-en-aves-de-universidad-de-talca\/\">Gripe aviar: SAG confirma brote en aves de Universidad de UTalca.\u00a0<\/a><\/p><p style=\"font-weight: 400;\">\u00a0<\/p><p style=\"font-weight: 400;\"><strong>24HORAS.CL\u00a0<\/strong><\/p><p style=\"font-weight: 400;\"><a href=\"https:\/\/www.24horas.cl\/regiones\/zona-centro\/maule\/sag-confirma-gripe-aviar-en-aves-de-la-universidad-de-talca\">SAG confirma gripe aviar en aves de la Universidad de Talca.\u00a0\u00a0<\/a><\/p><p style=\"font-weight: 400;\">\u00a0<\/p><p style=\"font-weight: 400;\"><strong>CHV.CL<\/strong>\u00a0<\/p><p style=\"font-weight: 400;\"><a href=\"https:\/\/www.chvnoticias.cl\/nacional\/sag-positividad-gripe-aviar-universidad-de-talca_20230415\/\">SAG confirm\u00f3 gripe aviar en aves de Jard\u00edn Bot\u00e1nico de Universidad de Talca.\u00a0<\/a><\/p><p style=\"font-weight: 400;\">\u00a0<\/p><p style=\"font-weight: 400;\"><strong>COOPERATIVA.CL\u00a0<\/strong><\/p><p style=\"font-weight: 400;\"><a href=\"https:\/\/www.cooperativa.cl\/noticias\/pais\/salud\/alertas-sanitarias\/universidad-de-talca-confirmo-que-aves-de-su-jardin-botanico-dieron\/2023-04-15\/171954.html?region=0\">Universidad de Talca confirm\u00f3 que aves de su jard\u00edn bot\u00e1nico dieron positivo a gripe aviar.\u00a0<\/a><\/p><p>\u00a0<\/p><p style=\"font-weight: 400;\"><strong>ELDINAMO.CL\u00a0<\/strong><\/p><p><a href=\"https:\/\/www.eldinamo.cl\/educacion\/2023\/04\/15\/u-de-talca-confirma-presencia-de-gripe-aviar-en-aves-muertas-en-su-jardin-botanico\/\">U. de Talca confirma presencia de gripe aviar en aves muertas en su Jard\u00edn Bot\u00e1nico.<\/a><\/p><p style=\"font-weight: 400;\">\u00a0<\/p><p style=\"font-weight: 400;\"><strong>EMOL.CL\u00a0<\/strong><\/p><p style=\"font-weight: 400;\"><a href=\"https:\/\/www.emol.com\/noticias\/Nacional\/2023\/04\/15\/1092352\/sag-gripe-aviar-aves-talca.html\">SAG confirma casos de gripe aviar en ejemplares del jard\u00edn bot\u00e1nico de la Universidad de Talca.\u00a0<\/a><\/p>\t\t\t\t\t\t<\/div>\n\t\t\t\t<\/div>\n\t\t\t\t\t<\/div>\n\t\t<\/div>\n\t\t\t\t\t\t\t<\/div>\n\t\t<\/section>\n\t\t\t\t\t\t<\/div>\n\t\t\t\t\t<\/div>\n\t\t","protected":false},"excerpt":{"rendered":"<p>EL MERCURIO\u00a0\u00a0 Los primeros dos a\u00f1os de universidad son claves para definir la trayectoria posterior. Se refiere Isidora Leyton, estudiante de la Escuela de Auditor\u00eda e Ingenier\u00eda en Control de Gesti\u00f3n.\u00a0 \u00a0 ADPRENSA.CL\u00a0 Encuentro analiz\u00f3 avances y desaf\u00edos de la ciberseguridad en Chile. Se refieren Carlos Torres Fuchslocher, rector y C\u00e9sar Astudillo Hern\u00e1ndez, acad\u00e9mico de &hellip;<\/p>\n<p class=\"read-more\"> <a class=\"\" href=\"https:\/\/www.reportedeprensa.utalca.cl\/?p=7030\"> <span class=\"screen-reader-text\">18 de abril de 2023<\/span> Read More &raquo;<\/a><\/p>\n","protected":false},"author":1,"featured_media":0,"comment_status":"closed","ping_status":"open","sticky":false,"template":"","format":"standard","meta":{"_monsterinsights_skip_tracking":false,"_monsterinsights_sitenote_active":false,"_monsterinsights_sitenote_note":"","_monsterinsights_sitenote_category":0},"categories":[32],"tags":[],"_links":{"self":[{"href":"https:\/\/www.reportedeprensa.utalca.cl\/index.php?rest_route=\/wp\/v2\/posts\/7030"}],"collection":[{"href":"https:\/\/www.reportedeprensa.utalca.cl\/index.php?rest_route=\/wp\/v2\/posts"}],"about":[{"href":"https:\/\/www.reportedeprensa.utalca.cl\/index.php?rest_route=\/wp\/v2\/types\/post"}],"author":[{"embeddable":true,"href":"https:\/\/www.reportedeprensa.utalca.cl\/index.php?rest_route=\/wp\/v2\/users\/1"}],"replies":[{"embeddable":true,"href":"https:\/\/www.reportedeprensa.utalca.cl\/index.php?rest_route=%2Fwp%2Fv2%2Fcomments&post=7030"}],"version-history":[{"count":4,"href":"https:\/\/www.reportedeprensa.utalca.cl\/index.php?rest_route=\/wp\/v2\/posts\/7030\/revisions"}],"predecessor-version":[{"id":7034,"href":"https:\/\/www.reportedeprensa.utalca.cl\/index.php?rest_route=\/wp\/v2\/posts\/7030\/revisions\/7034"}],"wp:attachment":[{"href":"https:\/\/www.reportedeprensa.utalca.cl\/index.php?rest_route=%2Fwp%2Fv2%2Fmedia&parent=7030"}],"wp:term":[{"taxonomy":"category","embeddable":true,"href":"https:\/\/www.reportedeprensa.utalca.cl\/index.php?rest_route=%2Fwp%2Fv2%2Fcategories&post=7030"},{"taxonomy":"post_tag","embeddable":true,"href":"https:\/\/www.reportedeprensa.utalca.cl\/index.php?rest_route=%2Fwp%2Fv2%2Ftags&post=7030"}],"curies":[{"name":"wp","href":"https:\/\/api.w.org\/{rel}","templated":true}]}}