{"id":7058,"date":"2023-04-20T11:21:50","date_gmt":"2023-04-20T14:21:50","guid":{"rendered":"https:\/\/www.reportedeprensa.utalca.cl\/?p=7058"},"modified":"2023-04-20T11:29:39","modified_gmt":"2023-04-20T14:29:39","slug":"20-de-abril-de-2023","status":"publish","type":"post","link":"https:\/\/www.reportedeprensa.utalca.cl\/?p=7058","title":{"rendered":"20 de abril de 2023"},"content":{"rendered":"\t\t<div data-elementor-type=\"wp-post\" data-elementor-id=\"7058\" class=\"elementor elementor-7058\" data-elementor-settings=\"[]\">\n\t\t\t\t\t\t\t<div class=\"elementor-section-wrap\">\n\t\t\t\t\t\t\t<section class=\"elementor-section elementor-top-section elementor-element elementor-element-2a4b4b83 elementor-section-boxed elementor-section-height-default elementor-section-height-default\" data-id=\"2a4b4b83\" data-element_type=\"section\">\n\t\t\t\t\t\t<div class=\"elementor-container elementor-column-gap-default\">\n\t\t\t\t\t<div class=\"elementor-column elementor-col-100 elementor-top-column elementor-element elementor-element-24a78540\" data-id=\"24a78540\" data-element_type=\"column\">\n\t\t\t<div class=\"elementor-widget-wrap elementor-element-populated\">\n\t\t\t\t\t\t\t\t<div class=\"elementor-element elementor-element-55b07e54 elementor-widget elementor-widget-text-editor\" data-id=\"55b07e54\" data-element_type=\"widget\" data-widget_type=\"text-editor.default\">\n\t\t\t\t<div class=\"elementor-widget-container\">\n\t\t\t\t\t\t\t\t<p style=\"font-weight: 400;\"><strong>LA PRENSA DE CURIC\u00d3\u00a0<\/strong><\/p><p style=\"font-weight: 400;\"><a href=\"https:\/\/www.litoralpress.cl\/sitio\/Prensa_PaginaCompleta.cshtml?LPKey=2YZNLYYRSQLXKKSAAYXP3QPY3X7FEKGMQ4RJ4UXN67YVIJ5I5ZTQ\">Cl\u00ednica Odontol\u00f3gica de la Universidad de Talca: Del servicio docente, al servicio de la comunidad. Se refiere Rodrigo Giacaman Sarah, decano de la Facultad de Odontolog\u00eda.\u00a0<\/a><\/p><p style=\"font-weight: 400;\">\u00a0<\/p><p style=\"font-weight: 400;\"><strong>DIARIOLAPRENSA.CL\u00a0<\/strong><\/p><p style=\"font-weight: 400;\"><a href=\"https:\/\/new.diariolaprensa.cl\/index.php\/2023\/04\/19\/clinica-odontologica-de-la-universidad-de-talca-del-servicio-docente-al-servicio-de-la-comunidad\/\">Cl\u00ednica Odontol\u00f3gica de la Universidad de Talca: Del servicio docente, al servicio de la comunidad. Se refiere Rodrigo Giacaman Sarah, decano de la Facultad de Odontolog\u00eda.\u00a0<\/a><\/p><p style=\"font-weight: 400;\">\u00a0<\/p><p style=\"font-weight: 400;\"><strong>ENLINEAMAULE.CL\u00a0<\/strong><\/p><p style=\"font-weight: 400;\"><a href=\"https:\/\/enlineamaule.cl\/archivo\/52235\">Investigador de la UTalca descubri\u00f3 que el deterioro de la fuerza de la lengua es uno de los primeros s\u00edntomas del Parkinson. Se refiere Ezequiel Plaza Taucare, acad\u00e9mico de la Escuela de Fonoaudiolog\u00eda.\u00a0<\/a><\/p><p style=\"font-weight: 400;\">\u00a0<\/p><p style=\"font-weight: 400;\"><strong>ELDIARIOSANTIAGO.CL\u00a0<\/strong><\/p><p style=\"font-weight: 400;\"><a href=\"https:\/\/eldiariosantiago.cl\/2023\/04\/19\/academicas-utalca-participan-en-libro-sobre-derecho-sanitario-de-la-tercera-edad\/\">Acad\u00e9micas UTalca participan en libro sobre derecho sanitario de la tercera edad. Se menciona a Carolina Riveros Ferrada, acad\u00e9micas de la Facultad de Ciencias Jur\u00eddicas y Sociales y Sandra Alvear Vega y Patricia Rodr\u00edguez Cuellar, acad\u00e9micas de la Facultad de Econom\u00eda y Negocios.\u00a0<\/a><\/p><p style=\"font-weight: 400;\">\u00a0<\/p><p style=\"font-weight: 400;\"><strong>TVMAULE.CL\u00a0<\/strong><\/p><p style=\"font-weight: 400;\"><a href=\"https:\/\/www.tvmaule.cl\/universitarios-emprendedores-conozcamos-a-dos-jovenes-emprendedores-del-rubro-electrico\/\">Universitarios emprendedores: conozcamos a dos j\u00f3venes emprendedores del rubro el\u00e9ctrico. Se refieren Hugo Avell\u00e1n y Anggelo Mu\u00f1oz Reyes, estudiantes de la Instituci\u00f3n.\u00a0<\/a><\/p><p style=\"font-weight: 400;\">\u00a0<\/p><p style=\"font-weight: 400;\"><strong>ELMAULEINFORMA.CL\u00a0<\/strong><\/p><p style=\"font-weight: 400;\"><a href=\"https:\/\/elmauleinforma.cl\/longavi-sera-parte-de-las-comunas-que-potenciara-el-turismo-de-alta-montana-andina\/\">Longav\u00ed ser\u00e1 parte de las comunas que potenciar\u00e1 el turismo de alta monta\u00f1a Andina. Se refiere Jorge Navarrete, acad\u00e9mico de la Facultad de Econom\u00eda y Negocios (FEN).\u00a0<\/a><\/p><p style=\"font-weight: 400;\">\u00a0<\/p><p style=\"font-weight: 400;\"><strong>VGRAFICO.CL\u00a0<\/strong><\/p><p style=\"font-weight: 400;\"><a href=\"https:\/\/vgrafico.cl\/2023\/04\/19\/longavi-s\/\">Longav\u00ed ser\u00e1 parte de las comunas que potenciar\u00e1 el turismo de alta monta\u00f1a. Se refiere Jorge Navarrete, acad\u00e9mico de la Facultad de Econom\u00eda y Negocios (FEN).\u00a0<\/a><\/p><p style=\"font-weight: 400;\">\u00a0<\/p><p style=\"font-weight: 400;\"><strong>LADIRECTALONGAVIANA.CL\u00a0<\/strong><\/p><p style=\"font-weight: 400;\"><a href=\"https:\/\/www.ladirectalongaviana.cl\/2023\/04\/19\/longavi-sera-parte-de-las-comunas-que-potenciara-el-turismo-de-alta-montana-andina\/\">Longav\u00ed ser\u00e1 parte de las comunas que potenciar\u00e1 el turismo de alta monta\u00f1a Andina. Se refiere Jorge Navarrete, acad\u00e9mico de la Facultad de Econom\u00eda y Negocios (FEN).\u00a0<\/a><\/p><p style=\"font-weight: 400;\"><strong>\u00a0<\/strong><\/p><p style=\"font-weight: 400;\"><strong>DIARIO VI REGION\u00a0<\/strong><\/p><p style=\"font-weight: 400;\"><a href=\"https:\/\/www.litoralpress.cl\/sitio\/Prensa_PaginaCompleta.cshtml?LPKey=QOSRJWBZUAE3ASU2B3ZHO6BC6OUYO2HUBI37SVD5O25VIREBZCCA\">PTI AgroTerritorio propone alternativas para manejo de bosque nativo. Se menciona a la UTalca.\u00a0\u00a0<\/a><\/p><p style=\"font-weight: 400;\">\u00a0<\/p><p style=\"font-weight: 400;\"><strong>LAVOZDELAREGION.CL\u00a0<\/strong><\/p><p style=\"font-weight: 400;\"><a href=\"https:\/\/lavozdelaregion.cl\/index.php\/6446-pti-agroterritorio-propone-alternativas-para-manejo-de-bosque-nativo\">PTI AgroTerritorio propone alternativas para manejo de bosque nativo. Se menciona a la UTalca.\u00a0<\/a><\/p><p style=\"font-weight: 400;\">\u00a0<\/p><p style=\"font-weight: 400;\"><strong>DIARIOVIREGION.CL\u00a0<\/strong><\/p><p style=\"font-weight: 400;\"><a href=\"https:\/\/www.diarioviregion.cl\/index.php\/noticias\/24897-pti-agroterritorio-propone-alternativas-para-manejo-de-bosque-nativo\">PTI AgroTerritorio propone alternativas para manejo de bosque nativo. Se menciona a la UTalca.\u00a0<\/a><\/p><p style=\"font-weight: 400;\">\u00a0<\/p><p style=\"font-weight: 400;\"><strong>ELMOSTRADOR.CL\u00a0<\/strong><\/p><p style=\"font-weight: 400;\"><a href=\"https:\/\/www.elmostrador.cl\/noticias\/pais\/2023\/04\/19\/universidades-publicas-celebran-el-desarrollo-regional-que-traera-la-adjudicacion-del-instituto-de-tecnologias-limpias-de-corfo\/\">Universidades p\u00fablicas celebran el desarrollo regional que traer\u00e1 la adjudicaci\u00f3n del Instituto de Tecnolog\u00edas Limpias de Corfo. Se menciona a la UTalca.\u00a0<\/a><\/p><p style=\"font-weight: 400;\">\u00a0<\/p><p style=\"font-weight: 400;\"><strong>NINAFM.CL\u00a0<\/strong><\/p><p style=\"font-weight: 400;\"><a href=\"https:\/\/ninafm.cl\/2023\/04\/19\/universidades-publicas-celebran-el-desarrollo-regional-que-traera-la-adjudicacion-del-instituto-de-tecnologias-limpias-de-corfo\/\">Universidades p\u00fablicas celebran el desarrollo regional que traer\u00e1 la adjudicaci\u00f3n del Instituto de Tecnolog\u00edas Limpias de Corfo. Se menciona a la UTalca.\u00a0<\/a><\/p><p style=\"font-weight: 400;\">\u00a0<\/p><p style=\"font-weight: 400;\"><strong>G5NOTICIAS.CL\u00a0<\/strong><\/p><p style=\"font-weight: 400;\"><a href=\"https:\/\/g5noticias.cl\/2023\/04\/19\/centro-internacional-cabo-de-hornos-y-gobierno-regional-impulsan-trabajo-para-consolidar-a-magallanes-como-polo-cientifico\/\">Centro Internacional Cabo de Hornos y Gobierno Regional impulsan trabajo para consolidar a Magallanes como polo cient\u00edfico. Se menciona a la UTalca.\u00a0<\/a><\/p><p style=\"font-weight: 400;\">\u00a0<\/p><p style=\"font-weight: 400;\"><strong>UNIVERSIDAD DE MAGALLANES\u00a0<\/strong><\/p><p style=\"font-weight: 400;\"><a href=\"http:\/\/www.umag.cl\/vcm\/?p=62984\">Centro Internacional Cabo de Hornos y Gobierno Regional impulsan trabajo para consolidar a Magallanes como polo cient\u00edfico. Se menciona a la UTalca.\u00a0<\/a><\/p><p style=\"font-weight: 400;\">\u00a0<\/p><p style=\"font-weight: 400;\"><strong>TIEMPO21ARAUCANIA.CL\u00a0<\/strong><\/p><p style=\"font-weight: 400;\"><a href=\"https:\/\/www.tiempo21.cl\/academicas-ufro-aportaran-a-la-mejor-calidad-de-vida-de-los-adultos-mayores-desde-el-cies\/\">Acad\u00e9micas Ufro aportar\u00e1n a la mejor calidad de vida de los adultos mayores desde el CIES. Se refiere Iv\u00e1n Palomo Gonz\u00e1lez, director del Centro Interuniversitario de Envejecimiento Saludable (CIES).\u00a0<\/a><\/p><p style=\"font-weight: 400;\">\u00a0<\/p><p style=\"font-weight: 400;\"><strong>RADIOTEMUCO.CL\u00a0<\/strong><\/p><p style=\"font-weight: 400;\"><a href=\"https:\/\/radiotemuco.com\/home\/academicas-ufro-aportaran-a-la-mejor-calidad-de-vida-de-los-adultos-mayores\/\">Acad\u00e9micas Ufro aportar\u00e1n a la mejor calidad de vida de los adultos mayores. Se refiere Iv\u00e1n Palomo Gonz\u00e1lez, director del Centro Interuniversitario de Envejecimiento Saludable (CIES).\u00a0<\/a><\/p><p style=\"font-weight: 400;\">\u00a0<\/p><p style=\"font-weight: 400;\"><strong>ELINFORMADORDIGITAL.CL\u00a0<\/strong><\/p><p style=\"font-weight: 400;\"><a href=\"https:\/\/elinformadordigital.cl\/educacion\/academicas-ufro-aportaran-a-la-mejor-calidad-de-vida-de-los-adultos-mayores-desde-el-centro-interuniversitario-de-envejecimiento-saludable\/\">Acad\u00e9micas Ufro aportar\u00e1n a la mejor calidad de vida de los adultos mayores desde el Centro Interuniversitario de Envejecimiento Saludable. Se refiere Iv\u00e1n Palomo Gonz\u00e1lez, director del Centro Interuniversitario de Envejecimiento Saludable (CIES).\u00a0<\/a><\/p><p style=\"font-weight: 400;\">\u00a0<\/p><p style=\"font-weight: 400;\"><strong>GUIAMINERA.CL\u00a0<\/strong><\/p><p style=\"font-weight: 400;\"><a href=\"http:\/\/www.guiaminera.cl\/universidad-de-chile-gradua-a-un-nuevo-doctor-en-ingenieria-de-minas\/\">Universidad de Chile grad\u00faa a un nuevo Doctor en Ingenier\u00eda de Minas. Se refiere Carlos Moraga Cruz, acad\u00e9mico de la Escuela de Ingenier\u00eda Civil de Minas.\u00a0<\/a><\/p><p style=\"font-weight: 400;\">\u00a0<\/p><p style=\"font-weight: 400;\"><strong>LA PRENSA DE CURIC\u00d3\u00a0<\/strong><\/p><p style=\"font-weight: 400;\"><a href=\"https:\/\/www.litoralpress.cl\/sitio\/Prensa_PaginaCompleta.cshtml?LPKey=4CORCL7K7UJ4Z4DFSW2ZSL6LPTTZ4KYQJICWPDGP4YZ4UPS7JPPA\">Artistas esc\u00e9nicos y visuales del Maule vuelven a vincularse con programadores culturales.\u00a0<\/a><a href=\"https:\/\/www.litoralpress.cl\/sitio\/Prensa_PaginaCompleta.cshtml?LPKey=4CORCL7K7UJ4Z4DFSW2ZSL6LPTTZ4KYQJICWPDGP4YZ4UPS7JPPA\">Se menciona a la Nueva Galer\u00eda de Arte (NUGA).\u00a0<\/a><\/p><p style=\"font-weight: 400;\">\u00a0<\/p><p style=\"font-weight: 400;\"><strong>ELMAULEINFORMA.CL\u00a0<\/strong><\/p><p style=\"font-weight: 400;\"><a href=\"https:\/\/elmauleinforma.cl\/artistas-programadores-y-autoridades-inauguraron-3a-feria-de-programacion-ama-2023\/\">Artistas, programadores y autoridades inauguraron 3a. Feria de Programaci\u00f3n AMA 2023. Se menciona a la Nueva Galer\u00eda de Arte (NUGA).\u00a0<\/a><\/p><p style=\"font-weight: 400;\">\u00a0<\/p><p style=\"font-weight: 400;\"><strong>LADIRECTALONGAVIANA.CL\u00a0<\/strong><\/p><p style=\"font-weight: 400;\"><a href=\"https:\/\/www.ladirectalongaviana.cl\/2023\/04\/19\/artistas-programadores-y-autoridades-regionales-dieron-el-vamos-a-la-3-feria-de-programacion-ama-2023\/\">Artistas, programadores y autoridades regionales dieron el vamos a la 3 feria de programaci\u00f3n Ama 2023. Se menciona a la Nueva Galer\u00eda de Arte (NUGA).\u00a0<\/a><\/p><p style=\"font-weight: 400;\">\u00a0<\/p><p style=\"font-weight: 400;\"><strong>ULAGOS.CL\u00a0<\/strong><\/p><p style=\"font-weight: 400;\"><a href=\"https:\/\/www.ulagos.cl\/2023\/04\/red-de-gestion-y-desarrollo-de-las-personas-de-las-universidades-estatales-realiza-cambio-de-presidencia\/\">Red de Gesti\u00f3n y Desarrollo de las Personas de las Universidades Estatales realiza cambio de Presidencia. Se menciona a la UTalca.\u00a0<\/a><\/p><p style=\"font-weight: 400;\">\u00a0<\/p><p style=\"font-weight: 400;\"><strong>RADIO GUAYAC\u00c1N\u00a0<\/strong><\/p><p style=\"font-weight: 400;\"><a href=\"https:\/\/www.litoralpress.cl\/sitio\/RadioTV_Detalles.cshtml?LPKey=C5J2HSRT2VTIQ7CA32M6WBRIPXNDPZM6WE5MSH262MMGSXFGTLNAH65ACLFIVQONOXP4YC24RYQCC\">Entrevista a Isaac Ravetllat Ballest\u00e9, acad\u00e9mico de la Facultad de Ciencias Jur\u00eddicas y Sociales de la UTalca.\u00a0<\/a><\/p><p style=\"font-weight: 400;\">\u00a0<\/p><p style=\"font-weight: 400;\"><strong>RADIO GUAYAC\u00c1N\u00a0<\/strong><\/p><p style=\"font-weight: 400;\"><a href=\"https:\/\/www.litoralpress.cl\/sitio\/RadioTV_Detalles.cshtml?LPKey=D3O2EV4MAJ6OC7TKPADZ4NV64XCYNA2GVUMQN4LVAWMDLG7ARY54D7ZJH44UQ3M73KX4U6QKRLZ6K\">Entrevista a Isaac Ravetllat Ballest\u00e9, acad\u00e9mico de la Facultad de Ciencias Jur\u00eddicas y Sociales de la UTalca.\u00a0<\/a><\/p><p style=\"font-weight: 400;\">\u00a0<\/p><p style=\"font-weight: 400;\"><strong>RADIO INFINITA\u00a0<\/strong><\/p><p style=\"font-weight: 400;\"><a href=\"https:\/\/www.litoralpress.cl\/sitio\/RadioTV_Detalles.cshtml?LPKey=X7TUWNQMF3VMQ2D2K5LJSED4IKD36EFDVTZIKCDEQGNIMB4Y6NELNVYT3KVXSSKSLVCBFSYHFTXYE\">Comentario de Mauricio Morales Quiroga, director del Centro de An\u00e1lisis Pol\u00edtico (CAP).\u00a0<\/a><\/p><p style=\"font-weight: 400;\">\u00a0<\/p><p style=\"font-weight: 400;\"><strong>LA PRENSA DE CURIC\u00d3\u00a0<\/strong><\/p><p style=\"font-weight: 400;\"><a href=\"https:\/\/www.litoralpress.cl\/paginaconsultas\/Servicios_NClipSitio\/Get_Imagen_Nota.aspx?LPKey=LANKLDOI7HBGHUICCSDRPD3C4EIWTLMSBS4SDCD4YNNDH4AICNQLNAIR7LVSCJZK77KQFXTVYSITK\">Comenzaron las inscripciones Delibera 2023. Se menciona a la UTalca.\u00a0<\/a><\/p><p style=\"font-weight: 400;\">\u00a0<\/p><p style=\"font-weight: 400;\"><strong>VI.CL\u00a0<\/strong><\/p><p style=\"font-weight: 400;\"><a href=\"https:\/\/www.vi.cl\/index.php?option=com_content&amp;view=article&amp;id=17787:2023-04-19-00-13-04&amp;catid=66:eventos&amp;Itemid=205\">San Fernando ser\u00e1 epicentro del Festival Internacional de Poes\u00eda \u201cWine &amp; Poetry Colchagua 2023\u201d. Se menciona el Campus Santa Cruz.\u00a0<\/a><\/p>\t\t\t\t\t\t<\/div>\n\t\t\t\t<\/div>\n\t\t\t\t\t<\/div>\n\t\t<\/div>\n\t\t\t\t\t\t\t<\/div>\n\t\t<\/section>\n\t\t\t\t\t\t<\/div>\n\t\t\t\t\t<\/div>\n\t\t","protected":false},"excerpt":{"rendered":"<p>LA PRENSA DE CURIC\u00d3\u00a0 Cl\u00ednica Odontol\u00f3gica de la Universidad de Talca: Del servicio docente, al servicio de la comunidad. Se refiere Rodrigo Giacaman Sarah, decano de la Facultad de Odontolog\u00eda.\u00a0 \u00a0 DIARIOLAPRENSA.CL\u00a0 Cl\u00ednica Odontol\u00f3gica de la Universidad de Talca: Del servicio docente, al servicio de la comunidad. Se refiere Rodrigo Giacaman Sarah, decano de la &hellip;<\/p>\n<p class=\"read-more\"> <a class=\"\" href=\"https:\/\/www.reportedeprensa.utalca.cl\/?p=7058\"> <span class=\"screen-reader-text\">20 de abril de 2023<\/span> Read More &raquo;<\/a><\/p>\n","protected":false},"author":1,"featured_media":0,"comment_status":"closed","ping_status":"open","sticky":false,"template":"","format":"standard","meta":{"_monsterinsights_skip_tracking":false,"_monsterinsights_sitenote_active":false,"_monsterinsights_sitenote_note":"","_monsterinsights_sitenote_category":0},"categories":[32],"tags":[],"_links":{"self":[{"href":"https:\/\/www.reportedeprensa.utalca.cl\/index.php?rest_route=\/wp\/v2\/posts\/7058"}],"collection":[{"href":"https:\/\/www.reportedeprensa.utalca.cl\/index.php?rest_route=\/wp\/v2\/posts"}],"about":[{"href":"https:\/\/www.reportedeprensa.utalca.cl\/index.php?rest_route=\/wp\/v2\/types\/post"}],"author":[{"embeddable":true,"href":"https:\/\/www.reportedeprensa.utalca.cl\/index.php?rest_route=\/wp\/v2\/users\/1"}],"replies":[{"embeddable":true,"href":"https:\/\/www.reportedeprensa.utalca.cl\/index.php?rest_route=%2Fwp%2Fv2%2Fcomments&post=7058"}],"version-history":[{"count":4,"href":"https:\/\/www.reportedeprensa.utalca.cl\/index.php?rest_route=\/wp\/v2\/posts\/7058\/revisions"}],"predecessor-version":[{"id":7062,"href":"https:\/\/www.reportedeprensa.utalca.cl\/index.php?rest_route=\/wp\/v2\/posts\/7058\/revisions\/7062"}],"wp:attachment":[{"href":"https:\/\/www.reportedeprensa.utalca.cl\/index.php?rest_route=%2Fwp%2Fv2%2Fmedia&parent=7058"}],"wp:term":[{"taxonomy":"category","embeddable":true,"href":"https:\/\/www.reportedeprensa.utalca.cl\/index.php?rest_route=%2Fwp%2Fv2%2Fcategories&post=7058"},{"taxonomy":"post_tag","embeddable":true,"href":"https:\/\/www.reportedeprensa.utalca.cl\/index.php?rest_route=%2Fwp%2Fv2%2Ftags&post=7058"}],"curies":[{"name":"wp","href":"https:\/\/api.w.org\/{rel}","templated":true}]}}