{"id":7073,"date":"2023-04-21T10:53:54","date_gmt":"2023-04-21T13:53:54","guid":{"rendered":"https:\/\/www.reportedeprensa.utalca.cl\/?p=7073"},"modified":"2023-04-21T13:50:46","modified_gmt":"2023-04-21T16:50:46","slug":"21-de-abril-de-2023","status":"publish","type":"post","link":"https:\/\/www.reportedeprensa.utalca.cl\/?p=7073","title":{"rendered":"21 de abril de 2023"},"content":{"rendered":"\t\t<div data-elementor-type=\"wp-post\" data-elementor-id=\"7073\" class=\"elementor elementor-7073\" data-elementor-settings=\"[]\">\n\t\t\t\t\t\t\t<div class=\"elementor-section-wrap\">\n\t\t\t\t\t\t\t<section class=\"elementor-section elementor-top-section elementor-element elementor-element-2a4b4b83 elementor-section-boxed elementor-section-height-default elementor-section-height-default\" data-id=\"2a4b4b83\" data-element_type=\"section\">\n\t\t\t\t\t\t<div class=\"elementor-container elementor-column-gap-default\">\n\t\t\t\t\t<div class=\"elementor-column elementor-col-100 elementor-top-column elementor-element elementor-element-24a78540\" data-id=\"24a78540\" data-element_type=\"column\">\n\t\t\t<div class=\"elementor-widget-wrap elementor-element-populated\">\n\t\t\t\t\t\t\t\t<div class=\"elementor-element elementor-element-55b07e54 elementor-widget elementor-widget-text-editor\" data-id=\"55b07e54\" data-element_type=\"widget\" data-widget_type=\"text-editor.default\">\n\t\t\t\t<div class=\"elementor-widget-container\">\n\t\t\t\t\t\t\t\t<p style=\"font-weight: 400;\"><strong>CANAL CONTIVISI\u00d3N<\/strong><strong>\u00a0<\/strong><\/p><p style=\"font-weight: 400;\"><a href=\"https:\/\/www.litoralpress.cl\/sitio\/RadioTV_Detalles.cshtml?LPKey=ONNYXEAZVHWHLRJA7U3ZDX37Q2DBVJHFW2HVFJ6FNTMTHNF3IIC7KN2634KBU74AYLAVQQNIPEISQ\">Escritora argentina Samanta Schweblin recibi\u00f3 el Premio Iberoamericano de Letras Jos\u00e9 Donoso 2022. Se refiere Carlos Torres Fuchslocher, rector.\u00a0<\/a><\/p><p style=\"font-weight: 400;\">\u00a0<\/p><p style=\"font-weight: 400;\"><strong>DIARIOTALCA.CL<\/strong><strong>\u00a0<\/strong><\/p><p style=\"font-weight: 400;\"><a href=\"https:\/\/diariotalca.cl\/samanta-schweblin-recibio-premio-iberoamericano-de-letras-jose-donoso\/\">Samanta Schweblin recibi\u00f3 Premio Iberoamericano de Letras Jos\u00e9 Donoso. Se refiere Carlos Torres Fuchslocher, rector.\u00a0<\/a><\/p><p>\u00a0<\/p><p style=\"font-weight: 400;\"><strong>MEDIABANCO.COM\u00a0<\/strong><\/p><p style=\"font-weight: 400;\"><a href=\"https:\/\/www.mediabanco.com\/samanta-schweblin-recibio-premio-iberoamericano-de-letras-jose-donoso\/\">Samanta Schweblin recibi\u00f3 Premio Iberoamericano de Letras Jos\u00e9 Donoso. Se refiere Carlos Torres Fuchslocher, rector.\u00a0<\/a><\/p><p style=\"font-weight: 400;\">\u00a0<\/p><p style=\"font-weight: 400;\"><strong>LA PRENSA DE CURIC\u00d3\u00a0<\/strong><\/p><p style=\"font-weight: 400;\"><a href=\"https:\/\/www.litoralpress.cl\/paginaconsultas\/Servicios_NClipSitio\/Get_Imagen_Nota.aspx?LPKey=GL5XDHVFFQHJ3SY4INON3NBRLYGNZ2XNV3MV6QH5BGBVC45GJKFSSRO5LNCQ3GA6NCLYE3IIUJVEW\">UTalca impulsa programa para atraer a j\u00f3venes con vocaci\u00f3n en pedagog\u00eda. Se menciona a Carolina Bravo, coordinadora de la iniciativa \u201cProfesores para un mundo global (PMG)\u201d.\u00a0<\/a><\/p><p style=\"font-weight: 400;\">\u00a0<\/p><p style=\"font-weight: 400;\"><strong>DIARIOTALCA.CL\u00a0<\/strong><\/p><p style=\"font-weight: 400;\"><a href=\"https:\/\/diariotalca.cl\/su-hijo-o-hija-esta-en-4-medio-y-quiere-ser-profesor-aqui-dato-clave\/\">\u00bfSu hijo o hija est\u00e1 en 4\u00b0 Medio y quiere ser profesor? Aqu\u00ed dato clave. Se menciona a Carolina Bravo, coordinadora de la iniciativa \u201cProfesores para un mundo global (PMG)\u201d.\u00a0<\/a><\/p><p style=\"font-weight: 400;\">\u00a0<\/p><p style=\"font-weight: 400;\"><strong>DIARIOTALCA.CL\u00a0<\/strong><\/p><p style=\"font-weight: 400;\"><a href=\"https:\/\/diariotalca.cl\/escritora-argentina-samanta-schweblin-recibira-premio-jose-donoso\/#respond\">Escritora argentina Samanta Schweblin recibir\u00e1 Premio Jos\u00e9 Donoso. Se refieren Carlos Torres Fuchslocher, rector y Claire Mercier, coordinadora del Premio Jos\u00e9 Donoso.\u00a0<\/a><\/p><p style=\"font-weight: 400;\">\u00a0<\/p><p style=\"font-weight: 400;\"><strong>MUNDOACUICOLA.CL\u00a0<\/strong><\/p><p style=\"font-weight: 400;\"><a href=\"https:\/\/www.mundoacuicola.cl\/new\/investigador-asociado-a-incar-integrara-grupo-asesor-de-alto-nivel-de-investigacion-en-galapagos\/\">Investigador de la UTalca integrar\u00e1 grupo asesor de alto nivel de investigaci\u00f3n en Gal\u00e1pagos. Se refiere Carlos Ch\u00e1vez, acad\u00e9mico de la Facultad de Econom\u00eda y Negocios (FEN).\u00a0<\/a><\/p><p style=\"font-weight: 400;\">\u00a0<\/p><p style=\"font-weight: 400;\"><strong>MEDIABANCO.COM\u00a0<\/strong><\/p><p style=\"font-weight: 400;\"><a href=\"https:\/\/www.mediabanco.com\/universidad-de-talca-invita-a-explorar-el-arte-en-familia\/\">Universidad de Talca invita a explorar el arte en familia. Se refiere Mercedes Pugliese Perazzi, mediadora cultural de la Direcci\u00f3n de Extensi\u00f3n Cultural-Art\u00edstica y Marcela Albornoz Dachelet, directora de Extensi\u00f3n Cultural-Art\u00edstica.\u00a0<\/a><\/p><p style=\"font-weight: 400;\">\u00a0<\/p><p style=\"font-weight: 400;\"><strong>DIARIOELHERALDO.CL\u00a0<\/strong><\/p><p style=\"font-weight: 400;\"><a href=\"https:\/\/www.diarioelheraldo.cl\/noticia\/longavi-sera-parte-de-las-comunas-que-potenciara-el-turismo-de-alta-montana-andina\">Longav\u00ed ser\u00e1 parte de las comunas que potenciar\u00e1 el turismo de alta monta\u00f1a andina.\u00a0\u00a0Se refiere Jorge Navarrete, acad\u00e9mico de la Facultad de Econom\u00eda y Negocios (FEN).<\/a><\/p><p style=\"font-weight: 400;\">\u00a0<\/p><p style=\"font-weight: 400;\"><strong>EL HERALDO\u00a0<\/strong><\/p><p style=\"font-weight: 400;\"><a href=\"https:\/\/www.litoralpress.cl\/sitio\/Prensa_PaginaCompleta.cshtml?LPKey=JL5G4P3KB2DNE3NK2JSM2UASSW7V267GKKYQOVDIGGZPSAZEKLJA\">La iniciativa busca potenciar el turismo de asociatividad entre el mundo p\u00fablico y privado. Se refiere Jorge Navarrete, acad\u00e9mico de la Facultad de Econom\u00eda y Negocios (FEN).\u00a0<\/a><\/p><p style=\"font-weight: 400;\">\u00a0<\/p><p style=\"font-weight: 400;\"><strong>EL LECTOR\u00a0<\/strong><\/p><p style=\"font-weight: 400;\"><a href=\"https:\/\/www.litoralpress.cl\/sitio\/Prensa_PaginaCompleta.cshtml?LPKey=HH72LB3UWV74JRW3XNHTA4CA2YY2GNNXEG7YM7WYDSP46QZRIKJA\">Longav\u00ed ser\u00e1 parte de las comunas que potenciar\u00e1 el turismo de alta monta\u00f1a Andina. Se refiere Jorge Navarrete, acad\u00e9mico de la Facultad de Econom\u00eda y Negocios (FEN).\u00a0<\/a><\/p><p style=\"font-weight: 400;\">\u00a0<\/p><p style=\"font-weight: 400;\"><strong>RADIO CONDELL\u00a0<\/strong><\/p><p style=\"font-weight: 400;\"><a href=\"https:\/\/www.litoralpress.cl\/sitio\/RadioTV_Detalles.cshtml?LPKey=IKUY5VZBCHBEYGTS3IPP7RZ2T5YPVM3SU2ZFAKTX5HROOXKS6H6CG7W6YCBUQPSEVWFZVY5OR5ADQ\">Bullying y RR.SS en escolares. Se refiere Felipe Figueroa, psic\u00f3logo del programa PACE.\u00a0<\/a><\/p><p style=\"font-weight: 400;\"><strong>\u00a0<\/strong><\/p><p style=\"font-weight: 400;\"><strong>LA PRENSA DE CURIC\u00d3\u00a0<\/strong><\/p><p style=\"font-weight: 400;\"><a href=\"https:\/\/www.litoralpress.cl\/sitio\/Prensa_PaginaCompleta.cshtml?LPKey=NIAYKDGGXMP3QQ4XJ6NUSCCGEUGLRINY37ASBPGH62II5I26YL5Q\">Universidades estatales trabajar\u00e1n con casos cl\u00ednicos creados en centros de simulaci\u00f3n. Se refiere Sergio Gu\u00ed\u00f1ez Molinos, investigador y acad\u00e9mico de la Escuela de Medicina.\u00a0<\/a><\/p><p style=\"font-weight: 400;\"><strong>\u00a0<\/strong><\/p><p style=\"font-weight: 400;\"><strong>EL LECTOR\u00a0<\/strong><\/p><p style=\"font-weight: 400;\"><a href=\"https:\/\/www.litoralpress.cl\/sitio\/Prensa_PaginaCompleta.cshtml?LPKey=RKUQMPJIEGEABOJQD6WVTKWFNLXQ4ZRCOFUDF47F36HXWLNZQOUA\">Corfo anuncia plan &#8220;Industria 4.0 para el sector agroalimentario de la regi\u00f3n del Maule&#8221;. Se menciona a la Facultad de Ingenier\u00eda.\u00a0<\/a><\/p><p style=\"font-weight: 400;\">\u00a0<\/p><p style=\"font-weight: 400;\"><strong>RADIOPOLAR.COM\u00a0<\/strong><\/p><p style=\"font-weight: 400;\"><a href=\"https:\/\/radiopolar.com\/slep-magallanes-y-centro-internacional-cabo-de-hornos-acuerdan-trabajo-en-conjunto-para-potenciar-la-educacion-publica-en-la-region\/\">Slep Magallanes y Centro Internacional Cabo de Hornos acuerdan trabajo en conjunto para potenciar la educaci\u00f3n p\u00fablica en la regi\u00f3n. Se menciona a la Universidad de Talca.\u00a0<\/a><\/p><p style=\"font-weight: 400;\">\u00a0<\/p><p style=\"font-weight: 400;\"><strong>DIARIOELHERALDO.CL\u00a0<\/strong><\/p><p style=\"font-weight: 400;\"><a href=\"https:\/\/www.diarioelheraldo.cl\/noticia\/artistas-programadores-y-autoridades-regionales-dieron-el-vamos-a-la-3-feria-de-programacion-ama-2023-\">Artistas, programadores y autoridades regionales dieron el vamos a la 3\u00b0 feria de programaci\u00f3n &#8211; AMA 2023. Se menciona la Nueva Galer\u00eda de Arte.\u00a0<\/a><\/p><p style=\"font-weight: 400;\">\u00a0<\/p><p style=\"font-weight: 400;\"><strong>DIARIOTALCA.CL\u00a0<\/strong><\/p><p style=\"font-weight: 400;\"><a href=\"https:\/\/diariotalca.cl\/culmina-hoy-primera-fase-de-la-tercera-feria-de-programacion-ama-2023\/\">Culmina hoy primera fase de la Tercera Feria de Programaci\u00f3n AMA 2023. Se menciona a la Nueva Galer\u00eda de Arte (NUGA).\u00a0\u00a0<\/a><\/p><p style=\"font-weight: 400;\">\u00a0<\/p><p style=\"font-weight: 400;\"><strong>MAULEHOY.CL\u00a0<\/strong><\/p><p style=\"font-weight: 400;\"><a href=\"https:\/\/maulehoy.cl\/2023\/04\/20\/artistas-programadores-y-autoridades-regionales-dieron-el-vamos-a-la-3-feria-de-programacion-ama-2023\/\">Artistas, programadores y autoridades regionales dieron el vamos a la 3\u00b0 feria de programaci\u00f3n &#8211; AMA 2023. Se menciona a la Nueva Galer\u00eda de Arte (NUGA).\u00a0<\/a><\/p><p style=\"font-weight: 400;\">\u00a0<\/p><p style=\"font-weight: 400;\"><strong>DIARIO EL C\u00d3NDOR\u00a0<\/strong><\/p><p style=\"font-weight: 400;\"><a href=\"https:\/\/www.litoralpress.cl\/sitio\/Prensa_PaginaCompleta.cshtml?LPKey=3W3AGY6I7CXG7N3RGT7HFAR7KQBW4HSVFYZQ2F4EZBXWCQMZEI7A\">Empieza el &#8220;Festival Internacional Wine 8: Poetry Colchagua 2023\u201d en su primera versi\u00f3n. Se menciona el Campus Santa Cruz.\u00a0<\/a><\/p><p style=\"font-weight: 400;\">\u00a0<\/p><p style=\"font-weight: 400;\"><strong>DIARIOAVIREGION.CL\u00a0<\/strong><\/p><p style=\"font-weight: 400;\"><a href=\"https:\/\/www.diarioviregion.cl\/index.php\/noticias\/24925-san-fernando-epicentro-festival-internacional-de-poesia-wine-poetry-colchagua-2023\">San Fernando epicentro festival internacional de poes\u00eda \u201cWine &amp; Poetry Colchagua 2023\u201d. Se menciona el Campus Santa Cruz.\u00a0<\/a><\/p><p style=\"font-weight: 400;\">\u00a0<\/p><p style=\"font-weight: 400;\"><strong>ELMOSTRADOR.CL\u00a0<\/strong><\/p><p style=\"font-weight: 400;\"><a href=\"https:\/\/www.elmostrador.cl\/el-semanal\/2023\/04\/20\/dos-reformas-en-busca-de-acuerdos\/\">Dos reformas en busca de acuerdos. Se menciona la Universidad de Talca.\u00a0<\/a><\/p><p style=\"font-weight: 400;\">\u00a0<\/p><p style=\"font-weight: 400;\"><strong>NINAFM.CL\u00a0<\/strong><\/p><p style=\"font-weight: 400;\"><a href=\"https:\/\/ninafm.cl\/2023\/04\/20\/dos-reformas-en-busca-de-acuerdos\/\">Dos reformas en busca de acuerdos. Se menciona a la Universidad de Talca.\u00a0<\/a><\/p><p style=\"font-weight: 400;\">\u00a0<\/p><p style=\"font-weight: 400;\"><strong>NOTICIAS.UNAB.CL\u00a0<\/strong><\/p><p style=\"font-weight: 400;\"><a href=\"https:\/\/noticias.unab.cl\/decana-de-la-fecs-presenta-el-libro-la-historica-utopia-por-una-educacion-de-calidad-reflexiones-de-juan-egana\/\">Decana de la FECS presenta el libro \u00abLa hist\u00f3rica utop\u00eda por una educaci\u00f3n de calidad. Reflexiones de Juan Ega\u00f1a\u00bb. Se refiere Carla F\u00f6rster Mar\u00edn, directora de la Direcci\u00f3n de Evaluaci\u00f3n y Calidad de Pregrado.\u00a0<\/a><\/p><p style=\"font-weight: 400;\">\u00a0<\/p><p style=\"font-weight: 400;\"><strong>LAS \u00daLTIMAS NOTICIAS\u00a0\u00a0<\/strong><\/p><p style=\"font-weight: 400;\"><a href=\"https:\/\/www.litoralpress.cl\/paginaconsultas\/Servicios_NClipSitio\/Get_Imagen_Pagina.aspx?LPKey=V4ZF7RRXIUYCV4LEGWSZPTXX3MOFXYL4P2NBPSYKLMGOPJ7T2QEA\">La pega que le va a tocar hacer a \u00c1lvaro Elizalde como nuevo ministro Segpres. Se refiere\u00a0Mauricio Morales Quiroga, director del Centro de An\u00e1lisis Pol\u00edtico (CAP).<\/a>\u00a0<\/p><p style=\"font-weight: 400;\">\u00a0<\/p><p style=\"font-weight: 400;\"><strong>LAS \u00daLTIMAS NOTICIAS (SEGUNDA EDICI\u00d3N)\u00a0<\/strong><\/p><p style=\"font-weight: 400;\"><a href=\"https:\/\/www.litoralpress.cl\/sitio\/Prensa_PaginaCompleta.cshtml?LPKey=DMFIRGEIXMERJAUUNUJTHPUZGPTXCIWYVDGDOGWQIQXBDB7N2LEA\">La pega que le va a tocar hacer a \u00c1lvaro Elizalde como nuevo ministro Segpres. Se refiere\u00a0Mauricio Morales Quiroga, director del Centro de An\u00e1lisis Pol\u00edtico (CAP).<\/a>\u00a0<\/p><p style=\"font-weight: 400;\">\u00a0<\/p><p style=\"font-weight: 400;\"><strong>EMOL.CL\u00a0<\/strong><\/p><p style=\"font-weight: 400;\"><a href=\"https:\/\/www.emol.com\/noticias\/Nacional\/2023\/04\/20\/1092738\/elizalde-segpres-perfil-socialismo-democratico.html\">&#8216;La consolidaci\u00f3n del Socialismo Democr\u00e1tico&#8217;: El nuevo mapa de poder del oficialismo que abre el arribo de Elizalde a la Segpres. Se refiere\u00a0Mauricio Morales Quiroga, director del Centro de An\u00e1lisis Pol\u00edtico (CAP).\u00a0<\/a><\/p><p style=\"font-weight: 400;\"><strong>\u00a0<\/strong><\/p><p style=\"font-weight: 400;\"><strong>ELDESCONCIERTO.CL\u00a0<\/strong><\/p><p style=\"font-weight: 400;\"><a href=\"https:\/\/www.eldesconcierto.cl\/nacional\/2023\/04\/19\/estilo-elizalde-ventajas-y-debilidades-del-nuevo-negociador-del-gobierno-segun-analistas.html\">El estilo Elizalde: Ventajas y debilidades del nuevo negociador del gobierno, seg\u00fan analistas. Se refiere\u00a0Mauricio Morales Quiroga, director del Centro de An\u00e1lisis Pol\u00edtico (CAP).\u00a0<\/a><\/p><p style=\"font-weight: 400;\">\u00a0<\/p><p style=\"font-weight: 400;\"><strong>RADIO NUEVO MUNDO\u00a0<\/strong><\/p><p style=\"font-weight: 400;\"><a href=\"https:\/\/www.litoralpress.cl\/sitio\/RadioTV_Detalles.cshtml?LPKey=KRV2ZUI6W3WD33NN272TVRIW4MGIMJTVQIDSXCS5WIDSNYJ6EQ33OAWFWRNDHMRRVKAFOC43EKP4C\">Entrevista a\u00a0Mario Herrera Mu\u00f1oz, acad\u00e9mico del Centro de An\u00e1lisis Pol\u00edtico (CAP).\u00a0<\/a><\/p>\t\t\t\t\t\t<\/div>\n\t\t\t\t<\/div>\n\t\t\t\t\t<\/div>\n\t\t<\/div>\n\t\t\t\t\t\t\t<\/div>\n\t\t<\/section>\n\t\t\t\t\t\t<\/div>\n\t\t\t\t\t<\/div>\n\t\t","protected":false},"excerpt":{"rendered":"<p>CANAL CONTIVISI\u00d3N\u00a0 Escritora argentina Samanta Schweblin recibi\u00f3 el Premio Iberoamericano de Letras Jos\u00e9 Donoso 2022. Se refiere Carlos Torres Fuchslocher, rector.\u00a0 \u00a0 DIARIOTALCA.CL\u00a0 Samanta Schweblin recibi\u00f3 Premio Iberoamericano de Letras Jos\u00e9 Donoso. Se refiere Carlos Torres Fuchslocher, rector.\u00a0 \u00a0 MEDIABANCO.COM\u00a0 Samanta Schweblin recibi\u00f3 Premio Iberoamericano de Letras Jos\u00e9 Donoso. Se refiere Carlos Torres Fuchslocher, rector.\u00a0 &hellip;<\/p>\n<p class=\"read-more\"> <a class=\"\" href=\"https:\/\/www.reportedeprensa.utalca.cl\/?p=7073\"> <span class=\"screen-reader-text\">21 de abril de 2023<\/span> Read More &raquo;<\/a><\/p>\n","protected":false},"author":1,"featured_media":0,"comment_status":"closed","ping_status":"open","sticky":false,"template":"","format":"standard","meta":{"_monsterinsights_skip_tracking":false,"_monsterinsights_sitenote_active":false,"_monsterinsights_sitenote_note":"","_monsterinsights_sitenote_category":0},"categories":[32],"tags":[],"_links":{"self":[{"href":"https:\/\/www.reportedeprensa.utalca.cl\/index.php?rest_route=\/wp\/v2\/posts\/7073"}],"collection":[{"href":"https:\/\/www.reportedeprensa.utalca.cl\/index.php?rest_route=\/wp\/v2\/posts"}],"about":[{"href":"https:\/\/www.reportedeprensa.utalca.cl\/index.php?rest_route=\/wp\/v2\/types\/post"}],"author":[{"embeddable":true,"href":"https:\/\/www.reportedeprensa.utalca.cl\/index.php?rest_route=\/wp\/v2\/users\/1"}],"replies":[{"embeddable":true,"href":"https:\/\/www.reportedeprensa.utalca.cl\/index.php?rest_route=%2Fwp%2Fv2%2Fcomments&post=7073"}],"version-history":[{"count":4,"href":"https:\/\/www.reportedeprensa.utalca.cl\/index.php?rest_route=\/wp\/v2\/posts\/7073\/revisions"}],"predecessor-version":[{"id":7077,"href":"https:\/\/www.reportedeprensa.utalca.cl\/index.php?rest_route=\/wp\/v2\/posts\/7073\/revisions\/7077"}],"wp:attachment":[{"href":"https:\/\/www.reportedeprensa.utalca.cl\/index.php?rest_route=%2Fwp%2Fv2%2Fmedia&parent=7073"}],"wp:term":[{"taxonomy":"category","embeddable":true,"href":"https:\/\/www.reportedeprensa.utalca.cl\/index.php?rest_route=%2Fwp%2Fv2%2Fcategories&post=7073"},{"taxonomy":"post_tag","embeddable":true,"href":"https:\/\/www.reportedeprensa.utalca.cl\/index.php?rest_route=%2Fwp%2Fv2%2Ftags&post=7073"}],"curies":[{"name":"wp","href":"https:\/\/api.w.org\/{rel}","templated":true}]}}