{"id":7085,"date":"2023-04-24T11:16:58","date_gmt":"2023-04-24T14:16:58","guid":{"rendered":"https:\/\/www.reportedeprensa.utalca.cl\/?p=7085"},"modified":"2023-04-24T13:08:53","modified_gmt":"2023-04-24T16:08:53","slug":"24-de-abril-de-2023","status":"publish","type":"post","link":"https:\/\/www.reportedeprensa.utalca.cl\/?p=7085","title":{"rendered":"24 de abril de 2023"},"content":{"rendered":"\t\t<div data-elementor-type=\"wp-post\" data-elementor-id=\"7085\" class=\"elementor elementor-7085\" data-elementor-settings=\"[]\">\n\t\t\t\t\t\t\t<div class=\"elementor-section-wrap\">\n\t\t\t\t\t\t\t<section class=\"elementor-section elementor-top-section elementor-element elementor-element-2a4b4b83 elementor-section-boxed elementor-section-height-default elementor-section-height-default\" data-id=\"2a4b4b83\" data-element_type=\"section\">\n\t\t\t\t\t\t<div class=\"elementor-container elementor-column-gap-default\">\n\t\t\t\t\t<div class=\"elementor-column elementor-col-100 elementor-top-column elementor-element elementor-element-24a78540\" data-id=\"24a78540\" data-element_type=\"column\">\n\t\t\t<div class=\"elementor-widget-wrap elementor-element-populated\">\n\t\t\t\t\t\t\t\t<div class=\"elementor-element elementor-element-55b07e54 elementor-widget elementor-widget-text-editor\" data-id=\"55b07e54\" data-element_type=\"widget\" data-widget_type=\"text-editor.default\">\n\t\t\t\t<div class=\"elementor-widget-container\">\n\t\t\t\t\t\t\t\t<p style=\"font-weight: 400;\"><strong>LAVANGUARDIA.COM<\/strong><strong>\u00a0<\/strong><\/p><p style=\"font-weight: 400;\"><a href=\"https:\/\/www.lavanguardia.com\/vida\/20230420\/8911584\/schweblin-recibe-premio-iberoamericano-letras-jose-donoso-chile.html\">Schweblin recibe Premio Iberoamericano de Letras Jos\u00e9 Donoso en Chile. Se refiere Carlos Torres Fuchslocher, rector.\u00a0<\/a><\/p><p style=\"font-weight: 400;\"><strong><br \/>CLARIN.COM<\/strong><strong>\u00a0<\/strong><\/p><p style=\"font-weight: 400;\"><a href=\"https:\/\/www.clarin.com\/cultura\/samanta-schweblin-recibio-premio-iberoamericano-letras-jose-donoso-chile_0_7YiN6WIFvS.html\">Samanta Schweblin recibi\u00f3 el Premio Iberoamericano de Letras Jos\u00e9 Donoso en Chile. Se refiere Carlos Torres Fuchslocher, rector.\u00a0<\/a><\/p><p style=\"font-weight: 400;\"><strong>\u00a0<\/strong>\u00a0<\/p><p style=\"font-weight: 400;\"><strong>INFOBAE.COM\u00a0<\/strong><\/p><p style=\"font-weight: 400;\"><a href=\"https:\/\/www.infobae.com\/cultura\/2023\/04\/21\/samanta-schweblin-recibio-en-chile-el-premio-iberoamericano-de-letras-jose-donoso\/\">Samanta Schweblin recibi\u00f3 en Chile el Premio Iberoamericano de Letras Jos\u00e9 Donoso. Se refiere Carlos Torres Fuchslocher, rector.\u00a0<\/a><\/p><p>\u00a0<\/p><p style=\"font-weight: 400;\"><strong>SWISSINFO.CH\u00a0<\/strong><\/p><p style=\"font-weight: 400;\"><a href=\"https:\/\/www.swissinfo.ch\/spa\/chile-literatura_schweblin-recibe-premio-iberoamericano-de-letras-jos%C3%A9-donoso-en-chile\/48451730\">Schweblin recibe Premio Iberoamericano de Letras Jos\u00e9 Donoso en Chile. Se refiere Carlos Torres Fuchslocher, rector.\u00a0<\/a><\/p><p>\u00a0<\/p><p style=\"font-weight: 400;\"><strong>QUEPASAMEDIA.COM\u00a0<\/strong><\/p><p style=\"font-weight: 400;\"><a href=\"https:\/\/quepasamedia.com\/noticias\/entretenimiento\/samanta-schweblin-recibe-el-premio-iberoamericano-de-letras-jose-donoso-en-chile\/\">Samanta Schweblin recibe el Premio Iberoamericano de Letras Jos\u00e9 Donoso en Chile. Se refiere Carlos Torres Fuchslocher, rector.\u00a0<\/a><\/p><p>\u00a0<\/p><p style=\"font-weight: 400;\"><strong>LETRALIA.COM\u00a0<\/strong><\/p><p style=\"font-weight: 400;\"><a href=\"https:\/\/letralia.com\/noticias\/2023\/04\/21\/samanta-schweblin-recibio-premio-donoso\/\">Samanta Schweblin destaca auge de la traducci\u00f3n de autores latinoamericanos al recibir el Premio Donoso. Se refiere Carlos Torres Fuchslocher, rector.\u00a0<\/a><\/p><p>\u00a0<\/p><p style=\"font-weight: 400;\"><strong>SPANISH.XINHUANET.COM\u00a0<\/strong><\/p><p style=\"font-weight: 400;\"><a href=\"http:\/\/spanish.xinhuanet.com\/20230421\/4906c8f60c04483f9bb894f627def729\/c.html\">Escritora argentina Samanta Schweblin gana Premio Iberoamericano de Letras &#8220;Jos\u00e9 Donoso&#8221; 2023.\u00a0<\/a><\/p><p>\u00a0<\/p><p style=\"font-weight: 400;\"><strong>SPANISH.PEOPLEDAILY.COM.CN\u00a0<\/strong><\/p><p style=\"font-weight: 400;\"><a href=\"http:\/\/spanish.peopledaily.com.cn\/n3\/2023\/0421\/c31617-20008909.html\">Escritora argentina Samanta Schweblin gana Premio Iberoamericano de Letras &#8220;Jos\u00e9 Donoso&#8221; 2023.\u00a0<\/a><\/p><p>\u00a0<\/p><p style=\"font-weight: 400;\"><strong>DIARIODOMINICANO.COM\u00a0<\/strong><\/p><p style=\"font-weight: 400;\"><a href=\"http:\/\/diariodominicano.com\/?p=433424\">Escritora argentina Samanta Schweblin gana Premio Iberoamericano de Letras \u00abJos\u00e9 Donoso\u00bb 2023.\u00a0<\/a><\/p><p>\u00a0<\/p><p style=\"font-weight: 400;\"><strong>LADO.MX\u00a0<\/strong><\/p><p style=\"font-weight: 400;\"><a href=\"https:\/\/lado.mx\/noticia.php?id=12922876&amp;id_trending=652\">Schweblin recibe Premio Iberoamericano de Letras Jos\u00e9 Donoso en Chile. Se refiere Carlos Torres Fuchslocher, rector.\u00a0<\/a><\/p><p>\u00a0<\/p><p style=\"font-weight: 400;\"><strong>ES-US.VIDA-ESTILO.YAHOO.COM\u00a0<\/strong><\/p><p style=\"font-weight: 400;\"><a href=\"https:\/\/www.litoralpress.cl\/sitio\/Prensa_PaginaCompleta.cshtml?LPKey=JZJJV7RCOUWVBUQ3ES3LB6H52FHD4XTUOHJKIBUVUJLENTX5GITQ\">Samanta Schweblin recibe el Premio Iberoamericano de Letras Jos\u00e9 Donoso en Chile. Se refiere Carlos Torres Fuchslocher, rector.\u00a0<\/a><\/p><p>\u00a0<\/p><p style=\"font-weight: 400;\"><strong>24HORAS.CL\u00a0<\/strong><\/p><p style=\"font-weight: 400;\"><a href=\"https:\/\/www.24horas.cl\/regiones\/zona-centro\/maule\/novelista-recibe-premio-jose-donoso\">Novelista recibe Premio Jos\u00e9 Donoso.\u00a0<\/a><\/p><p>\u00a0<\/p><p style=\"font-weight: 400;\"><strong>ELMOSTRADOR.CL\u00a0<\/strong><\/p><p style=\"font-weight: 400;\"><a href=\"https:\/\/www.elmostrador.cl\/cultura\/2023\/04\/21\/escritora-argentina-samanta-schweblin-recibio-premio-iberoamericano-de-letras-jose-donoso\/\">Escritora argentina Samanta Schweblin recibi\u00f3 Premio Iberoamericano de Letras Jos\u00e9 Donoso. Se refiere Carlos Torres Fuchslocher, rector.\u00a0<\/a><\/p><p style=\"font-weight: 400;\"><strong>\u00a0<\/strong><\/p><p style=\"font-weight: 400;\"><strong>CANAL TVN RED MAULE\u00a0<\/strong><\/p><p style=\"font-weight: 400;\"><a href=\"https:\/\/www.litoralpress.cl\/sitio\/RadioTV_Detalles.cshtml?LPKey=MO56ZATJK3LFZXZQIG3RNEX6BYAP6AI7YXBE7JCBL2ALJWF7TNLAGUKCFUWY3QT26EXCPCSLE2MGA\">Novelista argentina recibe Premio de Letras Jos\u00e9 Donoso. Se menciona la Universidad de Talca.\u00a0<\/a><\/p><p style=\"font-weight: 400;\"><strong>\u00a0<\/strong><\/p><p style=\"font-weight: 400;\"><strong>LA PRENSA DE CURIC\u00d3\u00a0<\/strong><\/p><p style=\"font-weight: 400;\"><a href=\"https:\/\/www.litoralpress.cl\/sitio\/Prensa_PaginaCompleta.cshtml?LPKey=CD4LHH34SXDWJF727WET445JBEVEAAXVVTPFDGNHEAHARZY2ZDNA\">Samanta Schweblin recibi\u00f3 el Premio Iberoamericano de Letras Jos\u00e9 Donoso. Se refiere Carlos Torres Fuchslocher, rector.\u00a0<\/a><\/p><p style=\"font-weight: 400;\"><strong>\u00a0<\/strong><\/p><p style=\"font-weight: 400;\"><strong>ELDIARIOSANTIAGO.CL\u00a0<\/strong><\/p><p style=\"font-weight: 400;\"><a href=\"https:\/\/eldiariosantiago.cl\/2023\/04\/20\/samanta-schweblin-recibio-premio-iberoamericano-de-letras-jose-donoso\/\">Samanta Schweblin recibi\u00f3 Premio Iberoamericano de Letras Jos\u00e9 Donoso. Se refiere Carlos Torres Fuchslocher, rector.\u00a0<\/a><\/p><p>\u00a0<\/p><p style=\"font-weight: 400;\"><strong>ELMAULEINFORMA.CL\u00a0<\/strong><\/p><p style=\"font-weight: 400;\"><a href=\"https:\/\/elmauleinforma.cl\/samanta-schweblin-recibio-premio-iberoamericano-de-letras-jose-donoso\/\">Samanta Schweblin recibi\u00f3 Premio Iberoamericano de Letras Jos\u00e9 Donoso. Se refiere Carlos Torres Fuchslocher, rector.\u00a0<\/a><\/p><p>\u00a0<\/p><p style=\"font-weight: 400;\"><strong>G5NOTICIAS.CL\u00a0<\/strong><\/p><p style=\"font-weight: 400;\"><a href=\"https:\/\/g5noticias.cl\/2023\/04\/20\/samanta-schweblin-recibio-premio-iberoamericano-de-letras-jose-donoso\/\">Samanta Schweblin recibi\u00f3 Premio Iberoamericano de Letras Jos\u00e9 Donoso. Se refiere Carlos Torres Fuchslocher, rector.\u00a0<\/a><\/p><p>\u00a0<\/p><p style=\"font-weight: 400;\"><strong>NOVACIENCIA.ES\u00a0<\/strong><\/p><p style=\"font-weight: 400;\"><a href=\"https:\/\/www.litoralpress.cl\/sitio\/Prensa_PaginaCompleta.cshtml?LPKey=DRAW2XZ6IM4EE2ZQ7PIDNRDTBH67EXTE3O4YOPYMMTLEP2YMMZVQ\">La novelista argentina Samantha Schweblin se hace con el Premio Iberoamericano de Letras Jos\u00e9 Donoso. Se refiere Carlos Torres Fuchslocher, rector.\u00a0<\/a><\/p><p>\u00a0<\/p><p style=\"font-weight: 400;\"><strong>PORTAL AGRO CHILE\u00a0<\/strong><\/p><p style=\"font-weight: 400;\"><a href=\"https:\/\/www.portalagrochile.cl\/2023\/04\/21\/dr-carlos-chavez-integrara-grupo-asesor-de-alto-nivel-de-investigacion-en-galapagos\/\">Dr. Carlos Ch\u00e1vez integrar\u00e1 grupo asesor de alto nivel de investigaci\u00f3n en Gal\u00e1pagos. Se refiere Carlos Ch\u00e1vez, acad\u00e9mico de la Facultad de Econom\u00eda y Negocios (FEN).\u00a0<\/a><\/p><p>\u00a0<\/p><p style=\"font-weight: 400;\"><strong>AQUA.CL\u00a0<\/strong><\/p><p style=\"font-weight: 400;\"><a href=\"http:\/\/www.aqua.cl\/2023\/04\/21\/dr-carlos-chavez-integrara-grupo-asesor-de-alto-nivel-de-investigacion-en-galapagos\/\">Dr. Carlos Ch\u00e1vez integrar\u00e1 grupo asesor de alto nivel de investigaci\u00f3n en Gal\u00e1pagos. Se refiere Carlos Ch\u00e1vez, acad\u00e9mico de la Facultad de Econom\u00eda y Negocios (FEN).\u00a0<\/a><\/p><p>\u00a0<\/p><p style=\"font-weight: 400;\"><strong>CANAL TVN RED MAULE\u00a0<\/strong><\/p><p style=\"font-weight: 400;\"><a href=\"https:\/\/www.litoralpress.cl\/sitio\/RadioTV_Detalles.cshtml?LPKey=ASQVFQSDKR6GYQA7QISEC35EXPZAOHL7CK4ZGHJS7GJX2WE4ITUWMFIBWIUY7DR5PU3NKOW5ZFI5A\">&#8220;S\u00e1bados de familia en NUGA&#8221; en galer\u00eda Universidad de Talca. Se menciona la Casa de Estudios.\u00a0<\/a><\/p><p style=\"font-weight: 400;\"><strong>\u00a0<\/strong><\/p><p style=\"font-weight: 400;\"><strong>CANAL TV5\u00a0<\/strong><\/p><p style=\"font-weight: 400;\"><a href=\"https:\/\/www.litoralpress.cl\/sitio\/RadioTV_Detalles.cshtml?LPKey=JF6BFOTJXFZSFVYZBPALJ3IMLBONVJZPJFOVFF3AZIU52TK4L76HKR3XZ2FUFEZYJV74R3DXZ33X6\">Perfil poblaci\u00f3n migrante en el Maule. Se refiere Isaac Ravetllat Ballest\u00e9, acad\u00e9mico de la Facultad de Ciencias Jur\u00eddicas y Sociales.\u00a0<\/a><\/p><p>\u00a0<\/p><p style=\"font-weight: 400;\"><strong>ELCENTRO.CL\u00a0<\/strong><\/p><p style=\"font-weight: 400;\"><a href=\"https:\/\/elcentro.cl\/2023\/04\/20\/de-legitimas-disidencias-hasta-un-recordatorio-de-la-funcion-de-la-politica-de-cara-a-la-ciudadania\/\">De leg\u00edtimas disidencias hasta un recordatorio de la funci\u00f3n de la pol\u00edtica de cara a la ciudadan\u00eda. Se refiere Diego Palomo V\u00e9lez, acad\u00e9mico de la Facultad de Ciencias Jur\u00eddicas y Sociales.\u00a0<\/a><\/p><p>\u00a0<\/p><p style=\"font-weight: 400;\"><strong>RADIO AMIGA\u00a0<\/strong><\/p><p style=\"font-weight: 400;\"><a href=\"https:\/\/www.litoralpress.cl\/sitio\/RadioTV_Detalles.cshtml?LPKey=ZJ3HZ7LEKIYU53D3VRFEVOEG74PP2TC6CXSE7SVVPZBX2LI5O5YVC7JXQJONSN2UL6VHIRXIUIK3O\">Tercera versi\u00f3n del encuentro de artistas y programadores del Maule. Se menciona a la Nueva Galer\u00eda de Arte (NUGA).\u00a0<\/a><\/p><p style=\"font-weight: 400;\"><strong>\u00a0<\/strong><\/p><p style=\"font-weight: 400;\"><strong>NOTICIAS.UCN.CL\u00a0<\/strong><\/p><p style=\"font-weight: 400;\"><a href=\"https:\/\/www.noticias.ucn.cl\/destacado\/asdit-celebra-adjudicacion-del-itl-por-parte-de-corfo\/\">ASDIT celebra adjudicaci\u00f3n del ITL por parte de Corfo. Se menciona a la UTalca<\/a>.\u00a0<\/p><p>\u00a0<\/p><p style=\"font-weight: 400;\"><strong>LA DISCUSI\u00d3N\u00a0<\/strong><\/p><p style=\"font-weight: 400;\"><a href=\"https:\/\/www.litoralpress.cl\/paginaconsultas\/Servicios_NClipSitio\/Get_Imagen_Nota.aspx?LPKey=ZIQ3WNEVN6VLKG3VDMZO425PKZO4M4A4STZJLF7LZ5JU7YMLQH7YA3JTL2GHV6MOWYSDU65Q2P5YM\">Profesionales recibieron certificaciones por Diploma en Producci\u00f3n de carne bovina. Se menciona la UTalca.\u00a0<\/a><\/p><p>\u00a0<\/p><p style=\"font-weight: 400;\"><strong>LA PRENSA DE CURIC\u00d3\u00a0<\/strong><\/p><p style=\"font-weight: 400;\"><a href=\"https:\/\/www.litoralpress.cl\/sitio\/Prensa_PaginaCompleta.cshtml?LPKey=L7XL4L6YW7PZIFCEH2ZJN2XTELV4JKH3KB5SDG2HEE3CCDGA7IWA\">Corfo implementar\u00e1 plan \u201cIndustria 4.0 para el sector agroalimentario regional\u201d.\u00a0<\/a><a href=\"https:\/\/www.litoralpress.cl\/sitio\/Prensa_PaginaCompleta.cshtml?LPKey=L7XL4L6YW7PZIFCEH2ZJN2XTELV4JKH3KB5SDG2HEE3CCDGA7IWA\">Se menciona a la Facultad de Ingenier\u00eda.\u00a0<\/a><\/p><p>\u00a0<\/p><p style=\"font-weight: 400;\"><strong>ELPROA.CL\u00a0<\/strong><\/p><p style=\"font-weight: 400;\"><a href=\"https:\/\/elproa.cl\/2023\/04\/cartagena-artista-hugo-jorquera-valoro-apoyo-del-concejo-municipal-en-postulacion-al-premio-nacional-de-las-artes\/\">Cartagena: Artista Hugo Jorquera valor\u00f3 apoyo del concejo municipal en postulaci\u00f3n al Premio Nacional de las Artes. Se menciona a la Talca.\u00a0<\/a><\/p><p style=\"font-weight: 400;\"><strong>\u00a0<\/strong><\/p><p style=\"font-weight: 400;\"><strong>SOBERANIARADIO.CL\u00a0<\/strong><\/p><p style=\"font-weight: 400;\"><a href=\"https:\/\/soberaniaradio.cl\/publicacion\/?idPublicacion=43492\">Slep Magallanes y Centro Internacional Cabo de Hornos acuerdan trabajo en conjunto para potenciar la educaci\u00f3n p\u00fablica en la regi\u00f3n. Se menciona a la Universidad de Talca.\u00a0<\/a><\/p><p style=\"font-weight: 400;\"><strong>\u00a0<\/strong><\/p><p style=\"font-weight: 400;\"><strong>RADIOPRESIDENTEIBAEZ.CL\u00a0<\/strong><\/p><p style=\"font-weight: 400;\"><a href=\"https:\/\/www.radiopresidenteibanez.cl\/web\/slep-magallanes-y-centro-internacional-cabo-de-hornos-acuerdan-trabajo-en-conjunto-para-potenciar-la-educacion-publica-en-la-region\/\">Slep Magallanes y Centro Internacional Cabo de Hornos acuerdan trabajo en conjunto para potenciar la educaci\u00f3n p\u00fablica en la regi\u00f3n. Se menciona a la Universidad de Talca.\u00a0<\/a><\/p><p style=\"font-weight: 400;\"><strong>\u00a0<\/strong><\/p><p style=\"font-weight: 400;\"><strong>UCM.CL\u00a0<\/strong><\/p><p style=\"font-weight: 400;\"><a href=\"https:\/\/portal.ucm.cl\/noticias\/interocepcion-sentido-oculto-reconoce-los-estimulos-internos\">Interocepci\u00f3n: el sentido oculto que reconoce los est\u00edmulos internos. Se menciona la UTalca.\u00a0<\/a><\/p><p>\u00a0<\/p><p style=\"font-weight: 400;\"><strong>ELUNIVERSAL.CL\u00a0<\/strong><\/p><p style=\"font-weight: 400;\"><a href=\"https:\/\/eluniversal.cl\/2023\/04\/21\/empresa-chilena-publica-capacitaciones-gratuitas-sobre-responsabilidad-penal-de-las-empresas\/\">Empresa chilena publica capacitaciones gratuitas sobre responsabilidad penal de las empresas. Se menciona a la UTalca.\u00a0<\/a><\/p><p>\u00a0<\/p><p style=\"font-weight: 400;\"><strong>RADIO INFINITA\u00a0<\/strong><\/p><p style=\"font-weight: 400;\"><a href=\"https:\/\/www.litoralpress.cl\/sitio\/RadioTV_Detalles.cshtml?LPKey=CD2E5V7ZI6QF7VFUMH5G2RYP2MOTCRF3CHFEGELIB7DXPJQ7RN4QRHSFKDUOCMFCOR5AI52PADAZO\">Comentario de Mauricio Morales Quiroga, director del Centro de An\u00e1lisis Pol\u00edtico (CAP).\u00a0\u00a0<\/a><\/p><p style=\"font-weight: 400;\"><strong>\u00a0<\/strong><\/p><p style=\"font-weight: 400;\"><strong>PAUTA.CL\u00a0<\/strong><\/p><p style=\"font-weight: 400;\"><a href=\"https:\/\/www.pauta.cl\/politica\/las-claves-del-discurso-de-boric-en-la-enade-2023\">Las claves del discurso de Boric en la Enade 2023. Se refiere Mauricio Morales Quiroga, director del Centro de An\u00e1lisis Pol\u00edtico (CAP).\u00a0<\/a><\/p><p>\u00a0<\/p><p style=\"font-weight: 400;\"><strong>CANAL 24 HORAS\u00a0<\/strong><\/p><p style=\"font-weight: 400;\"><a href=\"https:\/\/www.litoralpress.cl\/sitio\/RadioTV_Detalles.cshtml?LPKey=HHCHGAXPLBBYAEYDLZG6LRG7KSN3E3TPP5NDYJVDOBQYEA6KLHTV67FWMBRVUNU33LS3CJMRT3ORS\">Entrevista a Mario Herrera Mu\u00f1oz, investigador y acad\u00e9mico del Centro de An\u00e1lisis Pol\u00edtico (CAP).\u00a0<\/a><\/p><p>\u00a0<\/p><p style=\"font-weight: 400;\"><strong>CANAL 24 HORAS\u00a0<\/strong><\/p><p style=\"font-weight: 400;\"><a href=\"https:\/\/www.litoralpress.cl\/sitio\/RadioTV_Detalles.cshtml?LPKey=ZBVYS7WTTHYCNKR4BAMHY4F27H4QYDUKE64OMKVYE7YTYYEVS6ABOOHLGOPIABLSHHPTERZPA2VIG\">Entrevista a Mario Herrera Mu\u00f1oz, investigador y acad\u00e9mico del Centro de An\u00e1lisis Pol\u00edtico (CAP).\u00a0<\/a><\/p><p style=\"font-weight: 400;\"><strong>\u00a0<\/strong><\/p><p style=\"font-weight: 400;\"><strong>24HORAS.CL\u00a0<\/strong><\/p><p style=\"font-weight: 400;\"><a href=\"https:\/\/www.24horas.cl\/programas\/manana-informativa\/analista-llegada-elizalde-segpres\">Analista y llegada de Elizalde a la Segpres: &#8220;Es una figura relativamente transversal&#8221;. Se refiere Mario Herrera Mu\u00f1oz, investigador y acad\u00e9mico del Centro de An\u00e1lisis Pol\u00edtico (CAP).<\/a><\/p>\t\t\t\t\t\t<\/div>\n\t\t\t\t<\/div>\n\t\t\t\t\t<\/div>\n\t\t<\/div>\n\t\t\t\t\t\t\t<\/div>\n\t\t<\/section>\n\t\t\t\t\t\t<\/div>\n\t\t\t\t\t<\/div>\n\t\t","protected":false},"excerpt":{"rendered":"<p>LAVANGUARDIA.COM\u00a0 Schweblin recibe Premio Iberoamericano de Letras Jos\u00e9 Donoso en Chile. Se refiere Carlos Torres Fuchslocher, rector.\u00a0 CLARIN.COM\u00a0 Samanta Schweblin recibi\u00f3 el Premio Iberoamericano de Letras Jos\u00e9 Donoso en Chile. Se refiere Carlos Torres Fuchslocher, rector.\u00a0 \u00a0\u00a0 INFOBAE.COM\u00a0 Samanta Schweblin recibi\u00f3 en Chile el Premio Iberoamericano de Letras Jos\u00e9 Donoso. Se refiere Carlos Torres Fuchslocher, &hellip;<\/p>\n<p class=\"read-more\"> <a class=\"\" href=\"https:\/\/www.reportedeprensa.utalca.cl\/?p=7085\"> <span class=\"screen-reader-text\">24 de abril de 2023<\/span> Read More &raquo;<\/a><\/p>\n","protected":false},"author":1,"featured_media":0,"comment_status":"closed","ping_status":"open","sticky":false,"template":"","format":"standard","meta":{"_monsterinsights_skip_tracking":false,"_monsterinsights_sitenote_active":false,"_monsterinsights_sitenote_note":"","_monsterinsights_sitenote_category":0},"categories":[32],"tags":[],"_links":{"self":[{"href":"https:\/\/www.reportedeprensa.utalca.cl\/index.php?rest_route=\/wp\/v2\/posts\/7085"}],"collection":[{"href":"https:\/\/www.reportedeprensa.utalca.cl\/index.php?rest_route=\/wp\/v2\/posts"}],"about":[{"href":"https:\/\/www.reportedeprensa.utalca.cl\/index.php?rest_route=\/wp\/v2\/types\/post"}],"author":[{"embeddable":true,"href":"https:\/\/www.reportedeprensa.utalca.cl\/index.php?rest_route=\/wp\/v2\/users\/1"}],"replies":[{"embeddable":true,"href":"https:\/\/www.reportedeprensa.utalca.cl\/index.php?rest_route=%2Fwp%2Fv2%2Fcomments&post=7085"}],"version-history":[{"count":7,"href":"https:\/\/www.reportedeprensa.utalca.cl\/index.php?rest_route=\/wp\/v2\/posts\/7085\/revisions"}],"predecessor-version":[{"id":7099,"href":"https:\/\/www.reportedeprensa.utalca.cl\/index.php?rest_route=\/wp\/v2\/posts\/7085\/revisions\/7099"}],"wp:attachment":[{"href":"https:\/\/www.reportedeprensa.utalca.cl\/index.php?rest_route=%2Fwp%2Fv2%2Fmedia&parent=7085"}],"wp:term":[{"taxonomy":"category","embeddable":true,"href":"https:\/\/www.reportedeprensa.utalca.cl\/index.php?rest_route=%2Fwp%2Fv2%2Fcategories&post=7085"},{"taxonomy":"post_tag","embeddable":true,"href":"https:\/\/www.reportedeprensa.utalca.cl\/index.php?rest_route=%2Fwp%2Fv2%2Ftags&post=7085"}],"curies":[{"name":"wp","href":"https:\/\/api.w.org\/{rel}","templated":true}]}}