{"id":7629,"date":"2023-06-19T18:03:42","date_gmt":"2023-06-19T21:03:42","guid":{"rendered":"https:\/\/www.reportedeprensa.utalca.cl\/?p=7629"},"modified":"2023-06-19T18:12:02","modified_gmt":"2023-06-19T21:12:02","slug":"19-de-junio-de-2023","status":"publish","type":"post","link":"https:\/\/www.reportedeprensa.utalca.cl\/?p=7629","title":{"rendered":"19 de junio de 2023"},"content":{"rendered":"\t\t<div data-elementor-type=\"wp-post\" data-elementor-id=\"7629\" class=\"elementor elementor-7629\" data-elementor-settings=\"[]\">\n\t\t\t\t\t\t\t<div class=\"elementor-section-wrap\">\n\t\t\t\t\t\t\t<section class=\"elementor-section elementor-top-section elementor-element elementor-element-10154d05 elementor-section-boxed elementor-section-height-default elementor-section-height-default\" data-id=\"10154d05\" data-element_type=\"section\">\n\t\t\t\t\t\t<div class=\"elementor-container elementor-column-gap-default\">\n\t\t\t\t\t<div class=\"elementor-column elementor-col-100 elementor-top-column elementor-element elementor-element-5db19c21\" data-id=\"5db19c21\" data-element_type=\"column\">\n\t\t\t<div class=\"elementor-widget-wrap elementor-element-populated\">\n\t\t\t\t\t\t\t\t<div class=\"elementor-element elementor-element-587e31be elementor-widget elementor-widget-text-editor\" data-id=\"587e31be\" data-element_type=\"widget\" data-widget_type=\"text-editor.default\">\n\t\t\t\t<div class=\"elementor-widget-container\">\n\t\t\t\t\t\t\t\t<p><strong>MEDIABANCO<\/strong><\/p><p><a href=\"https:\/\/www.mediabanco.com\/utalca-firma-convenio-con-municipalidades-para-promover-la-educacion-cientifica-en-escolares\/\" target=\"_blank\" rel=\"noopener\">UTalca firma convenio con Municipalidades para promover la educaci\u00f3n cient\u00edfica en escolares. Se refieren Carlos Torres Fuchslocher, rector; y C\u00e9sar Retamal bravo, acad\u00e9mico de la Facultad de Ingenier\u00eda.<\/a><\/p><p>\u00a0<\/p><p><strong>DIARIO TALCA<\/strong><\/p><p><a href=\"https:\/\/diariotalca.cl\/municipio-y-utalca-presentan-el-libro-de-la-carcel-de-talca-recopilando-su-historia\/#respond\" target=\"_blank\" rel=\"noopener\">Municipio y UTalca presentan \u201cEl libro de la c\u00e1rcel\u201d de Talca recopilando su historia. Se refieren Carlos Torres Fuchslocher, rector; y Andr\u00e9s Maraga\u00f1o Leveque, decano de la Facultad de Arquitectura, M\u00fasica y Dise\u00f1o.<\/a><\/p><p>\u00a0<\/p><p><strong>EL MERCURIO\u00a0<\/strong><\/p><p><a href=\"https:\/\/www.litoralpress.cl\/paginaconsultas\/Servicios_NClipSitio\/Get_Imagen_Nota.aspx?LPKey=UZCRNW2JBQGEQW2NEPRMQZC2LATCXI53FGDQ77R23JHINXWEE3YFW6IYQASOFV7HSEZHX6J2QCWVC\" target=\"_blank\" rel=\"noopener\">La industria tambi\u00e9n puede ser un buen y cooperador vecino. Se refiere Yerko Cort\u00e9z, acad\u00e9mico de la Facultad de Econom\u00eda y Negocios.\u00a0<\/a><\/p><p>\u00a0<\/p><p><strong>PUBLIMETRO\u00a0\u00a0<\/strong><\/p><p><a href=\"https:\/\/www.litoralpress.cl\/paginaconsultas\/Servicios_NClipSitio\/Get_Imagen_Nota.aspx?LPKey=C3GF2BCBDILZX5WOAI5BZ3NSUMFIRB76S2C254S4PX5M5LPYQISUKPO5DCBW7EHCZSN72TBUYJUPQ\" target=\"_blank\" rel=\"noopener\">\u00bfPor qu\u00e9 no hay vacunas para el virus sincicial?\u00a0Se refiere Erika Retamal, directora del Departamento de Salud P\u00fablica.\u00a0<\/a><\/p><p>\u00a0<\/p><p><strong>EL MOSTRADOR\u00a0\u00a0<\/strong><\/p><p><a href=\"https:\/\/www.elmostrador.cl\/agenda-pais\/vida-en-linea\/2023\/06\/15\/recomiendan-extender-el-postnatal-parental-ante-brote-de-virus-respiratorios\/\" target=\"_blank\" rel=\"noopener\">Recomiendan extender el postnatal parental ante brote de virus respiratorios. Se refiere Erika Retamal, epidemi\u00f3loga y directora del Departamento de Salud P\u00fablica.\u00a0\u00a0<\/a><\/p><p>\u00a0<\/p><p><strong>RADIO LAUTARO<\/strong><\/p><p><a href=\"https:\/\/www.litoralpress.cl\/sitio\/RadioTV_Detalles.cshtml?LPKey=QV5RH7BBMRFHWW5X3Z5FKEVBM5NP2CRLK26MMZU3NW6AP7K6KCB2GZYNPFJIG3MUZT5FDL6PIST2M\" target=\"_blank\" rel=\"noopener\">Enfermedades respiratorias y crisis hospitalaria. Entrevista a Erika Retamal, epidemi\u00f3loga y directora del Departamento de Salud P\u00fablica.\u00a0\u00a0<\/a><\/p><p>\u00a0<\/p><p><strong>EMOL\u00a0<\/strong>\u00a0<\/p><p><a href=\"https:\/\/www.emol.com\/noticias\/Nacional\/2023\/06\/19\/1098532\/virus-respiratorios-mala-calidad-aire.html\" target=\"_blank\" rel=\"noopener\">\u00bfAfecta a la red asistencial?: Expertos abordan situaci\u00f3n de mala calidad del aire en el pa\u00eds en medio de crisis sanitaria? Se refiere Daniel Jim\u00e9nez, director de Salud del Estudiante.\u00a0\u00a0<\/a><\/p><p>\u00a0<\/p><p><strong>COOPERATIVA CIENCIA\u00a0\u00a0<\/strong><\/p><p><a href=\"https:\/\/www.cooperativaciencia.cl\/2023\/06\/15\/alternativas-para-una-calefaccion-sustentable\/\" target=\"_blank\" rel=\"noopener\">Alternativas para una calefacci\u00f3n sustentable.\u00a0Se refiere Mar\u00eda Elisa Quinteros, epidemi\u00f3loga ambiental y acad\u00e9mica del Departamento de Salud P\u00fablica.\u00a0<\/a><\/p><p>\u00a0<\/p><p><strong>EL MOSTRADOR<\/strong><\/p><p><a href=\"https:\/\/www.elmostrador.cl\/agenda-pais\/agenda-social\/2023\/06\/17\/entregan-recomendaciones-para-detectar-y-enfrentar-el-abuso-en-personas-mayores\/\" target=\"_blank\" rel=\"noopener\">Entregan recomendaciones preventivas contra el Maltrato en la Vejez.\u00a0Se refieren Mar\u00eda Soledad Jofr\u00e9, acad\u00e9mica de la Facultad de Ciencias Jur\u00eddicas y Sociales e investigadora del CIES; Emilio Moyano, acad\u00e9mico de la Facultad de Psicolog\u00eda e investigador del CIES.\u00a0<\/a><\/p><p>\u00a0<\/p><p><strong>EPANEWS.CL<\/strong><\/p><p><a href=\"https:\/\/epanews.cl\/proyecto-busca-valorizar-residuos-de-podas-de-vides-de-manera-integral\/\" target=\"_blank\" rel=\"noopener\">Proyecto busca valorizar residuos de podas de vides de manera integral. Se refiere Fernando Guerra, acad\u00e9mico del Instituto de Ciencias Biol\u00f3gicas.<\/a><\/p><p>\u00a0<\/p><p><strong>CNN CHILE<\/strong><\/p><p><a href=\"https:\/\/www.litoralpress.cl\/sitio\/RadioTV_Detalles.cshtml?LPKey=V3LHW7PYJXAX6PYJBDNESTIS6TZRE45TSIPANU4NZFLRXC4XLQFO5KNIMOYBA25XRYME46Z4AFUOA\" target=\"_blank\" rel=\"noopener\">Crisis clim\u00e1tica y la sequ\u00eda que obliga a las personas a dejar sus poblados. Se refiere Patricio Gonz\u00e1lez Colville, acad\u00e9mico del Centro de Investigaci\u00f3n y Transferencia en Riego y Agroclimatolog\u00eda.<\/a><\/p><p>\u00a0<\/p><p><strong>EL MOSTRADOR\u00a0<\/strong>\u00a0<\/p><p><a href=\"https:\/\/www.elmostrador.cl\/agenda-pais\/agenda-sustentable\/2023\/06\/19\/los-efectos-del-frio-extremo-ola-polar-aumentaria-el-deficit-hidrico\/\" target=\"_blank\" rel=\"noopener\">Los efectos del fr\u00edo extremo: ola polar aumentar\u00eda el d\u00e9ficit h\u00eddrico. Se refiere Patricio Gonz\u00e1lez Colville, acad\u00e9mico del Centro de Investigaci\u00f3n y Transferencia en Riego y Agroclimatolog\u00eda\u00a0<\/a><\/p><p>\u00a0<\/p><p><strong>EL TIP\u00d3GRAFO\u00a0<\/strong><\/p><p><a href=\"https:\/\/www.litoralpress.cl\/paginaconsultas\/Servicios_NClipSitio\/Get_Imagen_Nota.aspx?LPKey=DO22GIPCUPREJCCIJ4QAZW2D7CARUOOZQRXEN2JF4GAAQIJZWBEMUGUIN5MMP5PY5IEFBMPUH2E2M\" target=\"_blank\" rel=\"noopener\">Onda polar y sus efectos en la agricultura. Se refiere Patricio Gonz\u00e1lez Colville, acad\u00e9mico del Centro de Investigaci\u00f3n y Transferencia en Riego y Agroclimatolog\u00eda<\/a>. \u00a0<\/p><p><strong>DIARIO TALCA<\/strong><\/p><p><a href=\"https:\/\/diariotalca.cl\/especialistas-advierten-sobre-peligros-para-la-salud-de-los-endulzantes-artificiales\/#respond\" target=\"_blank\" rel=\"noopener\">Especialistas advierten sobre peligros para la salud de los endulzantes artificiales. Se refiere Andrea Torres Geldres, acad\u00e9mica de la Escuela de Nutrici\u00f3n y Diet\u00e9tica.\u00a0<\/a><\/p><p>\u00a0<\/p><p><strong>EL LECTOR<\/strong><\/p><p><a href=\"https:\/\/www.litoralpress.cl\/paginaconsultas\/Servicios_NClipSitio\/Get_Imagen_Nota.aspx?LPKey=Z4PRAM526JBJJTXVIMZHGBMI7IDS7BS56RGYBTQJRVB3OWOSU5ZB5LVJVKSXRV3NLD2UULLWTSUEU\" target=\"_blank\" rel=\"noopener\">Centro Interuniversitario de Envejecimiento Saludable establece v\u00ednculos con el ministerio de desarrollo social y familia. Se refiere Iv\u00e1n Palomo, acad\u00e9mico de la Facultad de Ciencias de la Salud y director del Centro Interuniversitario de Envejecimiento Saludable.<\/a><\/p><p>\u00a0<\/p><p><strong>MEDIABANCO<\/strong><\/p><p><a href=\"https:\/\/www.mediabanco.com\/explora-maule-impulsa-el-pensamiento-cientifico-desde-los-primeros-anos-de-vida\/\" target=\"_blank\" rel=\"noopener\">Explora Maule impulsa el pensamiento\u00a0cient\u00edfico desde los primeros a\u00f1os de vida. Se refiere Leonardo Leottau, director de Explora Maule de la UTalca.<\/a><\/p><p>\u00a0<\/p><p><strong>MEDIABANCO<\/strong><\/p><p><a href=\"https:\/\/www.mediabanco.com\/mas-de-600-estudiantes-rindieron-el-primer-ensayo-paes-en-la-utalca\/\" target=\"_blank\" rel=\"noopener\">M\u00e1s de 600 estudiantes rindieron el primer ensayo PAES en la UTalca. Se refiere la directora de Ciclo de Vida Estudiantil, Paola Morales Norambuena.<\/a><\/p><p>\u00a0<\/p><p><strong>DIARIO TALCA<\/strong><\/p><p><a href=\"https:\/\/diariotalca.cl\/mas-de-600-estudiantes-rindieron-primer-ensayo-paes-en-la-utalca\/\" target=\"_blank\" rel=\"noopener\">M\u00e1s de 600 estudiantes rindieron el primer ensayo PAES en la UTalca. Se refiere la directora de Ciclo de Vida Estudiantil, Paola Morales Norambuena.<\/a><\/p><p>\u00a0<\/p><p><strong>MEDIABANCO<\/strong><\/p><p><a href=\"https:\/\/www.mediabanco.com\/destacados-exponentes-de-las-artes-visuales-presentan-trabajo-conjunto-en-la-utalca\/\" target=\"_blank\" rel=\"noopener\">Destacados exponentes de las artes visuales presentan trabajo conjunto en la UTalca. Se refiere Marcela Albornoz Dachelet, directora de Extensi\u00f3n Cultural \u2013 Art\u00edstica.<\/a><\/p><p>\u00a0<\/p><p><strong>EL LECTOR<\/strong><\/p><p><a href=\"https:\/\/www.litoralpress.cl\/paginaconsultas\/Servicios_NClipSitio\/Get_Imagen_Nota.aspx?LPKey=ZXCTF3HYYBU2PXG4GT65UBZAFD5YMHV7KTB474NDUBNDLE7VAMKNJ3NDVJ5UAL3B6SR73NF6GDC3W\" target=\"_blank\" rel=\"noopener\">Destacados exponentes de las artes visuales presentan trabajo conjunto en la UTalca. Se refiere Marcela Albornoz Dachelet, directora de Extensi\u00f3n Cultural \u2013 Art\u00edstica.<\/a><\/p><p>\u00a0<\/p><p><strong>MEGANOTICIAS.CL<\/strong><\/p><p><a href=\"https:\/\/www.meganoticias.cl\/nacional\/417391-columna-mauricio-morales-cadem-gobierno-boric-de-rodillas-18-06-2023.html\" target=\"_blank\" rel=\"noopener\">Columna de Mauricio Morales, director del Centro de An\u00e1lisis Pol\u00edtico (CAP).\u00a0<\/a><\/p><p>\u00a0<\/p><p><strong>RADIO INFINITA\u00a0\u00a0\u00a0<\/strong><\/p><p><a href=\"https:\/\/www.litoralpress.cl\/sitio\/RadioTV_Detalles.cshtml?LPKey=RDRJDEF4EOFEST5UBM5UCN3V5V6ZTDZMEUFEFBTG4BUMULEC75LIMZVIYJ7XXB4KW2AWUB6HOT7IG\" target=\"_blank\" rel=\"noopener\">Comentario de pol\u00edtica de Mauricio Morales, director del Centro de An\u00e1lisis Pol\u00edtico (CAP).\u00a0<\/a><\/p><p>\u00a0<\/p><p><strong>DIARIO TALCA<\/strong><\/p><p><a href=\"https:\/\/www.litoralpress.cl\/paginaconsultas\/Servicios_NClipSitio\/Get_Imagen_Nota.aspx?LPKey=H6J4I4ILJQAEFQ2JGUWKCBXT7ARNQNDLDFYPYHKWLKM5U66NU63CJ2XFYDQVE4ZV7SKM7KKZ5B3RG\" target=\"_blank\" rel=\"noopener\">Rebeld\u00eda y sentido del deber. Opini\u00f3n de Rodrigo Biel Melgarejo, acad\u00e9mico de la Facultad de Ciencias Jur\u00eddicas y Sociales.<\/a><\/p>\t\t\t\t\t\t<\/div>\n\t\t\t\t<\/div>\n\t\t\t\t\t<\/div>\n\t\t<\/div>\n\t\t\t\t\t\t\t<\/div>\n\t\t<\/section>\n\t\t\t\t\t\t<\/div>\n\t\t\t\t\t<\/div>\n\t\t","protected":false},"excerpt":{"rendered":"<p>MEDIABANCO UTalca firma convenio con Municipalidades para promover la educaci\u00f3n cient\u00edfica en escolares. Se refieren Carlos Torres Fuchslocher, rector; y C\u00e9sar Retamal bravo, acad\u00e9mico de la Facultad de Ingenier\u00eda. \u00a0 DIARIO TALCA Municipio y UTalca presentan \u201cEl libro de la c\u00e1rcel\u201d de Talca recopilando su historia. Se refieren Carlos Torres Fuchslocher, rector; y Andr\u00e9s Maraga\u00f1o &hellip;<\/p>\n<p class=\"read-more\"> <a class=\"\" href=\"https:\/\/www.reportedeprensa.utalca.cl\/?p=7629\"> <span class=\"screen-reader-text\">19 de junio de 2023<\/span> Read More &raquo;<\/a><\/p>\n","protected":false},"author":1,"featured_media":0,"comment_status":"closed","ping_status":"open","sticky":false,"template":"","format":"standard","meta":{"_monsterinsights_skip_tracking":false,"_monsterinsights_sitenote_active":false,"_monsterinsights_sitenote_note":"","_monsterinsights_sitenote_category":0},"categories":[34],"tags":[],"_links":{"self":[{"href":"https:\/\/www.reportedeprensa.utalca.cl\/index.php?rest_route=\/wp\/v2\/posts\/7629"}],"collection":[{"href":"https:\/\/www.reportedeprensa.utalca.cl\/index.php?rest_route=\/wp\/v2\/posts"}],"about":[{"href":"https:\/\/www.reportedeprensa.utalca.cl\/index.php?rest_route=\/wp\/v2\/types\/post"}],"author":[{"embeddable":true,"href":"https:\/\/www.reportedeprensa.utalca.cl\/index.php?rest_route=\/wp\/v2\/users\/1"}],"replies":[{"embeddable":true,"href":"https:\/\/www.reportedeprensa.utalca.cl\/index.php?rest_route=%2Fwp%2Fv2%2Fcomments&post=7629"}],"version-history":[{"count":4,"href":"https:\/\/www.reportedeprensa.utalca.cl\/index.php?rest_route=\/wp\/v2\/posts\/7629\/revisions"}],"predecessor-version":[{"id":7633,"href":"https:\/\/www.reportedeprensa.utalca.cl\/index.php?rest_route=\/wp\/v2\/posts\/7629\/revisions\/7633"}],"wp:attachment":[{"href":"https:\/\/www.reportedeprensa.utalca.cl\/index.php?rest_route=%2Fwp%2Fv2%2Fmedia&parent=7629"}],"wp:term":[{"taxonomy":"category","embeddable":true,"href":"https:\/\/www.reportedeprensa.utalca.cl\/index.php?rest_route=%2Fwp%2Fv2%2Fcategories&post=7629"},{"taxonomy":"post_tag","embeddable":true,"href":"https:\/\/www.reportedeprensa.utalca.cl\/index.php?rest_route=%2Fwp%2Fv2%2Ftags&post=7629"}],"curies":[{"name":"wp","href":"https:\/\/api.w.org\/{rel}","templated":true}]}}