{"id":7640,"date":"2023-06-20T13:34:15","date_gmt":"2023-06-20T16:34:15","guid":{"rendered":"https:\/\/www.reportedeprensa.utalca.cl\/?p=7640"},"modified":"2023-06-20T13:40:35","modified_gmt":"2023-06-20T16:40:35","slug":"20-de-junio-de-2023","status":"publish","type":"post","link":"https:\/\/www.reportedeprensa.utalca.cl\/?p=7640","title":{"rendered":"20 de junio de 2023"},"content":{"rendered":"\t\t<div data-elementor-type=\"wp-post\" data-elementor-id=\"7640\" class=\"elementor elementor-7640\" data-elementor-settings=\"[]\">\n\t\t\t\t\t\t\t<div class=\"elementor-section-wrap\">\n\t\t\t\t\t\t\t<section class=\"elementor-section elementor-top-section elementor-element elementor-element-10154d05 elementor-section-boxed elementor-section-height-default elementor-section-height-default\" data-id=\"10154d05\" data-element_type=\"section\">\n\t\t\t\t\t\t<div class=\"elementor-container elementor-column-gap-default\">\n\t\t\t\t\t<div class=\"elementor-column elementor-col-100 elementor-top-column elementor-element elementor-element-5db19c21\" data-id=\"5db19c21\" data-element_type=\"column\">\n\t\t\t<div class=\"elementor-widget-wrap elementor-element-populated\">\n\t\t\t\t\t\t\t\t<div class=\"elementor-element elementor-element-587e31be elementor-widget elementor-widget-text-editor\" data-id=\"587e31be\" data-element_type=\"widget\" data-widget_type=\"text-editor.default\">\n\t\t\t\t<div class=\"elementor-widget-container\">\n\t\t\t\t\t\t\t\t<p><strong>PUBLIMETRO\u00a0<\/strong><strong>\u00a0<\/strong><\/p><p><a href=\"https:\/\/www.litoralpress.cl\/paginaconsultas\/Servicios_NClipSitio\/Get_Imagen_Nota.aspx?LPKey=C3GF2BCBDILZX5WOAI5BZ3NSUMFIRB76S2C254S4PX5M5LPYQISUKPO5DCBW7EHCZSN72TBUYJUPQ\" target=\"_blank\" rel=\"noopener\">\u00bfPor qu\u00e9 no hay vacunas para el virus sincicial?\u00a0Se refiere Erika Retamal, directora del Departamento de Salud P\u00fablica.\u00a0<\/a><\/p><p>\u00a0<\/p><p><strong>ELMOSTRADOR.CL\u00a0<\/strong><strong>\u00a0<\/strong><\/p><p><a href=\"https:\/\/www.elmostrador.cl\/agenda-pais\/vida-en-linea\/2023\/06\/15\/recomiendan-extender-el-postnatal-parental-ante-brote-de-virus-respiratorios\/\" target=\"_blank\" rel=\"noopener\">Recomiendan extender el postnatal parental ante brote de virus respiratorios. Se refiere Erika Retamal, epidemi\u00f3loga y directora del Departamento de Salud P\u00fablica.\u00a0\u00a0<\/a><\/p><p>\u00a0<\/p><p><strong>RADIO LAUTARO<\/strong><\/p><p><a href=\"https:\/\/www.litoralpress.cl\/sitio\/RadioTV_Detalles.cshtml?LPKey=QV5RH7BBMRFHWW5X3Z5FKEVBM5NP2CRLK26MMZU3NW6AP7K6KCB2GZYNPFJIG3MUZT5FDL6PIST2M\" target=\"_blank\" rel=\"noopener\">Enfermedades respiratorias y crisis hospitalaria. Entrevista a Erika Retamal, epidemi\u00f3loga y directora del Departamento de Salud P\u00fablica.\u00a0\u00a0<\/a><\/p><p>\u00a0<\/p><p><strong>EMOL.CL<\/strong><\/p><p><a href=\"https:\/\/www.emol.com\/noticias\/Nacional\/2023\/06\/19\/1098532\/virus-respiratorios-mala-calidad-aire.html\" target=\"_blank\" rel=\"noopener\">\u00bfAfecta a la red asistencial?: Expertos abordan situaci\u00f3n de mala calidad del aire en el pa\u00eds en medio de crisis sanitaria. Se refiere Daniel Jim\u00e9nez, director de Salud del Estudiante.\u00a0\u00a0<\/a><\/p><p>\u00a0<\/p><p><strong>COOPERATIVACIENCIA.CL<\/strong><\/p><p><a href=\"https:\/\/www.cooperativaciencia.cl\/2023\/06\/15\/alternativas-para-una-calefaccion-sustentable\/\" target=\"_blank\" rel=\"noopener\">Alternativas para una calefacci\u00f3n sustentable.\u00a0Se refiere Mar\u00eda Elisa Quinteros, epidemi\u00f3loga ambiental y acad\u00e9mica del Departamento de Salud P\u00fablica.\u00a0<\/a><\/p><p>\u00a0<\/p><p><strong>ELMOSTRADOR.CL<\/strong><\/p><p><a href=\"https:\/\/www.elmostrador.cl\/agenda-pais\/agenda-social\/2023\/06\/17\/entregan-recomendaciones-para-detectar-y-enfrentar-el-abuso-en-personas-mayores\/\" target=\"_blank\" rel=\"noopener\">Entregan recomendaciones preventivas contra el Maltrato en la Vejez.\u00a0Se refieren Mar\u00eda Soledad Jofr\u00e9, acad\u00e9mica de la Facultad de Ciencias Jur\u00eddicas y Sociales e investigadora del CIES; Emilio Moyano, acad\u00e9mico de la Facultad de Psicolog\u00eda e investigador del CIES.\u00a0<\/a><\/p><p>\u00a0<\/p><p><strong>EPANEWS.CL<\/strong><\/p><p><a href=\"https:\/\/epanews.cl\/proyecto-busca-valorizar-residuos-de-podas-de-vides-de-manera-integral\/\" target=\"_blank\" rel=\"noopener\">Proyecto busca valorizar residuos de podas de vides de manera integral. Se refiere Fernando Guerra, acad\u00e9mico del Instituto de Ciencias Biol\u00f3gicas.<\/a><\/p><p>\u00a0<\/p><p><strong>CANAL CNN CHILE<\/strong><\/p><p><a href=\"https:\/\/www.litoralpress.cl\/sitio\/RadioTV_Detalles.cshtml?LPKey=V3LHW7PYJXAX6PYJBDNESTIS6TZRE45TSIPANU4NZFLRXC4XLQFO5KNIMOYBA25XRYME46Z4AFUOA\" target=\"_blank\" rel=\"noopener\">Crisis clim\u00e1tica y la sequ\u00eda que obliga a las personas a dejar sus poblados. Se refiere Patricio Gonz\u00e1lez Colville, acad\u00e9mico del Centro de Investigaci\u00f3n y Transferencia en Riego y Agroclimatolog\u00eda.<\/a><\/p><p>\u00a0<\/p><p><strong>ELMOSTRADOR.CL\u00a0<\/strong><strong>\u00a0<\/strong><\/p><p><a href=\"https:\/\/www.elmostrador.cl\/agenda-pais\/agenda-sustentable\/2023\/06\/19\/los-efectos-del-frio-extremo-ola-polar-aumentaria-el-deficit-hidrico\/\" target=\"_blank\" rel=\"noopener\">Los efectos del fr\u00edo extremo: ola polar aumentar\u00eda el d\u00e9ficit h\u00eddrico. Se refiere Patricio Gonz\u00e1lez Colville, acad\u00e9mico del Centro de Investigaci\u00f3n y Transferencia en Riego y Agroclimatolog\u00eda\u00a0<\/a><\/p><p>\u00a0<\/p><p><strong>EL TIP\u00d3GRAFO\u00a0<\/strong><\/p><p><a href=\"https:\/\/www.litoralpress.cl\/paginaconsultas\/Servicios_NClipSitio\/Get_Imagen_Nota.aspx?LPKey=DO22GIPCUPREJCCIJ4QAZW2D7CARUOOZQRXEN2JF4GAAQIJZWBEMUGUIN5MMP5PY5IEFBMPUH2E2M\" target=\"_blank\" rel=\"noopener\">Onda polar y sus efectos en la agricultura. Se refiere Patricio Gonz\u00e1lez Colville, acad\u00e9mico del Centro de Investigaci\u00f3n y Transferencia en Riego y Agroclimatolog\u00eda.<\/a> \u00a0<\/p><p><strong>CANAL TVN RED MAULE<\/strong><\/p><p><a href=\"https:\/\/www.litoralpress.cl\/sitio\/RadioTV_Detalles.cshtml?LPKey=DA2X6VFVZSOWOEIDUK4NEOOCWYBO3HGO7MM27K46Y5MJYWZO42QXPJPVLSDFO5XOV4R7CWTSOZCL6\" target=\"_blank\" rel=\"noopener\">Municipio y Universidad de Talca presentan El Libro de la C\u00e1rcel. Se menciona a la Universidad de Talca.\u00a0<\/a><\/p><p>\u00a0<\/p><p><strong>EL LECTOR<\/strong><\/p><p><a href=\"https:\/\/www.litoralpress.cl\/paginaconsultas\/Servicios_NClipSitio\/Get_Imagen_Nota.aspx?LPKey=Z4PRAM526JBJJTXVIMZHGBMI7IDS7BS56RGYBTQJRVB3OWOSU5ZB5LVJVKSXRV3NLD2UULLWTSUEU\" target=\"_blank\" rel=\"noopener\">Centro Interuniversitario de Envejecimiento Saludable establece vinculos con el ministerio de desarrollo social y familia. Se refiere Iv\u00e1n Palomo, acad\u00e9mico de la Facultad de Ciencias de la Salud y director del Centro Interuniversitario de Enjevecimiento Saludable.<\/a><\/p><p>\u00a0<\/p><p><strong>MEGANOTICIAS.CL<\/strong><\/p><p><a href=\"https:\/\/www.meganoticias.cl\/nacional\/417391-columna-mauricio-morales-cadem-gobierno-boric-de-rodillas-18-06-2023.html\" target=\"_blank\" rel=\"noopener\">Columna de Mauricio Morales, director del Centro de An\u00e1lisis Pol\u00edtico (CAP).\u00a0<\/a><\/p><p>\u00a0<\/p><p><strong>RADIO INFINITA\u00a0\u00a0\u00a0<\/strong><\/p><p><a href=\"https:\/\/www.litoralpress.cl\/sitio\/RadioTV_Detalles.cshtml?LPKey=QDAVY3UDIPUO3GZJMO4PNFQSANGQV7W5GJDH3YRH4WDSRNGIEAXGFY4H7SJGB2EDXSUYYOYDZSYTS\" target=\"_blank\" rel=\"noopener\">Comentario de pol\u00edtica de Mauricio Morales, director del Centro de An\u00e1lisis Pol\u00edtico (CAP).\u00a0<\/a><\/p><p>\u00a0<\/p><p><strong>RADIO BIOBIO<\/strong><\/p><p><a href=\"https:\/\/www.litoralpress.cl\/sitio\/RadioTV_Detalles.cshtml?LPKey=H7UQKTDYAVFRRLWI47DVUFAEG7SJRBQ7PG3YVQQAHSPSPQSMTO5KMXEBIFJDPC3QBJDSR7NHM3W26\" target=\"_blank\" rel=\"noopener\">Expertos descartaron que est\u00e9 en riesgo la continuidad de chile en la visa waiver. Se refiere Alejandra M\u00e1rquez, acad\u00e9mica del Centro de An\u00e1lisis Pol\u00edtico (CAP).<\/a><\/p><p>\u00a0<\/p><p><strong>MEDIABANCO<\/strong><\/p><p><a href=\"https:\/\/www.mediabanco.com\/mas-de-600-estudiantes-rindieron-el-primer-ensayo-paes-en-la-utalca\/\" target=\"_blank\" rel=\"noopener\">M\u00e1s de 600 estudiantes rindieron el primer ensayo PAES en la UTalca. Se refiere la directora de Ciclo de Vida Estudiantil, Paola Morales Norambuena.<\/a><\/p><p>\u00a0<\/p><p><strong>DIARIO TALCA<\/strong><\/p><p><a href=\"https:\/\/diariotalca.cl\/mas-de-600-estudiantes-rindieron-primer-ensayo-paes-en-la-utalca\/\" target=\"_blank\" rel=\"noopener\">M\u00e1s de 600 estudiantes rindieron el primer ensayo PAES en la UTalca. Se refiere la directora de Ciclo de Vida Estudiantil, Paola Morales Norambuena. <\/a><\/p><p>\u00a0<\/p><p><strong>MEDIABANCO<\/strong><\/p><p><a href=\"https:\/\/www.mediabanco.com\/explora-maule-impulsa-el-pensamiento-cientifico-desde-los-primeros-anos-de-vida\/\" target=\"_blank\" rel=\"noopener\">Explora Maule impulsa el pensamiento\u00a0cient\u00edfico desde los primeros a\u00f1os de vida. Se refiere Leonardo Leottau, director de Explora Maule de la UTalca.<\/a><\/p>\t\t\t\t\t\t<\/div>\n\t\t\t\t<\/div>\n\t\t\t\t\t<\/div>\n\t\t<\/div>\n\t\t\t\t\t\t\t<\/div>\n\t\t<\/section>\n\t\t\t\t\t\t<\/div>\n\t\t\t\t\t<\/div>\n\t\t","protected":false},"excerpt":{"rendered":"<p>PUBLIMETRO\u00a0\u00a0 \u00bfPor qu\u00e9 no hay vacunas para el virus sincicial?\u00a0Se refiere Erika Retamal, directora del Departamento de Salud P\u00fablica.\u00a0 \u00a0 ELMOSTRADOR.CL\u00a0\u00a0 Recomiendan extender el postnatal parental ante brote de virus respiratorios. Se refiere Erika Retamal, epidemi\u00f3loga y directora del Departamento de Salud P\u00fablica.\u00a0\u00a0 \u00a0 RADIO LAUTARO Enfermedades respiratorias y crisis hospitalaria. Entrevista a Erika Retamal, &hellip;<\/p>\n<p class=\"read-more\"> <a class=\"\" href=\"https:\/\/www.reportedeprensa.utalca.cl\/?p=7640\"> <span class=\"screen-reader-text\">20 de junio de 2023<\/span> Read More &raquo;<\/a><\/p>\n","protected":false},"author":1,"featured_media":0,"comment_status":"closed","ping_status":"open","sticky":false,"template":"","format":"standard","meta":{"_monsterinsights_skip_tracking":false,"_monsterinsights_sitenote_active":false,"_monsterinsights_sitenote_note":"","_monsterinsights_sitenote_category":0},"categories":[34],"tags":[],"_links":{"self":[{"href":"https:\/\/www.reportedeprensa.utalca.cl\/index.php?rest_route=\/wp\/v2\/posts\/7640"}],"collection":[{"href":"https:\/\/www.reportedeprensa.utalca.cl\/index.php?rest_route=\/wp\/v2\/posts"}],"about":[{"href":"https:\/\/www.reportedeprensa.utalca.cl\/index.php?rest_route=\/wp\/v2\/types\/post"}],"author":[{"embeddable":true,"href":"https:\/\/www.reportedeprensa.utalca.cl\/index.php?rest_route=\/wp\/v2\/users\/1"}],"replies":[{"embeddable":true,"href":"https:\/\/www.reportedeprensa.utalca.cl\/index.php?rest_route=%2Fwp%2Fv2%2Fcomments&post=7640"}],"version-history":[{"count":4,"href":"https:\/\/www.reportedeprensa.utalca.cl\/index.php?rest_route=\/wp\/v2\/posts\/7640\/revisions"}],"predecessor-version":[{"id":7644,"href":"https:\/\/www.reportedeprensa.utalca.cl\/index.php?rest_route=\/wp\/v2\/posts\/7640\/revisions\/7644"}],"wp:attachment":[{"href":"https:\/\/www.reportedeprensa.utalca.cl\/index.php?rest_route=%2Fwp%2Fv2%2Fmedia&parent=7640"}],"wp:term":[{"taxonomy":"category","embeddable":true,"href":"https:\/\/www.reportedeprensa.utalca.cl\/index.php?rest_route=%2Fwp%2Fv2%2Fcategories&post=7640"},{"taxonomy":"post_tag","embeddable":true,"href":"https:\/\/www.reportedeprensa.utalca.cl\/index.php?rest_route=%2Fwp%2Fv2%2Ftags&post=7640"}],"curies":[{"name":"wp","href":"https:\/\/api.w.org\/{rel}","templated":true}]}}