{"id":7652,"date":"2023-06-22T23:32:05","date_gmt":"2023-06-23T02:32:05","guid":{"rendered":"https:\/\/www.reportedeprensa.utalca.cl\/?p=7652"},"modified":"2023-06-22T23:42:39","modified_gmt":"2023-06-23T02:42:39","slug":"21-de-junio-de-2023","status":"publish","type":"post","link":"https:\/\/www.reportedeprensa.utalca.cl\/?p=7652","title":{"rendered":"22 de junio de 2023"},"content":{"rendered":"\t\t<div data-elementor-type=\"wp-post\" data-elementor-id=\"7652\" class=\"elementor elementor-7652\" data-elementor-settings=\"[]\">\n\t\t\t\t\t\t\t<div class=\"elementor-section-wrap\">\n\t\t\t\t\t\t\t<section class=\"elementor-section elementor-top-section elementor-element elementor-element-10154d05 elementor-section-boxed elementor-section-height-default elementor-section-height-default\" data-id=\"10154d05\" data-element_type=\"section\">\n\t\t\t\t\t\t<div class=\"elementor-container elementor-column-gap-default\">\n\t\t\t\t\t<div class=\"elementor-column elementor-col-100 elementor-top-column elementor-element elementor-element-5db19c21\" data-id=\"5db19c21\" data-element_type=\"column\">\n\t\t\t<div class=\"elementor-widget-wrap elementor-element-populated\">\n\t\t\t\t\t\t\t\t<div class=\"elementor-element elementor-element-587e31be elementor-widget elementor-widget-text-editor\" data-id=\"587e31be\" data-element_type=\"widget\" data-widget_type=\"text-editor.default\">\n\t\t\t\t<div class=\"elementor-widget-container\">\n\t\t\t\t\t\t\t\t<p><strong>ELCENTRO.CL<\/strong><\/p><p><a href=\"https:\/\/www.diarioelcentro.cl\/2023\/06\/20\/covid-19-estudio-revela-que-la-poblacion-desarrollo-inmunidad\/\" target=\"_blank\" rel=\"noopener\">Covid 19: estudio revela que la poblaci\u00f3n desarroll\u00f3 inmunidad. Se refiere Loreto N\u00fa\u00f1ez Franz, acad\u00e9mica de la Facultad de Ciencias de la Salud.<\/a><\/p><p>\u00a0<\/p><p><strong>TV MAULE<\/strong><\/p><p><a href=\"https:\/\/www.tvmaule.cl\/estudio-comprobo-desarrollo-de-inmunidad-en-la-poblacion-contra-el-covid-19\/\" target=\"_blank\" rel=\"noopener\">Estudio comprob\u00f3 desarrollo de inmunidad en la poblaci\u00f3n contra el COVID-19. Se refiere Loreto N\u00fa\u00f1ez Franz, acad\u00e9mica de la Facultad de Ciencias de la Salud.<\/a><\/p><p>\u00a0<\/p><p><strong>LASERENAONLINE<\/strong><\/p><p><a href=\"https:\/\/laserenaonline.cl\/2023\/06\/21\/cerca-del-100-de-la-poblacion-vacunada-presenta-anticuerpos-para-covid-19\/\" target=\"_blank\" rel=\"noopener\">Cerca del 100% de la poblaci\u00f3n vacunada presenta anticuerpos para Covid-19. Se menciona a la Universidad de Talca.<\/a><\/p><p><strong>\u00a0<\/strong><\/p><p><strong>TIERRAMARILLANO.CL<\/strong><\/p><p><a href=\"https:\/\/tierramarillano.cl\/2023\/06\/21\/cerca-del-100-de-la-poblacion-vacunada-presenta-anticuerpos-para-covid-19\/\" target=\"_blank\" rel=\"noopener\">Cerca del 100% de la poblaci\u00f3n vacunada presenta anticuerpos para Covid-19. Se menciona a la Universidad de Talca.<\/a><\/p><p>\u00a0<\/p><p><strong>ELZORRONORTINO.CL<\/strong><\/p><p><a href=\"https:\/\/www.elzorronortino.cl\/que-opinas\/cerca-del-100-de-la-poblacion-vacunada-presenta-anticuerpos-para-covid-19\/\" target=\"_blank\" rel=\"noopener\">Cerca del 100% de la poblaci\u00f3n vacunada presenta anticuerpos para Covid-19. Se menciona a la Universidad de Talca.<\/a><\/p><p>\u00a0<\/p><p><strong>MEDIABANCO<\/strong><\/p><p><a href=\"https:\/\/www.mediabanco.com\/crean-plataforma-para-optimizar-el-riego-de-grandes-y-pequenos-agricultores\/\" target=\"_blank\" rel=\"noopener\">Crean plataforma para optimizar el riego de grandes\u00a0y peque\u00f1os agricultores. Se refiere Samuel Ortega Far\u00edas, director del del Centro de Investigaci\u00f3n y Transferencia en Riego y Agroclimatolog\u00eda.<\/a><\/p><p>\u00a0<\/p><p><strong>G5NOTICIAS.CL<\/strong><\/p><p><a href=\"https:\/\/g5noticias.cl\/2023\/06\/21\/bajo-presupuesto-para-salud-mental-realza-necesidad-del-autocuidado-en-la-poblacion\/\" target=\"_blank\" rel=\"noopener\">Bajo presupuesto para salud mental realza necesidad del autocuidado en la poblaci\u00f3n. Se refiere Nadia Ramos Alvarado, directora del Centro de Psicolog\u00eda Aplicada (CEPA).<\/a><\/p><p>\u00a0<\/p><p><strong>DIARIOELCENTRO.CL<\/strong><\/p><p><a href=\"https:\/\/www.diarioelcentro.cl\/2023\/06\/21\/salud-mental-expertos-llaman-al-autocuidado-ante-bajo-presupuesto-en-el-area\/\" target=\"_blank\" rel=\"noopener\">Salud mental: Expertos llaman al autocuidado ante bajo presupuesto en el \u00e1rea. Se refiere Nadia Ramos Alvarado, directora del Centro de Psicolog\u00eda Aplicada (CEPA).<\/a><\/p><p>\u00a0<\/p><p><strong>ATENTOS.CL<\/strong><\/p><p><a href=\"https:\/\/www.litoralpress.cl\/sitio\/RadioTV_Detalles.cshtml?LPKey=LM3BOROG4PYYR6BURUEWF5V2K3YQO2O76NS5IQO4YOYZAJ5UAO3DPDR3RIA6UQFPDLVZQ43K46X4O\" target=\"_blank\" rel=\"noopener\">Nuevo sistema frontal. Se refiere Patricio Gonz\u00e1lez Colville, agroclimat\u00f3logo del Centro de Investigaci\u00f3n y Transferencia en Riego y Agroclimatolog\u00eda.<\/a><\/p><p>\u00a0<\/p><p><strong>CANAL TVR<br \/><\/strong><a href=\"https:\/\/www.litoralpress.cl\/sitio\/RadioTV_Detalles.cshtml?LPKey=247FU7C3ZR4VKHNUNJGUNMQKNMYR6D5W7ECVJO6NTIFDRJFVHJVVOBRUXEFDY5533X77WJ64EZLCW\" target=\"_blank\" rel=\"noopener\">Pronostican intensas lluvias entre Coquimbo y La Araucan\u00eda a partir del mi\u00e9rcoles. Se refiere Patricio Gonz\u00e1lez Colville, agroclimat\u00f3logo del Centro de Investigaci\u00f3n y Transferencia en Riego y Agroclimatolog\u00eda.<\/a><\/p><p>\u00a0<\/p><p><strong>RADIO INFINITA\u00a0\u00a0\u00a0<\/strong><\/p><p><a href=\"https:\/\/www.litoralpress.cl\/sitio\/RadioTV_Detalles.cshtml?LPKey=VGUHBBQ66KAQAQXDD2EKXVWRRFZ6TIBPORJ4BJHTY2NPH3BZDLCN64BTLCVHJMIJE5U4NVKIGE6RI\" target=\"_blank\" rel=\"noopener\">Comentario de pol\u00edtica de Mauricio Morales, director del Centro de An\u00e1lisis Pol\u00edtico (CAP).\u00a0<\/a><\/p><p>\u00a0<\/p><p><strong>EMOL.CL<\/strong><\/p><p><a href=\"https:\/\/www.emol.com\/noticias\/Nacional\/2023\/06\/22\/1098700\/estallido-social-recurso-politico-marcel.html\" target=\"_blank\" rel=\"noopener\">\u00bfAmenaza o constataci\u00f3n?: Los riesgos del &#8220;recurso pol\u00edtico&#8221; de proyectar un nuevo estallido que revivi\u00f3 Marcel. Se refiere Mauricio Morales, director del Centro de An\u00e1lisis Pol\u00edtico (CAP).\u00a0<\/a><\/p><p>\u00a0<\/p><p><strong>MEDIABANCO<\/strong><\/p><p><a href=\"https:\/\/www.mediabanco.com\/explora-maule-convoca-a-estudiantes-interesados-en-realizar-investigaciones-cientifica\" target=\"_blank\" rel=\"noopener\">Explora Maule convoca a estudiantes interesados en realizar investigaciones cient\u00edficas. Se refiere Leonardo Leottau, director de Explora Maule<\/a>.<\/p><p>\u00a0<\/p><p><strong>DIARIO TALCA<\/strong><\/p><p><a href=\"https:\/\/diariotalca.cl\/a-su-hijo-o-hija-le-gusta-la-ciencia-aqui-invitan-a-desarrollar-proyectos\/\" target=\"_blank\" rel=\"noopener\">\u00bfA su hijo o hija le gusta la ciencia? Aqu\u00ed invitan a desarrollar proyectos. Se refiere Leonardo Leottau, director de Explora Maule.<\/a><\/p><p>\u00a0<\/p><p><strong>ELMAULEINFORMA.CL<\/strong><\/p><p><a href=\"https:\/\/elmauleinforma.cl\/explora-maule-convoca-a-estudiantes-interesados-en-realizar-investigaciones-cientificas\/\" target=\"_blank\" rel=\"noopener\">Explora Maule convoca a estudiantes interesados en realizar investigaciones cient\u00edficas. Se refiere Leonardo Leottau, director de Explora Maule.<\/a><\/p><p>\u00a0<\/p><p><strong>ELCONQUISTADORCONCEPCI\u00d3N.CL<\/strong><\/p><p><a href=\"https:\/\/www.elconquistadorconcepcion.cl\/2023\/06\/20\/fondos-fic-2023-buscan-aportar-soluciones-innovadoras-en-cinco-areas-prioritarias-de-la-region\/\" target=\"_blank\" rel=\"noopener\">Fondos FIC 2023 buscan aportar soluciones innovadoras en cinco \u00e1reas prioritarias de la regi\u00f3n. Se menciona al acad\u00e9mico del Instituto Interdisciplinario de Innovaci\u00f3n, Roberto Pizarro<\/a><\/p><p>\u00a0<\/p><p><strong>DIARIO CONCEPCI\u00d3N<\/strong><\/p><p><a href=\"https:\/\/www.litoralpress.cl\/paginaconsultas\/Servicios_NClipSitio\/Get_Imagen_Nota.aspx?LPKey=KTB3PDLOFRDH5X375DJNDRO2QB6YPAY2DUMHN3Y5JLFWVF6W3PPSOL72UNCSPKKAMAYXBXD24IE2G\" target=\"_blank\" rel=\"noopener\">Proyecto FIC-R CREA-UCSC implementa pilotos para el uso de tecnolog\u00edas a trav\u00e9s de la recarga de pozos en Biob\u00edo. Se menciona al acad\u00e9mico del Instituto Interdisciplinario de Innovaci\u00f3n, Roberto Pizarro.<\/a><\/p><p>\u00a0<\/p><p><strong>CHILL\u00c1NONLINE<\/strong><\/p><p><a href=\"https:\/\/www.chillanonline.cl\/V6\/fondos-fic-2023-buscan-aportar-soluciones-innovadoras-en-cinco-areas-prioritarias-de-la-region\/\" target=\"_blank\" rel=\"noopener\">Fondos FIC 2023 buscan aportar soluciones innovadoras en cinco \u00e1reas prioritarias de la regi\u00f3n. Se menciona al acad\u00e9mico del Instituto Interdisciplinario de Innovaci\u00f3n, Roberto Pizarro<\/a><\/p><p>\u00a0<\/p><p>\u00a0<\/p><p><strong>TV MAULE<\/strong><\/p><p><a href=\"https:\/\/www.tvmaule.cl\/universitarios-emprendedores-conozcamos-originales-snacks-asiaticos-y-un-emporio-muy-variado\/\" target=\"_blank\" rel=\"noopener\">Universitarios emprendedores: conozcamos originales snacks asi\u00e1ticos y un emporio muy variado. Se refieren Anna y Constanza Galli; Alan Parrao Adasme y Catalina Flores Andaur, Estudiantes de Derecho.<\/a><\/p><p>\u00a0<\/p><p><strong>DIARIOELCENTRO.CL<\/strong><\/p><p><a href=\"https:\/\/www.diarioelcentro.cl\/2023\/06\/21\/festival-de-cine-europeo-llega-a-talca-y-curico\/\" target=\"_blank\" rel=\"noopener\">Festival de cine europeo llega a Talca y Curic\u00f3. Se refiere Marcela Albornoz Dachelet, directora de Extensi\u00f3n Cultural \u2013 Art\u00edstica.<\/a><\/p><p>\u00a0<\/p><p>\u00a0<\/p>\t\t\t\t\t\t<\/div>\n\t\t\t\t<\/div>\n\t\t\t\t\t<\/div>\n\t\t<\/div>\n\t\t\t\t\t\t\t<\/div>\n\t\t<\/section>\n\t\t\t\t\t\t<\/div>\n\t\t\t\t\t<\/div>\n\t\t","protected":false},"excerpt":{"rendered":"<p>ELCENTRO.CL Covid 19: estudio revela que la poblaci\u00f3n desarroll\u00f3 inmunidad. Se refiere Loreto N\u00fa\u00f1ez Franz, acad\u00e9mica de la Facultad de Ciencias de la Salud. TV MAULE Estudio comprob\u00f3 desarrollo de inmunidad en la poblaci\u00f3n contra el COVID-19. Se refiere Loreto N\u00fa\u00f1ez Franz, acad\u00e9mica de la Facultad de Ciencias de la Salud. LASERENAONLINE Cerca del 100% &hellip;<\/p>\n<p class=\"read-more\"> <a class=\"\" href=\"https:\/\/www.reportedeprensa.utalca.cl\/?p=7652\"> <span class=\"screen-reader-text\">22 de junio de 2023<\/span> Read More &raquo;<\/a><\/p>\n","protected":false},"author":1,"featured_media":0,"comment_status":"closed","ping_status":"open","sticky":false,"template":"","format":"standard","meta":{"_monsterinsights_skip_tracking":false,"_monsterinsights_sitenote_active":false,"_monsterinsights_sitenote_note":"","_monsterinsights_sitenote_category":0},"categories":[34],"tags":[],"_links":{"self":[{"href":"https:\/\/www.reportedeprensa.utalca.cl\/index.php?rest_route=\/wp\/v2\/posts\/7652"}],"collection":[{"href":"https:\/\/www.reportedeprensa.utalca.cl\/index.php?rest_route=\/wp\/v2\/posts"}],"about":[{"href":"https:\/\/www.reportedeprensa.utalca.cl\/index.php?rest_route=\/wp\/v2\/types\/post"}],"author":[{"embeddable":true,"href":"https:\/\/www.reportedeprensa.utalca.cl\/index.php?rest_route=\/wp\/v2\/users\/1"}],"replies":[{"embeddable":true,"href":"https:\/\/www.reportedeprensa.utalca.cl\/index.php?rest_route=%2Fwp%2Fv2%2Fcomments&post=7652"}],"version-history":[{"count":5,"href":"https:\/\/www.reportedeprensa.utalca.cl\/index.php?rest_route=\/wp\/v2\/posts\/7652\/revisions"}],"predecessor-version":[{"id":7666,"href":"https:\/\/www.reportedeprensa.utalca.cl\/index.php?rest_route=\/wp\/v2\/posts\/7652\/revisions\/7666"}],"wp:attachment":[{"href":"https:\/\/www.reportedeprensa.utalca.cl\/index.php?rest_route=%2Fwp%2Fv2%2Fmedia&parent=7652"}],"wp:term":[{"taxonomy":"category","embeddable":true,"href":"https:\/\/www.reportedeprensa.utalca.cl\/index.php?rest_route=%2Fwp%2Fv2%2Fcategories&post=7652"},{"taxonomy":"post_tag","embeddable":true,"href":"https:\/\/www.reportedeprensa.utalca.cl\/index.php?rest_route=%2Fwp%2Fv2%2Ftags&post=7652"}],"curies":[{"name":"wp","href":"https:\/\/api.w.org\/{rel}","templated":true}]}}