{"id":7667,"date":"2023-06-23T12:24:22","date_gmt":"2023-06-23T15:24:22","guid":{"rendered":"https:\/\/www.reportedeprensa.utalca.cl\/?p=7667"},"modified":"2023-06-23T12:36:03","modified_gmt":"2023-06-23T15:36:03","slug":"23-de-junio-de-2023","status":"publish","type":"post","link":"https:\/\/www.reportedeprensa.utalca.cl\/?p=7667","title":{"rendered":"23 de junio de 2023"},"content":{"rendered":"\t\t<div data-elementor-type=\"wp-post\" data-elementor-id=\"7667\" class=\"elementor elementor-7667\" data-elementor-settings=\"[]\">\n\t\t\t\t\t\t\t<div class=\"elementor-section-wrap\">\n\t\t\t\t\t\t\t<section class=\"elementor-section elementor-top-section elementor-element elementor-element-10154d05 elementor-section-boxed elementor-section-height-default elementor-section-height-default\" data-id=\"10154d05\" data-element_type=\"section\">\n\t\t\t\t\t\t<div class=\"elementor-container elementor-column-gap-default\">\n\t\t\t\t\t<div class=\"elementor-column elementor-col-100 elementor-top-column elementor-element elementor-element-5db19c21\" data-id=\"5db19c21\" data-element_type=\"column\">\n\t\t\t<div class=\"elementor-widget-wrap elementor-element-populated\">\n\t\t\t\t\t\t\t\t<div class=\"elementor-element elementor-element-587e31be elementor-widget elementor-widget-text-editor\" data-id=\"587e31be\" data-element_type=\"widget\" data-widget_type=\"text-editor.default\">\n\t\t\t\t<div class=\"elementor-widget-container\">\n\t\t\t\t\t\t\t\t<p><strong>\u00a0<\/strong><strong>EL MOSTRADOR<\/strong><\/p><p><a href=\"https:\/\/www.elmostrador.cl\/agenda-pais\/vida-en-linea\/2023\/06\/23\/estudio-comprobo-desarrollo-de-inmunidad-en-la-poblacion-contra-el-covid-19\/\" target=\"_blank\" rel=\"noopener\"><span style=\"font-style: inherit;\">Estudio comprob\u00f3 desarrollo de inmunidad en la poblaci\u00f3n contra el Covid-19<\/span>. Se refiere Loreto N\u00fa\u00f1ez Franz, acad\u00e9mica de la Facultad de Ciencias de la Salud.\u00a0 <\/a><\/p><p><strong>\u00a0<\/strong><\/p><p><strong>ELCENTRO.CL\u00a0<\/strong><\/p><p><a href=\"https:\/\/www.diarioelcentro.cl\/2023\/06\/20\/covid-19-estudio-revela-que-la-poblacion-desarrollo-inmunidad\/\" target=\"_blank\" rel=\"noopener\"><span style=\"font-style: inherit; font-weight: inherit;\">Covid 19: estudio revela que la poblaci\u00f3n desarroll\u00f3 inmunidad<\/span>. Se refiere Loreto N\u00fa\u00f1ez Franz, acad\u00e9mica de la Facultad de Ciencias de la Salud.\u00a0<\/a><\/p><p>\u00a0<\/p><p><strong><span style=\"font-style: inherit;\">TV MAULE\u00a0<\/span><\/strong><\/p><p><span style=\"font-style: inherit; font-weight: inherit;\"><a href=\"https:\/\/www.tvmaule.cl\/estudio-comprobo-desarrollo-de-inmunidad-en-la-poblacion-contra-el-covid-19\/\" target=\"_blank\" rel=\"noopener\">Estudio comprob\u00f3 desarrollo de inmunidad en la poblaci\u00f3n contra el COVID-19. Se refiere Loreto N\u00fa\u00f1ez Franz, acad\u00e9mica de la Facultad de Ciencias de la Salu<\/a>d. \u00a0<\/span><\/p><p>\u00a0<\/p><p><strong><span style=\"font-style: inherit;\">LASERENAONLINE.CL<\/span><\/strong><\/p><p><a href=\"https:\/\/laserenaonline.cl\/2023\/06\/21\/cerca-del-100-de-la-poblacion-vacunada-presenta-anticuerpos-para-covid-19\/\" target=\"_blank\" rel=\"noopener\"><span style=\"font-style: inherit; font-weight: inherit;\">Cerca del 100% de la poblaci\u00f3n vacunada presenta anticuerpos para Covid-19<\/span>. Se menciona a la Universidad de Talca.\u00a0<\/a><\/p><p>\u00a0<\/p><p><strong><span style=\"font-style: inherit;\">TIERRAMARILLANO.CL\u00a0<\/span><\/strong><\/p><p><a href=\"https:\/\/tierramarillano.cl\/2023\/06\/21\/cerca-del-100-de-la-poblacion-vacunada-presenta-anticuerpos-para-covid-19\/\" target=\"_blank\" rel=\"noopener\"><span style=\"font-style: inherit; font-weight: inherit;\">Cerca del 100% de la poblaci\u00f3n vacunada presenta anticuerpos para Covid-19. Se menciona a la Universidad de Talca. \u00a0<\/span><\/a><\/p><p>\u00a0<\/p><p><strong><span style=\"font-style: inherit;\">ELZORRONORTINO.CL\u00a0<\/span><\/strong><\/p><p><a href=\"https:\/\/www.elzorronortino.cl\/que-opinas\/cerca-del-100-de-la-poblacion-vacunada-presenta-anticuerpos-para-covid-19\/\" target=\"_blank\" rel=\"noopener\"><span style=\"font-style: inherit; font-weight: inherit;\">Cerca del 100% de la poblaci\u00f3n vacunada presenta anticuerpos para Covid-19. Se menciona a la Universidad de Talca.\u00a0<\/span><\/a><\/p><p>\u00a0<\/p><p><span style=\"font-style: inherit; font-weight: inherit;\"><strong>MEDIABANCO\u00a0<\/strong><\/span><\/p><p><a href=\"https:\/\/www.mediabanco.com\/crean-plataforma-para-optimizar-el-riego-de-grandes-y-pequenos-agricultores\/\" target=\"_blank\" rel=\"noopener\"><span style=\"font-style: inherit; font-weight: inherit;\">Crean plataforma para optimizar el riego de grandes\u00a0y peque\u00f1os agricultores. Se refiere Samuel Ortega Far\u00edas<\/span>, director del del Centro de Investigaci\u00f3n y Transferencia en Riego y Agroclimatolog\u00eda.\u00a0<\/a><\/p><p>\u00a0<\/p><p><strong>\u00a0ELMAULEINFORMA<\/strong><\/p><p><a href=\"https:\/\/elmauleinforma.cl\/crean-plataforma-para-optimizar-el-riego-de-grandes-y-pequenos-agricultores\/\" target=\"_blank\" rel=\"noopener\">Crean plataforma para optimizar el riego de grandes\u00a0y peque\u00f1os agricultores. Se refiere Samuel Ortega Far\u00edas, director del del Centro de Investigaci\u00f3n y Transferencia en Riego y Agroclimatolog\u00eda.\u00a0<\/a><\/p><p>\u00a0<\/p><p><strong>EL MERCURIO<\/strong><\/p><p><a href=\"https:\/\/www.litoralpress.cl\/paginaconsultas\/Servicios_NClipSitio\/Get_Imagen_Nota.aspx?LPKey=7CINYZP7CDYSQZ7GLSHAG325YAMXNZC25EDENUHJEPWIQCOFMH537UZ5E46E6E4QOX57MV7G45DKY\" target=\"_blank\" rel=\"noopener\">Estudiantes acceden a nuevos sistemas de becas, cr\u00e9ditos y la gratuidad. Se menciona a la Universidad de Talca.<\/a><\/p><p>\u00a0<\/p><p><strong>ADPRENSA<\/strong><\/p><p><a href=\"https:\/\/www.adprensa.cl\/cronica\/advierten-sobre-la-relacion-directa-entre-las-alertas-ambientales-y-el-aumento-de-enfermedades-respiratorias\/\" target=\"_blank\" rel=\"noopener\">Advierten sobre la relaci\u00f3n directa entre las alertas ambientales y el aumento de enfermedades respiratorias. Se refieren Daniel Jim\u00e9nez, director de Salud del Estudiante; y Mar\u00eda Elisa Quinteros, epidemi\u00f3loga ambiental y acad\u00e9mica del Departamento de Salud P\u00fablica.<\/a><\/p><p>\u00a0<\/p><p><span style=\"font-style: inherit; font-weight: inherit;\"><strong>G5NOTICIAS.CL\u00a0<\/strong><\/span><\/p><p><a href=\"https:\/\/g5noticias.cl\/2023\/06\/21\/bajo-presupuesto-para-salud-mental-realza-necesidad-del-autocuidado-en-la-poblacion\/\" target=\"_blank\" rel=\"noopener\"><span style=\"font-style: inherit; font-weight: inherit;\">Bajo presupuesto para salud mental realza necesidad del autocuidado en la poblaci\u00f3n. Se refiere Nadia Ramos Alvarado, directora del Centro de Psicolog\u00eda Aplicada (CEPA)<\/span>.\u00a0<\/a><\/p><p><span style=\"font-style: inherit; font-weight: inherit;\">\u00a0<\/span><\/p><p><strong><span style=\"font-style: inherit;\">DIARIOELCENTRO.CL\u00a0<\/span><\/strong><\/p><p><a href=\"https:\/\/www.diarioelcentro.cl\/2023\/06\/21\/salud-mental-expertos-llaman-al-autocuidado-ante-bajo-presupuesto-en-el-area\/\" target=\"_blank\" rel=\"noopener\"><span style=\"font-style: inherit; font-weight: inherit;\">Salud mental: Expertos llaman al autocuidado ante bajo presupuesto en el \u00e1rea<\/span>. Se refiere Nadia Ramos Alvarado, directora del Centro de Psicolog\u00eda Aplicada (CEPA).\u00a0<\/a><\/p><p><span style=\"font-style: inherit; font-weight: inherit;\">\u00a0<\/span><\/p><p><strong><span style=\"font-style: inherit; font-weight: inherit;\">ATENTOS.CL\u00a0<\/span><\/strong><\/p><p><a href=\"https:\/\/www.litoralpress.cl\/sitio\/RadioTV_Detalles.cshtml?LPKey=LM3BOROG4PYYR6BURUEWF5V2K3YQO2O76NS5IQO4YOYZAJ5UAO3DPDR3RIA6UQFPDLVZQ43K46X4O\" target=\"_blank\" rel=\"noopener\"><span style=\"font-style: inherit; font-weight: inherit;\">Nuevo sistema frontal. Se refiere Patricio Gonz\u00e1lez Colville, agroclimat\u00f3logo del Centro de Investigaci\u00f3n y Transferencia en Riego y Agroclimatolog\u00eda.\u00a0<\/span><\/a><\/p><p><span style=\"font-style: inherit; font-weight: inherit;\">\u00a0<\/span><\/p><p><span style=\"font-style: inherit; font-weight: inherit;\"><strong>CANAL TVR<\/strong><\/span><\/p><p><span style=\"font-style: inherit; font-weight: inherit;\"><a href=\"https:\/\/www.litoralpress.cl\/sitio\/RadioTV_Detalles.cshtml?LPKey=247FU7C3ZR4VKHNUNJGUNMQKNMYR6D5W7ECVJO6NTIFDRJFVHJVVOBRUXEFDY5533X77WJ64EZLCW\" target=\"_blank\" rel=\"noopener\">Pronostican intensas lluvias entre Coquimbo y La Araucan\u00eda a partir del mi\u00e9rcoles. Se refiere Patricio Gonz\u00e1lez Colville, agroclimat\u00f3logo del Centro de Investigaci\u00f3n y Transferencia en Riego y Agroclimatolog\u00eda.<\/a>\u00a0<\/span><\/p><p><span style=\"font-style: inherit; font-weight: inherit;\">\u00a0<\/span><\/p><p><strong><span style=\"font-style: inherit; font-weight: inherit;\">RADIO INFINITA\u00a0\u00a0\u00a0<\/span><\/strong><span style=\"font-style: inherit; font-weight: inherit;\">\u00a0<\/span><\/p><p><a href=\"https:\/\/www.litoralpress.cl\/sitio\/RadioTV_Detalles.cshtml?LPKey=VGUHBBQ66KAQAQXDD2EKXVWRRFZ6TIBPORJ4BJHTY2NPH3BZDLCN64BTLCVHJMIJE5U4NVKIGE6RI\" target=\"_blank\" rel=\"noopener\"><span style=\"font-style: inherit; font-weight: inherit;\">Comentario de pol\u00edtica de Mauricio Morales, director del Centro de An\u00e1lisis Pol\u00edtico (CAP).\u00a0<\/span><span style=\"font-style: inherit; font-weight: inherit;\">\u00a0<\/span><\/a><\/p><p><span style=\"font-style: inherit; font-weight: inherit;\">\u00a0<\/span><\/p><p><strong><span style=\"font-style: inherit; font-weight: inherit;\">EMOL.CL\u00a0<\/span><\/strong><\/p><p><a href=\"https:\/\/www.emol.com\/noticias\/Nacional\/2023\/06\/22\/1098700\/estallido-social-recurso-politico-marcel.html\" target=\"_blank\" rel=\"noopener\"><span style=\"font-style: inherit; font-weight: inherit;\">\u00bfAmenaza o constataci\u00f3n?: Los riesgos del &#8220;recurso pol\u00edtico&#8221; de proyectar un nuevo estallido que revivi\u00f3 Marcel<\/span><\/a>. Se refiere Mauricio Morales, director del Centro de An\u00e1lisis Pol\u00edtico (CAP).<span style=\"font-style: inherit; font-weight: inherit;\">\u00a0<\/span><strong><br aria-hidden=\"true\" \/><\/strong><\/p><p>\u00a0<\/p><p><span style=\"font-style: inherit; font-weight: inherit;\"><strong>MEDIABANCO\u00a0<\/strong><\/span><\/p><p><a href=\"https:\/\/www.mediabanco.com\/explora-maule-convoca-a-estudiantes-interesados-en-realizar-investigaciones-cientificas\/\" target=\"_blank\" rel=\"noopener\"><span style=\"font-style: inherit; font-weight: inherit;\">Explora Maule convoca a estudiantes interesados en realizar investigaciones cient\u00edficas. Se refiere Leonardo Leottau, director de Explora Maule<\/span>.\u00a0<\/a><\/p><p>\u00a0<\/p><p><strong><span style=\"font-style: inherit;\">DIARIO TALCA\u00a0<\/span><\/strong><\/p><p><a href=\"https:\/\/diariotalca.cl\/a-su-hijo-o-hija-le-gusta-la-ciencia-aqui-invitan-a-desarrollar-proyectos\/\" target=\"_blank\" rel=\"noopener\"><span style=\"font-style: inherit; font-weight: inherit;\">\u00bfA su hijo o hija le gusta la ciencia? Aqu\u00ed invitan a desarrollar proyectos<\/span>. Se refiere Leonardo Leottau, director de Explora Maule.\u00a0<\/a><\/p><p>\u00a0<\/p><p><strong><span style=\"font-style: inherit;\">ELMAULEINFORMA.CL\u00a0<\/span><\/strong><\/p><p><a href=\"https:\/\/elmauleinforma.cl\/explora-maule-convoca-a-estudiantes-interesados-en-realizar-investigaciones-cientificas\/\" target=\"_blank\" rel=\"noopener\"><span style=\"font-style: inherit; font-weight: inherit;\">Explora Maule convoca a estudiantes interesados en realizar investigaciones cient\u00edficas. Se refiere Leonardo Leottau, director de Explora Maule<\/span>.\u00a0<\/a><\/p><p>\u00a0<\/p><p><strong>DIARIOELCENTRO.CL\u00a0<\/strong><\/p><p><a href=\"https:\/\/www.diarioelcentro.cl\/2023\/06\/21\/festival-de-cine-europeo-llega-a-talca-y-curico\/\" target=\"_blank\" rel=\"noopener\"><span style=\"font-style: inherit; font-weight: inherit;\">Festival de cine europeo llega a Talca y Curic\u00f3<\/span>. Se refiere Marcela Albornoz Dachelet, directora de Extensi\u00f3n Cultural \u2013 Art\u00edstica. \u00a0<\/a><\/p>\t\t\t\t\t\t<\/div>\n\t\t\t\t<\/div>\n\t\t\t\t\t<\/div>\n\t\t<\/div>\n\t\t\t\t\t\t\t<\/div>\n\t\t<\/section>\n\t\t\t\t\t\t<\/div>\n\t\t\t\t\t<\/div>\n\t\t","protected":false},"excerpt":{"rendered":"<p>\u00a0EL MOSTRADOR Estudio comprob\u00f3 desarrollo de inmunidad en la poblaci\u00f3n contra el Covid-19. Se refiere Loreto N\u00fa\u00f1ez Franz, acad\u00e9mica de la Facultad de Ciencias de la Salud.\u00a0 \u00a0 ELCENTRO.CL\u00a0 Covid 19: estudio revela que la poblaci\u00f3n desarroll\u00f3 inmunidad. Se refiere Loreto N\u00fa\u00f1ez Franz, acad\u00e9mica de la Facultad de Ciencias de la Salud.\u00a0 \u00a0 TV MAULE\u00a0 &hellip;<\/p>\n<p class=\"read-more\"> <a class=\"\" href=\"https:\/\/www.reportedeprensa.utalca.cl\/?p=7667\"> <span class=\"screen-reader-text\">23 de junio de 2023<\/span> Read More &raquo;<\/a><\/p>\n","protected":false},"author":1,"featured_media":0,"comment_status":"closed","ping_status":"open","sticky":false,"template":"","format":"standard","meta":{"_monsterinsights_skip_tracking":false,"_monsterinsights_sitenote_active":false,"_monsterinsights_sitenote_note":"","_monsterinsights_sitenote_category":0},"categories":[34],"tags":[],"_links":{"self":[{"href":"https:\/\/www.reportedeprensa.utalca.cl\/index.php?rest_route=\/wp\/v2\/posts\/7667"}],"collection":[{"href":"https:\/\/www.reportedeprensa.utalca.cl\/index.php?rest_route=\/wp\/v2\/posts"}],"about":[{"href":"https:\/\/www.reportedeprensa.utalca.cl\/index.php?rest_route=\/wp\/v2\/types\/post"}],"author":[{"embeddable":true,"href":"https:\/\/www.reportedeprensa.utalca.cl\/index.php?rest_route=\/wp\/v2\/users\/1"}],"replies":[{"embeddable":true,"href":"https:\/\/www.reportedeprensa.utalca.cl\/index.php?rest_route=%2Fwp%2Fv2%2Fcomments&post=7667"}],"version-history":[{"count":4,"href":"https:\/\/www.reportedeprensa.utalca.cl\/index.php?rest_route=\/wp\/v2\/posts\/7667\/revisions"}],"predecessor-version":[{"id":7672,"href":"https:\/\/www.reportedeprensa.utalca.cl\/index.php?rest_route=\/wp\/v2\/posts\/7667\/revisions\/7672"}],"wp:attachment":[{"href":"https:\/\/www.reportedeprensa.utalca.cl\/index.php?rest_route=%2Fwp%2Fv2%2Fmedia&parent=7667"}],"wp:term":[{"taxonomy":"category","embeddable":true,"href":"https:\/\/www.reportedeprensa.utalca.cl\/index.php?rest_route=%2Fwp%2Fv2%2Fcategories&post=7667"},{"taxonomy":"post_tag","embeddable":true,"href":"https:\/\/www.reportedeprensa.utalca.cl\/index.php?rest_route=%2Fwp%2Fv2%2Ftags&post=7667"}],"curies":[{"name":"wp","href":"https:\/\/api.w.org\/{rel}","templated":true}]}}