{"id":7685,"date":"2023-06-27T23:25:47","date_gmt":"2023-06-28T02:25:47","guid":{"rendered":"https:\/\/www.reportedeprensa.utalca.cl\/?p=7685"},"modified":"2023-06-27T23:34:32","modified_gmt":"2023-06-28T02:34:32","slug":"27-de-junio-de-2023","status":"publish","type":"post","link":"https:\/\/www.reportedeprensa.utalca.cl\/?p=7685","title":{"rendered":"27 de junio de 2023"},"content":{"rendered":"\t\t<div data-elementor-type=\"wp-post\" data-elementor-id=\"7685\" class=\"elementor elementor-7685\" data-elementor-settings=\"[]\">\n\t\t\t\t\t\t\t<div class=\"elementor-section-wrap\">\n\t\t\t\t\t\t\t<section class=\"elementor-section elementor-top-section elementor-element elementor-element-10154d05 elementor-section-boxed elementor-section-height-default elementor-section-height-default\" data-id=\"10154d05\" data-element_type=\"section\">\n\t\t\t\t\t\t<div class=\"elementor-container elementor-column-gap-default\">\n\t\t\t\t\t<div class=\"elementor-column elementor-col-100 elementor-top-column elementor-element elementor-element-5db19c21\" data-id=\"5db19c21\" data-element_type=\"column\">\n\t\t\t<div class=\"elementor-widget-wrap elementor-element-populated\">\n\t\t\t\t\t\t\t\t<div class=\"elementor-element elementor-element-587e31be elementor-widget elementor-widget-text-editor\" data-id=\"587e31be\" data-element_type=\"widget\" data-widget_type=\"text-editor.default\">\n\t\t\t\t<div class=\"elementor-widget-container\">\n\t\t\t\t\t\t\t\t<p><strong>RADIO COOPERATIVA<\/strong><\/p><p><a href=\"https:\/\/www.litoralpress.cl\/sitio\/RadioTV_Detalles.cshtml?LPKey=62VYUBTUWZ4KZBAZZCIMZ3SFHIDNQAXPSDKMCLFNYF5HD4P32WFXU773J2HL7ETCAOB6EXF6ZN6DK\" target=\"_blank\" rel=\"noopener\">Emergencia clim\u00e1tica produjo da\u00f1os en cultivos agr\u00edcolas. Se refiere Patricio Gonz\u00e1lez Colville, acad\u00e9mico del Centro de Investigaci\u00f3n y Transferencia en Riego y Agroclimatolog\u00eda.\u00a0<\/a><\/p><p>\u00a0<\/p><p><strong>RADIO COOPERATIVA\u00a0<\/strong><\/p><p><a href=\"https:\/\/www.litoralpress.cl\/sitio\/RadioTV_Detalles.cshtml?LPKey=K3TMOU5QVUTYT3G6DB5LQYBH7CVRKU4LFGCHFEDJ2674WJOLPM7AON2GH7QGSKJ3SHOXJTQLXXEB2\" target=\"_blank\" rel=\"noopener\"><span style=\"font-style: inherit;\">La SNA descarta alza de precios en medio de la emergencia.\u00a0<\/span><span style=\"font-style: inherit;\">Se refiere Patricio Gonz\u00e1lez Colville, acad\u00e9mico del Centro de Investigaci\u00f3n y Transferencia en Riego y Agroclimatolog\u00eda.\u00a0<\/span><\/a><\/p><p>\u00a0<\/p><p><strong><span style=\"font-style: inherit;\">EN L\u00cdNEA MAULE\u00a0<\/span><\/strong><\/p><p><a href=\"https:\/\/www.litoralpress.cl\/sitio\/RadioTV_Detalles.cshtml?LPKey=X2XSW3IPG5BJ7IB2HUPKGYLBHSG6ZXSG763FMZVASRWQVA4OEMTXGVG6QQFBFMRGLZIH376MYZN76\" target=\"_blank\" rel=\"noopener\"><span style=\"font-style: inherit; font-weight: inherit;\">\u00bfQu\u00e9 tan intensas continuar\u00e1n las lluvias? &#8211; Estragos por aluviones y desbordes.<\/span><span style=\"font-style: inherit; font-weight: inherit;\">\u00a0<\/span>Se refiere Patricio Gonz\u00e1lez Colville, acad\u00e9mico del Centro de Investigaci\u00f3n y Transferencia en Riego y Agroclimatolog\u00eda.<\/a>\u00a0<\/p><p>\u00a0<\/p><p><strong><span style=\"font-style: inherit;\">RADIO AMIGA\u00a0<\/span><\/strong><\/p><p><a href=\"https:\/\/www.litoralpress.cl\/sitio\/RadioTV_Detalles.cshtml?LPKey=Z34XDW73KHWD5BEQFNHIMPVY6I7SMXXLQ7HA6W4FZ424NBORXY2PFKBBRDGWL2C2LMHTZJPJ5V4SQ\" target=\"_blank\" rel=\"noopener\"><span style=\"font-style: inherit; font-weight: inherit;\">Sistema frontal ya lleg\u00f3 al Maule<\/span>.\u00a0<span style=\"font-style: inherit; font-weight: inherit;\">Se refiere Patricio Gonz\u00e1lez Colville, acad\u00e9mico del Centro de Investigaci\u00f3n y Transferencia en Riego y Agroclimatolog\u00eda.\u00a0<\/span><\/a><\/p><p>\u00a0<\/p><p><strong>RADIO CAMILA TV\u00a0<\/strong><\/p><p><a href=\"https:\/\/www.radiocamilatv.cl\/portal\/views\/noticia.php?codNoticia=MTAyNTE=\" target=\"_blank\" rel=\"noopener\"><span style=\"font-style: inherit; font-weight: inherit;\">Cambio clim\u00e1tico y su relaci\u00f3n con el sistema frontal.\u00a0<\/span><span style=\"font-style: inherit; font-weight: inherit;\">Se refiere Patricio Gonz\u00e1lez Colville, acad\u00e9mico del Centro de Investigaci\u00f3n y Transferencia en Riego y Agroclimatolog\u00eda.\u00a0<\/span><\/a><\/p><p>\u00a0<\/p><p><strong>DIARIO EL D\u00cdA<\/strong><\/p><p><a href=\"https:\/\/www.litoralpress.cl\/paginaconsultas\/Servicios_NClipSitio\/Get_Imagen_Nota.aspx?LPKey=3EPEDBYAQ7CRHXDYN6EG7S6OFN2T64IRHBD3YXVJN5US4YVLCJQJC5DZ6VR7MEA7DHMISU7K5LHXS\" target=\"_blank\" rel=\"noopener\">Estudio comprob\u00f3 desarrollo de inmunidad en la poblaci\u00f3n contra el COVID-19. Se refiere Loreto N\u00fa\u00f1ez Franz, acad\u00e9mica de la Facultad de Ciencias de la Salud.<\/a><\/p><p>\u00a0<\/p><p><strong>RADIO POLAR\u00a0<\/strong><\/p><p><a href=\"https:\/\/radiopolar.com\/estudio-comprobo-desarrollo-de-inmunidad-en-la-poblacion-contra-el-covid-19\/\" target=\"_blank\" rel=\"noopener\">Estudio comprob\u00f3 desarrollo de inmunidad en la poblaci\u00f3n contra el Covid \u2013 19. Se refiere Loreto N\u00fa\u00f1ez Franz, acad\u00e9mica de la Facultad de Ciencias de la Salud.<\/a><\/p><p>\u00a0<\/p><p><strong>CHILL\u00c1N ONLINE\u00a0<\/strong><\/p><p><a href=\"https:\/\/www.chillanonline.cl\/V6\/hongo-fusarium-solani-que-es-y-como-afecta-a-las-personas\/\" target=\"_blank\" rel=\"noopener\"><span style=\"font-style: inherit;\">Hongo Fusarium Solani: \u00bfQu\u00e9 es y c\u00f3mo afecta a las personas? Se refiere\u00a0<\/span><span style=\"font-style: inherit;\">Sergio Wehinger<\/span><span style=\"font-style: inherit;\">,\u00a0director del Mag\u00edster\u00a0en Ciencias Biom\u00e9dicas.\u00a0\u00a0<\/span><\/a><\/p><p>\u00a0<\/p><p><strong>CANAL MEGA\u00a0<\/strong><\/p><p><a href=\"https:\/\/www.litoralpress.cl\/sitio\/RadioTV_Detalles.cshtml?LPKey=FAGHWI4CDMO2FI42IS3SN2B44D22C6NBXF75F3KKXF3ZWKOAVHAO34TH7SAJWV6KFDA7SIMLGSIFS\" target=\"_blank\" rel=\"noopener\"><span style=\"font-style: inherit; font-weight: inherit;\">Espectaculares im\u00e1genes de las descargas de embalse Rapel. Se refiere Roberto Pizarro Tapia, acad\u00e9mico del Instituto Interdisciplinario de Innovaci\u00f3n. \u00a0<\/span><\/a><\/p><p>\u00a0<\/p><p><strong>MEGANOTICIAS.CL\u00a0<\/strong><\/p><p><a href=\"https:\/\/www.meganoticias.cl\/nacional\/418012-columna-mauricio-morales-cadem-salvador-allende-augusto-pinochet-gobiernos-18-06-2023.html\" target=\"_blank\" rel=\"noopener\"><span style=\"font-style: inherit;\">Allende y Pinochet, los peores.\u00a0Se refiere Mauricio Morales, director del Centro de An\u00e1lisis Pol\u00edtico (CAP).\u00a0<\/span><span style=\"font-style: inherit;\">\u00a0<\/span><\/a><\/p><p>\u00a0<\/p><p><strong>EL HERALDO<\/strong><\/p><p><a href=\"https:\/\/www.litoralpress.cl\/sitio\/Prensa_Detalles.cshtml?LPKey=I43JMEQJ726CZKZPJHEFDS3MOI4KXROOQWESSHEKZKIJ5IEGNVTA\" target=\"_blank\" rel=\"noopener\">Personas Mayores del Maule participar\u00e1n en Di\u00e1logos ciudadanos en el marco del Proceso Constitucional. Se refiere Iv\u00e1n Palomo, acad\u00e9mico de la Facultad de Ciencias de la Salud.<\/a><\/p><p>\u00a0<\/p><p><strong>DIARIOELCENTRO.CL<\/strong><\/p><p><a href=\"https:\/\/www.diarioelcentro.cl\/2023\/06\/25\/convocatoria-para-el-programa-de-investigacion-e-innovacion-escolar-ya-esta-abierta-para-estudiantes-de-1-basico-a-4medio\/\" target=\"_blank\" rel=\"noopener\">Convocatoria para el Programa de Investigaci\u00f3n e Innovaci\u00f3n Escolar ya est\u00e1 abierta para estudiantes de 1\u00b0 B\u00e1sico a 4\u00b0Medio. Se refiere Leonardo Leottau, director de Explora Maule.<\/a><\/p><p>\u00a0<\/p><p><strong>ADPRENSA<\/strong><\/p><p><a href=\"https:\/\/www.adprensa.cl\/cronica\/utalca-presenta-en-santiago-la-exposicion-insecta-relatos-con-lupa\/\" target=\"_blank\" rel=\"noopener\">UTalca presenta en Santiago la exposici\u00f3n \u201cInsecta: relatos con lupa\u201d. Se refiere Marcela Albornoz Dachelet, directora de Extensi\u00f3n Cultural y Art\u00edstica.<\/a><\/p><p>\u00a0<\/p><p><strong>MEDIABANCO<\/strong><\/p><p><a href=\"https:\/\/www.mediabanco.com\/utalca-presenta-en-santiago-la-exposicion-insecta-relatos-con-lupa\/\" target=\"_blank\" rel=\"noopener\">UTalca presenta en Santiago la exposici\u00f3n \u201cInsecta: relatos con lupa\u201d. Se refiere Marcela Albornoz Dachelet, directora de Extensi\u00f3n Cultural y Art\u00edstica.<\/a><\/p><p>\u00a0<\/p><p><strong>EL LECTOR<\/strong><\/p><p><a href=\"https:\/\/www.litoralpress.cl\/paginaconsultas\/Servicios_NClipSitio\/Get_Imagen_Nota.aspx?LPKey=57KYJ2ZHZWDG3RWQSCPCBHF75VM3EOD7QQTFICNUHQL6ASQMYM7NCHXALPOLFZ6LNCEAXOUPOEZKW\" target=\"_blank\" rel=\"noopener\">UTalca presenta en Santiago la exposici\u00f3n \u201cInsecta: relatos con lupa\u201d. Se refiere Marcela Albornoz Dachelet, directora de Extensi\u00f3n Cultural y Art\u00edstica<\/a>.<\/p><p>\u00a0<\/p><p><strong>EL MERCURIO<\/strong><\/p><p><a href=\"https:\/\/www.litoralpress.cl\/paginaconsultas\/Servicios_NClipSitio\/Get_Imagen_Nota.aspx?LPKey=P6MGIPGE66HAFAHM4F2QAQPSWLPIGMZ5N7TGJOKV3DYNEMY4MZPVSR7FTQBF6BHKHF2JSNDU3NPS6\" target=\"_blank\" rel=\"noopener\">PAOLA VEZZANI: La fascinaci\u00f3n del encuentro entre arte, naturaleza y ciencia. Se menciona a la Universidad de Talca.<\/a><\/p><p>\u00a0<\/p><p><strong>LA DISCUSI\u00d3N<\/strong><\/p><p><a href=\"https:\/\/www.litoralpress.cl\/paginaconsultas\/Servicios_NClipSitio\/Get_Imagen_Nota.aspx?LPKey=H67W3PGPZVXNKYULZ734QFJVJQ4MBH37MQTFG5M6RFP5VGLYBJ57I2IZCIHQ6T4N7EBX5AD3ZRPYE\" target=\"_blank\" rel=\"noopener\">Destacan avances en control de enfermedades de la madera en \u00e1rboles frutales. Se menciona a la Universidad de Talca.<\/a><\/p><p>\u00a0<\/p><p><strong>DIARIO EL CENTRO<\/strong><\/p><p><a href=\"https:\/\/www.diarioelcentro.cl\/2023\/06\/25\/contra-la-chapuceria-y-en-defensa-del-inconformismo-unas-lineas-a-contracorriente\/\" target=\"_blank\" rel=\"noopener\">Contra la chapucer\u00eda y en defensa del inconformismo: unas l\u00edneas a contracorriente. Se refiere Diego Palomo V\u00e9lez, acad\u00e9mico de la Facultad de Ciencias Jur\u00eddicas y Sociales, y Benjam\u00edn Ubilla, estudiante de Derecho.<\/a><\/p>\t\t\t\t\t\t<\/div>\n\t\t\t\t<\/div>\n\t\t\t\t\t<\/div>\n\t\t<\/div>\n\t\t\t\t\t\t\t<\/div>\n\t\t<\/section>\n\t\t\t\t\t\t<\/div>\n\t\t\t\t\t<\/div>\n\t\t","protected":false},"excerpt":{"rendered":"<p>RADIO COOPERATIVA Emergencia clim\u00e1tica produjo da\u00f1os en cultivos agr\u00edcolas. Se refiere Patricio Gonz\u00e1lez Colville, acad\u00e9mico del Centro de Investigaci\u00f3n y Transferencia en Riego y Agroclimatolog\u00eda.\u00a0 \u00a0 RADIO COOPERATIVA\u00a0 La SNA descarta alza de precios en medio de la emergencia.\u00a0Se refiere Patricio Gonz\u00e1lez Colville, acad\u00e9mico del Centro de Investigaci\u00f3n y Transferencia en Riego y Agroclimatolog\u00eda.\u00a0 \u00a0 &hellip;<\/p>\n<p class=\"read-more\"> <a class=\"\" href=\"https:\/\/www.reportedeprensa.utalca.cl\/?p=7685\"> <span class=\"screen-reader-text\">27 de junio de 2023<\/span> Read More &raquo;<\/a><\/p>\n","protected":false},"author":1,"featured_media":0,"comment_status":"closed","ping_status":"open","sticky":false,"template":"","format":"standard","meta":{"_monsterinsights_skip_tracking":false,"_monsterinsights_sitenote_active":false,"_monsterinsights_sitenote_note":"","_monsterinsights_sitenote_category":0},"categories":[34],"tags":[],"_links":{"self":[{"href":"https:\/\/www.reportedeprensa.utalca.cl\/index.php?rest_route=\/wp\/v2\/posts\/7685"}],"collection":[{"href":"https:\/\/www.reportedeprensa.utalca.cl\/index.php?rest_route=\/wp\/v2\/posts"}],"about":[{"href":"https:\/\/www.reportedeprensa.utalca.cl\/index.php?rest_route=\/wp\/v2\/types\/post"}],"author":[{"embeddable":true,"href":"https:\/\/www.reportedeprensa.utalca.cl\/index.php?rest_route=\/wp\/v2\/users\/1"}],"replies":[{"embeddable":true,"href":"https:\/\/www.reportedeprensa.utalca.cl\/index.php?rest_route=%2Fwp%2Fv2%2Fcomments&post=7685"}],"version-history":[{"count":4,"href":"https:\/\/www.reportedeprensa.utalca.cl\/index.php?rest_route=\/wp\/v2\/posts\/7685\/revisions"}],"predecessor-version":[{"id":7689,"href":"https:\/\/www.reportedeprensa.utalca.cl\/index.php?rest_route=\/wp\/v2\/posts\/7685\/revisions\/7689"}],"wp:attachment":[{"href":"https:\/\/www.reportedeprensa.utalca.cl\/index.php?rest_route=%2Fwp%2Fv2%2Fmedia&parent=7685"}],"wp:term":[{"taxonomy":"category","embeddable":true,"href":"https:\/\/www.reportedeprensa.utalca.cl\/index.php?rest_route=%2Fwp%2Fv2%2Fcategories&post=7685"},{"taxonomy":"post_tag","embeddable":true,"href":"https:\/\/www.reportedeprensa.utalca.cl\/index.php?rest_route=%2Fwp%2Fv2%2Ftags&post=7685"}],"curies":[{"name":"wp","href":"https:\/\/api.w.org\/{rel}","templated":true}]}}