{"id":7696,"date":"2023-06-28T13:38:03","date_gmt":"2023-06-28T16:38:03","guid":{"rendered":"https:\/\/www.reportedeprensa.utalca.cl\/?p=7696"},"modified":"2023-06-28T13:51:01","modified_gmt":"2023-06-28T16:51:01","slug":"28-de-junio-de-2023","status":"publish","type":"post","link":"https:\/\/www.reportedeprensa.utalca.cl\/?p=7696","title":{"rendered":"28 de junio de 2023"},"content":{"rendered":"\t\t<div data-elementor-type=\"wp-post\" data-elementor-id=\"7696\" class=\"elementor elementor-7696\" data-elementor-settings=\"[]\">\n\t\t\t\t\t\t\t<div class=\"elementor-section-wrap\">\n\t\t\t\t\t\t\t<section class=\"elementor-section elementor-top-section elementor-element elementor-element-10154d05 elementor-section-boxed elementor-section-height-default elementor-section-height-default\" data-id=\"10154d05\" data-element_type=\"section\">\n\t\t\t\t\t\t<div class=\"elementor-container elementor-column-gap-default\">\n\t\t\t\t\t<div class=\"elementor-column elementor-col-100 elementor-top-column elementor-element elementor-element-5db19c21\" data-id=\"5db19c21\" data-element_type=\"column\">\n\t\t\t<div class=\"elementor-widget-wrap elementor-element-populated\">\n\t\t\t\t\t\t\t\t<div class=\"elementor-element elementor-element-587e31be elementor-widget elementor-widget-text-editor\" data-id=\"587e31be\" data-element_type=\"widget\" data-widget_type=\"text-editor.default\">\n\t\t\t\t<div class=\"elementor-widget-container\">\n\t\t\t\t\t\t\t\t<p><strong>ADPRENSA\u00a0<\/strong><strong>\u00a0<\/strong><\/p><p><a href=\"https:\/\/www.adprensa.cl\/cronica\/proyecto-pionero-en-chile-investiga-senales-electricas-en-plantas-y-su-adaptacion-al-entorno\/\" target=\"_blank\" rel=\"noopener\">Proyecto pionero en Chile investiga se\u00f1ales\u00a0el\u00e9ctricas en plantas\u00a0y su adaptaci\u00f3n al entorno. Se refiere el\u00a0director del proyecto y acad\u00e9mico de la Facultad de Ingenier\u00eda, Ingo Dreyer.\u00a0<\/a><\/p><p>\u00a0<\/p><p><strong>MEDIABANCO\u00a0\u00a0<\/strong><\/p><p><a href=\"https:\/\/www.mediabanco.com\/proyecto-pionero-en-chile-investiga-senales-electricas-en-plantas-y-su-adaptacion-al-entorno\/\" target=\"_blank\" rel=\"noopener\">Proyecto pionero en Chile investiga se\u00f1ales\u00a0el\u00e9ctricas en plantas\u00a0y su adaptaci\u00f3n al entorno. Se refiere el\u00a0director del proyecto y acad\u00e9mico de la Facultad de Ingenier\u00eda, Ingo Dreyer.<\/a><\/p><p><strong>\u00a0<\/strong><\/p><p><strong>EL MOSTRADOR\u00a0<\/strong><strong>\u00a0<\/strong><\/p><p><a href=\"https:\/\/www.elmostrador.cl\/agenda-pais\/vida-en-linea\/2023\/06\/27\/advierten-sobre-la-relacion-directa-entre-la-contaminacion-y-el-aumento-de-enfermedades-resp\/\" target=\"_blank\" rel=\"noopener\">Advierten sobre relaci\u00f3n directa entre la contaminaci\u00f3n y el aumento de enfermedades respiratorias.\u00a0Se refieren Daniel Jim\u00e9nez, director de Salud del Estudiante\u00a0<\/a><a href=\"https:\/\/www.elmostrador.cl\/agenda-pais\/vida-en-linea\/2023\/06\/27\/advierten-sobre-la-relacion-directa-entre-la-contaminacion-y-el-aumento-de-enfermedades-resp\/\">y Mar\u00eda Elisa Quinteros, epidemi\u00f3loga ambiental y acad\u00e9mica del Departamento de Salud P\u00fablica.\u00a0\u00a0\u00a0\u00a0<\/a>\u00a0\u00a0\u00a0\u00a0<strong>\u00a0<\/strong><strong>\u00a0<\/strong><strong>\u00a0<\/strong><strong>\u00a0<\/strong><br \/><br \/><\/p><p><strong>COOPERATIVA CIENCIA\u00a0\u00a0<\/strong><\/p><p><a href=\"https:\/\/www.cooperativaciencia.cl\/2023\/06\/27\/contaminacion-ambiental-como-afecta-a-nuestra-salud\/\" target=\"_blank\" rel=\"noopener\">Medidas para cuidarse del da\u00f1ino humo de le\u00f1a.\u00a0Se refieren Daniel Jim\u00e9nez, director de Salud del Estudiante\u00a0y Mar\u00eda Elisa Quinteros, epidemi\u00f3loga ambiental y acad\u00e9mica del Departamento de Salud P\u00fablica.<\/a><\/p><p>\u00a0<\/p><p><strong>DIARIOTALCA.CL\u00a0\u00a0<\/strong><\/p><p><a href=\"https:\/\/diariotalca.cl\/advierten-causalidad-entre-las-alertas-ambientales-y-enfermedades-respiratorias\/#respond\" target=\"_blank\" rel=\"noopener\">Advierten causalidad entre las alertas ambientales y enfermedades respiratorias.\u00a0Se refieren Daniel Jim\u00e9nez, director de Salud del Estudiante\u00a0y Mar\u00eda Elisa Quinteros, epidemi\u00f3loga ambiental y acad\u00e9mica del Departamento de Salud P\u00fablica.<strong>\u00a0<\/strong><strong>\u00a0<\/strong><strong>\u00a0<\/strong><\/a>\u00a0<\/p><p><strong>\u00a0<\/strong>\u00a0<\/p><p><strong>EL MAULE INFORMA\u00a0<\/strong><strong>\u00a0<\/strong><\/p><p><a href=\"https:\/\/elmauleinforma.cl\/hongo-fusarium-solani-que-es-y-como-afecta-a-las-personas\/\" target=\"_blank\" rel=\"noopener\">Hongo Fusarium Solani: \u00bfQu\u00e9 es y c\u00f3mo afecta a las personas? Se refiere\u00a0Sergio Wehinger,\u00a0director del Mag\u00edster\u00a0en Ciencias Biom\u00e9dicas.\u00a0\u00a0\u00a0\u00a0\u00a0\u00a0\u00a0\u00a0\u00a0\u00a0\u00a0\u00a0\u00a0\u00a0\u00a0\u00a0\u00a0\u00a0\u00a0<\/a>\u00a0\u00a0\u00a0<strong><br \/><\/strong><\/p><p><strong>\u00a0<\/strong>\u00a0<\/p><p><strong>CHILL\u00c1N ONLINE\u00a0\u00a0<\/strong><\/p><p><a href=\"https:\/\/www.chillanonline.cl\/V6\/hongo-fusarium-solani-que-es-y-como-afecta-a-las-personas\/\" target=\"_blank\" rel=\"noopener\">Hongo Fusarium Solani: \u00bfQu\u00e9 es y c\u00f3mo afecta a las personas? Se refiere<strong>\u00a0<\/strong>Sergio Wehinger,\u00a0director del Mag\u00edster\u00a0en Ciencias Biom\u00e9dicas.\u00a0\u00a0\u00a0<strong><br \/><\/strong><\/a><\/p><p>\u00a0<\/p><p><strong>RADIO POLAR\u00a0<\/strong>\u00a0<\/p><p><a href=\"https:\/\/radiopolar.com\/bajo-presupuesto-para-salud-mental-realza-necesidad-del-autocuidado-en-la-poblacion\/\" target=\"_blank\" rel=\"noopener\">Bajo presupuesto para salud mental realza necesidad del autocuidado en la poblaci\u00f3n. Se refiere Nadia Ramos Alvarado, directora del Centro de Psicolog\u00eda Aplicada (CEPA).\u00a0\u00a0\u00a0<\/a><strong><br \/><\/strong><\/p><p>\u00a0<\/p><p><strong>EL MERCURIO\u00a0<\/strong><strong>\u00a0<\/strong><\/p><p><a href=\"https:\/\/www.litoralpress.cl\/paginaconsultas\/Servicios_NClipSitio\/Get_Imagen_Nota.aspx?LPKey=HR6KYUKU55APFJ4B5NMF4GNG7HXUS7BQMXDEVXY2UPUA62YNFSGP6NA5MWIJQ2LL4MQVQHCCQK4FU\" target=\"_blank\" rel=\"noopener\">Estaci\u00f3n en \u00d1uble registra 570 mm de precipitaciones.\u00a0Se refiere Patricio Gonz\u00e1lez Colville, acad\u00e9mico del Centro de Investigaci\u00f3n y Transferencia en Riego y Agroclimatolog\u00eda.<\/a><\/p><p>\u00a0<\/p><p><strong>RADIO BIOB\u00cdO\u00a0<\/strong><strong>\u00a0<\/strong><\/p><p><a href=\"https:\/\/www.litoralpress.cl\/sitio\/RadioTV_Detalles.cshtml?LPKey=PVFGZKBUM6V2Z3WLJQHGGSJ56ZXLG274EXFRSKHUUGQYEKMXIPN6AQORRG4EHEFJD6LPHLLXD734G\" target=\"_blank\" rel=\"noopener\">Las lluvias en zona centro del pa\u00eds est\u00e1n ligadas al &#8220;Fen\u00f3meno El Ni\u00f1o&#8221;.\u00a0Se refiere Patricio Gonz\u00e1lez Colville, acad\u00e9mico del Centro de Investigaci\u00f3n y Transferencia en Riego y Agroclimatolog\u00eda.\u00a0<\/a><\/p><p>\u00a0<\/p><p><strong>RADIO COOPERATIVA\u00a0<\/strong><strong>\u00a0<\/strong><\/p><p><a href=\"https:\/\/www.litoralpress.cl\/sitio\/RadioTV_Detalles.cshtml?LPKey=ROVH4T5JJ2I4L3RWKHXP6CLARUUHXSTVGQZFT2XG72FRNEEYY5TD7GPDFPIXPQCM2D6MPY7DFF5P4\" target=\"_blank\" rel=\"noopener\">Mesa de Reporteros: lo que dej\u00f3 el sistema frontal.\u00a0Se refiere Patricio Gonz\u00e1lez Colville, acad\u00e9mico del Centro de Investigaci\u00f3n y Transferencia en Riego y Agroclimatolog\u00eda.\u00a0\u00a0<\/a><\/p><p><strong>\u00a0<\/strong><\/p><p><strong>RADIO COOPERATIVA\u00a0\u00a0<\/strong><\/p><p><a href=\"https:\/\/www.litoralpress.cl\/sitio\/RadioTV_Detalles.cshtml?LPKey=K3TMOU5QVUTYT3G6DB5LQYBH7CVRKU4LFGCHFEDJ2674WJOLPM7AON2GH7QGSKJ3SHOXJTQLXXEB2\" target=\"_blank\" rel=\"noopener\">La SNA descarta alza de precios en medio de la emergencia.\u00a0Se refiere Patricio Gonz\u00e1lez Colville, acad\u00e9mico del Centro de Investigaci\u00f3n y Transferencia en Riego y Agroclimatolog\u00eda.<\/a><\/p><p>\u00a0<\/p><p><strong>RADIO COOPERATIVA\u00a0\u00a0<\/strong><\/p><p><a href=\"https:\/\/www.litoralpress.cl\/sitio\/RadioTV_Detalles.cshtml?LPKey=HHM6DKZD5LDYOM3HRETSQQJO3MUMX2AIOKVZSFUQK52GJHLCTJ3NABIF4HSQ7BBBQZFZPA4Z3ACVG\" target=\"_blank\" rel=\"noopener\">Detalles del sistema frontal.\u00a0Se refiere Patricio Gonz\u00e1lez Colville, acad\u00e9mico del Centro de Investigaci\u00f3n y Transferencia en Riego y Agroclimatolog\u00eda.\u00a0\u00a0<\/a><\/p><p><strong>\u00a0<\/strong>\u00a0<\/p><p><strong>CANAL MEGA<\/strong><\/p><p><a href=\"https:\/\/www.litoralpress.cl\/sitio\/RadioTV_Detalles.cshtml?LPKey=DMGSNEM5DYMASXIVJ2SBID3ZNQUL6SNKNLTOHFXY2SJLD766SQM6SUGTUGX7P2PTSVY4JOFL5GMI2\" target=\"_blank\" rel=\"noopener\">\u00bfSe llenaron las reservas de agua? La situaci\u00f3n de los embalses. Se refiere Roberto Pizarro Tapia, acad\u00e9mico del Instituto Interdisciplinario de Innovaci\u00f3n.<\/a><\/p><p>\u00a0<\/p><p><strong>ENTREPRENERD.CL\u00a0\u00a0<\/strong><\/p><p><a href=\"https:\/\/www.entreprenerd.cl\/crean-plataforma-para-optimizar-el-riego-de-grandes-y-pequenos-agricultores\/\" target=\"_blank\" rel=\"noopener\">Crean plataforma para optimizar el riego de grandes\u00a0y peque\u00f1os agricultores. Se refiere Samuel Ortega Far\u00edas, director del del Centro de Investigaci\u00f3n y Transferencia en Riego y Agroclimatolog\u00eda.\u00a0\u00a0<\/a>\u00a0<strong><br \/><\/strong><\/p><p>\u00a0<\/p><p><strong>MEGANOTICIAS.CL\u00a0\u00a0<\/strong><\/p><p><a href=\"https:\/\/www.meganoticias.cl\/nacional\/418012-columna-mauricio-morales-cadem-salvador-allende-augusto-pinochet-gobiernos-18-06-2023.html\" target=\"_blank\" rel=\"noopener\">Allende y Pinochet, los peores.\u00a0Se refiere Mauricio Morales, director del Centro de An\u00e1lisis Pol\u00edtico (CAP).\u00a0\u00a0\u00a0<\/a><\/p><p>\u00a0<\/p><p><strong>RADIO INFINITA<\/strong><\/p><p><a href=\"https:\/\/www.litoralpress.cl\/sitio\/RadioTV_Detalles.cshtml?LPKey=QO22LKVSOP5LT5NSBPJUKGPXITPXXNMZ3KF464OQYCSFHS4F4SZKJ3NMY44FUJ6BTJY3DEHUIQL6S\" target=\"_blank\" rel=\"noopener\">Comentario de pol\u00edtica de Mauricio Morales, director del Centro de An\u00e1lisis Pol\u00edtico (CAP).\u00a0\u00a0\u00a0<\/a><\/p><p>\u00a0<\/p><p><strong>PUBLIMETRO.CL\u00a0\u00a0<\/strong><strong>\u00a0<\/strong><\/p><p><a href=\"https:\/\/www.publimetro.cl\/noticias\/2023\/06\/27\/expertos-analizan-la-creacion-de-la-comision-anti-fake-news\/\" target=\"_blank\" rel=\"noopener\">Expertos analizan la creaci\u00f3n de la Comisi\u00f3n anti fake news. Se refiere Mario Herrera, acad\u00e9mico e investigador del Centro de An\u00e1lisis Pol\u00edtico.\u00a0\u00a0<\/a><strong><br \/><\/strong><\/p><p><strong>\u00a0<\/strong><strong>\u00a0<\/strong>\u00a0<\/p><p><strong>EL MOSTRADOR\u00a0<\/strong><strong>\u00a0<\/strong><\/p><p><a href=\"https:\/\/www.elmostrador.cl\/noticias\/opinion\/columnas\/2023\/06\/26\/manual-para-que-la-educacion-escolar-chilena-de-un-salto-de-calidad\/\" target=\"_blank\" rel=\"noopener\">Manual para que la educaci\u00f3n escolar chilena d\u00e9 un salto de calidad.\u00a0Se refiere Sebasti\u00e1n Donoso D\u00edaz,\u00a0acad\u00e9mico del Instituto de Investigaci\u00f3n y Desarrollo Educacional. \u00a0\u00a0<\/a><strong><br \/><\/strong><\/p><p><strong>\u00a0<\/strong>\u00a0<\/p><p><strong>DIARIOELCENTRO.CL\u00a0\u00a0<\/strong><\/p><p><a href=\"https:\/\/www.diarioelcentro.cl\/2023\/06\/26\/economia-estancada-causas-y-efectos\/\" target=\"_blank\" rel=\"noopener\">Econom\u00eda estancada. Se refiere, Arcadio Cerda Urrutia, acad\u00e9mico de la Facultad de Econom\u00eda y Negocios.\u00a0\u00a0<\/a><\/p><p>\u00a0<\/p><p><strong>EL MERCURIO\u00a0\u00a0<\/strong><\/p><p><a href=\"https:\/\/www.litoralpress.cl\/paginaconsultas\/Servicios_NClipSitio\/Get_Imagen_Nota.aspx?LPKey=SL35NB3SXL6SCFT64QAECOOXVJBGFWFHACMJGHFPH7WO5ICBUSCRY57EL5JMFJPDHJNVVTGF3FI56\" target=\"_blank\" rel=\"noopener\">Tempranas canciones de Leni Alexander llegan al disco. Se menciona a la Universidad de Talca.\u00a0\u00a0\u00a0\u00a0\u00a0\u00a0\u00a0\u00a0\u00a0\u00a0\u00a0<\/a>\u00a0\u00a0\u00a0\u00a0\u00a0\u00a0\u00a0\u00a0\u00a0\u00a0\u00a0\u00a0\u00a0\u00a0\u00a0\u00a0\u00a0\u00a0\u00a0\u00a0\u00a0\u00a0\u00a0\u00a0\u00a0\u00a0\u00a0\u00a0\u00a0\u00a0\u00a0\u00a0 \u00a0\u00a0<strong><br \/><\/strong><\/p>\t\t\t\t\t\t<\/div>\n\t\t\t\t<\/div>\n\t\t\t\t\t<\/div>\n\t\t<\/div>\n\t\t\t\t\t\t\t<\/div>\n\t\t<\/section>\n\t\t\t\t\t\t<\/div>\n\t\t\t\t\t<\/div>\n\t\t","protected":false},"excerpt":{"rendered":"<p>ADPRENSA\u00a0\u00a0 Proyecto pionero en Chile investiga se\u00f1ales\u00a0el\u00e9ctricas en plantas\u00a0y su adaptaci\u00f3n al entorno. Se refiere el\u00a0director del proyecto y acad\u00e9mico de la Facultad de Ingenier\u00eda, Ingo Dreyer.\u00a0 \u00a0 MEDIABANCO\u00a0\u00a0 Proyecto pionero en Chile investiga se\u00f1ales\u00a0el\u00e9ctricas en plantas\u00a0y su adaptaci\u00f3n al entorno. Se refiere el\u00a0director del proyecto y acad\u00e9mico de la Facultad de Ingenier\u00eda, Ingo Dreyer. &hellip;<\/p>\n<p class=\"read-more\"> <a class=\"\" href=\"https:\/\/www.reportedeprensa.utalca.cl\/?p=7696\"> <span class=\"screen-reader-text\">28 de junio de 2023<\/span> Read More &raquo;<\/a><\/p>\n","protected":false},"author":1,"featured_media":0,"comment_status":"closed","ping_status":"open","sticky":false,"template":"","format":"standard","meta":{"_monsterinsights_skip_tracking":false,"_monsterinsights_sitenote_active":false,"_monsterinsights_sitenote_note":"","_monsterinsights_sitenote_category":0},"categories":[34],"tags":[],"_links":{"self":[{"href":"https:\/\/www.reportedeprensa.utalca.cl\/index.php?rest_route=\/wp\/v2\/posts\/7696"}],"collection":[{"href":"https:\/\/www.reportedeprensa.utalca.cl\/index.php?rest_route=\/wp\/v2\/posts"}],"about":[{"href":"https:\/\/www.reportedeprensa.utalca.cl\/index.php?rest_route=\/wp\/v2\/types\/post"}],"author":[{"embeddable":true,"href":"https:\/\/www.reportedeprensa.utalca.cl\/index.php?rest_route=\/wp\/v2\/users\/1"}],"replies":[{"embeddable":true,"href":"https:\/\/www.reportedeprensa.utalca.cl\/index.php?rest_route=%2Fwp%2Fv2%2Fcomments&post=7696"}],"version-history":[{"count":4,"href":"https:\/\/www.reportedeprensa.utalca.cl\/index.php?rest_route=\/wp\/v2\/posts\/7696\/revisions"}],"predecessor-version":[{"id":7701,"href":"https:\/\/www.reportedeprensa.utalca.cl\/index.php?rest_route=\/wp\/v2\/posts\/7696\/revisions\/7701"}],"wp:attachment":[{"href":"https:\/\/www.reportedeprensa.utalca.cl\/index.php?rest_route=%2Fwp%2Fv2%2Fmedia&parent=7696"}],"wp:term":[{"taxonomy":"category","embeddable":true,"href":"https:\/\/www.reportedeprensa.utalca.cl\/index.php?rest_route=%2Fwp%2Fv2%2Fcategories&post=7696"},{"taxonomy":"post_tag","embeddable":true,"href":"https:\/\/www.reportedeprensa.utalca.cl\/index.php?rest_route=%2Fwp%2Fv2%2Ftags&post=7696"}],"curies":[{"name":"wp","href":"https:\/\/api.w.org\/{rel}","templated":true}]}}