{"id":7708,"date":"2023-06-29T16:36:19","date_gmt":"2023-06-29T19:36:19","guid":{"rendered":"https:\/\/www.reportedeprensa.utalca.cl\/?p=7708"},"modified":"2023-06-29T16:44:22","modified_gmt":"2023-06-29T19:44:22","slug":"29-de-junio-de-2023","status":"publish","type":"post","link":"https:\/\/www.reportedeprensa.utalca.cl\/?p=7708","title":{"rendered":"29 de junio de 2023"},"content":{"rendered":"\t\t<div data-elementor-type=\"wp-post\" data-elementor-id=\"7708\" class=\"elementor elementor-7708\" data-elementor-settings=\"[]\">\n\t\t\t\t\t\t\t<div class=\"elementor-section-wrap\">\n\t\t\t\t\t\t\t<section class=\"elementor-section elementor-top-section elementor-element elementor-element-10154d05 elementor-section-boxed elementor-section-height-default elementor-section-height-default\" data-id=\"10154d05\" data-element_type=\"section\">\n\t\t\t\t\t\t<div class=\"elementor-container elementor-column-gap-default\">\n\t\t\t\t\t<div class=\"elementor-column elementor-col-100 elementor-top-column elementor-element elementor-element-5db19c21\" data-id=\"5db19c21\" data-element_type=\"column\">\n\t\t\t<div class=\"elementor-widget-wrap elementor-element-populated\">\n\t\t\t\t\t\t\t\t<div class=\"elementor-element elementor-element-587e31be elementor-widget elementor-widget-text-editor\" data-id=\"587e31be\" data-element_type=\"widget\" data-widget_type=\"text-editor.default\">\n\t\t\t\t<div class=\"elementor-widget-container\">\n\t\t\t\t\t\t\t\t<p><strong>LAS \u00daLTIMAS NOTICIAS\u00a0<\/strong><\/p><p><a href=\"https:\/\/www.litoralpress.cl\/paginaconsultas\/Servicios_NClipSitio\/Get_Imagen_Nota.aspx?LPKey=RMGJ5FIAYJSWNGMR4RH5WCTI6VT5KPGMBPJ5553XFIXYLU6VQSONRQTLL2BJSVTOBC3XEU5PGAKJW\" target=\"_blank\" rel=\"noopener\">An\u00e1lisis a la curva Las Rosas\u201d: nuevo accidente enciende las alarmas en San Javier. Se refiere Miguel Arriagada, director de la Escuela de Ingenier\u00eda Civil en Obras Civiles.\u00a0<\/a>\u00a0<strong><br \/><\/strong><\/p><p>\u00a0<\/p><p><strong>G5NOTICIAS.CL\u00a0<\/strong><\/p><p><a href=\"https:\/\/g5noticias.cl\/2023\/06\/28\/hongo-fusarium-solani-que-es-y-como-afecta-a-las-personas\/\" target=\"_blank\" rel=\"noopener\">Hongo Fusarium Solani: \u00bfQu\u00e9 es y c\u00f3mo afecta a las personas? Se refiere\u00a0Sergio Wehinger,\u00a0director del Mag\u00edster\u00a0en Ciencias Biom\u00e9dicas.<strong>\u00a0<\/strong>\u00a0<\/a><\/p><p>\u00a0<\/p><p><strong>S\u00c9PTIMAP\u00c1GINANOTICIAS.CL\u00a0<\/strong><\/p><p><a href=\"https:\/\/www.septimapaginanoticias.cl\/hongo-fusarium-solani-que-es-y-como-afecta-a-las-personas\" target=\"_blank\" rel=\"noopener\">Hongo Fusarium Solani: \u00bfQu\u00e9 es y c\u00f3mo afecta a las personas? Se refiere\u00a0Sergio Wehinger,\u00a0director del Mag\u00edster\u00a0en Ciencias Biom\u00e9dicas.\u00a0<\/a><strong>\u00a0<\/strong><strong><br \/><\/strong><\/p><p>\u00a0<\/p><p><strong>LANOTICIA.CL\u00a0<\/strong><\/p><p><a href=\"https:\/\/lanoticia.cl\/advierten-sobre-la-relacion-directa-entre-las-alertas-ambientales-y-el-aumento-de-enfermedades-respiratorias\/\" target=\"_blank\" rel=\"noopener\">Advierten sobre relaci\u00f3n directa entre la contaminaci\u00f3n y el aumento de enfermedades respiratorias.\u00a0Se refieren Daniel Jim\u00e9nez, director de Salud del Estudiante\u00a0y Mar\u00eda Elisa Quinteros, epidemi\u00f3loga ambiental y acad\u00e9mica del Departamento de Salud P\u00fablica.\u00a0\u00a0<\/a><\/p><p>\u00a0<\/p><p><strong>G5NOTICIAS.CL\u00a0<\/strong><\/p><p><a href=\"https:\/\/g5noticias.cl\/2023\/06\/27\/crean-plataforma-para-optimizar-el-riego-de-grandes-y-pequenos-agricultores\/\" target=\"_blank\" rel=\"noopener\">Crean plataforma para optimizar el riego de grandes\u00a0y peque\u00f1os agricultores. Se refiere Samuel Ortega Far\u00edas, director del Centro de Investigaci\u00f3n y Transferencia en Riego y Agroclimatolog\u00eda.\u00a0\u00a0\u00a0<\/a>\u00a0<strong><br \/><\/strong><\/p><p>\u00a0<\/p><p><strong>RADIO AMIGA\u00a0<\/strong><\/p><p><a href=\"https:\/\/www.litoralpress.cl\/sitio\/RadioTV_Detalles.cshtml?LPKey=SWNBOOMIVJB43PTZ3MQZPDKZSXCQV77JCDPNNKAOTFFGN27AHDORYYIVMWIXFKSQMEQVPVCZRE5VO\" target=\"_blank\" rel=\"noopener\">Minsal declara alerta sanitaria en 7 regiones por crisis del dengue en Per\u00fa. Se refiere Erika Retamal, directora del Departamento de Salud P\u00fablica. \u00a0<\/a><\/p><p>\u00a0<\/p><p><strong>HOY X HOY\u00a0<\/strong><\/p><p><a href=\"https:\/\/www.litoralpress.cl\/paginaconsultas\/Servicios_NClipSitio\/Get_Imagen_Nota.aspx?LPKey=F3FSL2WHHP5PN2MHUHYNFKFFOZGMFR32PJAQ45M6GLMDOCIVRQ6QETDXKXOHXOC6HJD65V34KQPIW\" target=\"_blank\" rel=\"noopener\">Expertos advierten alto riesgo de nuevos &#8220;r\u00edos atmosf\u00e9ricos&#8221; en Chile durante esta temporada.\u00a0Se refiere Patricio Gonz\u00e1lez Colville, acad\u00e9mico del Centro de Investigaci\u00f3n y Transferencia en Riego y Agroclimatolog\u00eda.\u00a0<\/a>\u00a0<strong><br \/><\/strong><\/p><p>\u00a0<\/p><p><strong>CANAL CNN CHILE\u00a0<\/strong><\/p><p><a href=\"https:\/\/www.litoralpress.cl\/sitio\/RadioTV_Detalles.cshtml?LPKey=UHKFMVJ3U7CM7XXG7XYYQHS6S3WKONPA6R4BBNPXLPEKDUHT4TG72ECJC7Y7O2O6NKRQTM7CMCZ6M\" target=\"_blank\" rel=\"noopener\">El gobierno decret\u00f3 emergencia agr\u00edcola tras da\u00f1os del sistema frontal.\u00a0Se refiere Patricio Gonz\u00e1lez Colville, acad\u00e9mico del Centro de Investigaci\u00f3n y Transferencia en Riego y Agroclimatolog\u00eda.\u00a0\u00a0<\/a><strong><br \/><\/strong><u><\/u><\/p><p>\u00a0<\/p><p><strong>CANAL 24 HORAS\u00a0<\/strong><\/p><p><a href=\"https:\/\/www.litoralpress.cl\/sitio\/RadioTV_Detalles.cshtml?LPKey=Y6XQFBE63ZZM4HN5UJZPIVWATWIY77IGEHXVQ63ENXOL346MQJ6IEUQ6FRQVSLZOD2ELXOX56CQUS\" target=\"_blank\" rel=\"noopener\">Gran socav\u00f3n mantiene familias aisladas en Chupallar. Se menciona a\u00a0Patricio Gonz\u00e1lez Colville, acad\u00e9mico del Centro de Investigaci\u00f3n y Transferencia en Riego y Agroclimatolog\u00eda.\u00a0\u00a0<\/a><\/p><p><br \/><strong>ELMOSTRADOR.CL\u00a0<\/strong><\/p><p><a href=\"https:\/\/www.elmostrador.cl\/agenda-pais\/agenda-sustentable\/2023\/06\/28\/pronostican-nuevos-sistemas-frontales-y-rios-atmosfericos-durante-el-invierno\/\" target=\"_blank\" rel=\"noopener\">Pronostican nuevos sistemas frontales y r\u00edos atmosf\u00e9ricos durante el invierno.\u00a0Se refiere Patricio Gonz\u00e1lez Colville, acad\u00e9mico del Centro de Investigaci\u00f3n y Transferencia en Riego y Agroclimatolog\u00eda.\u00a0\u00a0<\/a><\/p><p>\u00a0<\/p><p><strong>MEGANOTICIAS.CL\u00a0<\/strong><\/p><p><a href=\"https:\/\/www.meganoticias.cl\/nacional\/418219-sistemas-frontales-rio-atmosfericos-no-se-descartan-durante-el-invierno-28-06-2023.html\" target=\"_blank\" rel=\"noopener\">\u00bfSe repetir\u00e1n lluvias como las de la semana pasada?: Experto no descarta nuevos sistemas frontales y r\u00edos atmosf\u00e9ricos.\u00a0Se refiere Patricio Gonz\u00e1lez Colville, acad\u00e9mico del Centro de Investigaci\u00f3n y Transferencia en Riego y Agroclimatolog\u00eda.\u00a0\u00a0<\/a><\/p><p>\u00a0<\/p><p><strong>ADPRENSA.CL\u00a0<\/strong><\/p><p><a href=\"https:\/\/www.adprensa.cl\/cronica\/pronostican-nuevos-sistemas-frontales-y-rios-atmosfericos-durante-el-invierno\/\" target=\"_blank\" rel=\"noopener\">Pronostican nuevos sistemas frontales y r\u00edos atmosf\u00e9ricos durante el invierno.\u00a0Se refiere Patricio Gonz\u00e1lez Colville, acad\u00e9mico del Centro de Investigaci\u00f3n y Transferencia en Riego y Agroclimatolog\u00eda.\u00a0\u00a0<\/a><\/p><p>\u00a0<\/p><p><strong>G5NOTICIAS.CL\u00a0<\/strong><\/p><p><a href=\"https:\/\/g5noticias.cl\/2023\/06\/28\/pronostican-nuevos-sistemas-frontales-y-rios-atmosfericos-durante-el-invierno\/\" target=\"_blank\" rel=\"noopener\">Pronostican nuevos sistemas frontales y r\u00edos atmosf\u00e9ricos durante el invierno.\u00a0Se refiere Patricio Gonz\u00e1lez Colville, acad\u00e9mico del Centro de Investigaci\u00f3n y Transferencia en Riego y Agroclimatolog\u00eda.\u00a0\u00a0<\/a><\/p><p>\u00a0<\/p><p><strong>LA ESTRELLA DE ARICA\u00a0<\/strong><\/p><p><a href=\"https:\/\/www.litoralpress.cl\/paginaconsultas\/Servicios_NClipSitio\/Get_Imagen_Nota.aspx?LPKey=IF77CMPQ6BJZMYYBSUQZJU4RRKLJRT6VVR64NZMA2VRMB733DRDVMI3V3EYCM6JLB5PCFPJSGL5A6\" target=\"_blank\" rel=\"noopener\">Expertos advierten alto riesgo de nuevos &#8220;r\u00edos atmosf\u00e9ricos&#8221; en Chile durante esta temporada.\u00a0Se refiere Patricio Gonz\u00e1lez Colville, acad\u00e9mico del Centro de Investigaci\u00f3n y Transferencia en Riego y Agroclimatolog\u00eda.<strong>\u00a0<\/strong><strong>\u00a0<\/strong><\/a><br \/><br \/><\/p><p><strong>LA ESTRELLA DE CONCEPCI\u00d3N\u00a0<\/strong><\/p><p><a href=\"https:\/\/www.litoralpress.cl\/paginaconsultas\/Servicios_NClipSitio\/Get_Imagen_Nota.aspx?LPKey=KZOM2WBH7HQPVF77RLCHN5Y5N62HMSTVGVHT5F5TWYKKLU45XAM647NIS6UX7DV6NUK5J6G7DQ2O2\" target=\"_blank\" rel=\"noopener\">Expertos advierten alto riesgo de nuevos &#8220;r\u00edos atmosf\u00e9ricos&#8221; en Chile durante esta temporada.\u00a0Se refiere Patricio Gonz\u00e1lez Colville, acad\u00e9mico del Centro de Investigaci\u00f3n y Transferencia en Riego y Agroclimatolog\u00eda.\u00a0\u00a0<\/a><\/p><p>\u00a0<\/p><p><strong>SOYCHILE.CL\u00a0<\/strong><\/p><p><a href=\"https:\/\/www.soychile.cl\/Santiago\/Sociedad\/2023\/06\/28\/817610\/expertos-advierten-nuevos-rios-atmosfericos.html\" target=\"_blank\" rel=\"noopener\">Expertos advierten alto riesgo de nuevos &#8220;r\u00edos atmosf\u00e9ricos&#8221; en Chile durante esta temporada.\u00a0Se refiere Patricio Gonz\u00e1lez Colville, acad\u00e9mico del Centro de Investigaci\u00f3n y Transferencia en Riego y Agroclimatolog\u00eda.<strong>\u00a0\u00a0<\/strong><\/a><br \/><br \/><\/p><p>\u00a0<\/p><p><strong>CANAL CNN CHILE\u00a0<\/strong><\/p><p><a href=\"https:\/\/www.litoralpress.cl\/sitio\/RadioTV_Detalles.cshtml?LPKey=YGFL5GMECT6ONNX74LYHHBH4GP7XE4REJRGQ7M6T4RRAFXC3FXQBAS32ROITZYI3RAG4PDIFW3W44\" target=\"_blank\" rel=\"noopener\">Agua de los embalses aument\u00f3 un 34 por ciento. Se refiere Roberto Pizarro Tapia, acad\u00e9mico del Instituto Interdisciplinario de Innovaci\u00f3n.<\/a><strong><br \/><\/strong><\/p><p>\u00a0<\/p><p><strong>RADIO INFINITA<\/strong><\/p><p><a href=\"https:\/\/www.litoralpress.cl\/sitio\/RadioTV_Detalles.cshtml?LPKey=VNDDO2JEZPY3OIIULW5H7XOKQCM2LNVUEKNG4WSHKY7Q45KLMTMNHCCIMY7PDEDRCUUMLUZOMCHOS\" target=\"_blank\" rel=\"noopener\">Comentario de pol\u00edtica de Mauricio Morales, director del Centro de An\u00e1lisis Pol\u00edtico.<\/a><\/p><p>\u00a0<\/p><p>\u00a0<\/p><p><strong>DIARIO TALCA\u00a0<\/strong><\/p><p><a href=\"https:\/\/diariotalca.cl\/rebeldia-y-sentido-del-deber-por-rodrigo-biel-melgarejo\/\" target=\"_blank\" rel=\"noopener\">Rebeld\u00eda y sentido del deber. Se refiere Rodrigo Biel Melgarejo, acad\u00e9mico de la Facultad de Ciencias Jur\u00eddicas y Sociales.\u00a0<\/a><\/p>\t\t\t\t\t\t<\/div>\n\t\t\t\t<\/div>\n\t\t\t\t\t<\/div>\n\t\t<\/div>\n\t\t\t\t\t\t\t<\/div>\n\t\t<\/section>\n\t\t\t\t\t\t<\/div>\n\t\t\t\t\t<\/div>\n\t\t","protected":false},"excerpt":{"rendered":"<p>LAS \u00daLTIMAS NOTICIAS\u00a0 An\u00e1lisis a la curva Las Rosas\u201d: nuevo accidente enciende las alarmas en San Javier. Se refiere Miguel Arriagada, director de la Escuela de Ingenier\u00eda Civil en Obras Civiles.\u00a0\u00a0 \u00a0 G5NOTICIAS.CL\u00a0 Hongo Fusarium Solani: \u00bfQu\u00e9 es y c\u00f3mo afecta a las personas? Se refiere\u00a0Sergio Wehinger,\u00a0director del Mag\u00edster\u00a0en Ciencias Biom\u00e9dicas.\u00a0\u00a0 \u00a0 S\u00c9PTIMAP\u00c1GINANOTICIAS.CL\u00a0 Hongo Fusarium &hellip;<\/p>\n<p class=\"read-more\"> <a class=\"\" href=\"https:\/\/www.reportedeprensa.utalca.cl\/?p=7708\"> <span class=\"screen-reader-text\">29 de junio de 2023<\/span> Read More &raquo;<\/a><\/p>\n","protected":false},"author":1,"featured_media":0,"comment_status":"closed","ping_status":"open","sticky":false,"template":"","format":"standard","meta":{"_monsterinsights_skip_tracking":false,"_monsterinsights_sitenote_active":false,"_monsterinsights_sitenote_note":"","_monsterinsights_sitenote_category":0},"categories":[34],"tags":[],"_links":{"self":[{"href":"https:\/\/www.reportedeprensa.utalca.cl\/index.php?rest_route=\/wp\/v2\/posts\/7708"}],"collection":[{"href":"https:\/\/www.reportedeprensa.utalca.cl\/index.php?rest_route=\/wp\/v2\/posts"}],"about":[{"href":"https:\/\/www.reportedeprensa.utalca.cl\/index.php?rest_route=\/wp\/v2\/types\/post"}],"author":[{"embeddable":true,"href":"https:\/\/www.reportedeprensa.utalca.cl\/index.php?rest_route=\/wp\/v2\/users\/1"}],"replies":[{"embeddable":true,"href":"https:\/\/www.reportedeprensa.utalca.cl\/index.php?rest_route=%2Fwp%2Fv2%2Fcomments&post=7708"}],"version-history":[{"count":13,"href":"https:\/\/www.reportedeprensa.utalca.cl\/index.php?rest_route=\/wp\/v2\/posts\/7708\/revisions"}],"predecessor-version":[{"id":7721,"href":"https:\/\/www.reportedeprensa.utalca.cl\/index.php?rest_route=\/wp\/v2\/posts\/7708\/revisions\/7721"}],"wp:attachment":[{"href":"https:\/\/www.reportedeprensa.utalca.cl\/index.php?rest_route=%2Fwp%2Fv2%2Fmedia&parent=7708"}],"wp:term":[{"taxonomy":"category","embeddable":true,"href":"https:\/\/www.reportedeprensa.utalca.cl\/index.php?rest_route=%2Fwp%2Fv2%2Fcategories&post=7708"},{"taxonomy":"post_tag","embeddable":true,"href":"https:\/\/www.reportedeprensa.utalca.cl\/index.php?rest_route=%2Fwp%2Fv2%2Ftags&post=7708"}],"curies":[{"name":"wp","href":"https:\/\/api.w.org\/{rel}","templated":true}]}}