{"id":7728,"date":"2023-06-30T18:00:42","date_gmt":"2023-06-30T21:00:42","guid":{"rendered":"https:\/\/www.reportedeprensa.utalca.cl\/?p=7728"},"modified":"2023-06-30T18:51:54","modified_gmt":"2023-06-30T21:51:54","slug":"30-de-junio-de-2023","status":"publish","type":"post","link":"https:\/\/www.reportedeprensa.utalca.cl\/?p=7728","title":{"rendered":"30 de junio de 2023"},"content":{"rendered":"\t\t<div data-elementor-type=\"wp-post\" data-elementor-id=\"7728\" class=\"elementor elementor-7728\" data-elementor-settings=\"[]\">\n\t\t\t\t\t\t\t<div class=\"elementor-section-wrap\">\n\t\t\t\t\t\t\t<section class=\"elementor-section elementor-top-section elementor-element elementor-element-10154d05 elementor-section-boxed elementor-section-height-default elementor-section-height-default\" data-id=\"10154d05\" data-element_type=\"section\">\n\t\t\t\t\t\t<div class=\"elementor-container elementor-column-gap-default\">\n\t\t\t\t\t<div class=\"elementor-column elementor-col-100 elementor-top-column elementor-element elementor-element-5db19c21\" data-id=\"5db19c21\" data-element_type=\"column\">\n\t\t\t<div class=\"elementor-widget-wrap elementor-element-populated\">\n\t\t\t\t\t\t\t\t<div class=\"elementor-element elementor-element-587e31be elementor-widget elementor-widget-text-editor\" data-id=\"587e31be\" data-element_type=\"widget\" data-widget_type=\"text-editor.default\">\n\t\t\t\t<div class=\"elementor-widget-container\">\n\t\t\t\t\t\t\t\t<p><strong>LA PRENSA DE CURIC\u00d3<\/strong><\/p><p><a href=\"https:\/\/www.litoralpress.cl\/paginaconsultas\/Servicios_NClipSitio\/Get_Imagen_Nota.aspx?LPKey=GZIHPJ323WM6K2X2WLJOXXWQ6HHZMMAMDB76JLEYCQNJCDC3PGL4Q5GPTYAF377OC75BGBA5FJMEG\" target=\"_blank\" rel=\"noopener\"><span style=\"font-style: inherit; font-weight: inherit;\">Investigan se\u00f1ales el\u00e9ctricas en plantas y su adaptaci\u00f3n al entorno<\/span>. Se refiere Ingo Dreyer, acad\u00e9mico de la Facultad de Ingenier\u00eda.<\/a><\/p><p>\u00a0<\/p><p><strong>EL MERCURIO<\/strong><\/p><p><a href=\"https:\/\/www.litoralpress.cl\/paginaconsultas\/Servicios_NClipSitio\/Get_Imagen_Nota.aspx?LPKey=SRBKB7PIUMWEKBSD5BAR54IUCKHWXJKWH5UBHIIQGWICJP24IOVHUCL5ZGFG3F7ZMFIANUQK6YVV4\" target=\"_blank\" rel=\"noopener\"><span style=\"font-style: inherit; font-weight: inherit;\">Prev\u00e9n que demanda de cal en miner\u00eda del cobre crecer\u00e1.<\/span> Se refiere Ricardo Herrera, ingeniero agr\u00f3nomo del Centro Tecnol\u00f3gico de Suelos y Cultivos.<\/a><\/p><p>\u00a0<\/p><p><strong>CANAL 30 MULTICOM<\/strong><\/p><p><a href=\"https:\/\/www.litoralpress.cl\/sitio\/RadioTV_Detalles.cshtml?LPKey=DSQPLMGIAVK4GP4RZSLT75GNQBQQRM3MU44CUNX4S7XSQWXLUTS2KAXDXFEXSNVKQKOYME4L6SPT4\" target=\"_blank\" rel=\"noopener\">Bajo presupuesto para la salud mental. Se refiere Nadia Ramos Alvarado, directora del Centro de Psicolog\u00eda Aplicada (CEPA).<\/a><\/p><p>\u00a0<\/p><p><strong>MEDIABANCO<\/strong><\/p><p><a href=\"https:\/\/www.mediabanco.com\/recalcan-la-urgente-necesidad-de-recursos-para-recuperar-predios-agricolas\/\" target=\"_blank\" rel=\"noopener\">Recalcan la urgente necesidad de recursos para recuperar predios agr\u00edcolas. Se refiere Samuel Ortega Far\u00edas, director del Centro de Investigaci\u00f3n y Transferencia en Riego y Agroclimatolog\u00eda.\u00a0\u00a0<\/a><strong>\u00a0<\/strong><\/p><p><strong>\u00a0<\/strong><\/p><p><strong>DIARIO EL HERALDO<\/strong><\/p><p><a href=\"https:\/\/www.diarioelheraldo.cl\/noticia\/recalcan-la-urgente-necesidad-de-recursos-para-recuperar-predios-agricolas-\" target=\"_blank\" rel=\"noopener\">Recalcan la urgente necesidad de recursos para recuperar predios agr\u00edcolas. Se refiere Samuel Ortega Far\u00edas, director del Centro de Investigaci\u00f3n y Transferencia en Riego y Agroclimatolog\u00eda.\u00a0\u00a0<\/a><\/p><p><strong>\u00a0<\/strong><\/p><p><strong>MAULEHOY<\/strong><\/p><p><a href=\"https:\/\/maulehoy.cl\/2023\/06\/30\/recalcan-la-urgente-necesidad-de-recursos-para-recuperar-predios-agricolas\/\" target=\"_blank\" rel=\"noopener\">Recalcan la urgente necesidad de recursos para recuperar predios agr\u00edcolas. Se refiere Samuel Ortega Far\u00edas, director del Centro de Investigaci\u00f3n y Transferencia en Riego y Agroclimatolog\u00eda.\u00a0<\/a><\/p><p><strong>\u00a0<\/strong><\/p><p><strong>S\u00c9PTIMAP\u00c1GINANOTICIAS.CL<\/strong><\/p><p><a href=\"https:\/\/www.septimapaginanoticias.cl\/recalcan-la-urgente-necesidad-de-recursos-para-recuperar-predios-agricolas\" target=\"_blank\" rel=\"noopener\">Recalcan la urgente necesidad de recursos para recuperar predios agr\u00edcolas. Se refiere Samuel Ortega Far\u00edas, director del Centro de Investigaci\u00f3n y Transferencia en Riego y Agroclimatolog\u00eda<\/a><\/p><p>\u00a0<\/p><p><strong>LA PRENSA DE CURIC\u00d3<\/strong><\/p><p><a href=\"https:\/\/www.litoralpress.cl\/paginaconsultas\/Servicios_NClipSitio\/Get_Imagen_Nota.aspx?LPKey=JDLM2FTEYRN3W76EJSXNAOV2JDJGWRNO7QBXCC66RGCLUVUARDVQ3N3HYHCT3YAWDN74HKCIGX22W\" target=\"_blank\" rel=\"noopener\">Pronostican nuevos sistemas frontales y r\u00edos atmosf\u00e9ricos durante el invierno.\u00a0Se refiere Patricio Gonz\u00e1lez Colville, acad\u00e9mico del Centro de Investigaci\u00f3n y Transferencia en Riego y Agroclimatolog\u00eda.\u00a0\u00a0<\/a><\/p><p>\u00a0<\/p><p><strong>EL CIUDADANO<\/strong><\/p><p><a href=\"https:\/\/www.litoralpress.cl\/sitio\/MediosOnline_Detalles.cshtml?LPKey=KBLVOY2DBJNXGFNXLI3MU7R7VKFRHXFMMCK4AKV6DRXGCRXORGJCBWUFXU3MXOAUDS5MWCUQPFNU4\" target=\"_blank\" rel=\"noopener\">Pronostican nuevos sistemas frontales y r\u00edos atmosf\u00e9ricos durante el invierno.\u00a0Se refiere Patricio Gonz\u00e1lez Colville, acad\u00e9mico del Centro de Investigaci\u00f3n y Transferencia en Riego y Agroclimatolog\u00eda.\u00a0\u00a0<\/a><\/p><p>\u00a0<\/p><p><strong>EL L\u00cdDER DE SAN ANTONIO<\/strong><\/p><p><a href=\"https:\/\/www.litoralpress.cl\/paginaconsultas\/Servicios_NClipSitio\/Get_Imagen_Nota.aspx?LPKey=FXUNQV54F6X3UC5JN3QTPE6CCZ2LP2M2VTVL3FP7YGAJM6G4TNXUDWBP7KA4Z3QZJIGKFL27DHNCG\" target=\"_blank\" rel=\"noopener\">Pronostican nuevos sistemas frontales y r\u00edos atmosf\u00e9ricos durante el invierno.\u00a0Se refiere Patricio Gonz\u00e1lez Colville, acad\u00e9mico del Centro de Investigaci\u00f3n y Transferencia en Riego y Agroclimatolog\u00eda.<\/a>\u00a0\u00a0<\/p><p>\u00a0<\/p><p><strong>EL LECTOR<\/strong><\/p><p><a href=\"https:\/\/www.litoralpress.cl\/paginaconsultas\/Servicios_NClipSitio\/Get_Imagen_Nota.aspx?LPKey=3WDD3GX5GTAW6XCURQCW3UCXTPNXDCA7F2SVKOAOWQGM7ULPN5TVSFX66MRRRD6MMNR5XYUBHNMGI\" target=\"_blank\" rel=\"noopener\">Pronostican nuevos sistemas frontales y r\u00edos atmosf\u00e9ricos durante el invierno.\u00a0Se refiere Patricio Gonz\u00e1lez Colville, acad\u00e9mico del Centro de Investigaci\u00f3n y Transferencia en Riego y Agroclimatolog\u00eda.\u00a0\u00a0<\/a><\/p><p>\u00a0<\/p><p><strong>DIARIO TALCA<\/strong><\/p><p><a href=\"https:\/\/diariotalca.cl\/experto-destaca-que-el-deficit-hidrico-persiste-a-pesar-del-ultimo-sistema-frontal\/\" target=\"_blank\" rel=\"noopener\"><span style=\"font-style: inherit; font-weight: inherit;\">Experto destaca que el d\u00e9ficit h\u00eddrico persiste a pesar del \u00faltimo sistema frontal<\/span>. Se refiere Patricio Gonz\u00e1lez Colville, acad\u00e9mico del Centro de Investigaci\u00f3n y Transferencia en Riego y Agroclimatolog\u00eda.\u00a0\u00a0<\/a><\/p><p>\u00a0<\/p><p><strong>RADIO AMIGA<\/strong><\/p><p><a href=\"https:\/\/www.litoralpress.cl\/sitio\/RadioTV_Detalles.cshtml?LPKey=C3FL3OTK6DRHN6V5LLKYHRWKZBWINQG7QLLQ3GLC7M5NHOE5GN6DGK6KFP6DH5YJ4ANJ4GHVOSHTC\" target=\"_blank\" rel=\"noopener\">Agroclimat\u00f3logo no descarta un nuevo rio atmosf\u00e9rico para la zona centro. Se refiere Patricio Gonz\u00e1lez Colville, acad\u00e9mico del Centro de Investigaci\u00f3n y Transferencia en Riego y Agroclimatolog\u00eda.\u00a0\u00a0<\/a><\/p><p>\u00a0<\/p><p><strong>CNN CHILE<\/strong><\/p><p><a href=\"https:\/\/www.litoralpress.cl\/sitio\/RadioTV_Detalles.cshtml?LPKey=YGFL5GMECT6ONNX74LYHHBH4GP7XE4REJRGQ7M6T4RRAFXC3FXQBAS32ROITZYI3RAG4PDIFW3W44\" target=\"_blank\" rel=\"noopener\">Agua de los embalses aument\u00f3 un 34 por ciento. Se refiere Roberto Pizarro Tapia, acad\u00e9mico del Instituto Interdisciplinario de Innovaci\u00f3n.<\/a><\/p><p>\u00a0<\/p><p><strong>LA NOTICIA<\/strong><\/p><p><a href=\"https:\/\/lanoticia.cl\/estudiantes-inician-su-exploracion-vocacional-en-la-academia-pace-utalca\/\" target=\"_blank\" rel=\"noopener\">Estudiantes inician su exploraci\u00f3n vocacional en la academia PACE \u2013 UTalca. Se refieren la directora de Ciclo de Vida Estudiantil de la UTalca, del cual depende el PACE, Paola Morales Norambuena; y el Coordinador Ejecutivo del PACE, Iv\u00e1n Baeza Barra.<\/a><\/p><p>\u00a0<\/p><p><strong>CANAL TVR<\/strong><\/p><p><a href=\"https:\/\/www.litoralpress.cl\/sitio\/RadioTV_Detalles.cshtml?LPKey=YR5B6RVID42RIGJ2CWHZQUDAFZ3EH4R4OSTT2X74QKJBH6AZ5D7L6CGD66MGM3WHTOPIUFPKBNG7Q\" target=\"_blank\" rel=\"noopener\">Licant\u00e9n fue el centro urbano m\u00e1s afectado por desborde de r\u00edos en le Regi\u00f3n del Maule. Se refiere Patricio Gonz\u00e1lez Colville, acad\u00e9mico del Centro de Investigaci\u00f3n y Transferencia en Riego y Agroclimatolog\u00eda.\u00a0<\/a>\u00a0<\/p><p>\u00a0<\/p><p><strong>EL PERIODISTA<\/strong><\/p><p><a href=\"https:\/\/www.elperiodista.cl\/2023\/06\/empresa-de-reciclaje-implemento-un-exitoso-canal-de-denuncias\/\" target=\"_blank\" rel=\"noopener\">Empresa de reciclaje implement\u00f3 un exitoso Canal de Denuncias. Se menciona al Centros de Estudios de Derecho Penal de la Universidad de Talca.<\/a><\/p><p><strong>\u00a0<\/strong><\/p><p><strong>LAS \u00daLTIMAS NOTICIAS<\/strong><\/p><p><a href=\"https:\/\/www.litoralpress.cl\/paginaconsultas\/Servicios_NClipSitio\/Get_Imagen_Nota.aspx?LPKey=ABSKMCMPIS7ZLKPO6ROEGTRIX77LCGU5Q6KTRANVRGFKKETR3M3MISR4PMF6YOFQZFKY4I4JUXA2Q\" target=\"_blank\" rel=\"noopener\">As\u00ed le fue a las universidades chilenas en el ranking mundial 2024. Se menciona a la Universidad de Talca.<\/a><\/p><p><strong>\u00a0<\/strong><\/p><p><strong>RADIO INFINITA<\/strong><\/p><p><a href=\"https:\/\/www.litoralpress.cl\/sitio\/RadioTV_Detalles.cshtml?LPKey=CYIMRIDIQZ3BJM7FESLYMEAXHBCKM5PRIRDBBLOLCMRYYY3XQFMP6LZA2S3TR4EIAKHJXXX2K2OLU\" target=\"_blank\" rel=\"noopener\">Comentario de pol\u00edtica de Mauricio Morales, director del Centro de An\u00e1lisis Pol\u00edtico.<\/a><\/p>\t\t\t\t\t\t<\/div>\n\t\t\t\t<\/div>\n\t\t\t\t\t<\/div>\n\t\t<\/div>\n\t\t\t\t\t\t\t<\/div>\n\t\t<\/section>\n\t\t\t\t\t\t<\/div>\n\t\t\t\t\t<\/div>\n\t\t","protected":false},"excerpt":{"rendered":"<p>LA PRENSA DE CURIC\u00d3 Investigan se\u00f1ales el\u00e9ctricas en plantas y su adaptaci\u00f3n al entorno. Se refiere Ingo Dreyer, acad\u00e9mico de la Facultad de Ingenier\u00eda. \u00a0 EL MERCURIO Prev\u00e9n que demanda de cal en miner\u00eda del cobre crecer\u00e1. Se refiere Ricardo Herrera, ingeniero agr\u00f3nomo del Centro Tecnol\u00f3gico de Suelos y Cultivos. \u00a0 CANAL 30 MULTICOM Bajo &hellip;<\/p>\n<p class=\"read-more\"> <a class=\"\" href=\"https:\/\/www.reportedeprensa.utalca.cl\/?p=7728\"> <span class=\"screen-reader-text\">30 de junio de 2023<\/span> Read More &raquo;<\/a><\/p>\n","protected":false},"author":1,"featured_media":0,"comment_status":"closed","ping_status":"open","sticky":false,"template":"","format":"standard","meta":{"_monsterinsights_skip_tracking":false,"_monsterinsights_sitenote_active":false,"_monsterinsights_sitenote_note":"","_monsterinsights_sitenote_category":0},"categories":[34],"tags":[],"_links":{"self":[{"href":"https:\/\/www.reportedeprensa.utalca.cl\/index.php?rest_route=\/wp\/v2\/posts\/7728"}],"collection":[{"href":"https:\/\/www.reportedeprensa.utalca.cl\/index.php?rest_route=\/wp\/v2\/posts"}],"about":[{"href":"https:\/\/www.reportedeprensa.utalca.cl\/index.php?rest_route=\/wp\/v2\/types\/post"}],"author":[{"embeddable":true,"href":"https:\/\/www.reportedeprensa.utalca.cl\/index.php?rest_route=\/wp\/v2\/users\/1"}],"replies":[{"embeddable":true,"href":"https:\/\/www.reportedeprensa.utalca.cl\/index.php?rest_route=%2Fwp%2Fv2%2Fcomments&post=7728"}],"version-history":[{"count":7,"href":"https:\/\/www.reportedeprensa.utalca.cl\/index.php?rest_route=\/wp\/v2\/posts\/7728\/revisions"}],"predecessor-version":[{"id":7736,"href":"https:\/\/www.reportedeprensa.utalca.cl\/index.php?rest_route=\/wp\/v2\/posts\/7728\/revisions\/7736"}],"wp:attachment":[{"href":"https:\/\/www.reportedeprensa.utalca.cl\/index.php?rest_route=%2Fwp%2Fv2%2Fmedia&parent=7728"}],"wp:term":[{"taxonomy":"category","embeddable":true,"href":"https:\/\/www.reportedeprensa.utalca.cl\/index.php?rest_route=%2Fwp%2Fv2%2Fcategories&post=7728"},{"taxonomy":"post_tag","embeddable":true,"href":"https:\/\/www.reportedeprensa.utalca.cl\/index.php?rest_route=%2Fwp%2Fv2%2Ftags&post=7728"}],"curies":[{"name":"wp","href":"https:\/\/api.w.org\/{rel}","templated":true}]}}