{"id":7743,"date":"2023-07-03T15:16:37","date_gmt":"2023-07-03T18:16:37","guid":{"rendered":"https:\/\/www.reportedeprensa.utalca.cl\/?p=7743"},"modified":"2023-07-03T16:39:42","modified_gmt":"2023-07-03T19:39:42","slug":"03-de-julio-de-2023","status":"publish","type":"post","link":"https:\/\/www.reportedeprensa.utalca.cl\/?p=7743","title":{"rendered":"03 de julio de 2023"},"content":{"rendered":"\t\t<div data-elementor-type=\"wp-post\" data-elementor-id=\"7743\" class=\"elementor elementor-7743\" data-elementor-settings=\"[]\">\n\t\t\t\t\t\t\t<div class=\"elementor-section-wrap\">\n\t\t\t\t\t\t\t<section class=\"elementor-section elementor-top-section elementor-element elementor-element-10154d05 elementor-section-boxed elementor-section-height-default elementor-section-height-default\" data-id=\"10154d05\" data-element_type=\"section\">\n\t\t\t\t\t\t<div class=\"elementor-container elementor-column-gap-default\">\n\t\t\t\t\t<div class=\"elementor-column elementor-col-100 elementor-top-column elementor-element elementor-element-5db19c21\" data-id=\"5db19c21\" data-element_type=\"column\">\n\t\t\t<div class=\"elementor-widget-wrap elementor-element-populated\">\n\t\t\t\t\t\t\t\t<div class=\"elementor-element elementor-element-587e31be elementor-widget elementor-widget-text-editor\" data-id=\"587e31be\" data-element_type=\"widget\" data-widget_type=\"text-editor.default\">\n\t\t\t\t<div class=\"elementor-widget-container\">\n\t\t\t\t\t\t\t\t<p class=\"x_MsoNormal\"><b><span class=\"x_ContentPasted0\" lang=\"es-419\">DIARIO EL HERALDO (PORTADA)\u00a0<\/span><\/b><\/p><p class=\"x_MsoNormal\"><a href=\"https:\/\/www.litoralpress.cl\/paginaconsultas\/Servicios_NClipSitio\/Get_Imagen_Nota.aspx?LPKey=6CUO2GO7LZETYSBWF2TO7BOLMSIJGK7OAWAQLZNE7YB3WZZCOL2GSO6SK7PBPCRXN2XU742UCQSWG\" target=\"_blank\" rel=\"noopener\"><span lang=\"es-419\">UTalca alberga audiencias p\u00fablicas para la nueva Constituci\u00f3n<\/span><span class=\"x_ContentPasted0\" lang=\"es-419\">.<span class=\"x_ContentPasted0\">\u00a0Se menciona la Universidad de Talca.\u00a0<\/span><\/span><\/a><\/p><p class=\"x_MsoNormal\">\u00a0<\/p><p class=\"x_MsoNormal\"><strong><span class=\"x_ContentPasted0\" lang=\"es-419\">DIARIO EL HERALDO\u00a0<\/span><\/strong><\/p><p class=\"x_MsoNormal\"><a href=\"https:\/\/www.litoralpress.cl\/paginaconsultas\/Servicios_NClipSitio\/Get_Imagen_Nota.aspx?LPKey=5JBZNFR3RITXLPXVRTWA3FYRMGORTJXFFY6DGJUFCJHXTQYGX2URI5RNQQCLCYBTQQQIMFNHJ5LTC\" target=\"_blank\" rel=\"noopener\"><span lang=\"es-419\">UTalca alberga audiencias p\u00fablicas para la nueva Constituci\u00f3n<\/span><span class=\"x_ContentPasted0\" lang=\"es-419\">. Se refieren Carlos Torres Fuchslocher, rector y Mario Herrera, investigador del Centro de An\u00e1lisis Pol\u00edtico (CAP).\u00a0<\/span><\/a><\/p><p class=\"x_MsoNormal\"><span lang=\"es-419\">\u00a0<\/span><\/p><p class=\"x_MsoNormal\"><strong><span class=\"x_ContentPasted0\" lang=\"es-419\">MEDIABANCO\u00a0<\/span><\/strong><\/p><p class=\"x_MsoNormal\"><a href=\"https:\/\/www.mediabanco.com\/utalca-alberga-audiencias-publicas-para-la-nueva-constitucion\/\" target=\"_blank\" rel=\"noopener\"><span lang=\"es-419\">UTalca alberga audiencias p\u00fablicas para la nueva Constituci\u00f3n<\/span><span class=\"x_ContentPasted0\" lang=\"es-419\">. Se refieren Carlos Torres Fuchslocher, rector y Mario Herrera, investigador del Centro de An\u00e1lisis Pol\u00edtico (CAP).\u00a0<\/span><\/a><\/p><p class=\"x_MsoNormal\"><span lang=\"es-419\">\u00a0<\/span><\/p><p class=\"x_MsoNormal\"><strong><span class=\"x_ContentPasted0\" lang=\"es-419\">CAUQUENES.NET\u00a0<\/span><\/strong><\/p><p class=\"x_MsoNormal\"><a href=\"https:\/\/cauquenesnet.cl\/2023\/06\/30\/en-la-utalca-se-realizaran-audiencias-publicas-del-proceso-constitucional\/\" target=\"_blank\" rel=\"noopener\"><span class=\"x_ContentPasted0\" lang=\"es-419\">En la UTalca se realizar\u00e1n Audiencias P\u00fablicas del Proceso Constitucional. Se refieren Carlos Torres Fuchslocher, rector y Mario Herrera, investigador del Centro de An\u00e1lisis Pol\u00edtico (CAP).\u00a0<\/span><span lang=\"es-419\">\u00a0<\/span><\/a><\/p><p class=\"x_MsoNormal\">\u00a0<\/p><p class=\"x_MsoNormal\"><strong><span class=\"x_ContentPasted0\" lang=\"es-419\">G5NOTICIAS.CL\u00a0<\/span><\/strong><\/p><p class=\"x_MsoNormal\"><a href=\"https:\/\/g5noticias.cl\/2023\/06\/30\/utalca-alberga-audiencias-publicas-para-la-nueva-constitucion\/\" target=\"_blank\" rel=\"noopener\"><span lang=\"es-419\">UTalca alberga audiencias p\u00fablicas para la nueva Constituci\u00f3n<\/span><span class=\"x_ContentPasted0\" lang=\"es-419\">. Se refieren Carlos Torres Fuchslocher, rector y Mario Herrera, investigador del Centro de An\u00e1lisis Pol\u00edtico (CAP).\u00a0<\/span><\/a><\/p><p class=\"x_MsoNormal\">\u00a0<\/p><p class=\"x_MsoNormal\"><strong><span class=\"x_ContentPasted0\" lang=\"es-419\">S\u00c9PTIMAP\u00c1GINANOTICIAS.CL\u00a0<\/span><\/strong><\/p><p class=\"x_MsoNormal\"><a href=\"https:\/\/www.septimapaginanoticias.cl\/utalca-alberga-audiencias-publicas-para-la-nueva-constitucion\" target=\"_blank\" rel=\"noopener\"><span lang=\"es-419\">UTalca alberga audiencias p\u00fablicas para la nueva Constituci\u00f3n<\/span><span class=\"x_ContentPasted0\" lang=\"es-419\">. Se refieren Carlos Torres Fuchslocher, rector y Mario Herrera, investigador del Centro de An\u00e1lisis Pol\u00edtico (CAP).\u00a0<\/span><\/a><\/p><p class=\"x_MsoNormal\">\u00a0<\/p><p class=\"x_MsoNormal\"><strong><span class=\"x_ContentPasted0\" lang=\"es-419\">DIARIOELHERALDO.CL\u00a0<\/span><\/strong><\/p><p class=\"x_MsoNormal\"><a href=\"https:\/\/www.diarioelheraldo.cl\/noticia\/utalca-alberga-audiencias-publicas-para-la-nueva-constitucion\" target=\"_blank\" rel=\"noopener\"><span lang=\"es-419\">UTalca alberga audiencias p\u00fablicas para la nueva Constituci\u00f3n<\/span><span class=\"x_ContentPasted0\" lang=\"es-419\">. Se refieren Carlos Torres Fuchslocher, rector y Mario Herrera, investigador del Centro de An\u00e1lisis Pol\u00edtico (CAP).\u00a0<\/span><\/a><\/p><p class=\"x_MsoNormal\">\u00a0<\/p><p class=\"x_MsoNormal\"><b><span class=\"x_ContentPasted0\" lang=\"es-419\">EL MERCURIO\u00a0<\/span><\/b><\/p><p class=\"x_MsoNormal\"><a href=\"https:\/\/www.litoralpress.cl\/paginaconsultas\/Servicios_NClipSitio\/Get_Imagen_Nota.aspx?LPKey=JN2L5QKXKOWM6N7PWJYKDOV67JLZIPIGQXT3ALLINXGPZUOAPSLZZYYG6T6L4G3QGDNOUCLCIJ7BI\" target=\"_blank\" rel=\"noopener\"><span class=\"x_ContentPasted0\" lang=\"es-419\">El colegio puede ayudar en el bienestar de los escolares afectados por las inundaciones. Se refiere Claudia Carrasco, acad\u00e9mica de la Facultad de Ciencias de la Educaci\u00f3n\u00a0<\/span><\/a><\/p><p class=\"x_MsoNormal\">\u00a0<\/p><p class=\"x_MsoNormal\"><b><span class=\"x_ContentPasted0\" lang=\"es-419\">G5NOTICIAS.CL\u00a0<\/span><\/b><\/p><p class=\"x_MsoNormal\"><a href=\"https:\/\/g5noticias.cl\/2023\/07\/01\/proyecto-pionero-en-chile-investiga-senales-electricas-en-plantas-y-su-adaptacion-al-entorno\/\" target=\"_blank\" rel=\"noopener\"><span class=\"x_xcontentpasted0\"><span class=\"x_ContentPasted0\" lang=\"es-419\">Investigan se\u00f1ales el\u00e9ctricas en plantas y su adaptaci\u00f3n al entorno. Se refiere Ingo Dreyer, acad\u00e9mico de la Facultad de Ingenier\u00eda.\u00a0<\/span><\/span><span class=\"x_ContentPasted0\" lang=\"es-419\">\u00a0\u00a0<\/span><\/a><\/p><p class=\"x_MsoNormal\"><b><span class=\"x_ContentPasted0\" lang=\"es-419\">\u00a0<\/span><\/b><\/p><p class=\"x_MsoNormal\"><b><span class=\"x_ContentPasted0\" lang=\"es-419\">RADIO COOPERATIVA\u00a0<\/span><\/b><\/p><p class=\"x_MsoNormal\"><a href=\"https:\/\/www.litoralpress.cl\/sitio\/RadioTV_Detalles.cshtml?LPKey=O4BX4U4SDXPAMJ7H5BD4YHWDVWOCRIF5PMFHT2RJJQQDENRVXHWJU4RPKT3KCGGGNNLAASVRC2III\" target=\"_blank\" rel=\"noopener\"><span class=\"x_ContentPasted0\" lang=\"es-419\">Durante marzo-mayo la tasa de desocupaci\u00f3n lleg\u00f3 a 8,5% registrando un alza por s\u00e9ptima vez consecutiva. Se refiere Rodrigo S\u00e1enz, acad\u00e9mico Facultad de Econom\u00eda y Negocios.<\/span><span lang=\"es-419\">\u00a0<\/span><\/a><\/p><p class=\"x_MsoNormal\">\u00a0<\/p><p class=\"x_MsoNormal\"><strong><span class=\"x_ContentPasted0\" lang=\"es-419\">COOPERATIVA.CL\u00a0<\/span><\/strong><\/p><p class=\"x_MsoNormal\"><a href=\"https:\/\/www.cooperativa.cl\/noticias\/economia\/crecimiento\/tras-baja-en-el-sector-minero-imacec-de-mayo-podria-caer-hasta-en-un\/2023-07-01\/160952.html\" target=\"_blank\" rel=\"noopener\"><span class=\"x_ContentPasted0\" lang=\"es-419\">Tras baja en el sector minero: Imacec de mayo podr\u00eda caer hasta en un 2,2% seg\u00fan expertos. Se refiere Rodrigo S\u00e1enz, acad\u00e9mico Facultad de Econom\u00eda y Negocios.\u00a0<\/span><\/a><\/p><p class=\"x_MsoNormal\">\u00a0<\/p><p class=\"x_MsoNormal\"><b><span class=\"x_ContentPasted0\" lang=\"es-419\">COOPERATIVA CIENCIA\u00a0<\/span><\/b><\/p><p><a href=\"https:\/\/www.cooperativaciencia.cl\/2023\/06\/30\/por-que-preocupa-la-listeria-m-hallada-en-quesos\/\" target=\"_blank\" rel=\"noopener\"><span class=\"x_xcontentpasted0\"><span class=\"x_ContentPasted0\" lang=\"es-419\">\u00bfPor qu\u00e9 preocupa la Listeria M. hallada en quesos? Se refiere l<\/span><\/span><span class=\"x_xcontentpasted0\"><span class=\"x_ContentPasted0\" lang=\"es-419\">a directora del\u00a0Centro de Inocuidad Alimentaria, Ana Karina Peralta\u00a0<\/span><\/span><\/a><\/p><p class=\"x_MsoNormal\">\u00a0<\/p><p class=\"x_MsoNormal\"><b><span class=\"x_ContentPasted0\" lang=\"es-419\">LA PRENSA DE CURIC\u00d3\u00a0<\/span><\/b><\/p><p class=\"x_MsoNormal\"><a href=\"https:\/\/www.litoralpress.cl\/paginaconsultas\/Servicios_NClipSitio\/Get_Imagen_Nota.aspx?LPKey=MYJ3XWBGVEZJEM677HW4GAUG6OQFJCHQ45KGEQU73UIRSJPGTKZQ4ZRXXGXPINVOKQWQMZQCDBC2K\" target=\"_blank\" rel=\"noopener\"><span class=\"x_ContentPasted0\" lang=\"es-419\">Entrega de incentivos focalizados y directos a los peque\u00f1os agricultores ser\u00e1 m\u00e1s que clave.<span class=\"x_ContentPasted0\">\u00a0<\/span><\/span><span class=\"x_xcontentpasted0\"><span class=\"x_ContentPasted0\" lang=\"es-419\">Se refiere Samuel Ortega Far\u00edas, director\u00a0<\/span><\/span><span class=\"x_xcontentpasted0\"><span class=\"x_ContentPasted0\" lang=\"es-419\">del Centro de Investigaci\u00f3n y Transferencia en Riego y Agroclimatolog\u00eda.\u00a0<\/span><\/span><span class=\"x_xcontentpasted0\"><span class=\"x_ContentPasted0\" lang=\"es-419\">\u00a0\u00a0<\/span><\/span><\/a><\/p><p class=\"x_MsoNormal\"><span lang=\"es-419\">\u00a0<\/span><\/p><p class=\"x_MsoNormal\"><strong><span class=\"x_ContentPasted0\" lang=\"es-419\">EL LECTOR\u00a0<\/span><\/strong><\/p><p class=\"x_MsoNormal\"><a href=\"https:\/\/www.litoralpress.cl\/paginaconsultas\/Servicios_NClipSitio\/Get_Imagen_Nota.aspx?LPKey=E4W3HMC7KHQNZGIMSUWYJPQE3NJBFJKQZH2MQYIZ4TMT7HM7XLMJLJXENX36RAZDDIY2WFU7KPFT2\" target=\"_blank\" rel=\"noopener\"><span class=\"x_xcontentpasted0\"><span class=\"x_ContentPasted0\" lang=\"es-419\">Recalcan la urgente necesidad de recursos para recuperar predios agr\u00edcolas. Se refiere Samuel Ortega Far\u00edas, director\u00a0<\/span><\/span><span class=\"x_xcontentpasted0\"><span class=\"x_ContentPasted0\" lang=\"es-419\">del Centro de Investigaci\u00f3n y Transferencia en Riego y Agroclimatolog\u00eda.\u00a0<\/span><\/span><span class=\"x_xcontentpasted0\"><span class=\"x_ContentPasted0\" lang=\"es-419\">\u00a0\u00a0<\/span><\/span><\/a><\/p><p class=\"x_MsoNormal\">\u00a0<\/p><p class=\"x_MsoNormal\"><b><span class=\"x_ContentPasted0\" lang=\"es-419\">COOPERATIVA CIENCIA\u00a0<\/span><\/b><\/p><p class=\"x_MsoNormal\"><a href=\"https:\/\/www.cooperativaciencia.cl\/2023\/06\/30\/el-nino-seguira-golpeando-durante-el-invierno\/\" target=\"_blank\" rel=\"noopener\"><span class=\"x_xcontentpasted0\"><span class=\"x_ContentPasted0\" lang=\"es-419\">El \u201cNi\u00f1o\u201d seguir\u00e1 golpeando durante el invierno.<\/span><\/span><span class=\"x_ContentPasted0\" lang=\"es-419\">\u00a0<\/span><span class=\"x_xcontentpasted0\"><span class=\"x_ContentPasted0\" lang=\"es-419\">Se refiere Patricio Gonz\u00e1lez Colville, acad\u00e9mico del Centro de Investigaci\u00f3n y Transferencia en Riego y Agroclimatolog\u00eda.\u00a0\u00a0<\/span><\/span><span class=\"x_ContentPasted0\" lang=\"es-419\">\u00a0\u00a0<\/span><\/a><\/p><p class=\"x_MsoNormal\"><span lang=\"es-419\">\u00a0<\/span><\/p><p class=\"x_MsoNormal\"><strong><span class=\"x_ContentPasted0\" lang=\"es-419\">CANAL CONTIVISI\u00d3N\u00a0<\/span><\/strong><\/p><p class=\"x_MsoNormal\"><a href=\"https:\/\/www.litoralpress.cl\/sitio\/RadioTV_Detalles.cshtml?LPKey=TK77OWHEUBJ4TZZPTQWXC623U5P2D5ETUVMUUQZ3GAPBWAIIYSMOOIJVIUJLHFJF3AH5J7ZPXQHRO\" target=\"_blank\" rel=\"noopener\"><span class=\"x_ContentPasted0\" lang=\"es-419\">Nuevas precipitaciones se anuncian para la regi\u00f3n del Maule.\u00a0<\/span><span class=\"x_xcontentpasted0\"><span class=\"x_ContentPasted0\" lang=\"es-419\">Se refiere Patricio Gonz\u00e1lez Colville, acad\u00e9mico del Centro de Investigaci\u00f3n y Transferencia en Riego y Agroclimatolog\u00eda (CITRA).<\/span><\/span><span lang=\"es-419\">\u00a0<\/span><\/a><\/p><p class=\"x_MsoNormal\">\u00a0<\/p><p class=\"x_MsoNormal\"><strong><span lang=\"es-419\">\u00a0<\/span><\/strong><\/p><p class=\"x_MsoNormal\"><strong><span class=\"x_ContentPasted0\" lang=\"es-419\">CANAL UATV\u00a0<\/span><\/strong><\/p><p class=\"x_MsoNormal\"><a href=\"https:\/\/www.litoralpress.cl\/sitio\/RadioTV_Detalles.cshtml?LPKey=OW6HIXNLZ4KGVSIUXUQFWUWB3YY2EZ5VJAP6KKLLHRQO45MA3VUREVRKEMGIFTH7IKTGZAABHTH6A\" target=\"_blank\" rel=\"noopener\"><span class=\"x_ContentPasted0\" lang=\"es-419\">Aumento de lluvias podr\u00eda ayudar a la sequ\u00eda del pa\u00eds. Se refiere Roberto Pizarro, acad\u00e9mico del Instituto Interdisplinario de Innovaci\u00f3n.\u00a0<\/span><span lang=\"es-419\">\u00a0<\/span><\/a><\/p><p class=\"x_MsoNormal\"><span lang=\"es-419\">\u00a0<\/span><\/p><p class=\"x_MsoNormal\"><strong><span class=\"x_ContentPasted0\" lang=\"es-419\">LA PRENSA DE CURIC\u00d3\u00a0<\/span><\/strong><\/p><p class=\"x_MsoNormal\"><a href=\"https:\/\/www.litoralpress.cl\/paginaconsultas\/Servicios_NClipSitio\/Get_Imagen_Nota.aspx?LPKey=3LDNB3DWJMEW2NNL7YM76O6NXDHO37PFSX2JSNU564UZZIGYFPKRLR6V7ANDK3FYSFDACGDQBWOYA\" target=\"_blank\" rel=\"noopener\"><span class=\"x_ContentPasted0\" lang=\"es-419\">Temporal evidenci\u00f3 fragilidad del sistema vial y ferroviario ante desastres naturales. Se refiere Miguel Arriagada, director de la Escuela de Ingenier\u00eda Civil en Obras Civiles.\u00a0<\/span><span lang=\"es-419\"><span class=\"x_ContentPasted0\">\u00a0<\/span><\/span><\/a><\/p><p class=\"x_MsoNormal\"><span lang=\"EN-US\">\u00a0<\/span><\/p><p class=\"x_MsoNormal\"><b><span class=\"x_ContentPasted0\" lang=\"es-419\">G5NOTICIAS.CL\u00a0<\/span><\/b><\/p><p class=\"x_MsoNormal\"><a href=\"https:\/\/g5noticias.cl\/2023\/07\/01\/temporal-evidencio-fragilidad-del-sistema-vial-y-ferroviario-ante-desastres-naturales\/\" target=\"_blank\" rel=\"noopener\"><span class=\"x_ContentPasted0\" lang=\"es-419\">Temporal evidenci\u00f3 fragilidad del sistema vial y ferroviario ante desastres naturales. Se refiere Miguel Arriagada, director de la Escuela de Ingenier\u00eda Civil en Obras Civiles.<span class=\"x_ContentPasted0\">\u00a0\u00a0<\/span>\u00a0<\/span><\/a><\/p><p class=\"x_MsoNormal\"><span lang=\"es-419\">\u00a0<\/span><\/p><p class=\"x_MsoNormal\"><strong><span class=\"x_ContentPasted0\" lang=\"es-419\">DIARIOLAPRENSA.CL\u00a0<\/span><\/strong><\/p><p class=\"x_MsoNormal\"><a href=\"https:\/\/new.diariolaprensa.cl\/index.php\/2023\/07\/01\/temporal-evidencio-fragilidad-del-sistema-vial-y-ferroviario\/\" target=\"_blank\" rel=\"noopener\"><span class=\"x_ContentPasted0\" lang=\"es-419\">Temporal evidenci\u00f3 fragilidad del sistema vial y ferroviario ante desastres naturales. Se refiere Miguel Arriagada, director de la Escuela de Ingenier\u00eda Civil en Obras Civiles.<span class=\"x_ContentPasted0\">\u00a0\u00a0<\/span>\u00a0<\/span><\/a><\/p><p class=\"x_MsoNormal\"><span lang=\"es-419\">\u00a0<\/span><\/p><p class=\"x_MsoNormal\"><strong><span class=\"x_ContentPasted0\" lang=\"es-419\">DIARIOELHERALDO.CL\u00a0<\/span><\/strong><\/p><p class=\"x_MsoNormal\"><a href=\"https:\/\/www.diarioelheraldo.cl\/noticia\/temporal-evidencio-fragilidad-del-sistema-vial-y-ferroviario-ante-desastres-naturales\" target=\"_blank\" rel=\"noopener\"><span class=\"x_ContentPasted0\" lang=\"es-419\">Temporal evidenci\u00f3 fragilidad del sistema vial y ferroviario ante desastres naturales. Se refiere Miguel Arriagada, director de la Escuela de Ingenier\u00eda Civil en Obras Civiles. \u00a0<\/span><\/a><\/p><p class=\"x_MsoNormal\"><span lang=\"es-419\">\u00a0<\/span><\/p><p class=\"x_MsoNormal\"><strong><span class=\"x_ContentPasted0\" lang=\"es-419\">ELMAULEINFORMA.CL\u00a0<\/span><\/strong><\/p><p class=\"x_MsoNormal\"><a href=\"https:\/\/elmauleinforma.cl\/temporal-evidencio-fragilidad-del-sistema-vial-y-ferroviario-ante-desastres-naturales\/\" target=\"_blank\" rel=\"noopener\"><span class=\"x_ContentPasted0\" lang=\"es-419\">Temporal evidenci\u00f3 fragilidad del sistema vial y ferroviario ante desastres naturales. Se refiere Miguel Arriagada, director de la Escuela de Ingenier\u00eda Civil en Obras Civiles. \u00a0<\/span><\/a><\/p><p class=\"x_MsoNormal\">\u00a0<\/p><p class=\"x_MsoNormal\"><strong><span class=\"x_ContentPasted0\" lang=\"es-419\">S\u00c9PTIMAP\u00c1GINANOTICIAS.CL\u00a0<\/span><\/strong><\/p><p class=\"x_MsoNormal\"><a href=\"https:\/\/www.septimapaginanoticias.cl\/temporal-evidencio-fragilidad-del-sistema-vial-y-ferroviario-ante-desastres-naturales\" target=\"_blank\" rel=\"noopener\"><span class=\"x_ContentPasted0\" lang=\"es-419\">Temporal evidenci\u00f3 fragilidad del sistema vial y ferroviario ante desastres naturales. Se refiere Miguel Arriagada, director de la Escuela de Ingenier\u00eda Civil en Obras Civiles. \u00a0<\/span><\/a><\/p><p class=\"x_MsoNormal\"><span lang=\"es-419\">\u00a0<\/span><\/p><p class=\"x_MsoNormal\"><strong><span class=\"x_ContentPasted0\" lang=\"es-419\">CANAL TVN \u00a0<\/span><\/strong><\/p><p class=\"x_MsoNormal\"><a href=\"https:\/\/www.litoralpress.cl\/sitio\/RadioTV_Detalles.cshtml?LPKey=6B7X2YL6RGJO53KU2CTCC7BCKAU7T5CHH4SHAZTNNWTDSVIQBR3F5ON4TVLH4ZFVLFJJFFP2XEFIU\" target=\"_blank\" rel=\"noopener\"><span class=\"x_ContentPasted0\" lang=\"es-419\">Familiares y amigos rinden homenaje al bombero fallecido en emergencia por sistema frontal. Se menciona a la Universidad de Talca.\u00a0<\/span><\/a><\/p><p class=\"x_MsoNormal\">\u00a0<\/p><p class=\"x_MsoNormal\"><strong><span class=\"x_ContentPasted0\" lang=\"es-419\">ADPRENSA\u00a0<\/span><\/strong><\/p><p><a href=\"https:\/\/www.adprensa.cl\/cronica\/utalca-capacito-a-emprendedoras-rurales-de-la-region-del-maule\/\" target=\"_blank\" rel=\"noopener\"><span class=\"x_xcontentpasted0\"><span class=\"x_ContentPasted0\" lang=\"es-419\">UTalca capacit\u00f3 a emprendedoras rurales de la regi\u00f3n del Maule. Se refiere\u00a0<\/span><\/span><span class=\"x_xcontentpasted0\"><span class=\"x_ContentPasted0\" lang=\"es-419\">la directora de Innovaci\u00f3n y Transferencia, Nadia Rojas Villacura.<\/span><\/span><span lang=\"es-419\">\u00a0<\/span><\/a><\/p><p class=\"x_MsoNormal\">\u00a0<\/p><p class=\"x_MsoNormal\"><strong><span class=\"x_ContentPasted0\" lang=\"es-419\">MEDIABANCO\u00a0<\/span><\/strong><\/p><p><a href=\"https:\/\/www.mediabanco.com\/utalca-capacito-a-emprendedoras-rurales-de-la-region-del-maule\/\" target=\"_blank\" rel=\"noopener\"><span class=\"x_xcontentpasted0\"><span class=\"x_ContentPasted0\" lang=\"es-419\">UTalca capacit\u00f3 a emprendedoras rurales de la regi\u00f3n del Maule. Se refiere\u00a0<\/span><\/span><span class=\"x_xcontentpasted0\"><span class=\"x_ContentPasted0\" lang=\"es-419\">la directora de Innovaci\u00f3n y Transferencia, Nadia Rojas Villacura.<\/span><\/span><span lang=\"es-419\">\u00a0<\/span><\/a><\/p><p class=\"x_MsoNormal\">\u00a0<\/p><p class=\"x_MsoNormal\"><strong><span class=\"x_ContentPasted0\" lang=\"es-419\">DIARIO EL HERALDO\u00a0<\/span><\/strong><\/p><p><a href=\"https:\/\/www.litoralpress.cl\/paginaconsultas\/Servicios_NClipSitio\/Get_Imagen_Nota.aspx?LPKey=7WTKEH5PJ27DGZL4EG6H4V6G3VQ3HSSQGKFGGHOKGF4W6RK4JVEBNHDQEXZA7WA7TYLNFASXRH5OQ\" target=\"_blank\" rel=\"noopener\"><span class=\"x_xcontentpasted0\"><span class=\"x_ContentPasted0\" lang=\"es-419\">UTalca capacit\u00f3 a emprendedoras rurales de la regi\u00f3n del Maule. Se refiere\u00a0<\/span><\/span><span class=\"x_xcontentpasted0\"><span class=\"x_ContentPasted0\" lang=\"es-419\">la directora de Innovaci\u00f3n y Transferencia, Nadia Rojas Villacura.<\/span><\/span><span lang=\"es-419\">\u00a0<\/span><\/a><\/p><p class=\"x_MsoNormal\">\u00a0<\/p><p class=\"x_MsoNormal\"><strong><span class=\"x_ContentPasted0\" lang=\"es-419\">ADPRENSA\u00a0<\/span><\/strong><\/p><p><a href=\"https:\/\/www.adprensa.cl\/cronica\/consejo-de-decanos-de-agronomia-reafirma-su-compromiso-con-la-formacion-y-la-sustentabilidad-agroalimentaria\/\" target=\"_blank\" rel=\"noopener\"><span class=\"x_xcontentpasted0\"><span class=\"x_ContentPasted0\" lang=\"es-419\">Consejo de Decanos de Agronom\u00eda reafirma su compromiso con la formaci\u00f3n y la sustentabilidad agroalimentaria. Se refiere Hermine Vogel, decana de la Facultad de Ciencias Agrarias.\u00a0<\/span><\/span><span lang=\"es-419\">\u00a0<\/span><\/a><\/p><p class=\"x_MsoNormal\"><span lang=\"es-419\">\u00a0<\/span><\/p><p class=\"x_MsoNormal\"><b><span class=\"x_ContentPasted0\" lang=\"es-419\">MEDIABANCO\u00a0<\/span><\/b><\/p><p><a href=\"https:\/\/www.mediabanco.com\/consejo-de-decanos-de-agronomia-reafirma-su-compromiso-con-la-formacion-y-la-sustentabilidad-agroalimentaria\/\" target=\"_blank\" rel=\"noopener\"><span class=\"x_xcontentpasted0\"><span class=\"x_ContentPasted0\" lang=\"es-419\">Consejo de Decanos de Agronom\u00eda reafirma su compromiso con la formaci\u00f3n y la sustentabilidad agroalimentaria. Se refiere Hermine Vogel, decana de la Facultad de Ciencias Agrarias.\u00a0<\/span><\/span><span lang=\"es-419\">\u00a0<\/span><\/a><\/p><p class=\"x_MsoNormal\">\u00a0<\/p><p class=\"x_MsoNormal\"><strong><span class=\"x_ContentPasted0\" lang=\"es-419\">ELDIARIODESANTIAGO.CL\u00a0<\/span><\/strong><\/p><p><a href=\"https:\/\/eldiariosantiago.cl\/2023\/07\/02\/consejo-de-decanos-de-agronomia-reafirma-su-compromiso-con-la-formacion-y-la-sustentabilidad-agroalimentaria\/\" target=\"_blank\" rel=\"noopener\"><span class=\"x_xcontentpasted0\"><span class=\"x_ContentPasted0\" lang=\"es-419\">Consejo de Decanos de Agronom\u00eda reafirma su compromiso con la formaci\u00f3n y la sustentabilidad agroalimentaria. Se refiere Hermine Vogel, decana de la Facultad de Ciencias Agrarias.\u00a0<\/span><\/span><span lang=\"es-419\">\u00a0<\/span><\/a><\/p><p class=\"x_MsoNormal\">\u00a0<\/p><p class=\"x_MsoNormal\"><strong><span class=\"x_ContentPasted0\" lang=\"es-419\">CHILL\u00c1NONLINE.CL\u00a0<\/span><\/strong><\/p><p><a href=\"https:\/\/www.chillanonline.cl\/V6\/consejo-de-decanos-de-agronomia-reafirma-su-compromiso-con-la-formacion-y-la-sustentabilidad-agroalimentaria\/\" target=\"_blank\" rel=\"noopener\"><span class=\"x_xcontentpasted0\"><span class=\"x_ContentPasted0\" lang=\"es-419\">Consejo de Decanos de Agronom\u00eda reafirma su compromiso con la formaci\u00f3n y la sustentabilidad agroalimentaria. Se refiere Hermine Vogel, decana de la Facultad de Ciencias Agrarias.\u00a0<\/span><\/span><span lang=\"es-419\">\u00a0<\/span><\/a><\/p><p class=\"x_MsoNormal\">\u00a0<\/p><p class=\"x_MsoNormal\"><strong><span class=\"x_ContentPasted0\" lang=\"es-419\">ELDIARIODEMAULE.CL\u00a0<\/span><\/strong><\/p><p class=\"x_MsoNormal\"><a href=\"https:\/\/eldiariodemaule.cl\/el-1-de-julio-comienzan-a-regir-las-nuevas-tablas-de-mortalidad-para-el-calculo-de-la-pension\/\" target=\"_blank\" rel=\"noopener\"><span class=\"x_ContentPasted0\" lang=\"es-419\">El 1\u00b0 de julio comienzan a regir las nuevas Tablas de Mortalidad para el c\u00e1lculo de la pensi\u00f3n. Se refiere Mar\u00eda Soledad Jofr\u00e9, acad\u00e9mica de la Facultad de Ciencias Jur\u00eddicas y Sociales.\u00a0<\/span><span lang=\"es-419\">\u00a0<\/span><\/a><\/p><p class=\"x_MsoNormal\">\u00a0<\/p><p class=\"x_MsoNormal\"><strong><span class=\"x_ContentPasted0\" lang=\"es-419\">ELMAULEINFORMA.CL\u00a0<\/span><\/strong><\/p><p class=\"x_MsoNormal\"><a href=\"https:\/\/elmauleinforma.cl\/este-01-de-julio-comienzan-a-regir-las-nuevas-tablas-de-mortalidad-para-el-calculo-de-la-pension\/\" target=\"_blank\" rel=\"noopener\"><span lang=\"es-419\">El 1\u00b0 de julio comienzan a regir las nuevas Tablas de Mortalidad para el c\u00e1lculo de la pensi\u00f3n<\/span><span class=\"x_ContentPasted0\" lang=\"es-419\">. Se refiere Mar\u00eda Soledad Jofr\u00e9, acad\u00e9mica de la Facultad de Ciencias Jur\u00eddicas y Sociales.\u00a0<\/span><span lang=\"es-419\">\u00a0<\/span><\/a><\/p><p class=\"x_MsoNormal\">\u00a0<\/p><p class=\"x_MsoNormal\"><strong><span class=\"x_ContentPasted0\" lang=\"es-419\">EL TIP\u00d3GRAFO\u00a0<\/span><\/strong><\/p><p class=\"x_MsoNormal\"><a href=\"https:\/\/eltipografo.cl\/2023\/06\/advierten-relacion-directa-entre-las-alertas-ambientales-y-el-aumento-de-enfermedades-respiratorias\" target=\"_blank\" rel=\"noopener\"><span class=\"x_ContentPasted0\" lang=\"es-419\">Advierten relaci\u00f3n directa entre las alertas ambientales y el aumento de enfermedades respiratorias. Se refieren Daniel Jim\u00e9nez, director de Salud del Estudiante; y Mar\u00eda Elisa Quinteros, epidemi\u00f3loga ambiental del Departamento de Salud P\u00fablica.\u00a0<\/span><\/a><\/p><p class=\"x_MsoNormal\">\u00a0<\/p><p class=\"x_MsoNormal\"><strong><span class=\"x_ContentPasted0\" lang=\"es-419\">RADIO AMIGA\u00a0<\/span><\/strong><\/p><p class=\"x_MsoNormal\"><a href=\"https:\/\/www.litoralpress.cl\/sitio\/RadioTV_Detalles.cshtml?LPKey=YTB5IKE5FKPZDGZXMJ52LNIC7D6EBU33KX42SJRTIKLNXNSBYBC3X6OYHHAKXY77V2SKH3AK6BDCW\" target=\"_blank\" rel=\"noopener\"><span lang=\"es-419\">Expertos llaman a tomar precauciones ante alertas ambientales<\/span><span class=\"x_ContentPasted0\" lang=\"es-419\">.\u00a0<\/span><span class=\"x_ContentPasted0\" lang=\"es-419\">Se refieren Daniel Jim\u00e9nez, director de Salud del Estudiante.\u00a0<\/span><\/a><\/p><p class=\"x_MsoNormal\">\u00a0<\/p><p class=\"x_MsoNormal\"><strong><span class=\"x_ContentPasted0\" lang=\"es-419\">IGLESIA.CL\u00a0<\/span><\/strong><\/p><p class=\"x_MsoNormal\"><a href=\"http:\/\/www.iglesia.cl\/45908-cardenal-aos-expone-sobre-la-dignidad-humana-en-audiencia-publica-del-consejo-constitucional.html\" target=\"_blank\" rel=\"noopener\"><span class=\"x_ContentPasted0\" lang=\"es-419\">Cardenal A\u00f3s expone sobre la dignidad humana en audiencia p\u00fablica del Consejo Constitucional. Se menciona a la Universidad de Talca. \u00a0<\/span><\/a><\/p><p class=\"x_MsoNormal\">\u00a0<\/p><p class=\"x_MsoNormal\"><b><span class=\"x_ContentPasted0\" lang=\"es-419\">CIPERCHILE.CL\u00a0<\/span><\/b><\/p><p class=\"x_MsoNormal\"><a href=\"https:\/\/www.ciperchile.cl\/2023\/06\/23\/elites-empresariales-y-malestar-social\/\" target=\"_blank\" rel=\"noopener\">\u00c9lites empresariales y malestar social. Se refiere Claudio Riveros Ferrada, acad\u00e9mico de la Facultad de Ciencias Jur\u00eddicas y Sociales.\u00a0<\/a><\/p><p class=\"x_MsoNormal\"><span lang=\"es-419\">\u00a0<\/span><\/p><p class=\"x_MsoNormal\"><strong><span class=\"x_ContentPasted0\" lang=\"es-419\">EMOL.CL\u00a0<\/span><\/strong><\/p><p class=\"x_MsoNormal\"><a href=\"https:\/\/www.emol.com\/noticias\/Nacional\/2023\/06\/30\/1099638\/expertos-por-proceso-constitucional.html\" target=\"_blank\" rel=\"noopener\"><span class=\"x_ContentPasted0\" lang=\"es-419\">Fracaso anterior&#8221;, &#8220;no hay \u00e1nimo&#8221;: An\u00e1lisis al desinter\u00e9s por el proceso constitucional y las claves para solucionarlo.\u00a0<\/span><span class=\"x_ContentPasted0\" lang=\"es-419\">Se refiere Mauricio Morales, director del Centro de An\u00e1lisis Pol\u00edtico (CAP).<\/span><\/a><span class=\"x_MsoHyperlink\"><span lang=\"EN-US\"><br class=\"x_ContentPasted0\" aria-hidden=\"true\" \/><\/span><\/span><\/p><p>\u00a0<\/p><p class=\"x_MsoNormal\"><strong><span class=\"x_ContentPasted0\" lang=\"es-419\">CANAL MEGA<\/span><\/strong><span lang=\"es-419\"><br class=\"x_ContentPasted0\" aria-hidden=\"true\" \/><\/span><a href=\"https:\/\/www.litoralpress.cl\/sitio\/RadioTV_Detalles.cshtml?LPKey=KT2SZJQTIPM2RDOF7M6FKLRFYYAAS35HDYPOSSILFHGZH43Y3VNODAINUTLTSQHZNWHISQCEWXB56\" target=\"_blank\" rel=\"noopener\"><span lang=\"es-419\">Sigue pol\u00e9mica por convenio entre la seremi de Vivienda de Antofagasta y fundaci\u00f3n Democracia Viva<\/span><strong><span lang=\"es-419\"><b>.<\/b><\/span><\/strong><span class=\"x_ContentPasted0\" lang=\"es-419\">\u00a0Se refiere Mauricio Morales, director del Centro de An\u00e1lisis Pol\u00edtico (CAP).\u00a0<\/span><\/a><\/p><p class=\"x_MsoNormal\">\u00a0<\/p><p class=\"x_MsoNormal\"><strong><span class=\"x_ContentPasted0\" lang=\"es-419\">CANAL MEGA\u00a0<\/span><\/strong><\/p><p class=\"x_MsoNormal\"><a href=\"https:\/\/www.litoralpress.cl\/sitio\/RadioTV_Detalles.cshtml?LPKey=35OO4QSQO372L2AN4VEKHJ4S4MEF4IXG5GZDI3R4NUQ7YYOTLD57VAMRHV7QI4JNJ2RPQHI2P34W4\" target=\"_blank\" rel=\"noopener\"><span lang=\"es-419\">Sigue pol\u00e9mica por millonarios contratos<\/span><strong><span lang=\"es-419\"><b>.<\/b><\/span><\/strong><span class=\"x_ContentPasted0\" lang=\"es-419\">\u00a0Se refiere Mauricio Morales, director del Centro de An\u00e1lisis Pol\u00edtico (CAP).\u00a0<\/span><\/a><\/p><p class=\"x_MsoNormal\">\u00a0<\/p><p class=\"x_MsoNormal\"><strong><span class=\"x_ContentPasted0\" lang=\"es-419\">MEGANOTICIAS.CL\u00a0<\/span><\/strong><\/p><p class=\"x_MsoNormal\"><a href=\"https:\/\/www.meganoticias.cl\/nacional\/418589-columna-mauricio-morales-cadem-caso-convenios-diputada-catalina-perez-rd-gonzalo-winter-02-07-2023.html\" target=\"_blank\" rel=\"noopener\"><span class=\"x_ContentPasted0\" lang=\"es-419\">Af\u00edrmate, Catalina. Se refiere Mauricio Morales, director del Centro de An\u00e1lisis Pol\u00edtico (CAP).\u00a0<\/span><\/a><\/p><p class=\"x_MsoNormal\">\u00a0<\/p><p class=\"x_MsoNormal\"><strong><span class=\"x_ContentPasted0\" lang=\"es-419\">NUEVOPODER.CL\u00a0<\/span><\/strong><\/p><p class=\"x_MsoNormal\"><a href=\"https:\/\/www.nuevopoder.cl\/analistas-apuntan-claves-para-revertir-desinteres-por-el-proceso-constituyente\/\" target=\"_blank\" rel=\"noopener\"><span class=\"x_ContentPasted0\" lang=\"es-419\">Analistas apuntan claves para revertir desinter\u00e9s por el proceso constituyente. Se refiere Mauricio Morales, director del Centro de An\u00e1lisis Pol\u00edtico (CAP).\u00a0<\/span><\/a><\/p><p class=\"x_MsoNormal\">\u00a0<\/p><p class=\"x_MsoNormal\"><strong><span class=\"x_ContentPasted0\" lang=\"es-419\">DIARIOELCENTRO.CL\u00a0<\/span><\/strong><\/p><p class=\"x_MsoNormal\"><a href=\"https:\/\/www.diarioelcentro.cl\/2023\/07\/02\/frente-a-la-corrupcion-no-mas-maniqueismo-y-apliquemos-ahora-de-verdad-el-caiga-quien-caiga\/\" target=\"_blank\" rel=\"noopener\"><span class=\"x_ContentPasted0\" lang=\"es-419\">Frente a la corrupci\u00f3n: no m\u00e1s manique\u00edsmo y apliquemos, ahora de verdad, el caiga quien caiga. Se refiere Diego Palomo V\u00e9lez, acad\u00e9mico de la Facultad de Ciencias Jur\u00eddicas y Sociales. \u00a0<\/span><\/a><\/p><p class=\"x_MsoNormal\">\u00a0<\/p><p class=\"x_MsoNormal\"><strong><span class=\"x_ContentPasted0\" lang=\"es-419\">DIARIOELCENTRO.CL\u00a0<\/span><\/strong><\/p><p class=\"x_MsoNormal\"><a href=\"https:\/\/www.diarioelcentro.cl\/2023\/07\/02\/estado-laico\/\" target=\"_blank\" rel=\"noopener\"><span class=\"x_ContentPasted0\" lang=\"es-419\">Estado Laico. Se refiere Jorge Navarrete, acad\u00e9mico de la Facultad de Econom\u00eda y Negocios. \u00a0<\/span><\/a><\/p><p class=\"x_MsoNormal\">\u00a0<\/p><p class=\"x_MsoNormal\"><strong><span class=\"x_ContentPasted0\" lang=\"es-419\">DIARIO TALCA \u00a0<\/span><\/strong><\/p><p class=\"x_MsoNormal\"><a href=\"https:\/\/diariotalca.cl\/rey-y-peon-van-siempre-al-mismo-cajon-por-rodrigo-biel-melgarejo\/\" target=\"_blank\" rel=\"noopener\"><span class=\"x_ContentPasted0\" lang=\"es-419\">Rey y pe\u00f3n siempre van al mismo caj\u00f3n. Se refiere Rodrigo Biel Melgarejo, acad\u00e9mico de la\u00a0<\/span><span class=\"x_ContentPasted0\" lang=\"es-419\">Facultad de Ciencias Jur\u00eddicas y Sociales.<\/span><\/a><\/p>\t\t\t\t\t\t<\/div>\n\t\t\t\t<\/div>\n\t\t\t\t\t<\/div>\n\t\t<\/div>\n\t\t\t\t\t\t\t<\/div>\n\t\t<\/section>\n\t\t\t\t\t\t<\/div>\n\t\t\t\t\t<\/div>\n\t\t","protected":false},"excerpt":{"rendered":"<p>DIARIO EL HERALDO (PORTADA)\u00a0 UTalca alberga audiencias p\u00fablicas para la nueva Constituci\u00f3n.\u00a0Se menciona la Universidad de Talca.\u00a0 \u00a0 DIARIO EL HERALDO\u00a0 UTalca alberga audiencias p\u00fablicas para la nueva Constituci\u00f3n. Se refieren Carlos Torres Fuchslocher, rector y Mario Herrera, investigador del Centro de An\u00e1lisis Pol\u00edtico (CAP).\u00a0 \u00a0 MEDIABANCO\u00a0 UTalca alberga audiencias p\u00fablicas para la nueva Constituci\u00f3n. &hellip;<\/p>\n<p class=\"read-more\"> <a class=\"\" href=\"https:\/\/www.reportedeprensa.utalca.cl\/?p=7743\"> <span class=\"screen-reader-text\">03 de julio de 2023<\/span> Read More &raquo;<\/a><\/p>\n","protected":false},"author":1,"featured_media":0,"comment_status":"closed","ping_status":"open","sticky":false,"template":"","format":"standard","meta":{"_monsterinsights_skip_tracking":false,"_monsterinsights_sitenote_active":false,"_monsterinsights_sitenote_note":"","_monsterinsights_sitenote_category":0},"categories":[38],"tags":[],"_links":{"self":[{"href":"https:\/\/www.reportedeprensa.utalca.cl\/index.php?rest_route=\/wp\/v2\/posts\/7743"}],"collection":[{"href":"https:\/\/www.reportedeprensa.utalca.cl\/index.php?rest_route=\/wp\/v2\/posts"}],"about":[{"href":"https:\/\/www.reportedeprensa.utalca.cl\/index.php?rest_route=\/wp\/v2\/types\/post"}],"author":[{"embeddable":true,"href":"https:\/\/www.reportedeprensa.utalca.cl\/index.php?rest_route=\/wp\/v2\/users\/1"}],"replies":[{"embeddable":true,"href":"https:\/\/www.reportedeprensa.utalca.cl\/index.php?rest_route=%2Fwp%2Fv2%2Fcomments&post=7743"}],"version-history":[{"count":4,"href":"https:\/\/www.reportedeprensa.utalca.cl\/index.php?rest_route=\/wp\/v2\/posts\/7743\/revisions"}],"predecessor-version":[{"id":7747,"href":"https:\/\/www.reportedeprensa.utalca.cl\/index.php?rest_route=\/wp\/v2\/posts\/7743\/revisions\/7747"}],"wp:attachment":[{"href":"https:\/\/www.reportedeprensa.utalca.cl\/index.php?rest_route=%2Fwp%2Fv2%2Fmedia&parent=7743"}],"wp:term":[{"taxonomy":"category","embeddable":true,"href":"https:\/\/www.reportedeprensa.utalca.cl\/index.php?rest_route=%2Fwp%2Fv2%2Fcategories&post=7743"},{"taxonomy":"post_tag","embeddable":true,"href":"https:\/\/www.reportedeprensa.utalca.cl\/index.php?rest_route=%2Fwp%2Fv2%2Ftags&post=7743"}],"curies":[{"name":"wp","href":"https:\/\/api.w.org\/{rel}","templated":true}]}}