{"id":7757,"date":"2023-07-04T15:52:22","date_gmt":"2023-07-04T18:52:22","guid":{"rendered":"https:\/\/www.reportedeprensa.utalca.cl\/?p=7757"},"modified":"2023-07-04T16:11:17","modified_gmt":"2023-07-04T19:11:17","slug":"04-de-julio-de-2023","status":"publish","type":"post","link":"https:\/\/www.reportedeprensa.utalca.cl\/?p=7757","title":{"rendered":"04 de julio de 2023"},"content":{"rendered":"\t\t<div data-elementor-type=\"wp-post\" data-elementor-id=\"7757\" class=\"elementor elementor-7757\" data-elementor-settings=\"[]\">\n\t\t\t\t\t\t\t<div class=\"elementor-section-wrap\">\n\t\t\t\t\t\t\t<section class=\"elementor-section elementor-top-section elementor-element elementor-element-10154d05 elementor-section-boxed elementor-section-height-default elementor-section-height-default\" data-id=\"10154d05\" data-element_type=\"section\">\n\t\t\t\t\t\t<div class=\"elementor-container elementor-column-gap-default\">\n\t\t\t\t\t<div class=\"elementor-column elementor-col-100 elementor-top-column elementor-element elementor-element-5db19c21\" data-id=\"5db19c21\" data-element_type=\"column\">\n\t\t\t<div class=\"elementor-widget-wrap elementor-element-populated\">\n\t\t\t\t\t\t\t\t<div class=\"elementor-element elementor-element-587e31be elementor-widget elementor-widget-text-editor\" data-id=\"587e31be\" data-element_type=\"widget\" data-widget_type=\"text-editor.default\">\n\t\t\t\t<div class=\"elementor-widget-container\">\n\t\t\t\t\t\t\t\t<p><strong><span style=\"font-style: inherit; font-weight: inherit;\">NOVACIENCIA.ES\u00a0(ESPA\u00d1A)\u00a0<\/span><\/strong><strong><span style=\"font-style: inherit; font-weight: inherit;\">\u00a0<\/span><\/strong><\/p><p><a href=\"https:\/\/www.litoralpress.cl\/paginaconsultas\/Servicios_NClipSitio\/Get_Imagen_Nota.aspx?LPKey=6BQKQEYYVJSD4XHMDG2WFP24WYZLVNN5ULC5VU4A4DBZVHHIVVSN4O7YVHRZFG3AAYDYT3O4AWFOO\" target=\"_blank\" rel=\"noopener\"><span style=\"font-style: inherit;\">Extractos de estas frutas podr\u00edan prevenir la tromb\u00f3sis. Se refieren el acad\u00e9mico de la Facultad de Ciencias de la Salud y l\u00edder del proyecto, Eduardo Fuentes; y el acad\u00e9mico de la Escuela de Nutrici\u00f3n y Diet\u00e9tica, Felipe \u00c1vila.\u00a0<\/span><\/a><strong><u><span style=\"font-style: inherit; font-weight: inherit;\"><br \/><\/span><\/u><\/strong><strong><span style=\"font-style: inherit; font-weight: inherit;\">\u00a0<\/span><\/strong><strong><span style=\"font-style: inherit; font-weight: inherit;\">\u00a0<\/span><\/strong><\/p><p><strong><span style=\"font-style: inherit;\">FUTURO360.COM\u00a0<\/span><span style=\"font-style: inherit;\">\u00a0<\/span><\/strong><\/p><p><a href=\"https:\/\/www.futuro360.com\/ciencia-en-ti\/extractos-frutas-hortalizas-trombosis-chilenos_20230703\/\" target=\"_blank\" rel=\"noopener\"><span style=\"font-style: inherit; font-weight: inherit;\">Extractos de frutas y hortalizas podr\u00edan ayudar a prevenir la tromb\u00f3sis seg\u00fan investigadores chilenos. Se refieren el acad\u00e9mico de la Facultad de Ciencias de la Salud y l\u00edder del proyecto, Eduardo Fuentes; y el acad\u00e9mico de la Escuela de Nutrici\u00f3n y Diet\u00e9tica, Felipe \u00c1vila.\u00a0<\/span><\/a><u><span style=\"font-style: inherit; font-weight: inherit;\"><br \/><\/span><\/u><\/p><p>\u00a0<\/p><p><strong><span style=\"font-style: inherit; font-weight: inherit;\">CIENCIAENCHILE.CL\u00a0<\/span><\/strong><\/p><p><a href=\"https:\/\/www.cienciaenchile.cl\/investigan-senales-electricas-en-plantas-y-su-adaptacion-al-entorno\/\" target=\"_blank\" rel=\"noopener\"><span style=\"font-style: inherit;\">Investigan se\u00f1ales el\u00e9ctricas en plantas y su adaptaci\u00f3n al entorno. Se refiere Ingo Dreyer, acad\u00e9mico de la Facultad de Ingenier\u00eda.\u00a0<\/span><\/a><\/p><p><span style=\"font-style: inherit; font-weight: inherit;\">\u00a0<\/span><\/p><p><strong><span style=\"font-style: inherit; font-weight: inherit;\">LAS \u00daLTIMAS NOTICIAS\u00a0<\/span><\/strong><strong><span style=\"font-style: inherit; font-weight: inherit;\">\u00a0<\/span><\/strong><\/p><p><a href=\"https:\/\/www.litoralpress.cl\/paginaconsultas\/Servicios_NClipSitio\/Get_Imagen_Nota.aspx?LPKey=3RLUBKC3GAEM3BK42YWMT2DYBPBRIDWRP6BBOEFRELQPDX3YH6WIGWSTUGSV544L6RAEKFWMB24QW\" target=\"_blank\" rel=\"noopener\"><span style=\"font-style: inherit;\">Cu\u00e1nto ganan los m\u00e9dicos al cuarto a\u00f1o de titulaci\u00f3n. Se menciona a la Universidad de Talca.\u00a0<\/span><\/a><strong><u><span style=\"font-style: inherit; font-weight: inherit;\"><br \/><\/span><\/u><\/strong><\/p><p>\u00a0<\/p><p><strong><span style=\"font-style: inherit; font-weight: inherit;\">EL L\u00cdDER\u00a0<\/span><\/strong><strong><span style=\"font-style: inherit; font-weight: inherit;\">\u00a0<\/span><\/strong><\/p><p><a href=\"https:\/\/www.litoralpress.cl\/paginaconsultas\/Servicios_NClipSitio\/Get_Imagen_Nota.aspx?LPKey=LMPD34VWQENA5NNNTQDGTQACG2M5O26OUADES75QMC3WZMTJTYJZJTBL42W2IQO44FAZQ6RXGCYQM\" target=\"_blank\" rel=\"noopener\"><span style=\"font-style: inherit;\">Tras semanas al alza, casos de virus sincicial registran una disminuci\u00f3n en la zona<\/span><span style=\"font-style: inherit;\">.\u00a0<\/span><span style=\"font-style: inherit;\">Se refiere Erika Retamal Contreras, directora del Departamento de Salud P\u00fablica. \u00a0\u00a0<\/span><\/a><\/p><p><strong><span style=\"font-style: inherit; font-weight: inherit;\">\u00a0<\/span><\/strong><\/p><p><strong><span style=\"font-style: inherit; font-weight: inherit;\">EL MOSTRADOR\u00a0<\/span><\/strong><strong>\u00a0<\/strong><\/p><p><a href=\"https:\/\/www.elmostrador.cl\/revista-jengibre\/movilidad\/2023\/07\/01\/la-fragilidad-del-sistema-vial-y-ferroviario-ante-desastres-naturales\/\" target=\"_blank\" rel=\"noopener\"><span style=\"font-style: inherit;\">La fragilidad del sistema vial y ferroviario ante desastres naturales.\u00a0<\/span><span style=\"font-style: inherit;\">Se refiere Miguel Arriagada, director de la Escuela de Ingenier\u00eda Civil en Obras Civiles.\u00a0\u00a0\u00a0<\/span>\u00a0\u00a0<\/a><\/p><p>\u00a0<\/p><p><strong><span style=\"font-style: inherit; font-weight: inherit;\">DIARIOTALCA.CL\u00a0<\/span><\/strong><\/p><p><a href=\"https:\/\/diariotalca.cl\/preocupa-fragilidad-del-sistema-vial-y-ferroviario-ante-desastres-naturales\/\" target=\"_blank\" rel=\"noopener\"><span style=\"font-style: inherit;\">Preocupa fragilidad del sistema vial y ferroviario ante desastres naturales.<\/span><span style=\"font-style: inherit;\">\u00a0<\/span><span style=\"font-style: inherit;\">Se refiere Miguel Arriagada, director de la Escuela de Ingenier\u00eda Civil en Obras Civiles.\u00a0<\/span><span style=\"font-style: inherit;\">\u00a0\u00a0<\/span>\u00a0<\/a><\/p><p>\u00a0<\/p><p><strong><span style=\"font-style: inherit; font-weight: inherit;\">CANAL TVR\u00a0<\/span><\/strong><strong><span style=\"font-style: inherit; font-weight: inherit;\">\u00a0<\/span><\/strong><\/p><p><a href=\"https:\/\/www.litoralpress.cl\/sitio\/RadioTV_Detalles.cshtml?LPKey=TY43BL45CQRXKLW4VHPVCZA6UYX3XSQGFQICXXPUPXCX7Z3R6PNHOV7GMHFAEOONDZMDBAMUT3JFO\" target=\"_blank\" rel=\"noopener\"><span style=\"font-style: inherit;\">Impacto del cambio clim\u00e1tico<\/span><\/a><span style=\"font-style: inherit; font-weight: inherit;\"><a href=\"_wp_link_placeholder\">. Entrevista a\u00a0Patricio Gonz\u00e1lez Colville, acad\u00e9mico del Centro de Investigaci\u00f3n y Transferencia en Riego y Agroclimatolog\u00eda (PARTE 1).\u00a0<\/a>\u00a0\u00a0\u00a0\u00a0<\/span><\/p><p><strong><span style=\"font-style: inherit; font-weight: inherit;\">\u00a0<\/span><\/strong><strong><span style=\"font-style: inherit; font-weight: inherit;\">\u00a0<\/span><\/strong><\/p><p><strong><span style=\"font-style: inherit; font-weight: inherit;\">CANAL TVR\u00a0<\/span><\/strong><strong><span style=\"font-style: inherit; font-weight: inherit;\">\u00a0<\/span><\/strong><\/p><p><a href=\"https:\/\/www.litoralpress.cl\/sitio\/RadioTV_Detalles.cshtml?LPKey=ICIQW4RYSPU6MIMNRGHC66XYH33GVT75DWCMQZFQ4WGONNVNY4YYTKTB3RICZAIXR63QFTHULZSY4\" target=\"_blank\" rel=\"noopener\"><span style=\"font-style: inherit;\">Impacto del cambio clim\u00e1tico<\/span><span style=\"font-style: inherit;\">. Entrevista a\u00a0Patricio Gonz\u00e1lez Colville, acad\u00e9mico del Centro de Investigaci\u00f3n y Transferencia en Riego y Agroclimatolog\u00eda (PARTE 2).\u00a0\u00a0\u00a0\u00a0\u00a0<\/span><\/a><\/p><p>\u00a0<\/p><p><strong><span style=\"font-style: inherit; font-weight: inherit;\">ELDIARIODELAUTARO.CL\u00a0<\/span><\/strong><\/p><p><a href=\"https:\/\/eldiariodelautaro.cl\/2023\/07\/02\/consejo-de-decanos-de-agronomia-reafirma-su-compromiso-con-la-formacion-y-la-sustentabilidad-agroalimentaria\/\" target=\"_blank\" rel=\"noopener\"><span style=\"font-style: inherit; font-weight: inherit;\">Consejo de Decanos de Agronom\u00eda reafirma su compromiso con la formaci\u00f3n y la sustentabilidad agroalimentaria. Se refiere Hermine Vogel, decana de la Facultad de Ciencias Agrarias.\u00a0<\/span><\/a><span style=\"font-style: inherit; font-weight: inherit;\">\u00a0<\/span><\/p><p>\u00a0<\/p><p><strong><span style=\"font-style: inherit;\">LA PRENSA DE CURIC\u00d3\u00a0<\/span><span style=\"font-style: inherit;\">\u00a0<\/span><\/strong><\/p><p><a href=\"https:\/\/www.litoralpress.cl\/paginaconsultas\/Servicios_NClipSitio\/Get_Imagen_Nota.aspx?LPKey=MVXZWNVEOLU56ASPFFPSRE47BCJ7MR45QQDEEM4DS6DTAQNJM2FO64SGMUQNCJCOPXK3WODBPULSQ\" target=\"_blank\" rel=\"noopener\"><span style=\"font-style: inherit; font-weight: inherit;\">Presidente de Academia Chilena de Medicina particip\u00f3 en jornada de premiaci\u00f3n de revista.\u00a0<\/span><span style=\"font-style: inherit; font-weight: inherit;\">Se menciona a la Universidad de Talca.\u00a0<\/span><span style=\"font-style: inherit; font-weight: inherit;\">\u00a0<\/span><\/a><\/p><p>\u00a0<\/p><p><strong><span style=\"font-style: inherit;\">LANOTICIA.CL\u00a0<\/span><\/strong><\/p><p><a href=\"https:\/\/lanoticia.cl\/a-nivel-de-regiones-la-investigacion-tiene-que-ser-sobre-problemas-regionales\/\" target=\"_blank\" rel=\"noopener\"><span style=\"font-style: inherit; font-weight: inherit;\">A nivel de regiones, la investigaci\u00f3n tiene que ser sobre problemas regionales. Se menciona a la Universidad de Talca.\u00a0\u00a0<\/span><\/a><\/p><p>\u00a0<\/p><p><strong><span style=\"font-style: inherit; font-weight: inherit;\">LA SEGUNDA\u00a0<\/span><\/strong><strong><span style=\"font-style: inherit; font-weight: inherit;\">\u00a0<\/span><\/strong><\/p><p><a href=\"https:\/\/www.litoralpress.cl\/paginaconsultas\/Servicios_NClipSitio\/Get_Imagen_Nota.aspx?LPKey=PQ3V46K4ITUEYX6JOPLMBT7BTMNRNUWXPQV35YEISZIEU42B7UUNSIUJEGH7TFRLUBCCBZUD5KHUA\" target=\"_blank\" rel=\"noopener\"><span style=\"font-style: inherit; font-weight: inherit;\">Respuesta impopular. Se refiere Diego Palomo V\u00e9lez, acad\u00e9mico de la Facultad de Ciencias Jur\u00eddicas y Sociales.\u00a0<\/span><\/a><strong><u><span style=\"font-style: inherit; font-weight: inherit;\"><br \/><\/span><\/u><\/strong><strong><span style=\"font-style: inherit; font-weight: inherit;\">\u00a0<\/span><\/strong><\/p><p><strong><span style=\"font-style: inherit;\">RADIO AGRICULTURA\u00a0<\/span><span style=\"font-style: inherit;\">\u00a0<\/span><\/strong><\/p><p><a href=\"https:\/\/www.litoralpress.cl\/sitio\/RadioTV_Detalles.cshtml?LPKey=B2TBZYECABEFNBOXWTDMZ7LVLMIAOOBSSOCQX2UFKNYB3CDDIVWMBD5PRL4BQJ6ECIZJVUCR3O4AM\" target=\"_blank\" rel=\"noopener\"><span style=\"font-style: inherit; font-weight: inherit;\">El caso fundaciones en el presidente Gabriel Boric y el reflejo en las encuestas.<\/span><span style=\"font-style: inherit; font-weight: inherit;\">\u00a0Se refiere Mauricio Morales, director del Centro de An\u00e1lisis Pol\u00edtico (CAP).<\/span><span style=\"font-style: inherit; font-weight: inherit;\">\u00a0\u00a0<\/span><\/a><u><span style=\"font-style: inherit; font-weight: inherit;\"><br \/><\/span><\/u><\/p><p>\u00a0<\/p><p><strong><span style=\"font-style: inherit; font-weight: inherit;\">RADIOAGRICULTURA.CL\u00a0<\/span><\/strong><\/p><p><a href=\"https:\/\/www.radioagricultura.cl\/politica\/2023\/07\/03\/el-analisis-de-mauricio-morales-montes-tiene-la-cabeza-del-presidente-en-la-picota\/\" target=\"_blank\" rel=\"noopener\"><span style=\"font-style: inherit;\">An\u00e1lisis sobre Caso Convenios. Se refiere Mauricio Morales, director del Centro de An\u00e1lisis Pol\u00edtico (CAP).\u00a0<\/span><\/a><\/p><p><strong><span style=\"font-style: inherit; font-weight: inherit;\">\u00a0<\/span><\/strong><\/p><p><strong><span style=\"font-style: inherit; font-weight: inherit;\">BIOB\u00cdOCHILE.CL\u00a0<\/span><\/strong><\/p><p><a href=\"https:\/\/www.biobiochile.cl\/biobiotv\/programas\/expreso-bio-bio\/2023\/07\/03\/analisis-politico-no-va-a-haber-reforma-tributaria-que-permita-financiar-los-7-compromisos.shtml\"><span style=\"font-style: inherit;\">An\u00e1lisis Pol\u00edtico: &#8220;No va a haber Reforma Tributaria que permita financiar los 7 compromisos&#8221;. Se refiere Mauricio Morales, director del Centro de An\u00e1lisis Pol\u00edtico (CAP).\u00a0<\/span><\/a><\/p>\t\t\t\t\t\t<\/div>\n\t\t\t\t<\/div>\n\t\t\t\t\t<\/div>\n\t\t<\/div>\n\t\t\t\t\t\t\t<\/div>\n\t\t<\/section>\n\t\t\t\t\t\t<\/div>\n\t\t\t\t\t<\/div>\n\t\t","protected":false},"excerpt":{"rendered":"<p>NOVACIENCIA.ES\u00a0(ESPA\u00d1A)\u00a0\u00a0 Extractos de estas frutas podr\u00edan prevenir la tromb\u00f3sis. Se refieren el acad\u00e9mico de la Facultad de Ciencias de la Salud y l\u00edder del proyecto, Eduardo Fuentes; y el acad\u00e9mico de la Escuela de Nutrici\u00f3n y Diet\u00e9tica, Felipe \u00c1vila.\u00a0\u00a0\u00a0 FUTURO360.COM\u00a0\u00a0 Extractos de frutas y hortalizas podr\u00edan ayudar a prevenir la tromb\u00f3sis seg\u00fan investigadores chilenos. Se &hellip;<\/p>\n<p class=\"read-more\"> <a class=\"\" href=\"https:\/\/www.reportedeprensa.utalca.cl\/?p=7757\"> <span class=\"screen-reader-text\">04 de julio de 2023<\/span> Read More &raquo;<\/a><\/p>\n","protected":false},"author":1,"featured_media":0,"comment_status":"closed","ping_status":"open","sticky":false,"template":"","format":"standard","meta":{"_monsterinsights_skip_tracking":false,"_monsterinsights_sitenote_active":false,"_monsterinsights_sitenote_note":"","_monsterinsights_sitenote_category":0},"categories":[38],"tags":[],"_links":{"self":[{"href":"https:\/\/www.reportedeprensa.utalca.cl\/index.php?rest_route=\/wp\/v2\/posts\/7757"}],"collection":[{"href":"https:\/\/www.reportedeprensa.utalca.cl\/index.php?rest_route=\/wp\/v2\/posts"}],"about":[{"href":"https:\/\/www.reportedeprensa.utalca.cl\/index.php?rest_route=\/wp\/v2\/types\/post"}],"author":[{"embeddable":true,"href":"https:\/\/www.reportedeprensa.utalca.cl\/index.php?rest_route=\/wp\/v2\/users\/1"}],"replies":[{"embeddable":true,"href":"https:\/\/www.reportedeprensa.utalca.cl\/index.php?rest_route=%2Fwp%2Fv2%2Fcomments&post=7757"}],"version-history":[{"count":4,"href":"https:\/\/www.reportedeprensa.utalca.cl\/index.php?rest_route=\/wp\/v2\/posts\/7757\/revisions"}],"predecessor-version":[{"id":7761,"href":"https:\/\/www.reportedeprensa.utalca.cl\/index.php?rest_route=\/wp\/v2\/posts\/7757\/revisions\/7761"}],"wp:attachment":[{"href":"https:\/\/www.reportedeprensa.utalca.cl\/index.php?rest_route=%2Fwp%2Fv2%2Fmedia&parent=7757"}],"wp:term":[{"taxonomy":"category","embeddable":true,"href":"https:\/\/www.reportedeprensa.utalca.cl\/index.php?rest_route=%2Fwp%2Fv2%2Fcategories&post=7757"},{"taxonomy":"post_tag","embeddable":true,"href":"https:\/\/www.reportedeprensa.utalca.cl\/index.php?rest_route=%2Fwp%2Fv2%2Ftags&post=7757"}],"curies":[{"name":"wp","href":"https:\/\/api.w.org\/{rel}","templated":true}]}}